{"id":424315,"date":"2023-06-13T16:52:25","date_gmt":"2023-06-13T14:52:25","guid":{"rendered":"https:\/\/www.eenewseurope.com\/?p=424315"},"modified":"2023-06-13T16:55:18","modified_gmt":"2023-06-13T14:55:18","slug":"intel-en-pourparlers-avec-arm-pour-etre-investisseur-de-reference-lors-de-lipo","status":"publish","type":"post","link":"https:\/\/www.ecinews.fr\/fr\/intel-en-pourparlers-avec-arm-pour-etre-investisseur-de-reference-lors-de-lipo\/","title":{"rendered":"Intel en pourparlers avec Arm pour \u00eatre investisseur de r\u00e9f\u00e9rence lors de l&rsquo;IPO"},"content":{"rendered":"<h2>Selon certaines informations, le g\u00e9ant des puces Intel Corp. est en pourparlers avec Arm Ltd. pour devenir un investisseur de r\u00e9f\u00e9rence dans l&rsquo;introduction en bourse (IPO) du donneur de licence de propri\u00e9t\u00e9 intellectuelle pour les processeurs.<\/h2>\n<p>Arm pr\u00e9voit de vendre une partie de ses actions sur le Nasdaq dans le courant de l&rsquo;ann\u00e9e, afin de lever entre 8 et 10 milliards de dollars pour sa soci\u00e9t\u00e9 m\u00e8re SoftBank Group.<\/p>\n<p>Arm a \u00e9galement discut\u00e9 avec d&rsquo;autres investisseurs strat\u00e9giques de leurs intentions afin de s&rsquo;assurer que l&rsquo;introduction en bourse puisse se faire, selon les rapports.<\/p>\n<p>Les estimations de la valeur de l&rsquo;introduction en bourse d&rsquo;Arm varient entre 30 et 70 milliards de dollars am\u00e9ricains.<\/p>\n<p>Intel est un rival d&rsquo;Arm et de ses licenci\u00e9s sur certains march\u00e9s. Cependant, sous la direction de Pat Gelsinger, Intel s&rsquo;efforce de dissocier sa fabrication du d\u00e9veloppement de ses produits et tente de produire un mod\u00e8le commercial de fonderie. Cela a impliqu\u00e9 la n\u00e9cessit\u00e9 d&rsquo;adopter les c\u0153urs et la propri\u00e9t\u00e9 intellectuelle d&rsquo;Arm pour attirer le march\u00e9 plus large des puces fabless (voir <a title=\"Intel d\u00e9place les c\u0153urs ARM sur le processus de 1,8 nm pour la fonderie\" href=\"https:\/\/www.ecinews.fr\/fr\/intel-deplace-les-coeurs-arm-vers-son-process-de-18-nm-pour-la-fonderie\/\" target=\"_blank\" rel=\"noopener\">Intel d\u00e9place les c\u0153urs ARM sur le processus de 1,8 nm pour la fonderie<\/a>).<\/p>\n<h4>Intel comme investisseur de r\u00e9f\u00e9rence, est-ce raisonnable ?<\/h4>\n<p>La propri\u00e9t\u00e9 intellectuelle d&rsquo;Arm est utilis\u00e9e sous diverses formes par Apple, AMD, Nvidia, Qualcomm, Samsung et bien d&rsquo;autres. Arm a \u00e9galement fait de l&rsquo;\u00e9galit\u00e9 de traitement de tous les clients et de l&rsquo;absence de concurrence un \u00e9l\u00e9ment fondamental de son activit\u00e9. Il pourrait donc \u00eatre d\u00e9stabilisant pour Arm d&rsquo;accepter une introduction en bourse avec un investissement d&rsquo;une ou plusieurs de ces entreprises et pas des autres.<\/p>\n<blockquote class=\"wp-embedded-content\" data-secret=\"1uOoQzEEMl\"><p><a href=\"https:\/\/www.ecinews.fr\/fr\/arm-veut-changer-son-modele-de-licence-pi-pour-gagner-plus\/\">ARM veut changer son mod\u00e8le de licences de PI pour gagner plus<\/a><\/p><\/blockquote>\n<p><iframe class=\"wp-embedded-content lazyload\" sandbox=\"allow-scripts\" security=\"restricted\" style=\"position: absolute; visibility: hidden;\" title=\"\u00ab\u00a0ARM veut changer son mod\u00e8le de licences de PI pour gagner plus\u00a0\u00bb &#8212; EENewsEurope\" data-src=\"https:\/\/www.ecinews.fr\/fr\/arm-veut-changer-son-modele-de-licence-pi-pour-gagner-plus\/embed\/#?secret=DQZ6pCQ3Zh#?secret=1uOoQzEEMl\" data-secret=\"1uOoQzEEMl\" width=\"500\" height=\"282\" frameborder=\"0\" marginwidth=\"0\" marginheight=\"0\" scrolling=\"no\" src=\"data:image\/svg+xml;base64,PHN2ZyB3aWR0aD0iMSIgaGVpZ2h0PSIxIiB4bWxucz0iaHR0cDovL3d3dy53My5vcmcvMjAwMC9zdmciPjwvc3ZnPg==\" data-load-mode=\"1\"><\/iframe><\/p>\n<p>&nbsp;<\/p>\n<p>Cela dit, Arm s&rsquo;est brouill\u00e9 ces derniers mois avec Qualcomm au sujet des conditions d&rsquo;octroi de licences, et un proc\u00e8s est en cours (voir <a href=\"https:\/\/www.ecinews.fr\/fr\/qualcomm-se-defend-contre-laction-en-justice-darm\/\">Qualcomm riposte \u00e0 ARM au sujet de l&rsquo;action en justice<\/a>).<\/p>\n<p>SoftBank et Arm ont fait l&rsquo;objet de pressions de la part des premiers ministres britanniques successifs pour que l&rsquo;introduction en bourse ait lieu \u00e0 Londres, mais sans succ\u00e8s. SoftBank estime manifestement qu&rsquo;elle obtiendra la meilleure valeur pour la vente sur le march\u00e9 am\u00e9ricain, tr\u00e8s friand de technologie. Toutefois, le si\u00e8ge d&rsquo;Arm reste au Royaume-Uni et la possibilit\u00e9 d&rsquo;une double cotation ult\u00e9rieure n&rsquo;a pas \u00e9t\u00e9 exclue.<\/p>\n<h4>Liens et articles connexes :<\/h4>\n<p><a href=\"http:\/\/www.arm.com\">www.arm.com<\/a><\/p>\n<p><a href=\"http:\/\/www.intel.com\">www.intel.com<\/a><\/p>\n<p>&nbsp;<\/p>\n","protected":false},"excerpt":{"rendered":"<p>Selon certaines informations, le g\u00e9ant des puces Intel Corp. est en pourparlers avec Arm Ltd. pour devenir un investisseur de r\u00e9f\u00e9rence dans l&rsquo;introduction en bourse (IPO) du donneur de licence de propri\u00e9t\u00e9 intellectuelle pour les processeurs. Arm pr\u00e9voit de vendre une partie de ses actions sur le Nasdaq dans le courant de l&rsquo;ann\u00e9e, afin de [&hellip;]<\/p>\n","protected":false},"author":34,"featured_media":424305,"comment_status":"closed","ping_status":"closed","sticky":false,"template":"","format":"standard","meta":{"_acf_changed":false,"footnotes":""},"categories":[880],"tags":[2456,2721,3302,3763],"domains":[47],"ppma_author":[1153,3631],"class_list":["post-424315","post","type-post","status-publish","format-standard","has-post-thumbnail","hentry","category-actualites-economiques","tag-arm-fr","tag-intel-fr","tag-ip-fr","tag-ipo-fr","domains-electronique-eci"],"acf":[],"yoast_head":"<title>Intel en pourparlers avec Arm pour \u00eatre investisseur lors de l...<\/title>\n<meta name=\"description\" content=\"Intel est en pourparlers avec Arm pour devenir un investisseur de r\u00e9f\u00e9rence dans l&#039;IPO du donneur de licence d&#039;IP de processeurs.\" \/>\n<meta name=\"robots\" content=\"index, follow, max-snippet:-1, max-image-preview:large, max-video-preview:-1\" \/>\n<link rel=\"canonical\" href=\"https:\/\/www.ecinews.fr\/fr\/wp-json\/wp\/v2\/posts\/424315\/\" \/>\n<meta property=\"og:locale\" content=\"fr_FR\" \/>\n<meta property=\"og:type\" content=\"article\" \/>\n<meta property=\"og:title\" content=\"Intel en pourparlers avec Arm pour \u00eatre investisseur de r\u00e9f\u00e9rence lors de l&#039;IPO\" \/>\n<meta property=\"og:description\" content=\"Intel est en pourparlers avec Arm pour devenir un investisseur de r\u00e9f\u00e9rence dans l&#039;IPO du donneur de licence d&#039;IP de processeurs.\" \/>\n<meta property=\"og:url\" content=\"https:\/\/www.ecinews.fr\/fr\/wp-json\/wp\/v2\/posts\/424315\/\" \/>\n<meta property=\"og:site_name\" content=\"EENewsEurope\" \/>\n<meta property=\"article:published_time\" content=\"2023-06-13T14:52:25+00:00\" \/>\n<meta property=\"article:modified_time\" content=\"2023-06-13T14:55:18+00:00\" \/>\n<meta property=\"og:image\" content=\"https:\/\/www.eenewseurope.com\/wp-content\/uploads\/2023\/06\/AnchorDollar630.jpg\" \/>\n\t<meta property=\"og:image:width\" content=\"630\" \/>\n\t<meta property=\"og:image:height\" content=\"400\" \/>\n\t<meta property=\"og:image:type\" content=\"image\/jpeg\" \/>\n<meta name=\"author\" content=\"A Delapalisse, Peter Clarke\" \/>\n<meta name=\"twitter:card\" content=\"summary_large_image\" \/>\n<meta name=\"twitter:label1\" content=\"Written by\" \/>\n\t<meta name=\"twitter:data1\" content=\"A Delapalisse\" \/>\n\t<meta name=\"twitter:label2\" content=\"Est. reading time\" \/>\n\t<meta name=\"twitter:data2\" content=\"2 minutes\" \/>\n<script type=\"application\/ld+json\" class=\"yoast-schema-graph\">{\"@context\":\"https:\/\/schema.org\",\"@graph\":[{\"@type\":\"Article\",\"@id\":\"https:\/\/www.eenewseurope.com\/fr\/intel-en-pourparlers-avec-arm-pour-etre-investisseur-de-reference-lors-de-lipo\/#article\",\"isPartOf\":{\"@id\":\"https:\/\/www.eenewseurope.com\/fr\/intel-en-pourparlers-avec-arm-pour-etre-investisseur-de-reference-lors-de-lipo\/\"},\"author\":{\"name\":\"A Delapalisse\",\"@id\":\"https:\/\/www.ecinews.fr\/fr\/#\/schema\/person\/0aa2cfb0bd8949724a68cbac8d8321b4\"},\"headline\":\"Intel en pourparlers avec Arm pour \u00eatre investisseur de r\u00e9f\u00e9rence lors de l&rsquo;IPO\",\"datePublished\":\"2023-06-13T14:52:25+00:00\",\"dateModified\":\"2023-06-13T14:55:18+00:00\",\"mainEntityOfPage\":{\"@id\":\"https:\/\/www.eenewseurope.com\/fr\/intel-en-pourparlers-avec-arm-pour-etre-investisseur-de-reference-lors-de-lipo\/\"},\"wordCount\":444,\"publisher\":{\"@id\":\"https:\/\/www.ecinews.fr\/fr\/#organization\"},\"keywords\":[\"Arm\",\"Intel\",\"IP\",\"IPO\"],\"articleSection\":[\"Actualit\u00e9s \u00e9conomiques\"],\"inLanguage\":\"fr-FR\"},{\"@type\":\"WebPage\",\"@id\":\"https:\/\/www.eenewseurope.com\/fr\/intel-en-pourparlers-avec-arm-pour-etre-investisseur-de-reference-lors-de-lipo\/\",\"url\":\"https:\/\/www.eenewseurope.com\/fr\/intel-en-pourparlers-avec-arm-pour-etre-investisseur-de-reference-lors-de-lipo\/\",\"name\":\"Intel en pourparlers avec Arm pour \u00eatre investisseur lors de l'IPO\",\"isPartOf\":{\"@id\":\"https:\/\/www.ecinews.fr\/fr\/#website\"},\"datePublished\":\"2023-06-13T14:52:25+00:00\",\"dateModified\":\"2023-06-13T14:55:18+00:00\",\"description\":\"Intel est en pourparlers avec Arm pour devenir un investisseur de r\u00e9f\u00e9rence dans l'IPO du donneur de licence d'IP de processeurs.\",\"breadcrumb\":{\"@id\":\"https:\/\/www.eenewseurope.com\/fr\/intel-en-pourparlers-avec-arm-pour-etre-investisseur-de-reference-lors-de-lipo\/#breadcrumb\"},\"inLanguage\":\"fr-FR\",\"potentialAction\":[{\"@type\":\"ReadAction\",\"target\":[\"https:\/\/www.eenewseurope.com\/fr\/intel-en-pourparlers-avec-arm-pour-etre-investisseur-de-reference-lors-de-lipo\/\"]}]},{\"@type\":\"BreadcrumbList\",\"@id\":\"https:\/\/www.eenewseurope.com\/fr\/intel-en-pourparlers-avec-arm-pour-etre-investisseur-de-reference-lors-de-lipo\/#breadcrumb\",\"itemListElement\":[{\"@type\":\"ListItem\",\"position\":1,\"name\":\"Home\",\"item\":\"https:\/\/www.ecinews.fr\/fr\/\"},{\"@type\":\"ListItem\",\"position\":2,\"name\":\"Intel en pourparlers avec Arm pour \u00eatre investisseur de r\u00e9f\u00e9rence lors de l&rsquo;IPO\"}]},{\"@type\":\"WebSite\",\"@id\":\"https:\/\/www.ecinews.fr\/fr\/#website\",\"url\":\"https:\/\/www.ecinews.fr\/fr\/\",\"name\":\"EENewsEurope\",\"description\":\"Just another WordPress site\",\"publisher\":{\"@id\":\"https:\/\/www.ecinews.fr\/fr\/#organization\"},\"potentialAction\":[{\"@type\":\"SearchAction\",\"target\":{\"@type\":\"EntryPoint\",\"urlTemplate\":\"https:\/\/www.ecinews.fr\/fr\/?s={search_term_string}\"},\"query-input\":\"required name=search_term_string\"}],\"inLanguage\":\"fr-FR\"},{\"@type\":\"Organization\",\"@id\":\"https:\/\/www.ecinews.fr\/fr\/#organization\",\"name\":\"EENewsEurope\",\"url\":\"https:\/\/www.ecinews.fr\/fr\/\",\"logo\":{\"@type\":\"ImageObject\",\"inLanguage\":\"fr-FR\",\"@id\":\"https:\/\/www.ecinews.fr\/fr\/#\/schema\/logo\/image\/\",\"url\":\"https:\/\/www.ecinews.fr\/wp-content\/uploads\/2022\/02\/logo-1.jpg\",\"contentUrl\":\"https:\/\/www.ecinews.fr\/wp-content\/uploads\/2022\/02\/logo-1.jpg\",\"width\":283,\"height\":113,\"caption\":\"EENewsEurope\"},\"image\":{\"@id\":\"https:\/\/www.ecinews.fr\/fr\/#\/schema\/logo\/image\/\"}},{\"@type\":\"Person\",\"@id\":\"https:\/\/www.ecinews.fr\/fr\/#\/schema\/person\/0aa2cfb0bd8949724a68cbac8d8321b4\",\"name\":\"A Delapalisse\",\"image\":{\"@type\":\"ImageObject\",\"inLanguage\":\"fr-FR\",\"@id\":\"https:\/\/www.ecinews.fr\/fr\/#\/schema\/person\/image\/211ac42237c2e9683c0964086c393cb4\",\"url\":\"https:\/\/secure.gravatar.com\/avatar\/ad45a8c5da24bc9c7c4940dd1c48a695?s=96&d=mm&r=g\",\"contentUrl\":\"https:\/\/secure.gravatar.com\/avatar\/ad45a8c5da24bc9c7c4940dd1c48a695?s=96&d=mm&r=g\",\"caption\":\"A Delapalisse\"},\"sameAs\":[\"http:\/\/ECI\"]}]}<\/script>","yoast_head_json":{"title":"Intel en pourparlers avec Arm pour \u00eatre investisseur lors de l...","description":"Intel est en pourparlers avec Arm pour devenir un investisseur de r\u00e9f\u00e9rence dans l'IPO du donneur de licence d'IP de processeurs.","robots":{"index":"index","follow":"follow","max-snippet":"max-snippet:-1","max-image-preview":"max-image-preview:large","max-video-preview":"max-video-preview:-1"},"canonical":"https:\/\/www.ecinews.fr\/fr\/wp-json\/wp\/v2\/posts\/424315\/","og_locale":"fr_FR","og_type":"article","og_title":"Intel en pourparlers avec Arm pour \u00eatre investisseur de r\u00e9f\u00e9rence lors de l'IPO","og_description":"Intel est en pourparlers avec Arm pour devenir un investisseur de r\u00e9f\u00e9rence dans l'IPO du donneur de licence d'IP de processeurs.","og_url":"https:\/\/www.ecinews.fr\/fr\/wp-json\/wp\/v2\/posts\/424315\/","og_site_name":"EENewsEurope","article_published_time":"2023-06-13T14:52:25+00:00","article_modified_time":"2023-06-13T14:55:18+00:00","og_image":[{"width":630,"height":400,"url":"https:\/\/www.eenewseurope.com\/wp-content\/uploads\/2023\/06\/AnchorDollar630.jpg","type":"image\/jpeg"}],"author":"A Delapalisse, Peter Clarke","twitter_card":"summary_large_image","twitter_misc":{"Written by":"A Delapalisse","Est. reading time":"2 minutes"},"schema":{"@context":"https:\/\/schema.org","@graph":[{"@type":"Article","@id":"https:\/\/www.eenewseurope.com\/fr\/intel-en-pourparlers-avec-arm-pour-etre-investisseur-de-reference-lors-de-lipo\/#article","isPartOf":{"@id":"https:\/\/www.eenewseurope.com\/fr\/intel-en-pourparlers-avec-arm-pour-etre-investisseur-de-reference-lors-de-lipo\/"},"author":{"name":"A Delapalisse","@id":"https:\/\/www.ecinews.fr\/fr\/#\/schema\/person\/0aa2cfb0bd8949724a68cbac8d8321b4"},"headline":"Intel en pourparlers avec Arm pour \u00eatre investisseur de r\u00e9f\u00e9rence lors de l&rsquo;IPO","datePublished":"2023-06-13T14:52:25+00:00","dateModified":"2023-06-13T14:55:18+00:00","mainEntityOfPage":{"@id":"https:\/\/www.eenewseurope.com\/fr\/intel-en-pourparlers-avec-arm-pour-etre-investisseur-de-reference-lors-de-lipo\/"},"wordCount":444,"publisher":{"@id":"https:\/\/www.ecinews.fr\/fr\/#organization"},"keywords":["Arm","Intel","IP","IPO"],"articleSection":["Actualit\u00e9s \u00e9conomiques"],"inLanguage":"fr-FR"},{"@type":"WebPage","@id":"https:\/\/www.eenewseurope.com\/fr\/intel-en-pourparlers-avec-arm-pour-etre-investisseur-de-reference-lors-de-lipo\/","url":"https:\/\/www.eenewseurope.com\/fr\/intel-en-pourparlers-avec-arm-pour-etre-investisseur-de-reference-lors-de-lipo\/","name":"Intel en pourparlers avec Arm pour \u00eatre investisseur lors de l'IPO","isPartOf":{"@id":"https:\/\/www.ecinews.fr\/fr\/#website"},"datePublished":"2023-06-13T14:52:25+00:00","dateModified":"2023-06-13T14:55:18+00:00","description":"Intel est en pourparlers avec Arm pour devenir un investisseur de r\u00e9f\u00e9rence dans l'IPO du donneur de licence d'IP de processeurs.","breadcrumb":{"@id":"https:\/\/www.eenewseurope.com\/fr\/intel-en-pourparlers-avec-arm-pour-etre-investisseur-de-reference-lors-de-lipo\/#breadcrumb"},"inLanguage":"fr-FR","potentialAction":[{"@type":"ReadAction","target":["https:\/\/www.eenewseurope.com\/fr\/intel-en-pourparlers-avec-arm-pour-etre-investisseur-de-reference-lors-de-lipo\/"]}]},{"@type":"BreadcrumbList","@id":"https:\/\/www.eenewseurope.com\/fr\/intel-en-pourparlers-avec-arm-pour-etre-investisseur-de-reference-lors-de-lipo\/#breadcrumb","itemListElement":[{"@type":"ListItem","position":1,"name":"Home","item":"https:\/\/www.ecinews.fr\/fr\/"},{"@type":"ListItem","position":2,"name":"Intel en pourparlers avec Arm pour \u00eatre investisseur de r\u00e9f\u00e9rence lors de l&rsquo;IPO"}]},{"@type":"WebSite","@id":"https:\/\/www.ecinews.fr\/fr\/#website","url":"https:\/\/www.ecinews.fr\/fr\/","name":"EENewsEurope","description":"Just another WordPress site","publisher":{"@id":"https:\/\/www.ecinews.fr\/fr\/#organization"},"potentialAction":[{"@type":"SearchAction","target":{"@type":"EntryPoint","urlTemplate":"https:\/\/www.ecinews.fr\/fr\/?s={search_term_string}"},"query-input":"required name=search_term_string"}],"inLanguage":"fr-FR"},{"@type":"Organization","@id":"https:\/\/www.ecinews.fr\/fr\/#organization","name":"EENewsEurope","url":"https:\/\/www.ecinews.fr\/fr\/","logo":{"@type":"ImageObject","inLanguage":"fr-FR","@id":"https:\/\/www.ecinews.fr\/fr\/#\/schema\/logo\/image\/","url":"https:\/\/www.ecinews.fr\/wp-content\/uploads\/2022\/02\/logo-1.jpg","contentUrl":"https:\/\/www.ecinews.fr\/wp-content\/uploads\/2022\/02\/logo-1.jpg","width":283,"height":113,"caption":"EENewsEurope"},"image":{"@id":"https:\/\/www.ecinews.fr\/fr\/#\/schema\/logo\/image\/"}},{"@type":"Person","@id":"https:\/\/www.ecinews.fr\/fr\/#\/schema\/person\/0aa2cfb0bd8949724a68cbac8d8321b4","name":"A Delapalisse","image":{"@type":"ImageObject","inLanguage":"fr-FR","@id":"https:\/\/www.ecinews.fr\/fr\/#\/schema\/person\/image\/211ac42237c2e9683c0964086c393cb4","url":"https:\/\/secure.gravatar.com\/avatar\/ad45a8c5da24bc9c7c4940dd1c48a695?s=96&d=mm&r=g","contentUrl":"https:\/\/secure.gravatar.com\/avatar\/ad45a8c5da24bc9c7c4940dd1c48a695?s=96&d=mm&r=g","caption":"A Delapalisse"},"sameAs":["http:\/\/ECI"]}]}},"authors":[{"term_id":1153,"user_id":34,"is_guest":0,"slug":"adelapalisse","display_name":"A Delapalisse","avatar_url":"https:\/\/secure.gravatar.com\/avatar\/ad45a8c5da24bc9c7c4940dd1c48a695?s=96&d=mm&r=g","0":null,"1":"","2":"","3":"","4":"","5":"","6":"","7":"","8":""},{"term_id":3631,"user_id":0,"is_guest":1,"slug":"peter-clarke","display_name":"Peter Clarke","avatar_url":"https:\/\/secure.gravatar.com\/avatar\/?s=96&d=mm&r=g","0":null,"1":"","2":"","3":"","4":"","5":"","6":"","7":"","8":""}],"_links":{"self":[{"href":"https:\/\/www.ecinews.fr\/fr\/wp-json\/wp\/v2\/posts\/424315"}],"collection":[{"href":"https:\/\/www.ecinews.fr\/fr\/wp-json\/wp\/v2\/posts"}],"about":[{"href":"https:\/\/www.ecinews.fr\/fr\/wp-json\/wp\/v2\/types\/post"}],"author":[{"embeddable":true,"href":"https:\/\/www.ecinews.fr\/fr\/wp-json\/wp\/v2\/users\/34"}],"replies":[{"embeddable":true,"href":"https:\/\/www.ecinews.fr\/fr\/wp-json\/wp\/v2\/comments?post=424315"}],"version-history":[{"count":0,"href":"https:\/\/www.ecinews.fr\/fr\/wp-json\/wp\/v2\/posts\/424315\/revisions"}],"wp:featuredmedia":[{"embeddable":true,"href":"https:\/\/www.ecinews.fr\/fr\/wp-json\/wp\/v2\/media\/424305"}],"wp:attachment":[{"href":"https:\/\/www.ecinews.fr\/fr\/wp-json\/wp\/v2\/media?parent=424315"}],"wp:term":[{"taxonomy":"category","embeddable":true,"href":"https:\/\/www.ecinews.fr\/fr\/wp-json\/wp\/v2\/categories?post=424315"},{"taxonomy":"post_tag","embeddable":true,"href":"https:\/\/www.ecinews.fr\/fr\/wp-json\/wp\/v2\/tags?post=424315"},{"taxonomy":"domains","embeddable":true,"href":"https:\/\/www.ecinews.fr\/fr\/wp-json\/wp\/v2\/domains?post=424315"},{"taxonomy":"author","embeddable":true,"href":"https:\/\/www.ecinews.fr\/fr\/wp-json\/wp\/v2\/ppma_author?post=424315"}],"curies":[{"name":"wp","href":"https:\/\/api.w.org\/{rel}","templated":true}]}}