{"id":424274,"date":"2023-06-13T16:12:04","date_gmt":"2023-06-13T14:12:04","guid":{"rendered":"https:\/\/www.eenewseurope.com\/?p=424274"},"modified":"2023-06-13T16:56:37","modified_gmt":"2023-06-13T14:56:37","slug":"la-mega-fab-dintel-a-magdebourg-en-peril","status":"publish","type":"post","link":"https:\/\/www.ecinews.fr\/fr\/la-mega-fab-dintel-a-magdebourg-en-peril\/","title":{"rendered":"La mega Fab d&rsquo;Intel \u00e0 Magdebourg en p\u00e9ril"},"content":{"rendered":"<h2>Le ministre allemand des finances, Christian Lindner, a d\u00e9clar\u00e9 que le pays n&rsquo;accepterait pas la demande d&rsquo;Intel d&rsquo;obtenir des subventions plus \u00e9lev\u00e9es pour un projet de fab de wafers de silicium \u00e0 Magdebourg, selon un rapport du <em>Financial Times<\/em>.<\/h2>\n<p>Le g\u00e9ant des puces \u00e9lectroniques Intel et l&rsquo;Allemagne se sont mis d&rsquo;accord sur les grandes lignes d&rsquo;un accord et l&rsquo;ont annonc\u00e9 en grande pompe en mars 2022. Cependant, m\u00eame \u00e0 cette \u00e9poque, on parlait d&rsquo;un d\u00e9ficit de financement qui devait \u00eatre combl\u00e9 (voir <a href=\"https:\/\/www.eenewseurope.com\/en\/opinion-full-fat-finance-is-missing-from-intels-european-plan\/\">le plan europ\u00e9en d&rsquo;Intel ne pr\u00e9voit pas de financement complet<\/a>).<\/p>\n<p>La r\u00e9sistance de M. Lindner \u00e0 l&rsquo;augmentation des subventions a mis en \u00e9vidence un clivage au sein du gouvernement allemand et fait courir au projet europ\u00e9en d&rsquo;Intel le risque de subir de nouveaux retards ou d&rsquo;en r\u00e9duire la port\u00e9e, selon le rapport.<\/p>\n<p>L&rsquo;Allemagne avait pr\u00e9vu de fournir 6,8 milliards d&rsquo;euros pour couvrir le co\u00fbt de 17 milliards d&rsquo;euros de la construction de deux modules de fabrication de wafers \u00e0 Magdebourg. La construction devait commencer en 2023 ou 2024, en vue d&rsquo;un d\u00e9marrage de la production de puces en 2027. Depuis lors, les investissements pr\u00e9vus dans les usines de fabrication de plaquettes sont pass\u00e9s \u00e0 20 milliards d&rsquo;euros et Intel a demand\u00e9 au gouvernement allemand de fournir 10 milliards d&rsquo;euros<a href=\"https:\/\/www.eenewseurope.com\/en\/intel-delays-german-fab-wants-more-subsidy\/\">(Intel delays German fab, wants more subsidy<\/a>).<\/p>\n<h4>Il m&rsquo;en faut toujours un peu plus !<\/h4>\n<p>Intel a publi\u00e9 des r\u00e9sultats financiers m\u00e9diocres pendant plusieurs trimestres en s&rsquo;effor\u00e7ant de rester comp\u00e9titif sur le march\u00e9 des PC, qui est en perte de vitesse. En m\u00eame la soci\u00e9t\u00e9 tente de redynamiser sa technologie de fabrication de semiconducteurs apr\u00e8s avoir \u00e9t\u00e9 distanc\u00e9e par les fondeurs Samsung Electronics et Taiwan Semiconductor Manufacturing Co. Ltd.<\/p>\n<p>La Commission europ\u00e9enne consid\u00e8re que l&rsquo;Intel Magdeburg est essentielle pour accro\u00eetre l&rsquo;offre int\u00e9rieure de puces de l&rsquo;Europe et sa part dans la production mondiale. Alors que des hommes politiques tels que le chancelier Olaf Scholz, un social-d\u00e9mocrate, et le ministre de l&rsquo;\u00e9conomie Robert Habeck, un vert, semblent pr\u00eats \u00e0 payer tout ce qu&rsquo;il faut, Lindner (FDP), plus conservateur, n&rsquo;est pas un partisan des subventions et craint qu&rsquo;une course aux subventions contre d&rsquo;autres nations et r\u00e9gions ne finisse par gaspiller l&rsquo;argent des contribuables.<\/p>\n<p>\u00ab\u00a0La chancellerie et le minist\u00e8re de l&rsquo;\u00e9conomie devront montrer d&rsquo;o\u00f9 viendra le financement suppl\u00e9mentaire\u00a0\u00bb, a-t-il d\u00e9clar\u00e9 dans une interview accord\u00e9e au <em>Financial Times<\/em>.<\/p>\n<p>Une solution possible pour sortir de l&rsquo;impasse est d&rsquo;accorder \u00e0 Intel un rabais sur l&rsquo;\u00e9lectricit\u00e9 fournie \u00e0 ses usines de Magdebourg, mais cela repr\u00e9sente toujours un co\u00fbt qui doit \u00eatre couvert d&rsquo;une fa\u00e7on ou d&rsquo;autre.<\/p>\n<h4>Liens et articles connexes :<\/h4>\n<p><em><a href=\"https:\/\/www.ft.com\/content\/7663d813-504e-4ec7-84e8-ad9e272389f5\">Article du Financial Times<\/a><\/em><\/p>\n<h4>Articles de presse :<\/h4>\n<p><a href=\"https:\/\/www.eenewseurope.com\/en\/glofo-st-finalize-terms-for-e7-5-billion-wafer-fab-at-crolles\/\">GloFo et ST finalisent les conditions d&rsquo;une usine de fabrication de plaquettes de 7,5 milliards d&rsquo;euros \u00e0 Crolles<\/a><\/p>\n<p><a href=\"https:\/\/www.eenewseurope.com\/en\/european-chips-act-amended-softened-approved\/\">La loi sur les puces europ\u00e9ennes est modifi\u00e9e, assouplie et approuv\u00e9e<\/a><\/p>\n<p><a href=\"https:\/\/www.eenewseurope.com\/en\/report-intel-requires-e10-billion-subsidy-for-german-fab\/\">Rapport : Intel a besoin d&rsquo;une subvention de 10 milliards d&rsquo;euros pour son usine allemande<\/a><\/p>\n<p><a href=\"https:\/\/www.eenewseurope.com\/en\/germany-has-e14-billion-for-chipmakers-says-minister\/\">L&rsquo;Allemagne dispose de 14 milliards d&rsquo;euros pour les fabricants de puces, selon le ministre<\/a><\/p>\n","protected":false},"excerpt":{"rendered":"<p>Le ministre allemand des finances, Christian Lindner, a d\u00e9clar\u00e9 que le pays n&rsquo;accepterait pas la demande d&rsquo;Intel d&rsquo;obtenir des subventions plus \u00e9lev\u00e9es pour un projet de fab de wafers de silicium \u00e0 Magdebourg, selon un rapport du Financial Times. Le g\u00e9ant des puces \u00e9lectroniques Intel et l&rsquo;Allemagne se sont mis d&rsquo;accord sur les grandes lignes [&hellip;]<\/p>\n","protected":false},"author":34,"featured_media":386666,"comment_status":"closed","ping_status":"closed","sticky":false,"template":"","format":"standard","meta":{"_acf_changed":false,"footnotes":""},"categories":[880],"tags":[2158,2721,1558],"domains":[47],"ppma_author":[1153,3631],"class_list":["post-424274","post","type-post","status-publish","format-standard","has-post-thumbnail","hentry","category-actualites-economiques","tag-fab","tag-intel-fr","tag-semiconducteurs","domains-electronique-eci"],"acf":[],"yoast_head":"<title><\/title>\n<meta name=\"description\" content=\"Le ministre allemand des finances n&#039;acceptera pas la demande d&#039;Intel d&#039;augmenter les subventions \u00e0 10 miliards pour sa fab \u00e0 Magdebourg.\" \/>\n<meta name=\"robots\" content=\"index, follow, max-snippet:-1, max-image-preview:large, max-video-preview:-1\" \/>\n<link rel=\"canonical\" href=\"https:\/\/www.ecinews.fr\/fr\/wp-json\/wp\/v2\/posts\/424274\/\" \/>\n<meta property=\"og:locale\" content=\"fr_FR\" \/>\n<meta property=\"og:type\" content=\"article\" \/>\n<meta property=\"og:title\" content=\"La mega Fab d&#039;Intel \u00e0 Magdebourg en p\u00e9ril\" \/>\n<meta property=\"og:description\" content=\"Le ministre allemand des finances n&#039;acceptera pas la demande d&#039;Intel d&#039;augmenter les subventions \u00e0 10 miliards pour sa fab \u00e0 Magdebourg.\" \/>\n<meta property=\"og:url\" content=\"https:\/\/www.ecinews.fr\/fr\/wp-json\/wp\/v2\/posts\/424274\/\" \/>\n<meta property=\"og:site_name\" content=\"EENewsEurope\" \/>\n<meta property=\"article:published_time\" content=\"2023-06-13T14:12:04+00:00\" \/>\n<meta property=\"article:modified_time\" content=\"2023-06-13T14:56:37+00:00\" \/>\n<meta property=\"og:image\" content=\"https:\/\/www.ecinews.fr\/wp-content\/uploads\/2022\/06\/IntelMagdeburg630.jpg\" \/>\n\t<meta property=\"og:image:width\" content=\"630\" \/>\n\t<meta property=\"og:image:height\" content=\"355\" \/>\n\t<meta property=\"og:image:type\" content=\"image\/jpeg\" \/>\n<meta name=\"author\" content=\"A Delapalisse, Peter Clarke\" \/>\n<meta name=\"twitter:card\" content=\"summary_large_image\" \/>\n<meta name=\"twitter:label1\" content=\"Written by\" \/>\n\t<meta name=\"twitter:data1\" content=\"A Delapalisse\" \/>\n\t<meta name=\"twitter:label2\" content=\"Est. reading time\" \/>\n\t<meta name=\"twitter:data2\" content=\"3 minutes\" \/>\n<script type=\"application\/ld+json\" class=\"yoast-schema-graph\">{\"@context\":\"https:\/\/schema.org\",\"@graph\":[{\"@type\":\"Article\",\"@id\":\"https:\/\/www.ecinews.fr\/fr\/la-mega-fab-dintel-a-magdebourg-en-peril\/#article\",\"isPartOf\":{\"@id\":\"https:\/\/www.ecinews.fr\/fr\/la-mega-fab-dintel-a-magdebourg-en-peril\/\"},\"author\":{\"name\":\"A Delapalisse\",\"@id\":\"https:\/\/www.ecinews.fr\/fr\/#\/schema\/person\/0aa2cfb0bd8949724a68cbac8d8321b4\"},\"headline\":\"La mega Fab d&rsquo;Intel \u00e0 Magdebourg en p\u00e9ril\",\"datePublished\":\"2023-06-13T14:12:04+00:00\",\"dateModified\":\"2023-06-13T14:56:37+00:00\",\"mainEntityOfPage\":{\"@id\":\"https:\/\/www.ecinews.fr\/fr\/la-mega-fab-dintel-a-magdebourg-en-peril\/\"},\"wordCount\":559,\"publisher\":{\"@id\":\"https:\/\/www.ecinews.fr\/fr\/#organization\"},\"keywords\":[\"Fab\",\"Intel\",\"Semiconducteurs\"],\"articleSection\":[\"Actualit\u00e9s \u00e9conomiques\"],\"inLanguage\":\"fr-FR\"},{\"@type\":\"WebPage\",\"@id\":\"https:\/\/www.ecinews.fr\/fr\/la-mega-fab-dintel-a-magdebourg-en-peril\/\",\"url\":\"https:\/\/www.ecinews.fr\/fr\/la-mega-fab-dintel-a-magdebourg-en-peril\/\",\"name\":\"L'usine allemande d'Intel en p\u00e9ril : un politicien dit \\\"non\\\" \u00e0 la demande de subventions\",\"isPartOf\":{\"@id\":\"https:\/\/www.ecinews.fr\/fr\/#website\"},\"datePublished\":\"2023-06-13T14:12:04+00:00\",\"dateModified\":\"2023-06-13T14:56:37+00:00\",\"description\":\"Le ministre allemand des finances n'acceptera pas la demande d'Intel d'augmenter les subventions \u00e0 10 miliards pour sa fab \u00e0 Magdebourg.\",\"breadcrumb\":{\"@id\":\"https:\/\/www.ecinews.fr\/fr\/la-mega-fab-dintel-a-magdebourg-en-peril\/#breadcrumb\"},\"inLanguage\":\"fr-FR\",\"potentialAction\":[{\"@type\":\"ReadAction\",\"target\":[\"https:\/\/www.ecinews.fr\/fr\/la-mega-fab-dintel-a-magdebourg-en-peril\/\"]}]},{\"@type\":\"BreadcrumbList\",\"@id\":\"https:\/\/www.ecinews.fr\/fr\/la-mega-fab-dintel-a-magdebourg-en-peril\/#breadcrumb\",\"itemListElement\":[{\"@type\":\"ListItem\",\"position\":1,\"name\":\"Home\",\"item\":\"https:\/\/www.ecinews.fr\/fr\/\"},{\"@type\":\"ListItem\",\"position\":2,\"name\":\"La mega Fab d&rsquo;Intel \u00e0 Magdebourg en p\u00e9ril\"}]},{\"@type\":\"WebSite\",\"@id\":\"https:\/\/www.ecinews.fr\/fr\/#website\",\"url\":\"https:\/\/www.ecinews.fr\/fr\/\",\"name\":\"EENewsEurope\",\"description\":\"Just another WordPress site\",\"publisher\":{\"@id\":\"https:\/\/www.ecinews.fr\/fr\/#organization\"},\"potentialAction\":[{\"@type\":\"SearchAction\",\"target\":{\"@type\":\"EntryPoint\",\"urlTemplate\":\"https:\/\/www.ecinews.fr\/fr\/?s={search_term_string}\"},\"query-input\":\"required name=search_term_string\"}],\"inLanguage\":\"fr-FR\"},{\"@type\":\"Organization\",\"@id\":\"https:\/\/www.ecinews.fr\/fr\/#organization\",\"name\":\"EENewsEurope\",\"url\":\"https:\/\/www.ecinews.fr\/fr\/\",\"logo\":{\"@type\":\"ImageObject\",\"inLanguage\":\"fr-FR\",\"@id\":\"https:\/\/www.ecinews.fr\/fr\/#\/schema\/logo\/image\/\",\"url\":\"https:\/\/www.ecinews.fr\/wp-content\/uploads\/2022\/02\/logo-1.jpg\",\"contentUrl\":\"https:\/\/www.ecinews.fr\/wp-content\/uploads\/2022\/02\/logo-1.jpg\",\"width\":283,\"height\":113,\"caption\":\"EENewsEurope\"},\"image\":{\"@id\":\"https:\/\/www.ecinews.fr\/fr\/#\/schema\/logo\/image\/\"}},{\"@type\":\"Person\",\"@id\":\"https:\/\/www.ecinews.fr\/fr\/#\/schema\/person\/0aa2cfb0bd8949724a68cbac8d8321b4\",\"name\":\"A Delapalisse\",\"image\":{\"@type\":\"ImageObject\",\"inLanguage\":\"fr-FR\",\"@id\":\"https:\/\/www.ecinews.fr\/fr\/#\/schema\/person\/image\/211ac42237c2e9683c0964086c393cb4\",\"url\":\"https:\/\/secure.gravatar.com\/avatar\/ad45a8c5da24bc9c7c4940dd1c48a695?s=96&d=mm&r=g\",\"contentUrl\":\"https:\/\/secure.gravatar.com\/avatar\/ad45a8c5da24bc9c7c4940dd1c48a695?s=96&d=mm&r=g\",\"caption\":\"A Delapalisse\"},\"sameAs\":[\"http:\/\/ECI\"]}]}<\/script>","yoast_head_json":{"title":"L'usine allemande d'Intel en p\u00e9ril : un politicien dit \"non\" ?...","description":"Le ministre allemand des finances n'acceptera pas la demande d'Intel d'augmenter les subventions \u00e0 10 miliards pour sa fab \u00e0 Magdebourg.","robots":{"index":"index","follow":"follow","max-snippet":"max-snippet:-1","max-image-preview":"max-image-preview:large","max-video-preview":"max-video-preview:-1"},"canonical":"https:\/\/www.ecinews.fr\/fr\/wp-json\/wp\/v2\/posts\/424274\/","og_locale":"fr_FR","og_type":"article","og_title":"La mega Fab d'Intel \u00e0 Magdebourg en p\u00e9ril","og_description":"Le ministre allemand des finances n'acceptera pas la demande d'Intel d'augmenter les subventions \u00e0 10 miliards pour sa fab \u00e0 Magdebourg.","og_url":"https:\/\/www.ecinews.fr\/fr\/wp-json\/wp\/v2\/posts\/424274\/","og_site_name":"EENewsEurope","article_published_time":"2023-06-13T14:12:04+00:00","article_modified_time":"2023-06-13T14:56:37+00:00","og_image":[{"width":630,"height":355,"url":"https:\/\/www.ecinews.fr\/wp-content\/uploads\/2022\/06\/IntelMagdeburg630.jpg","type":"image\/jpeg"}],"author":"A Delapalisse, Peter Clarke","twitter_card":"summary_large_image","twitter_misc":{"Written by":"A Delapalisse","Est. reading time":"3 minutes"},"schema":{"@context":"https:\/\/schema.org","@graph":[{"@type":"Article","@id":"https:\/\/www.ecinews.fr\/fr\/la-mega-fab-dintel-a-magdebourg-en-peril\/#article","isPartOf":{"@id":"https:\/\/www.ecinews.fr\/fr\/la-mega-fab-dintel-a-magdebourg-en-peril\/"},"author":{"name":"A Delapalisse","@id":"https:\/\/www.ecinews.fr\/fr\/#\/schema\/person\/0aa2cfb0bd8949724a68cbac8d8321b4"},"headline":"La mega Fab d&rsquo;Intel \u00e0 Magdebourg en p\u00e9ril","datePublished":"2023-06-13T14:12:04+00:00","dateModified":"2023-06-13T14:56:37+00:00","mainEntityOfPage":{"@id":"https:\/\/www.ecinews.fr\/fr\/la-mega-fab-dintel-a-magdebourg-en-peril\/"},"wordCount":559,"publisher":{"@id":"https:\/\/www.ecinews.fr\/fr\/#organization"},"keywords":["Fab","Intel","Semiconducteurs"],"articleSection":["Actualit\u00e9s \u00e9conomiques"],"inLanguage":"fr-FR"},{"@type":"WebPage","@id":"https:\/\/www.ecinews.fr\/fr\/la-mega-fab-dintel-a-magdebourg-en-peril\/","url":"https:\/\/www.ecinews.fr\/fr\/la-mega-fab-dintel-a-magdebourg-en-peril\/","name":"L'usine allemande d'Intel en p\u00e9ril : un politicien dit \"non\" \u00e0 la demande de subventions","isPartOf":{"@id":"https:\/\/www.ecinews.fr\/fr\/#website"},"datePublished":"2023-06-13T14:12:04+00:00","dateModified":"2023-06-13T14:56:37+00:00","description":"Le ministre allemand des finances n'acceptera pas la demande d'Intel d'augmenter les subventions \u00e0 10 miliards pour sa fab \u00e0 Magdebourg.","breadcrumb":{"@id":"https:\/\/www.ecinews.fr\/fr\/la-mega-fab-dintel-a-magdebourg-en-peril\/#breadcrumb"},"inLanguage":"fr-FR","potentialAction":[{"@type":"ReadAction","target":["https:\/\/www.ecinews.fr\/fr\/la-mega-fab-dintel-a-magdebourg-en-peril\/"]}]},{"@type":"BreadcrumbList","@id":"https:\/\/www.ecinews.fr\/fr\/la-mega-fab-dintel-a-magdebourg-en-peril\/#breadcrumb","itemListElement":[{"@type":"ListItem","position":1,"name":"Home","item":"https:\/\/www.ecinews.fr\/fr\/"},{"@type":"ListItem","position":2,"name":"La mega Fab d&rsquo;Intel \u00e0 Magdebourg en p\u00e9ril"}]},{"@type":"WebSite","@id":"https:\/\/www.ecinews.fr\/fr\/#website","url":"https:\/\/www.ecinews.fr\/fr\/","name":"EENewsEurope","description":"Just another WordPress site","publisher":{"@id":"https:\/\/www.ecinews.fr\/fr\/#organization"},"potentialAction":[{"@type":"SearchAction","target":{"@type":"EntryPoint","urlTemplate":"https:\/\/www.ecinews.fr\/fr\/?s={search_term_string}"},"query-input":"required name=search_term_string"}],"inLanguage":"fr-FR"},{"@type":"Organization","@id":"https:\/\/www.ecinews.fr\/fr\/#organization","name":"EENewsEurope","url":"https:\/\/www.ecinews.fr\/fr\/","logo":{"@type":"ImageObject","inLanguage":"fr-FR","@id":"https:\/\/www.ecinews.fr\/fr\/#\/schema\/logo\/image\/","url":"https:\/\/www.ecinews.fr\/wp-content\/uploads\/2022\/02\/logo-1.jpg","contentUrl":"https:\/\/www.ecinews.fr\/wp-content\/uploads\/2022\/02\/logo-1.jpg","width":283,"height":113,"caption":"EENewsEurope"},"image":{"@id":"https:\/\/www.ecinews.fr\/fr\/#\/schema\/logo\/image\/"}},{"@type":"Person","@id":"https:\/\/www.ecinews.fr\/fr\/#\/schema\/person\/0aa2cfb0bd8949724a68cbac8d8321b4","name":"A Delapalisse","image":{"@type":"ImageObject","inLanguage":"fr-FR","@id":"https:\/\/www.ecinews.fr\/fr\/#\/schema\/person\/image\/211ac42237c2e9683c0964086c393cb4","url":"https:\/\/secure.gravatar.com\/avatar\/ad45a8c5da24bc9c7c4940dd1c48a695?s=96&d=mm&r=g","contentUrl":"https:\/\/secure.gravatar.com\/avatar\/ad45a8c5da24bc9c7c4940dd1c48a695?s=96&d=mm&r=g","caption":"A Delapalisse"},"sameAs":["http:\/\/ECI"]}]}},"authors":[{"term_id":1153,"user_id":34,"is_guest":0,"slug":"adelapalisse","display_name":"A Delapalisse","avatar_url":"https:\/\/secure.gravatar.com\/avatar\/ad45a8c5da24bc9c7c4940dd1c48a695?s=96&d=mm&r=g","0":null,"1":"","2":"","3":"","4":"","5":"","6":"","7":"","8":""},{"term_id":3631,"user_id":0,"is_guest":1,"slug":"peter-clarke","display_name":"Peter Clarke","avatar_url":"https:\/\/secure.gravatar.com\/avatar\/?s=96&d=mm&r=g","0":null,"1":"","2":"","3":"","4":"","5":"","6":"","7":"","8":""}],"_links":{"self":[{"href":"https:\/\/www.ecinews.fr\/fr\/wp-json\/wp\/v2\/posts\/424274"}],"collection":[{"href":"https:\/\/www.ecinews.fr\/fr\/wp-json\/wp\/v2\/posts"}],"about":[{"href":"https:\/\/www.ecinews.fr\/fr\/wp-json\/wp\/v2\/types\/post"}],"author":[{"embeddable":true,"href":"https:\/\/www.ecinews.fr\/fr\/wp-json\/wp\/v2\/users\/34"}],"replies":[{"embeddable":true,"href":"https:\/\/www.ecinews.fr\/fr\/wp-json\/wp\/v2\/comments?post=424274"}],"version-history":[{"count":0,"href":"https:\/\/www.ecinews.fr\/fr\/wp-json\/wp\/v2\/posts\/424274\/revisions"}],"wp:featuredmedia":[{"embeddable":true,"href":"https:\/\/www.ecinews.fr\/fr\/wp-json\/wp\/v2\/media\/386666"}],"wp:attachment":[{"href":"https:\/\/www.ecinews.fr\/fr\/wp-json\/wp\/v2\/media?parent=424274"}],"wp:term":[{"taxonomy":"category","embeddable":true,"href":"https:\/\/www.ecinews.fr\/fr\/wp-json\/wp\/v2\/categories?post=424274"},{"taxonomy":"post_tag","embeddable":true,"href":"https:\/\/www.ecinews.fr\/fr\/wp-json\/wp\/v2\/tags?post=424274"},{"taxonomy":"domains","embeddable":true,"href":"https:\/\/www.ecinews.fr\/fr\/wp-json\/wp\/v2\/domains?post=424274"},{"taxonomy":"author","embeddable":true,"href":"https:\/\/www.ecinews.fr\/fr\/wp-json\/wp\/v2\/ppma_author?post=424274"}],"curies":[{"name":"wp","href":"https:\/\/api.w.org\/{rel}","templated":true}]}}