{"id":423896,"date":"2023-06-08T08:22:24","date_gmt":"2023-06-08T06:22:24","guid":{"rendered":"https:\/\/www.ecinews.fr\/?p=423896"},"modified":"2023-06-08T08:22:24","modified_gmt":"2023-06-08T06:22:24","slug":"webinaire-sur-la-conception-simplifiee-de-chargeurs-de-vehicules-electriques","status":"publish","type":"post","link":"https:\/\/www.ecinews.fr\/fr\/webinaire-sur-la-conception-simplifiee-de-chargeurs-de-vehicules-electriques\/","title":{"rendered":"Webinaire sur la conception simplifi\u00e9e de chargeurs de v\u00e9hicules \u00e9lectriques"},"content":{"rendered":"<h2><a href=\"https:\/\/eu.mouser.com\/?utm_source=publitek-media-for-pr&amp;utm_medium=pr&amp;utm_campaign=EMEA_PR&amp;utm_content=2023&amp;pid=mouser&amp;cid=pr\">Mouser Electronics <\/a>, Inc. \u00a0s\u2019est associ\u00e9 \u00e0 <a href=\"https:\/\/eu.mouser.com\/manufacturer\/texas-instruments\/?utm_source=publitek-media-for-pr&amp;utm_medium=pr&amp;utm_campaign=EMEA_PR&amp;utm_content=2023&amp;pid=mouser&amp;cid=pr\">Texas Instruments<\/a> pour proposer un nouveau webinaire intitul\u00e9 \u00ab <a href=\"https:\/\/emea.info.mouser.com\/webinar-ti-evmcu-emea-lp\/?utm_source=publitek-media-for-pr&amp;utm_medium=pr&amp;utm_campaign=EMEA_PR&amp;utm_content=2023&amp;pid=mouser&amp;cid=pr\">Comment simplifier la conception des chargeurs de v\u00e9hicules \u00e9lectriques \u00e0 l\u2019aide des microcontr\u00f4leurs C2000<\/a> \u00bb<\/h2>\n<p>&nbsp;<\/p>\n<p>Alors que la technologie li\u00e9e aux v\u00e9hicules \u00e9lectriques se d\u00e9veloppe, on attend de plus en plus qu\u2019ils prennent en charge \u00e0 la fois le chargeur embarqu\u00e9 (OBC) et la recharge rapide en CC. Ces exigences suppl\u00e9mentaires n\u00e9cessitent de d\u00e9velopper des solutions de recharge modulaire plus simples et facilement \u00e9volutives.<\/p>\n<p>Ce webinaire mettra en lumi\u00e8re l\u2019importance de choisir une gamme appropri\u00e9e de microcontr\u00f4leurs con\u00e7us pour renforcer l\u2019efficacit\u00e9 des applications de v\u00e9hicules \u00e9lectriques, tels que <a href=\"https:\/\/eu.mouser.com\/new\/texas-instruments\/ti-tms320f2838x-mcus\/?utm_source=publitek-media-for-pr&amp;utm_medium=pr&amp;utm_campaign=EMEA_PR&amp;utm_content=2023&amp;pid=mouser&amp;cid=pr\">les microcontr\u00f4leurs 32 bits TMS320F2838x\/TMS320F2838x-Q1 C2000<\/a> et <a href=\"https:\/\/eu.mouser.com\/new\/texas-instruments\/ti-tms320f2837xd-mcus\/?utm_source=publitek-media-for-pr&amp;utm_medium=pr&amp;utm_campaign=EMEA_PR&amp;utm_content=2023&amp;pid=mouser&amp;cid=pr\">les microcontr\u00f4leurs double c\u0153ur TMS320F2837xD Delfino<\/a>, ainsi que les kits de d\u00e9veloppement associ\u00e9s tels que le <a href=\"https:\/\/eu.mouser.com\/new\/texas-instruments\/ti-launchxl-f280039c-dev-kit\/?utm_source=publitek-media-for-pr&amp;utm_medium=pr&amp;utm_campaign=EMEA_PR&amp;utm_content=2023&amp;pid=mouser&amp;cid=pr\">LAUNCHXL-F280039C LaunchPad\u2122<\/a> ou le <a href=\"https:\/\/eu.mouser.com\/new\/texas-instruments\/ti-launchxl-f2800137-dev-kit\/?utm_source=publitek-media-for-pr&amp;utm_medium=pr&amp;utm_campaign=EMEA_PR&amp;utm_content=2023&amp;pid=mouser&amp;cid=pr\">LAUNCHXL-F2800137 LaunchPad\u2122<\/a> pour l\u2019\u00e9valuation initiale et le prototypage.<\/p>\n<h3>En assistant \u00e0 ce webinaire, les participants d\u00e9couvriront :<\/h3>\n<ul>\n<li>Les fonctionnalit\u00e9s d\u2019un microcontr\u00f4leur permettant de cr\u00e9er des solutions de recharge modulaire \u00e9volutives<\/li>\n<li>La flexibilit\u00e9 des p\u00e9riph\u00e9riques cl\u00e9s<\/li>\n<li>Les conceptions de r\u00e9f\u00e9rence pour les solutions de recharge<\/li>\n<\/ul>\n<p>Navaneeth Kumar de Texas Instruments pr\u00e9sentera le webinaire. Navaneeth cumule 21 ann\u00e9es d\u2019exp\u00e9rience en mati\u00e8re de syst\u00e8mes \u00e9quipant des produits tels que les commandes de moteurs industriels et automobiles, les onduleurs solaires, les UPS, les \u00e9nergies renouvelables, l\u2019infrastructure \u00e9lectrique et l\u2019alimentation num\u00e9rique. Il a rejoint Texas Instruments en 2013 et est depuis 2021 le responsable des applications industrielles pour la gamme de microcontr\u00f4leurs C2000.<\/p>\n<p>Ce webinaire gratuit et en direct aura lieu le mardi 27 juin 2023 \u00e0 15h CET.<\/p>\n<p>Pour vous inscrire \u00e0 ce webinaire gratuit, rendez-vous sur <a href=\"https:\/\/emea.info.mouser.com\/webinar-ti-evmcu-emea-lp\/?utm_source=publitek-media-for-pr&amp;utm_medium=pr&amp;utm_campaign=EMEA_PR&amp;utm_content=2023&amp;pid=mouser&amp;cid=pr\">https:\/\/emea.info.mouser.com\/webinar-ti-evmcu-emea-lp<\/a>.<\/p>\n<p>&nbsp;<\/p>\n<p><a href=\"https:\/\/www.mouser.fr\/?utm_source=publitek-media-for-pr&amp;utm_medium=pr&amp;utm_campaign=EMEA_PR&amp;utm_content=2023\">https:\/\/www.mouser.fr\/<\/a>.<\/p>\n<p><a href=\"https:\/\/news.google.com\/publications\/CAAqBwgKMJbcwQswuPfYAw?hl=fr&amp;gl=BE&amp;ceid=BE:fr\">Suivre ECInews sur Google news<\/a><\/p>\n","protected":false},"excerpt":{"rendered":"<p>Mouser Electronics , Inc. \u00a0s\u2019est associ\u00e9 \u00e0 Texas Instruments pour proposer un nouveau webinaire intitul\u00e9 \u00ab Comment simplifier la conception des chargeurs de v\u00e9hicules \u00e9lectriques \u00e0 l\u2019aide des microcontr\u00f4leurs C2000 \u00bb &nbsp; Alors que la technologie li\u00e9e aux v\u00e9hicules \u00e9lectriques se d\u00e9veloppe, on attend de plus en plus qu\u2019ils prennent en charge \u00e0 la fois [&hellip;]<\/p>\n","protected":false},"author":36,"featured_media":423897,"comment_status":"closed","ping_status":"closed","sticky":false,"template":"","format":"standard","meta":{"_acf_changed":false,"footnotes":""},"categories":[886],"tags":[1077,1640],"domains":[47],"ppma_author":[1154],"class_list":["post-423896","post","type-post","status-publish","format-standard","has-post-thumbnail","hentry","category-news-fr","tag-alimentations","tag-automobile","domains-electronique-eci"],"acf":[],"yoast_head":"<title>Webinaire sur la conception simplifi\u00e9e de chargeurs de v\u00e9hicu...<\/title>\n<meta name=\"description\" content=\"Mouser Electronics , Inc. \u00a0s\u2019est associ\u00e9 \u00e0 Texas Instruments pour proposer un nouveau webinaire intitul\u00e9 \u00ab Comment simplifier la conception des...\" \/>\n<meta name=\"robots\" content=\"index, follow, max-snippet:-1, max-image-preview:large, max-video-preview:-1\" \/>\n<link rel=\"canonical\" href=\"https:\/\/www.ecinews.fr\/fr\/wp-json\/wp\/v2\/posts\/423896\/\" \/>\n<meta property=\"og:locale\" content=\"fr_FR\" \/>\n<meta property=\"og:type\" content=\"article\" \/>\n<meta property=\"og:title\" content=\"Webinaire sur la conception simplifi\u00e9e de chargeurs de v\u00e9hicules \u00e9lectriques\" \/>\n<meta property=\"og:description\" content=\"Mouser Electronics , Inc. \u00a0s\u2019est associ\u00e9 \u00e0 Texas Instruments pour proposer un nouveau webinaire intitul\u00e9 \u00ab Comment simplifier la conception des chargeurs de v\u00e9hicules \u00e9lectriques \u00e0 l\u2019aide des microcontr\u00f4leurs C2000 \u00bb\" \/>\n<meta property=\"og:url\" content=\"https:\/\/www.ecinews.fr\/fr\/wp-json\/wp\/v2\/posts\/423896\/\" \/>\n<meta property=\"og:site_name\" content=\"EENewsEurope\" \/>\n<meta property=\"article:published_time\" content=\"2023-06-08T06:22:24+00:00\" \/>\n<meta property=\"og:image\" content=\"https:\/\/www.ecinews.fr\/wp-content\/uploads\/2023\/06\/ECI1869_Mouser_TI_actu-scaled.jpg\" \/>\n\t<meta property=\"og:image:width\" content=\"1080\" \/>\n\t<meta property=\"og:image:height\" content=\"567\" \/>\n\t<meta property=\"og:image:type\" content=\"image\/jpeg\" \/>\n<meta name=\"author\" content=\"Alain Dieul\" \/>\n<meta name=\"twitter:card\" content=\"summary_large_image\" \/>\n<meta name=\"twitter:label1\" content=\"Written by\" \/>\n\t<meta name=\"twitter:data1\" content=\"Alain Dieul\" \/>\n\t<meta name=\"twitter:label2\" content=\"Est. reading time\" \/>\n\t<meta name=\"twitter:data2\" content=\"2 minutes\" \/>\n<script type=\"application\/ld+json\" class=\"yoast-schema-graph\">{\"@context\":\"https:\/\/schema.org\",\"@graph\":[{\"@type\":\"Article\",\"@id\":\"https:\/\/www.ecinews.fr\/fr\/webinaire-sur-la-conception-simplifiee-de-chargeurs-de-vehicules-electriques\/#article\",\"isPartOf\":{\"@id\":\"https:\/\/www.ecinews.fr\/fr\/webinaire-sur-la-conception-simplifiee-de-chargeurs-de-vehicules-electriques\/\"},\"author\":{\"name\":\"Alain Dieul\",\"@id\":\"https:\/\/www.eenewseurope.com\/en\/#\/schema\/person\/e4387676ad67ce722325c7832f3c3762\"},\"headline\":\"Webinaire sur la conception simplifi\u00e9e de chargeurs de v\u00e9hicules \u00e9lectriques\",\"datePublished\":\"2023-06-08T06:22:24+00:00\",\"dateModified\":\"2023-06-08T06:22:24+00:00\",\"mainEntityOfPage\":{\"@id\":\"https:\/\/www.ecinews.fr\/fr\/webinaire-sur-la-conception-simplifiee-de-chargeurs-de-vehicules-electriques\/\"},\"wordCount\":329,\"publisher\":{\"@id\":\"https:\/\/www.eenewseurope.com\/en\/#organization\"},\"keywords\":[\"Alimentations\",\"Automobile\"],\"articleSection\":[\"Actualit\u00e9 g\u00e9n\u00e9rale\"],\"inLanguage\":\"fr-FR\"},{\"@type\":\"WebPage\",\"@id\":\"https:\/\/www.ecinews.fr\/fr\/webinaire-sur-la-conception-simplifiee-de-chargeurs-de-vehicules-electriques\/\",\"url\":\"https:\/\/www.ecinews.fr\/fr\/webinaire-sur-la-conception-simplifiee-de-chargeurs-de-vehicules-electriques\/\",\"name\":\"Webinaire sur la conception simplifi\u00e9e de chargeurs de v\u00e9hicules \u00e9lectriques -\",\"isPartOf\":{\"@id\":\"https:\/\/www.eenewseurope.com\/en\/#website\"},\"datePublished\":\"2023-06-08T06:22:24+00:00\",\"dateModified\":\"2023-06-08T06:22:24+00:00\",\"description\":\"Mouser Electronics , Inc. \u00a0s\u2019est associ\u00e9 \u00e0 Texas Instruments pour proposer un nouveau webinaire intitul\u00e9 \u00ab Comment simplifier la conception des chargeurs de v\u00e9hicules \u00e9lectriques \u00e0 l\u2019aide des microcontr\u00f4leurs C2000 \u00bb\",\"breadcrumb\":{\"@id\":\"https:\/\/www.ecinews.fr\/fr\/webinaire-sur-la-conception-simplifiee-de-chargeurs-de-vehicules-electriques\/#breadcrumb\"},\"inLanguage\":\"fr-FR\",\"potentialAction\":[{\"@type\":\"ReadAction\",\"target\":[\"https:\/\/www.ecinews.fr\/fr\/webinaire-sur-la-conception-simplifiee-de-chargeurs-de-vehicules-electriques\/\"]}]},{\"@type\":\"BreadcrumbList\",\"@id\":\"https:\/\/www.ecinews.fr\/fr\/webinaire-sur-la-conception-simplifiee-de-chargeurs-de-vehicules-electriques\/#breadcrumb\",\"itemListElement\":[{\"@type\":\"ListItem\",\"position\":1,\"name\":\"Home\",\"item\":\"https:\/\/www.ecinews.fr\/fr\/\"},{\"@type\":\"ListItem\",\"position\":2,\"name\":\"Webinaire sur la conception simplifi\u00e9e de chargeurs de v\u00e9hicules \u00e9lectriques\"}]},{\"@type\":\"WebSite\",\"@id\":\"https:\/\/www.eenewseurope.com\/en\/#website\",\"url\":\"https:\/\/www.eenewseurope.com\/en\/\",\"name\":\"EENewsEurope\",\"description\":\"Just another WordPress site\",\"publisher\":{\"@id\":\"https:\/\/www.eenewseurope.com\/en\/#organization\"},\"potentialAction\":[{\"@type\":\"SearchAction\",\"target\":{\"@type\":\"EntryPoint\",\"urlTemplate\":\"https:\/\/www.eenewseurope.com\/en\/?s={search_term_string}\"},\"query-input\":\"required name=search_term_string\"}],\"inLanguage\":\"fr-FR\"},{\"@type\":\"Organization\",\"@id\":\"https:\/\/www.eenewseurope.com\/en\/#organization\",\"name\":\"EENewsEurope\",\"url\":\"https:\/\/www.eenewseurope.com\/en\/\",\"logo\":{\"@type\":\"ImageObject\",\"inLanguage\":\"fr-FR\",\"@id\":\"https:\/\/www.eenewseurope.com\/en\/#\/schema\/logo\/image\/\",\"url\":\"https:\/\/www.ecinews.fr\/wp-content\/uploads\/2022\/02\/logo-1.jpg\",\"contentUrl\":\"https:\/\/www.ecinews.fr\/wp-content\/uploads\/2022\/02\/logo-1.jpg\",\"width\":283,\"height\":113,\"caption\":\"EENewsEurope\"},\"image\":{\"@id\":\"https:\/\/www.eenewseurope.com\/en\/#\/schema\/logo\/image\/\"}},{\"@type\":\"Person\",\"@id\":\"https:\/\/www.eenewseurope.com\/en\/#\/schema\/person\/e4387676ad67ce722325c7832f3c3762\",\"name\":\"Alain Dieul\",\"image\":{\"@type\":\"ImageObject\",\"inLanguage\":\"fr-FR\",\"@id\":\"https:\/\/www.eenewseurope.com\/en\/#\/schema\/person\/image\/736120675699dbbf0f0f282b9a9cfb75\",\"url\":\"https:\/\/secure.gravatar.com\/avatar\/bc93b056d07515be5b8eecd4acf49c5c?s=96&d=mm&r=g\",\"contentUrl\":\"https:\/\/secure.gravatar.com\/avatar\/bc93b056d07515be5b8eecd4acf49c5c?s=96&d=mm&r=g\",\"caption\":\"Alain Dieul\"},\"sameAs\":[\"http:\/\/ECINews\"]}]}<\/script>","yoast_head_json":{"title":"Webinaire sur la conception simplifi\u00e9e de chargeurs de v\u00e9hicu...","description":"Mouser Electronics , Inc. \u00a0s\u2019est associ\u00e9 \u00e0 Texas Instruments pour proposer un nouveau webinaire intitul\u00e9 \u00ab Comment simplifier la conception des...","robots":{"index":"index","follow":"follow","max-snippet":"max-snippet:-1","max-image-preview":"max-image-preview:large","max-video-preview":"max-video-preview:-1"},"canonical":"https:\/\/www.ecinews.fr\/fr\/wp-json\/wp\/v2\/posts\/423896\/","og_locale":"fr_FR","og_type":"article","og_title":"Webinaire sur la conception simplifi\u00e9e de chargeurs de v\u00e9hicules \u00e9lectriques","og_description":"Mouser Electronics , Inc. \u00a0s\u2019est associ\u00e9 \u00e0 Texas Instruments pour proposer un nouveau webinaire intitul\u00e9 \u00ab Comment simplifier la conception des chargeurs de v\u00e9hicules \u00e9lectriques \u00e0 l\u2019aide des microcontr\u00f4leurs C2000 \u00bb","og_url":"https:\/\/www.ecinews.fr\/fr\/wp-json\/wp\/v2\/posts\/423896\/","og_site_name":"EENewsEurope","article_published_time":"2023-06-08T06:22:24+00:00","og_image":[{"width":1080,"height":567,"url":"https:\/\/www.ecinews.fr\/wp-content\/uploads\/2023\/06\/ECI1869_Mouser_TI_actu-scaled.jpg","type":"image\/jpeg"}],"author":"Alain Dieul","twitter_card":"summary_large_image","twitter_misc":{"Written by":"Alain Dieul","Est. reading time":"2 minutes"},"schema":{"@context":"https:\/\/schema.org","@graph":[{"@type":"Article","@id":"https:\/\/www.ecinews.fr\/fr\/webinaire-sur-la-conception-simplifiee-de-chargeurs-de-vehicules-electriques\/#article","isPartOf":{"@id":"https:\/\/www.ecinews.fr\/fr\/webinaire-sur-la-conception-simplifiee-de-chargeurs-de-vehicules-electriques\/"},"author":{"name":"Alain Dieul","@id":"https:\/\/www.eenewseurope.com\/en\/#\/schema\/person\/e4387676ad67ce722325c7832f3c3762"},"headline":"Webinaire sur la conception simplifi\u00e9e de chargeurs de v\u00e9hicules \u00e9lectriques","datePublished":"2023-06-08T06:22:24+00:00","dateModified":"2023-06-08T06:22:24+00:00","mainEntityOfPage":{"@id":"https:\/\/www.ecinews.fr\/fr\/webinaire-sur-la-conception-simplifiee-de-chargeurs-de-vehicules-electriques\/"},"wordCount":329,"publisher":{"@id":"https:\/\/www.eenewseurope.com\/en\/#organization"},"keywords":["Alimentations","Automobile"],"articleSection":["Actualit\u00e9 g\u00e9n\u00e9rale"],"inLanguage":"fr-FR"},{"@type":"WebPage","@id":"https:\/\/www.ecinews.fr\/fr\/webinaire-sur-la-conception-simplifiee-de-chargeurs-de-vehicules-electriques\/","url":"https:\/\/www.ecinews.fr\/fr\/webinaire-sur-la-conception-simplifiee-de-chargeurs-de-vehicules-electriques\/","name":"Webinaire sur la conception simplifi\u00e9e de chargeurs de v\u00e9hicules \u00e9lectriques -","isPartOf":{"@id":"https:\/\/www.eenewseurope.com\/en\/#website"},"datePublished":"2023-06-08T06:22:24+00:00","dateModified":"2023-06-08T06:22:24+00:00","description":"Mouser Electronics , Inc. \u00a0s\u2019est associ\u00e9 \u00e0 Texas Instruments pour proposer un nouveau webinaire intitul\u00e9 \u00ab Comment simplifier la conception des chargeurs de v\u00e9hicules \u00e9lectriques \u00e0 l\u2019aide des microcontr\u00f4leurs C2000 \u00bb","breadcrumb":{"@id":"https:\/\/www.ecinews.fr\/fr\/webinaire-sur-la-conception-simplifiee-de-chargeurs-de-vehicules-electriques\/#breadcrumb"},"inLanguage":"fr-FR","potentialAction":[{"@type":"ReadAction","target":["https:\/\/www.ecinews.fr\/fr\/webinaire-sur-la-conception-simplifiee-de-chargeurs-de-vehicules-electriques\/"]}]},{"@type":"BreadcrumbList","@id":"https:\/\/www.ecinews.fr\/fr\/webinaire-sur-la-conception-simplifiee-de-chargeurs-de-vehicules-electriques\/#breadcrumb","itemListElement":[{"@type":"ListItem","position":1,"name":"Home","item":"https:\/\/www.ecinews.fr\/fr\/"},{"@type":"ListItem","position":2,"name":"Webinaire sur la conception simplifi\u00e9e de chargeurs de v\u00e9hicules \u00e9lectriques"}]},{"@type":"WebSite","@id":"https:\/\/www.eenewseurope.com\/en\/#website","url":"https:\/\/www.eenewseurope.com\/en\/","name":"EENewsEurope","description":"Just another WordPress site","publisher":{"@id":"https:\/\/www.eenewseurope.com\/en\/#organization"},"potentialAction":[{"@type":"SearchAction","target":{"@type":"EntryPoint","urlTemplate":"https:\/\/www.eenewseurope.com\/en\/?s={search_term_string}"},"query-input":"required name=search_term_string"}],"inLanguage":"fr-FR"},{"@type":"Organization","@id":"https:\/\/www.eenewseurope.com\/en\/#organization","name":"EENewsEurope","url":"https:\/\/www.eenewseurope.com\/en\/","logo":{"@type":"ImageObject","inLanguage":"fr-FR","@id":"https:\/\/www.eenewseurope.com\/en\/#\/schema\/logo\/image\/","url":"https:\/\/www.ecinews.fr\/wp-content\/uploads\/2022\/02\/logo-1.jpg","contentUrl":"https:\/\/www.ecinews.fr\/wp-content\/uploads\/2022\/02\/logo-1.jpg","width":283,"height":113,"caption":"EENewsEurope"},"image":{"@id":"https:\/\/www.eenewseurope.com\/en\/#\/schema\/logo\/image\/"}},{"@type":"Person","@id":"https:\/\/www.eenewseurope.com\/en\/#\/schema\/person\/e4387676ad67ce722325c7832f3c3762","name":"Alain Dieul","image":{"@type":"ImageObject","inLanguage":"fr-FR","@id":"https:\/\/www.eenewseurope.com\/en\/#\/schema\/person\/image\/736120675699dbbf0f0f282b9a9cfb75","url":"https:\/\/secure.gravatar.com\/avatar\/bc93b056d07515be5b8eecd4acf49c5c?s=96&d=mm&r=g","contentUrl":"https:\/\/secure.gravatar.com\/avatar\/bc93b056d07515be5b8eecd4acf49c5c?s=96&d=mm&r=g","caption":"Alain Dieul"},"sameAs":["http:\/\/ECINews"]}]}},"authors":[{"term_id":1154,"user_id":36,"is_guest":0,"slug":"alain-dieul","display_name":"Alain Dieul","avatar_url":"https:\/\/secure.gravatar.com\/avatar\/bc93b056d07515be5b8eecd4acf49c5c?s=96&d=mm&r=g","0":null,"1":"","2":"","3":"","4":"","5":"","6":"","7":"","8":""}],"_links":{"self":[{"href":"https:\/\/www.ecinews.fr\/fr\/wp-json\/wp\/v2\/posts\/423896"}],"collection":[{"href":"https:\/\/www.ecinews.fr\/fr\/wp-json\/wp\/v2\/posts"}],"about":[{"href":"https:\/\/www.ecinews.fr\/fr\/wp-json\/wp\/v2\/types\/post"}],"author":[{"embeddable":true,"href":"https:\/\/www.ecinews.fr\/fr\/wp-json\/wp\/v2\/users\/36"}],"replies":[{"embeddable":true,"href":"https:\/\/www.ecinews.fr\/fr\/wp-json\/wp\/v2\/comments?post=423896"}],"version-history":[{"count":0,"href":"https:\/\/www.ecinews.fr\/fr\/wp-json\/wp\/v2\/posts\/423896\/revisions"}],"wp:featuredmedia":[{"embeddable":true,"href":"https:\/\/www.ecinews.fr\/fr\/wp-json\/wp\/v2\/media\/423897"}],"wp:attachment":[{"href":"https:\/\/www.ecinews.fr\/fr\/wp-json\/wp\/v2\/media?parent=423896"}],"wp:term":[{"taxonomy":"category","embeddable":true,"href":"https:\/\/www.ecinews.fr\/fr\/wp-json\/wp\/v2\/categories?post=423896"},{"taxonomy":"post_tag","embeddable":true,"href":"https:\/\/www.ecinews.fr\/fr\/wp-json\/wp\/v2\/tags?post=423896"},{"taxonomy":"domains","embeddable":true,"href":"https:\/\/www.ecinews.fr\/fr\/wp-json\/wp\/v2\/domains?post=423896"},{"taxonomy":"author","embeddable":true,"href":"https:\/\/www.ecinews.fr\/fr\/wp-json\/wp\/v2\/ppma_author?post=423896"}],"curies":[{"name":"wp","href":"https:\/\/api.w.org\/{rel}","templated":true}]}}