{"id":423883,"date":"2023-06-07T19:12:54","date_gmt":"2023-06-07T17:12:54","guid":{"rendered":"https:\/\/www.eenewseurope.com\/?p=423883"},"modified":"2023-06-07T19:13:16","modified_gmt":"2023-06-07T17:13:16","slug":"condensateur-mlcc-compact-1%c2%b5f-100-v-pour-lautomobile","status":"publish","type":"post","link":"https:\/\/www.ecinews.fr\/fr\/condensateur-mlcc-compact-1%c2%b5f-100-v-pour-lautomobile\/","title":{"rendered":"Condensateur MLCC compact 10\u00b5F &#8211; 100 V pour l&rsquo;automobile"},"content":{"rendered":"<h3><span class=\"y2iqfc\" style=\"font-size: 16px;\"><span style=\"font-family: Arial, sans-serif;\">Samsung Electro-Mechanics r\u00e9alise une perc\u00e9e sur le march\u00e9 automobile avec son nouveau condensateur MLCC ((condensateurs c\u00e9ramiques multicouches) offrant une super capacit\u00e9<\/span><\/span><\/h3>\n<p>Le nombre de condensateurs c\u00e9ramiques MLCC install\u00e9s dans les v\u00e9hicules \u00e9lectriques d&rsquo;aujourd&rsquo;hui augmente rapidement pour suivre l&rsquo;\u00e9volution galopante des fonctionnalit\u00e9s avec entres autres, l\u2019assistance avanc\u00e9e \u00e0 la conduite (ADAS), les syst\u00e8mes de conduite autonome et les phares avant d\u2019\u00e9clairage. La miniaturisation, la stabilit\u00e9 et une capacit\u00e9 accrue des MLCC sont devenues des exigences principales du march\u00e9.<\/p>\n<p><strong>La plus grande capacit\u00e9 du march\u00e9<\/strong><\/p>\n<p>Afin de r\u00e9pondre \u00e0 cette demande croissante de l&rsquo;industrie automobile pour des MLCC avec une capacit\u00e9 accrue, Samsung Electro- Mechanics d\u00e9voile un nouveau produit ultra performant,\u00a0 le composant CL32Y106KCJ6PJ. Ce condensateur fournit la plus importante capacit\u00e9 sur le match\u00e9, avec 10 \u00b5F, pour un chip 1210 de\u00a0 3,2 x 2,5 mm et ce pour une\u00a0 tension nominale de 100 V.<\/p>\n<p>Bon nombre des applications sont li\u00e9es au groupe motopropulseur ou \u00e0 la s\u00e9curit\u00e9, exigeant le d\u00e9veloppement de solutions bas\u00e9es sur de nombreuses ann\u00e9es de conception et l\u2019exp\u00e9rience de fabrication\u00a0 dans des technologies de ce type. En appliquant la technique brevet\u00e9e exclusive de l&rsquo;entreprise, les m\u00e9thodes d&rsquo;atomisation de mat\u00e9riaux c\u00e9ramiques et d&rsquo;\u00e9lectrodes et de stratification ultra-pr\u00e9cise, Samsung Electro-Mechanics a mis au point un produit d\u2019avant-garde pour le march\u00e9 automobile qui r\u00e9pond \u00e0 un v\u00e9ritable probl\u00e8me pour cette industrie.<\/p>\n<p><a href=\"https:\/\/product.samsungsem.com\/mlcc\/basic-search.do?partNumber=CL32Y106KCJ6PJ\">Composant CL32Y106KCJ6PJ<\/a><\/p>\n<p><a href=\"https:\/\/www.samsungsem.com\/global\/index.do\">Samsung Electro-mechnics<\/a><\/p>\n<p>&nbsp;<\/p>\n","protected":false},"excerpt":{"rendered":"<p>Samsung Electro-Mechanics r\u00e9alise une perc\u00e9e sur le march\u00e9 automobile avec son nouveau condensateur MLCC ((condensateurs c\u00e9ramiques multicouches) offrant une super capacit\u00e9 Le nombre de condensateurs c\u00e9ramiques MLCC install\u00e9s dans les v\u00e9hicules \u00e9lectriques d&rsquo;aujourd&rsquo;hui augmente rapidement pour suivre l&rsquo;\u00e9volution galopante des fonctionnalit\u00e9s avec entres autres, l\u2019assistance avanc\u00e9e \u00e0 la conduite (ADAS), les syst\u00e8mes de conduite autonome [&hellip;]<\/p>\n","protected":false},"author":11,"featured_media":423886,"comment_status":"closed","ping_status":"closed","sticky":true,"template":"","format":"standard","meta":{"_acf_changed":false,"footnotes":""},"categories":[881],"tags":[1640,3719,3720],"domains":[47],"ppma_author":[1143],"class_list":["post-423883","post","type-post","status-publish","format-standard","has-post-thumbnail","hentry","category-nouveaux-produits","tag-automobile","tag-composant-passif","tag-condensateur-mlcc","domains-electronique-eci"],"acf":[],"yoast_head":"<title>Condensateur MLCC compact 10\u00b5F - 100 V pour l&#039;automobile ...<\/title>\n<meta name=\"description\" content=\"Ce condensateur MLCC fournit une capacit\u00e9 sur de 10 \u00b5F, pour un chip 1210 de\u00a0 3,2 x 2,5 mm et une\u00a0 tension nominale de 100 V.\" \/>\n<meta name=\"robots\" content=\"index, follow, max-snippet:-1, max-image-preview:large, max-video-preview:-1\" \/>\n<link rel=\"canonical\" href=\"https:\/\/www.ecinews.fr\/fr\/wp-json\/wp\/v2\/posts\/423883\/\" \/>\n<meta property=\"og:locale\" content=\"fr_FR\" \/>\n<meta property=\"og:type\" content=\"article\" \/>\n<meta property=\"og:title\" content=\"Condensateur MLCC compact 10\u00b5F - 100 V pour l&#039;automobile\" \/>\n<meta property=\"og:description\" content=\"Ce condensateur MLCC fournit une capacit\u00e9 sur de 10 \u00b5F, pour un chip 1210 de\u00a0 3,2 x 2,5 mm et une\u00a0 tension nominale de 100 V.\" \/>\n<meta property=\"og:url\" content=\"https:\/\/www.ecinews.fr\/fr\/wp-json\/wp\/v2\/posts\/423883\/\" \/>\n<meta property=\"og:site_name\" content=\"EENewsEurope\" \/>\n<meta property=\"article:published_time\" content=\"2023-06-07T17:12:54+00:00\" \/>\n<meta property=\"article:modified_time\" content=\"2023-06-07T17:13:16+00:00\" \/>\n<meta property=\"og:image\" content=\"https:\/\/www.eenewseurope.com\/wp-content\/uploads\/2023\/06\/Samsung-MLCC.jpg\" \/>\n\t<meta property=\"og:image:width\" content=\"600\" \/>\n\t<meta property=\"og:image:height\" content=\"459\" \/>\n\t<meta property=\"og:image:type\" content=\"image\/jpeg\" \/>\n<meta name=\"author\" content=\"Daniel Cardon\" \/>\n<meta name=\"twitter:card\" content=\"summary_large_image\" \/>\n<meta name=\"twitter:label1\" content=\"Written by\" \/>\n\t<meta name=\"twitter:data1\" content=\"Daniel Cardon\" \/>\n\t<meta name=\"twitter:label2\" content=\"Est. reading time\" \/>\n\t<meta name=\"twitter:data2\" content=\"2 minutes\" \/>\n<script type=\"application\/ld+json\" class=\"yoast-schema-graph\">{\"@context\":\"https:\/\/schema.org\",\"@graph\":[{\"@type\":\"Article\",\"@id\":\"https:\/\/www.eenewseurope.com\/fr\/condensateur-mlcc-compact-1%c2%b5f-100-v-pour-lautomobile\/#article\",\"isPartOf\":{\"@id\":\"https:\/\/www.eenewseurope.com\/fr\/condensateur-mlcc-compact-1%c2%b5f-100-v-pour-lautomobile\/\"},\"author\":{\"name\":\"Daniel Cardon\",\"@id\":\"https:\/\/www.eenewseurope.com\/en\/#\/schema\/person\/93c44cde463762f40a8236eaa44c1c17\"},\"headline\":\"Condensateur MLCC compact 10\u00b5F &#8211; 100 V pour l&rsquo;automobile\",\"datePublished\":\"2023-06-07T17:12:54+00:00\",\"dateModified\":\"2023-06-07T17:13:16+00:00\",\"mainEntityOfPage\":{\"@id\":\"https:\/\/www.eenewseurope.com\/fr\/condensateur-mlcc-compact-1%c2%b5f-100-v-pour-lautomobile\/\"},\"wordCount\":267,\"publisher\":{\"@id\":\"https:\/\/www.eenewseurope.com\/en\/#organization\"},\"keywords\":[\"Automobile\",\"composant passif\",\"condensateur MLCC\"],\"articleSection\":[\"Nouveaux produits\"],\"inLanguage\":\"fr-FR\"},{\"@type\":\"WebPage\",\"@id\":\"https:\/\/www.eenewseurope.com\/fr\/condensateur-mlcc-compact-1%c2%b5f-100-v-pour-lautomobile\/\",\"url\":\"https:\/\/www.eenewseurope.com\/fr\/condensateur-mlcc-compact-1%c2%b5f-100-v-pour-lautomobile\/\",\"name\":\"Condensateur MLCC compact 10\u00b5F - 100 V pour l'automobile -\",\"isPartOf\":{\"@id\":\"https:\/\/www.eenewseurope.com\/en\/#website\"},\"datePublished\":\"2023-06-07T17:12:54+00:00\",\"dateModified\":\"2023-06-07T17:13:16+00:00\",\"description\":\"Ce condensateur MLCC fournit une capacit\u00e9 sur de 10 \u00b5F, pour un chip 1210 de\u00a0 3,2 x 2,5 mm et une\u00a0 tension nominale de 100 V.\",\"breadcrumb\":{\"@id\":\"https:\/\/www.eenewseurope.com\/fr\/condensateur-mlcc-compact-1%c2%b5f-100-v-pour-lautomobile\/#breadcrumb\"},\"inLanguage\":\"fr-FR\",\"potentialAction\":[{\"@type\":\"ReadAction\",\"target\":[\"https:\/\/www.eenewseurope.com\/fr\/condensateur-mlcc-compact-1%c2%b5f-100-v-pour-lautomobile\/\"]}]},{\"@type\":\"BreadcrumbList\",\"@id\":\"https:\/\/www.eenewseurope.com\/fr\/condensateur-mlcc-compact-1%c2%b5f-100-v-pour-lautomobile\/#breadcrumb\",\"itemListElement\":[{\"@type\":\"ListItem\",\"position\":1,\"name\":\"Home\",\"item\":\"https:\/\/www.ecinews.fr\/fr\/\"},{\"@type\":\"ListItem\",\"position\":2,\"name\":\"Condensateur MLCC compact 10\u00b5F &#8211; 100 V pour l&rsquo;automobile\"}]},{\"@type\":\"WebSite\",\"@id\":\"https:\/\/www.eenewseurope.com\/en\/#website\",\"url\":\"https:\/\/www.eenewseurope.com\/en\/\",\"name\":\"EENewsEurope\",\"description\":\"Just another WordPress site\",\"publisher\":{\"@id\":\"https:\/\/www.eenewseurope.com\/en\/#organization\"},\"potentialAction\":[{\"@type\":\"SearchAction\",\"target\":{\"@type\":\"EntryPoint\",\"urlTemplate\":\"https:\/\/www.eenewseurope.com\/en\/?s={search_term_string}\"},\"query-input\":\"required name=search_term_string\"}],\"inLanguage\":\"fr-FR\"},{\"@type\":\"Organization\",\"@id\":\"https:\/\/www.eenewseurope.com\/en\/#organization\",\"name\":\"EENewsEurope\",\"url\":\"https:\/\/www.eenewseurope.com\/en\/\",\"logo\":{\"@type\":\"ImageObject\",\"inLanguage\":\"fr-FR\",\"@id\":\"https:\/\/www.eenewseurope.com\/en\/#\/schema\/logo\/image\/\",\"url\":\"https:\/\/www.ecinews.fr\/wp-content\/uploads\/2022\/02\/logo-1.jpg\",\"contentUrl\":\"https:\/\/www.ecinews.fr\/wp-content\/uploads\/2022\/02\/logo-1.jpg\",\"width\":283,\"height\":113,\"caption\":\"EENewsEurope\"},\"image\":{\"@id\":\"https:\/\/www.eenewseurope.com\/en\/#\/schema\/logo\/image\/\"}},{\"@type\":\"Person\",\"@id\":\"https:\/\/www.eenewseurope.com\/en\/#\/schema\/person\/93c44cde463762f40a8236eaa44c1c17\",\"name\":\"Daniel Cardon\",\"image\":{\"@type\":\"ImageObject\",\"inLanguage\":\"fr-FR\",\"@id\":\"https:\/\/www.eenewseurope.com\/en\/#\/schema\/person\/image\/2b243f6bcc1cff7d86aadfb2cd0bd870\",\"url\":\"https:\/\/secure.gravatar.com\/avatar\/de9edc136dfc061ad4778e04635baefa?s=96&d=mm&r=g\",\"contentUrl\":\"https:\/\/secure.gravatar.com\/avatar\/de9edc136dfc061ad4778e04635baefa?s=96&d=mm&r=g\",\"caption\":\"Daniel Cardon\"}}]}<\/script>","yoast_head_json":{"title":"Condensateur MLCC compact 10\u00b5F - 100 V pour l'automobile ...","description":"Ce condensateur MLCC fournit une capacit\u00e9 sur de 10 \u00b5F, pour un chip 1210 de\u00a0 3,2 x 2,5 mm et une\u00a0 tension nominale de 100 V.","robots":{"index":"index","follow":"follow","max-snippet":"max-snippet:-1","max-image-preview":"max-image-preview:large","max-video-preview":"max-video-preview:-1"},"canonical":"https:\/\/www.ecinews.fr\/fr\/wp-json\/wp\/v2\/posts\/423883\/","og_locale":"fr_FR","og_type":"article","og_title":"Condensateur MLCC compact 10\u00b5F - 100 V pour l'automobile","og_description":"Ce condensateur MLCC fournit une capacit\u00e9 sur de 10 \u00b5F, pour un chip 1210 de\u00a0 3,2 x 2,5 mm et une\u00a0 tension nominale de 100 V.","og_url":"https:\/\/www.ecinews.fr\/fr\/wp-json\/wp\/v2\/posts\/423883\/","og_site_name":"EENewsEurope","article_published_time":"2023-06-07T17:12:54+00:00","article_modified_time":"2023-06-07T17:13:16+00:00","og_image":[{"width":600,"height":459,"url":"https:\/\/www.eenewseurope.com\/wp-content\/uploads\/2023\/06\/Samsung-MLCC.jpg","type":"image\/jpeg"}],"author":"Daniel Cardon","twitter_card":"summary_large_image","twitter_misc":{"Written by":"Daniel Cardon","Est. reading time":"2 minutes"},"schema":{"@context":"https:\/\/schema.org","@graph":[{"@type":"Article","@id":"https:\/\/www.eenewseurope.com\/fr\/condensateur-mlcc-compact-1%c2%b5f-100-v-pour-lautomobile\/#article","isPartOf":{"@id":"https:\/\/www.eenewseurope.com\/fr\/condensateur-mlcc-compact-1%c2%b5f-100-v-pour-lautomobile\/"},"author":{"name":"Daniel Cardon","@id":"https:\/\/www.eenewseurope.com\/en\/#\/schema\/person\/93c44cde463762f40a8236eaa44c1c17"},"headline":"Condensateur MLCC compact 10\u00b5F &#8211; 100 V pour l&rsquo;automobile","datePublished":"2023-06-07T17:12:54+00:00","dateModified":"2023-06-07T17:13:16+00:00","mainEntityOfPage":{"@id":"https:\/\/www.eenewseurope.com\/fr\/condensateur-mlcc-compact-1%c2%b5f-100-v-pour-lautomobile\/"},"wordCount":267,"publisher":{"@id":"https:\/\/www.eenewseurope.com\/en\/#organization"},"keywords":["Automobile","composant passif","condensateur MLCC"],"articleSection":["Nouveaux produits"],"inLanguage":"fr-FR"},{"@type":"WebPage","@id":"https:\/\/www.eenewseurope.com\/fr\/condensateur-mlcc-compact-1%c2%b5f-100-v-pour-lautomobile\/","url":"https:\/\/www.eenewseurope.com\/fr\/condensateur-mlcc-compact-1%c2%b5f-100-v-pour-lautomobile\/","name":"Condensateur MLCC compact 10\u00b5F - 100 V pour l'automobile -","isPartOf":{"@id":"https:\/\/www.eenewseurope.com\/en\/#website"},"datePublished":"2023-06-07T17:12:54+00:00","dateModified":"2023-06-07T17:13:16+00:00","description":"Ce condensateur MLCC fournit une capacit\u00e9 sur de 10 \u00b5F, pour un chip 1210 de\u00a0 3,2 x 2,5 mm et une\u00a0 tension nominale de 100 V.","breadcrumb":{"@id":"https:\/\/www.eenewseurope.com\/fr\/condensateur-mlcc-compact-1%c2%b5f-100-v-pour-lautomobile\/#breadcrumb"},"inLanguage":"fr-FR","potentialAction":[{"@type":"ReadAction","target":["https:\/\/www.eenewseurope.com\/fr\/condensateur-mlcc-compact-1%c2%b5f-100-v-pour-lautomobile\/"]}]},{"@type":"BreadcrumbList","@id":"https:\/\/www.eenewseurope.com\/fr\/condensateur-mlcc-compact-1%c2%b5f-100-v-pour-lautomobile\/#breadcrumb","itemListElement":[{"@type":"ListItem","position":1,"name":"Home","item":"https:\/\/www.ecinews.fr\/fr\/"},{"@type":"ListItem","position":2,"name":"Condensateur MLCC compact 10\u00b5F &#8211; 100 V pour l&rsquo;automobile"}]},{"@type":"WebSite","@id":"https:\/\/www.eenewseurope.com\/en\/#website","url":"https:\/\/www.eenewseurope.com\/en\/","name":"EENewsEurope","description":"Just another WordPress site","publisher":{"@id":"https:\/\/www.eenewseurope.com\/en\/#organization"},"potentialAction":[{"@type":"SearchAction","target":{"@type":"EntryPoint","urlTemplate":"https:\/\/www.eenewseurope.com\/en\/?s={search_term_string}"},"query-input":"required name=search_term_string"}],"inLanguage":"fr-FR"},{"@type":"Organization","@id":"https:\/\/www.eenewseurope.com\/en\/#organization","name":"EENewsEurope","url":"https:\/\/www.eenewseurope.com\/en\/","logo":{"@type":"ImageObject","inLanguage":"fr-FR","@id":"https:\/\/www.eenewseurope.com\/en\/#\/schema\/logo\/image\/","url":"https:\/\/www.ecinews.fr\/wp-content\/uploads\/2022\/02\/logo-1.jpg","contentUrl":"https:\/\/www.ecinews.fr\/wp-content\/uploads\/2022\/02\/logo-1.jpg","width":283,"height":113,"caption":"EENewsEurope"},"image":{"@id":"https:\/\/www.eenewseurope.com\/en\/#\/schema\/logo\/image\/"}},{"@type":"Person","@id":"https:\/\/www.eenewseurope.com\/en\/#\/schema\/person\/93c44cde463762f40a8236eaa44c1c17","name":"Daniel Cardon","image":{"@type":"ImageObject","inLanguage":"fr-FR","@id":"https:\/\/www.eenewseurope.com\/en\/#\/schema\/person\/image\/2b243f6bcc1cff7d86aadfb2cd0bd870","url":"https:\/\/secure.gravatar.com\/avatar\/de9edc136dfc061ad4778e04635baefa?s=96&d=mm&r=g","contentUrl":"https:\/\/secure.gravatar.com\/avatar\/de9edc136dfc061ad4778e04635baefa?s=96&d=mm&r=g","caption":"Daniel Cardon"}}]}},"authors":[{"term_id":1143,"user_id":11,"is_guest":0,"slug":"danielcardon","display_name":"Daniel Cardon","avatar_url":"https:\/\/secure.gravatar.com\/avatar\/de9edc136dfc061ad4778e04635baefa?s=96&d=mm&r=g","0":null,"1":"","2":"","3":"","4":"","5":"","6":"","7":"","8":""}],"_links":{"self":[{"href":"https:\/\/www.ecinews.fr\/fr\/wp-json\/wp\/v2\/posts\/423883"}],"collection":[{"href":"https:\/\/www.ecinews.fr\/fr\/wp-json\/wp\/v2\/posts"}],"about":[{"href":"https:\/\/www.ecinews.fr\/fr\/wp-json\/wp\/v2\/types\/post"}],"author":[{"embeddable":true,"href":"https:\/\/www.ecinews.fr\/fr\/wp-json\/wp\/v2\/users\/11"}],"replies":[{"embeddable":true,"href":"https:\/\/www.ecinews.fr\/fr\/wp-json\/wp\/v2\/comments?post=423883"}],"version-history":[{"count":0,"href":"https:\/\/www.ecinews.fr\/fr\/wp-json\/wp\/v2\/posts\/423883\/revisions"}],"wp:featuredmedia":[{"embeddable":true,"href":"https:\/\/www.ecinews.fr\/fr\/wp-json\/wp\/v2\/media\/423886"}],"wp:attachment":[{"href":"https:\/\/www.ecinews.fr\/fr\/wp-json\/wp\/v2\/media?parent=423883"}],"wp:term":[{"taxonomy":"category","embeddable":true,"href":"https:\/\/www.ecinews.fr\/fr\/wp-json\/wp\/v2\/categories?post=423883"},{"taxonomy":"post_tag","embeddable":true,"href":"https:\/\/www.ecinews.fr\/fr\/wp-json\/wp\/v2\/tags?post=423883"},{"taxonomy":"domains","embeddable":true,"href":"https:\/\/www.ecinews.fr\/fr\/wp-json\/wp\/v2\/domains?post=423883"},{"taxonomy":"author","embeddable":true,"href":"https:\/\/www.ecinews.fr\/fr\/wp-json\/wp\/v2\/ppma_author?post=423883"}],"curies":[{"name":"wp","href":"https:\/\/api.w.org\/{rel}","templated":true}]}}