{"id":423144,"date":"2023-05-30T16:45:21","date_gmt":"2023-05-30T14:45:21","guid":{"rendered":"https:\/\/www.ecinews.fr\/?p=423144"},"modified":"2023-05-30T16:45:21","modified_gmt":"2023-05-30T14:45:21","slug":"iridium-renforce-la-resilience-de-la-constellation","status":"publish","type":"post","link":"https:\/\/www.ecinews.fr\/fr\/iridium-renforce-la-resilience-de-la-constellation\/","title":{"rendered":"Iridium renforce la r\u00e9silience de la constellation"},"content":{"rendered":"<h2><a href=\"https:\/\/u7061146.ct.sendgrid.net\/ls\/click?upn=4tNED-2FM8iDZJQyQ53jATUVdjPnlUcqguH6iIpr8w7wk-3D2qW4_Ja9eihoKTgbB96k3kty92bnR6BVapATlpdIkGl0V0T7KuGkvwFv-2FK64JbK0yk1ieUtnoqV8EtkFxkYhyMgwytPlVrO-2FEfTFNRqiEmRsH6WB56ZryGQZJOsG7MRSzvU0ASJQtuf1MMe963IWAo1xTTaKAXI76Nj58eSc4LFu5QuxFhTthFAii-2Bptyy8nq7onN6ytyN1YjluVS-2BY85cv3-2F0s6s-2FPORPjAuksz1xzlhG3vgqRzBb3QrFQAWc1orpKvPy6stJw-2F3qO-2BeEWszfX5hwXEqDYvS6AzcUZOLaIC8-2B0DKB3SjuHCcRjUCIqKnsN4eYAD7lgU2wLXDYGXwrI-2FH0I5ZrqEjnljX1uqvp-2Bo2hj0-3D\">Iridium Communications Inc.\u00a0<\/a>a annonc\u00e9 une \u00e9tape cl\u00e9 dans sa planification \u00e0 long terme de la r\u00e9silience et de la redondance de sa constellation, avec le lancement et le d\u00e9ploiement r\u00e9ussis de cinq satellites de rechange<\/h2>\n<p>&nbsp;<\/p>\n<p>Le dernier lancement porte \u00e0 14 le nombre total de satellites Iridium en orbite de rechange.\u00a0 Au total, 81 satellites Iridium de nouvelle g\u00e9n\u00e9ration ont \u00e9t\u00e9 construits, et 80 d&rsquo;entre eux ont maintenant \u00e9t\u00e9 d\u00e9ploy\u00e9s. La constellation Iridium reste unique dans l&rsquo;industrie, avec 66 satellites r\u00e9ticul\u00e9s op\u00e9rationnels, permettant une connectivit\u00e9 v\u00e9ritablement mondiale et r\u00e9sistante aux conditions m\u00e9t\u00e9orologiques partout sur Terre. Les satellites ont \u00e9t\u00e9 lanc\u00e9s par une fus\u00e9e SpaceX Falcon 9 de la base spatiale de Vandenberg (VSFB) en Californie. Peu de temps apr\u00e8s le d\u00e9ploiement, chacun des satellites a r\u00e9ussi \u00e0 contacter les ing\u00e9nieurs du Satellite Network Operations Center (SNOC) d&rsquo;Iridium, en Virginie.<\/p>\n<p>\u00ab L&rsquo;ach\u00e8vement de notre constellation am\u00e9lior\u00e9e a \u00e9t\u00e9 une \u00e9tape majeure dans l&rsquo;histoire d&rsquo;Iridium.\u00a0 Nous nous sommes engag\u00e9s envers nos partenaires et nos clients \u00e0 pouvoir compter sur nous et \u00e0 s&rsquo;attendre \u00e0 la plus haute qualit\u00e9 de service et de fiabilit\u00e9 partout dans la plan\u00e8te, et c&rsquo;est ce que nous avons livr\u00e9 \u00bb, a d\u00e9clar\u00e9 Matt Desch, PDG d&rsquo;Iridium. \u00ab Avec tous les nouveaux produits et services rendus possibles par notre r\u00e9seau, le lancement de ces pi\u00e8ces de rechange d\u00e9montre notre engagement \u00e0 maintenir la norme d&rsquo;excellence des services de r\u00e9seau par satellite. \u00bb<\/p>\n<p>Achev\u00e9e en f\u00e9vrier 2019, la constellation Iridium am\u00e9lior\u00e9e s&rsquo;est av\u00e9r\u00e9e \u00eatre un moteur d&rsquo;innovation pour l&rsquo;entreprise et ses partenaires. R\u00e9cemment, la soci\u00e9t\u00e9 a jou\u00e9 un r\u00f4le de premier plan dans le mouvement naissant de la transmission directe par satellite \u00e0 l&rsquo;appareil\u00a0<a href=\"https:\/\/u7061146.ct.sendgrid.net\/ls\/click?upn=4tNED-2FM8iDZJQyQ53jATUQcDjAScW8kb-2BhUGykacjW24-2BqUtC6bhLFMO2RvzkTb1Ax3-2BweywslLtGe4YMcjCVtIQ7EnGi5xA9UHm2hMa-2BxxaR2Zajsq9qkXFN84YfxbqkG1u_Ja9eihoKTgbB96k3kty92bnR6BVapATlpdIkGl0V0T7KuGkvwFv-2FK64JbK0yk1ieUtnoqV8EtkFxkYhyMgwytPlVrO-2FEfTFNRqiEmRsH6WB56ZryGQZJOsG7MRSzvU0ASJQtuf1MMe963IWAo1xTTaKAXI76Nj58eSc4LFu5QuxFhTthFAii-2Bptyy8nq7onN6ytyN1YjluVS-2BY85cv3-2F0tZ0owXsgy9zFg1h8xaX4DJ8noWJ8G1CcilXJ6KXYjKYzHreewJ0j6YzPixQQnD5ob1dnnQf4G0KtS7FVhUx3Nb8j02a4mb-2BhbE6AzIzTV8ANhQG0fen-2BMvcXunLMB8WloGm32jRISkESFAHNdTWEVk-3D\">, en s&rsquo;associant \u00e0 Qualcomm Technologies Inc.,<\/a>\u00a0pour permettre le SOS par satellite et la messagerie bidirectionnelle dans les smartphones Android haut de gamme.<\/p>\n<p>Le service\u00a0<a href=\"https:\/\/u7061146.ct.sendgrid.net\/ls\/click?upn=4tNED-2FM8iDZJQyQ53jATUQcDjAScW8kb-2BhUGykacjW0Y0-2B1aewMeC2AbmgmENeKcUH9g_Ja9eihoKTgbB96k3kty92bnR6BVapATlpdIkGl0V0T7KuGkvwFv-2FK64JbK0yk1ieUtnoqV8EtkFxkYhyMgwytPlVrO-2FEfTFNRqiEmRsH6WB56ZryGQZJOsG7MRSzvU0ASJQtuf1MMe963IWAo1xTTaKAXI76Nj58eSc4LFu5QuxFhTthFAii-2Bptyy8nq7onN6ytyN1YjluVS-2BY85cv3-2F0u-2B-2FBqRRZyKRJZw-2F5FWhN6zWiFGpn3c5zjoMfHUUZxVCFdShKSlCshny8A9-2Bz8yPGSRY-2BZu9PQxaVeUxbYt-2FSkWB-2FG1DvAfxPocyZPiwUJVoRhS5HHxKevBj4f8RLl-2BrcRu-2B8FnbGxZufyCpLH8Bp88-3D\">Iridium Certus<\/a>, lanc\u00e9 en 2019, a \u00e9tabli une nouvelle norme pour la connectivit\u00e9 haut d\u00e9bit r\u00e9sistante aux intemp\u00e9ries avec des services et des \u00e9quipements qui \u00e9voluent en taille, en poids et en exigences \u00e9nerg\u00e9tiques en fonction des besoins de l&rsquo;utilisateur final.\u00a0 Il s&rsquo;est av\u00e9r\u00e9 id\u00e9al pour les navires, les v\u00e9hicules, les a\u00e9ronefs et en particulier les UAV, les USV et autres syst\u00e8mes autonomes sans \u00e9quipage.\u00a0<\/p>\n<p>La s\u00e9curit\u00e9 maritime a \u00e9t\u00e9 renforc\u00e9e gr\u00e2ce au\u00a0<a href=\"https:\/\/u7061146.ct.sendgrid.net\/ls\/click?upn=4tNED-2FM8iDZJQyQ53jATUQcDjAScW8kb-2BhUGykacjW3Ien8fQZQuDXS3LyTIqeIuoPoX_Ja9eihoKTgbB96k3kty92bnR6BVapATlpdIkGl0V0T7KuGkvwFv-2FK64JbK0yk1ieUtnoqV8EtkFxkYhyMgwytPlVrO-2FEfTFNRqiEmRsH6WB56ZryGQZJOsG7MRSzvU0ASJQtuf1MMe963IWAo1xTTaKAXI76Nj58eSc4LFu5QuxFhTthFAii-2Bptyy8nq7onN6ytyN1YjluVS-2BY85cv3-2F0nVH-2FRwR4HOwgGLUaK6Qle2rDTAzssPMYamn6qLperkNiXVGPUfJqBoHqpqgXXvQmogccvPZCSdc-2B1Z2ImnBFT1WVP4JFhNmzCXMWk5B28fpRydre8HsnrnXYEohacDU4WuKgKshbTOnahVqc3qrkjk-3D\">Syst\u00e8me mondial de d\u00e9tresse et de s\u00e9curit\u00e9 en mer\u00a0<\/a>(SMDSM) d&rsquo;Iridium, et les pilotes du monde entier d\u00e9pendent des solutions de s\u00e9curit\u00e9 et de cockpit install\u00e9es dans leurs avions. Au total, Iridium et ses partenaires ont certifi\u00e9 plus de 175 nouveaux produits sp\u00e9cialement con\u00e7us pour l&rsquo;aviation, le maritime, le mobile terrestre, l&rsquo;IoT et les industries connexes au cours des 4 derni\u00e8res ann\u00e9es.<\/p>\n<p>Les nouveaux satellites lanc\u00e9s aujourd&rsquo;hui contribueront \u00e0 garantir la continuit\u00e9 des services essentiels d&rsquo;Iridium au cours de la prochaine d\u00e9cennie, soutenant plusieurs millions d&rsquo;utilisateurs finaux.<\/p>\n<p><a href=\"https:\/\/u7061146.ct.sendgrid.net\/ls\/click?upn=TeZUXWpUv-2B6TCY38pVLo9kc-2FM4kdAmYIo5GtTaaSCZ0-3DLsy2_Ja9eihoKTgbB96k3kty92bnR6BVapATlpdIkGl0V0T7KuGkvwFv-2FK64JbK0yk1ieUtnoqV8EtkFxkYhyMgwytPlVrO-2FEfTFNRqiEmRsH6WB56ZryGQZJOsG7MRSzvU0ASJQtuf1MMe963IWAo1xTTaKAXI76Nj58eSc4LFu5QuxFhTthFAii-2Bptyy8nq7onN6ytyN1YjluVS-2BY85cv3-2F0nkI2JF2uGlld3NAUg75veXs-2BSb8J7-2Bgsq8Mrbx1WzqWXC4nVpIyn-2Fqq56ep4M5JTz7I7nZkQ3aT90tgMHIoz8wHvL7D1H184MSqtZ3-2BrChVGzx8cHgjWnG-2FBJ3LkwQCHJSDvUd2MBMZEp9yE76TCxs-3D\">www.Iridium.com<\/a><\/p>\n<p><a href=\"https:\/\/news.google.com\/publications\/CAAqBwgKMJbcwQswuPfYAw?hl=fr&amp;gl=BE&amp;ceid=BE:fr\">Suivre ECInews sur Google news<\/a><\/p>\n","protected":false},"excerpt":{"rendered":"<p>Iridium Communications Inc.\u00a0a annonc\u00e9 une \u00e9tape cl\u00e9 dans sa planification \u00e0 long terme de la r\u00e9silience et de la redondance de sa constellation, avec le lancement et le d\u00e9ploiement r\u00e9ussis de cinq satellites de rechange &nbsp; Le dernier lancement porte \u00e0 14 le nombre total de satellites Iridium en orbite de rechange.\u00a0 Au total, 81 [&hellip;]<\/p>\n","protected":false},"author":36,"featured_media":423145,"comment_status":"closed","ping_status":"closed","sticky":false,"template":"","format":"standard","meta":{"_acf_changed":false,"footnotes":""},"categories":[886],"tags":[],"domains":[47],"ppma_author":[1154],"class_list":["post-423144","post","type-post","status-publish","format-standard","has-post-thumbnail","hentry","category-news-fr","domains-electronique-eci"],"acf":[],"yoast_head":"<title>Iridium renforce la r\u00e9silience de la constellation ...<\/title>\n<meta name=\"description\" content=\"Iridium Communications Inc.\u00a0a annonc\u00e9 une \u00e9tape cl\u00e9 dans sa planification \u00e0 long terme de la r\u00e9silience et de la redondance de sa constellation, avec...\" \/>\n<meta name=\"robots\" content=\"index, follow, max-snippet:-1, max-image-preview:large, max-video-preview:-1\" \/>\n<link rel=\"canonical\" href=\"https:\/\/www.ecinews.fr\/fr\/wp-json\/wp\/v2\/posts\/423144\/\" \/>\n<meta property=\"og:locale\" content=\"fr_FR\" \/>\n<meta property=\"og:type\" content=\"article\" \/>\n<meta property=\"og:title\" content=\"Iridium renforce la r\u00e9silience de la constellation\" \/>\n<meta property=\"og:description\" content=\"Iridium Communications Inc.\u00a0a annonc\u00e9 une \u00e9tape cl\u00e9 dans sa planification \u00e0 long terme de la r\u00e9silience et de la redondance de sa constellation, avec le lancement et le d\u00e9ploiement r\u00e9ussis de cinq satellites de rechange\" \/>\n<meta property=\"og:url\" content=\"https:\/\/www.ecinews.fr\/fr\/wp-json\/wp\/v2\/posts\/423144\/\" \/>\n<meta property=\"og:site_name\" content=\"EENewsEurope\" \/>\n<meta property=\"article:published_time\" content=\"2023-05-30T14:45:21+00:00\" \/>\n<meta property=\"og:image\" content=\"https:\/\/www.ecinews.fr\/wp-content\/uploads\/2023\/05\/ECI1860_Iridium-actu.jpg\" \/>\n\t<meta property=\"og:image:width\" content=\"882\" \/>\n\t<meta property=\"og:image:height\" content=\"554\" \/>\n\t<meta property=\"og:image:type\" content=\"image\/jpeg\" \/>\n<meta name=\"author\" content=\"Alain Dieul\" \/>\n<meta name=\"twitter:card\" content=\"summary_large_image\" \/>\n<meta name=\"twitter:label1\" content=\"Written by\" \/>\n\t<meta name=\"twitter:data1\" content=\"Alain Dieul\" \/>\n\t<meta name=\"twitter:label2\" content=\"Est. reading time\" \/>\n\t<meta name=\"twitter:data2\" content=\"3 minutes\" \/>\n<script type=\"application\/ld+json\" class=\"yoast-schema-graph\">{\"@context\":\"https:\/\/schema.org\",\"@graph\":[{\"@type\":\"Article\",\"@id\":\"https:\/\/www.ecinews.fr\/fr\/iridium-renforce-la-resilience-de-la-constellation\/#article\",\"isPartOf\":{\"@id\":\"https:\/\/www.ecinews.fr\/fr\/iridium-renforce-la-resilience-de-la-constellation\/\"},\"author\":{\"name\":\"Alain Dieul\",\"@id\":\"https:\/\/www.eenewseurope.com\/en\/#\/schema\/person\/e4387676ad67ce722325c7832f3c3762\"},\"headline\":\"Iridium renforce la r\u00e9silience de la constellation\",\"datePublished\":\"2023-05-30T14:45:21+00:00\",\"dateModified\":\"2023-05-30T14:45:21+00:00\",\"mainEntityOfPage\":{\"@id\":\"https:\/\/www.ecinews.fr\/fr\/iridium-renforce-la-resilience-de-la-constellation\/\"},\"wordCount\":541,\"publisher\":{\"@id\":\"https:\/\/www.eenewseurope.com\/en\/#organization\"},\"articleSection\":[\"Actualit\u00e9 g\u00e9n\u00e9rale\"],\"inLanguage\":\"fr-FR\"},{\"@type\":\"WebPage\",\"@id\":\"https:\/\/www.ecinews.fr\/fr\/iridium-renforce-la-resilience-de-la-constellation\/\",\"url\":\"https:\/\/www.ecinews.fr\/fr\/iridium-renforce-la-resilience-de-la-constellation\/\",\"name\":\"Iridium renforce la r\u00e9silience de la constellation -\",\"isPartOf\":{\"@id\":\"https:\/\/www.eenewseurope.com\/en\/#website\"},\"datePublished\":\"2023-05-30T14:45:21+00:00\",\"dateModified\":\"2023-05-30T14:45:21+00:00\",\"description\":\"Iridium Communications Inc.\u00a0a annonc\u00e9 une \u00e9tape cl\u00e9 dans sa planification \u00e0 long terme de la r\u00e9silience et de la redondance de sa constellation, avec le lancement et le d\u00e9ploiement r\u00e9ussis de cinq satellites de rechange\",\"breadcrumb\":{\"@id\":\"https:\/\/www.ecinews.fr\/fr\/iridium-renforce-la-resilience-de-la-constellation\/#breadcrumb\"},\"inLanguage\":\"fr-FR\",\"potentialAction\":[{\"@type\":\"ReadAction\",\"target\":[\"https:\/\/www.ecinews.fr\/fr\/iridium-renforce-la-resilience-de-la-constellation\/\"]}]},{\"@type\":\"BreadcrumbList\",\"@id\":\"https:\/\/www.ecinews.fr\/fr\/iridium-renforce-la-resilience-de-la-constellation\/#breadcrumb\",\"itemListElement\":[{\"@type\":\"ListItem\",\"position\":1,\"name\":\"Home\",\"item\":\"https:\/\/www.ecinews.fr\/fr\/\"},{\"@type\":\"ListItem\",\"position\":2,\"name\":\"Iridium renforce la r\u00e9silience de la constellation\"}]},{\"@type\":\"WebSite\",\"@id\":\"https:\/\/www.eenewseurope.com\/en\/#website\",\"url\":\"https:\/\/www.eenewseurope.com\/en\/\",\"name\":\"EENewsEurope\",\"description\":\"Just another WordPress site\",\"publisher\":{\"@id\":\"https:\/\/www.eenewseurope.com\/en\/#organization\"},\"potentialAction\":[{\"@type\":\"SearchAction\",\"target\":{\"@type\":\"EntryPoint\",\"urlTemplate\":\"https:\/\/www.eenewseurope.com\/en\/?s={search_term_string}\"},\"query-input\":\"required name=search_term_string\"}],\"inLanguage\":\"fr-FR\"},{\"@type\":\"Organization\",\"@id\":\"https:\/\/www.eenewseurope.com\/en\/#organization\",\"name\":\"EENewsEurope\",\"url\":\"https:\/\/www.eenewseurope.com\/en\/\",\"logo\":{\"@type\":\"ImageObject\",\"inLanguage\":\"fr-FR\",\"@id\":\"https:\/\/www.eenewseurope.com\/en\/#\/schema\/logo\/image\/\",\"url\":\"https:\/\/www.ecinews.fr\/wp-content\/uploads\/2022\/02\/logo-1.jpg\",\"contentUrl\":\"https:\/\/www.ecinews.fr\/wp-content\/uploads\/2022\/02\/logo-1.jpg\",\"width\":283,\"height\":113,\"caption\":\"EENewsEurope\"},\"image\":{\"@id\":\"https:\/\/www.eenewseurope.com\/en\/#\/schema\/logo\/image\/\"}},{\"@type\":\"Person\",\"@id\":\"https:\/\/www.eenewseurope.com\/en\/#\/schema\/person\/e4387676ad67ce722325c7832f3c3762\",\"name\":\"Alain Dieul\",\"image\":{\"@type\":\"ImageObject\",\"inLanguage\":\"fr-FR\",\"@id\":\"https:\/\/www.eenewseurope.com\/en\/#\/schema\/person\/image\/736120675699dbbf0f0f282b9a9cfb75\",\"url\":\"https:\/\/secure.gravatar.com\/avatar\/bc93b056d07515be5b8eecd4acf49c5c?s=96&d=mm&r=g\",\"contentUrl\":\"https:\/\/secure.gravatar.com\/avatar\/bc93b056d07515be5b8eecd4acf49c5c?s=96&d=mm&r=g\",\"caption\":\"Alain Dieul\"},\"sameAs\":[\"http:\/\/ECINews\"]}]}<\/script>","yoast_head_json":{"title":"Iridium renforce la r\u00e9silience de la constellation ...","description":"Iridium Communications Inc.\u00a0a annonc\u00e9 une \u00e9tape cl\u00e9 dans sa planification \u00e0 long terme de la r\u00e9silience et de la redondance de sa constellation, avec...","robots":{"index":"index","follow":"follow","max-snippet":"max-snippet:-1","max-image-preview":"max-image-preview:large","max-video-preview":"max-video-preview:-1"},"canonical":"https:\/\/www.ecinews.fr\/fr\/wp-json\/wp\/v2\/posts\/423144\/","og_locale":"fr_FR","og_type":"article","og_title":"Iridium renforce la r\u00e9silience de la constellation","og_description":"Iridium Communications Inc.\u00a0a annonc\u00e9 une \u00e9tape cl\u00e9 dans sa planification \u00e0 long terme de la r\u00e9silience et de la redondance de sa constellation, avec le lancement et le d\u00e9ploiement r\u00e9ussis de cinq satellites de rechange","og_url":"https:\/\/www.ecinews.fr\/fr\/wp-json\/wp\/v2\/posts\/423144\/","og_site_name":"EENewsEurope","article_published_time":"2023-05-30T14:45:21+00:00","og_image":[{"width":882,"height":554,"url":"https:\/\/www.ecinews.fr\/wp-content\/uploads\/2023\/05\/ECI1860_Iridium-actu.jpg","type":"image\/jpeg"}],"author":"Alain Dieul","twitter_card":"summary_large_image","twitter_misc":{"Written by":"Alain Dieul","Est. reading time":"3 minutes"},"schema":{"@context":"https:\/\/schema.org","@graph":[{"@type":"Article","@id":"https:\/\/www.ecinews.fr\/fr\/iridium-renforce-la-resilience-de-la-constellation\/#article","isPartOf":{"@id":"https:\/\/www.ecinews.fr\/fr\/iridium-renforce-la-resilience-de-la-constellation\/"},"author":{"name":"Alain Dieul","@id":"https:\/\/www.eenewseurope.com\/en\/#\/schema\/person\/e4387676ad67ce722325c7832f3c3762"},"headline":"Iridium renforce la r\u00e9silience de la constellation","datePublished":"2023-05-30T14:45:21+00:00","dateModified":"2023-05-30T14:45:21+00:00","mainEntityOfPage":{"@id":"https:\/\/www.ecinews.fr\/fr\/iridium-renforce-la-resilience-de-la-constellation\/"},"wordCount":541,"publisher":{"@id":"https:\/\/www.eenewseurope.com\/en\/#organization"},"articleSection":["Actualit\u00e9 g\u00e9n\u00e9rale"],"inLanguage":"fr-FR"},{"@type":"WebPage","@id":"https:\/\/www.ecinews.fr\/fr\/iridium-renforce-la-resilience-de-la-constellation\/","url":"https:\/\/www.ecinews.fr\/fr\/iridium-renforce-la-resilience-de-la-constellation\/","name":"Iridium renforce la r\u00e9silience de la constellation -","isPartOf":{"@id":"https:\/\/www.eenewseurope.com\/en\/#website"},"datePublished":"2023-05-30T14:45:21+00:00","dateModified":"2023-05-30T14:45:21+00:00","description":"Iridium Communications Inc.\u00a0a annonc\u00e9 une \u00e9tape cl\u00e9 dans sa planification \u00e0 long terme de la r\u00e9silience et de la redondance de sa constellation, avec le lancement et le d\u00e9ploiement r\u00e9ussis de cinq satellites de rechange","breadcrumb":{"@id":"https:\/\/www.ecinews.fr\/fr\/iridium-renforce-la-resilience-de-la-constellation\/#breadcrumb"},"inLanguage":"fr-FR","potentialAction":[{"@type":"ReadAction","target":["https:\/\/www.ecinews.fr\/fr\/iridium-renforce-la-resilience-de-la-constellation\/"]}]},{"@type":"BreadcrumbList","@id":"https:\/\/www.ecinews.fr\/fr\/iridium-renforce-la-resilience-de-la-constellation\/#breadcrumb","itemListElement":[{"@type":"ListItem","position":1,"name":"Home","item":"https:\/\/www.ecinews.fr\/fr\/"},{"@type":"ListItem","position":2,"name":"Iridium renforce la r\u00e9silience de la constellation"}]},{"@type":"WebSite","@id":"https:\/\/www.eenewseurope.com\/en\/#website","url":"https:\/\/www.eenewseurope.com\/en\/","name":"EENewsEurope","description":"Just another WordPress site","publisher":{"@id":"https:\/\/www.eenewseurope.com\/en\/#organization"},"potentialAction":[{"@type":"SearchAction","target":{"@type":"EntryPoint","urlTemplate":"https:\/\/www.eenewseurope.com\/en\/?s={search_term_string}"},"query-input":"required name=search_term_string"}],"inLanguage":"fr-FR"},{"@type":"Organization","@id":"https:\/\/www.eenewseurope.com\/en\/#organization","name":"EENewsEurope","url":"https:\/\/www.eenewseurope.com\/en\/","logo":{"@type":"ImageObject","inLanguage":"fr-FR","@id":"https:\/\/www.eenewseurope.com\/en\/#\/schema\/logo\/image\/","url":"https:\/\/www.ecinews.fr\/wp-content\/uploads\/2022\/02\/logo-1.jpg","contentUrl":"https:\/\/www.ecinews.fr\/wp-content\/uploads\/2022\/02\/logo-1.jpg","width":283,"height":113,"caption":"EENewsEurope"},"image":{"@id":"https:\/\/www.eenewseurope.com\/en\/#\/schema\/logo\/image\/"}},{"@type":"Person","@id":"https:\/\/www.eenewseurope.com\/en\/#\/schema\/person\/e4387676ad67ce722325c7832f3c3762","name":"Alain Dieul","image":{"@type":"ImageObject","inLanguage":"fr-FR","@id":"https:\/\/www.eenewseurope.com\/en\/#\/schema\/person\/image\/736120675699dbbf0f0f282b9a9cfb75","url":"https:\/\/secure.gravatar.com\/avatar\/bc93b056d07515be5b8eecd4acf49c5c?s=96&d=mm&r=g","contentUrl":"https:\/\/secure.gravatar.com\/avatar\/bc93b056d07515be5b8eecd4acf49c5c?s=96&d=mm&r=g","caption":"Alain Dieul"},"sameAs":["http:\/\/ECINews"]}]}},"authors":[{"term_id":1154,"user_id":36,"is_guest":0,"slug":"alain-dieul","display_name":"Alain Dieul","avatar_url":"https:\/\/secure.gravatar.com\/avatar\/bc93b056d07515be5b8eecd4acf49c5c?s=96&d=mm&r=g","0":null,"1":"","2":"","3":"","4":"","5":"","6":"","7":"","8":""}],"_links":{"self":[{"href":"https:\/\/www.ecinews.fr\/fr\/wp-json\/wp\/v2\/posts\/423144"}],"collection":[{"href":"https:\/\/www.ecinews.fr\/fr\/wp-json\/wp\/v2\/posts"}],"about":[{"href":"https:\/\/www.ecinews.fr\/fr\/wp-json\/wp\/v2\/types\/post"}],"author":[{"embeddable":true,"href":"https:\/\/www.ecinews.fr\/fr\/wp-json\/wp\/v2\/users\/36"}],"replies":[{"embeddable":true,"href":"https:\/\/www.ecinews.fr\/fr\/wp-json\/wp\/v2\/comments?post=423144"}],"version-history":[{"count":0,"href":"https:\/\/www.ecinews.fr\/fr\/wp-json\/wp\/v2\/posts\/423144\/revisions"}],"wp:featuredmedia":[{"embeddable":true,"href":"https:\/\/www.ecinews.fr\/fr\/wp-json\/wp\/v2\/media\/423145"}],"wp:attachment":[{"href":"https:\/\/www.ecinews.fr\/fr\/wp-json\/wp\/v2\/media?parent=423144"}],"wp:term":[{"taxonomy":"category","embeddable":true,"href":"https:\/\/www.ecinews.fr\/fr\/wp-json\/wp\/v2\/categories?post=423144"},{"taxonomy":"post_tag","embeddable":true,"href":"https:\/\/www.ecinews.fr\/fr\/wp-json\/wp\/v2\/tags?post=423144"},{"taxonomy":"domains","embeddable":true,"href":"https:\/\/www.ecinews.fr\/fr\/wp-json\/wp\/v2\/domains?post=423144"},{"taxonomy":"author","embeddable":true,"href":"https:\/\/www.ecinews.fr\/fr\/wp-json\/wp\/v2\/ppma_author?post=423144"}],"curies":[{"name":"wp","href":"https:\/\/api.w.org\/{rel}","templated":true}]}}