{"id":422653,"date":"2023-05-24T12:16:52","date_gmt":"2023-05-24T10:16:52","guid":{"rendered":"https:\/\/www.eenewseurope.com\/?p=422653"},"modified":"2023-05-24T12:26:40","modified_gmt":"2023-05-24T10:26:40","slug":"le-marche-mondial-des-puces-en-amelioration-au-2t23-selon-semi","status":"publish","type":"post","link":"https:\/\/www.ecinews.fr\/fr\/le-marche-mondial-des-puces-en-amelioration-au-2t23-selon-semi\/","title":{"rendered":"Le march\u00e9 mondial des puces en am\u00e9lioration au 2T23 selon SEMI"},"content":{"rendered":"<h2><span class=\"HwtZe\" lang=\"fr\"><span class=\"jCAhz ChMk0b\"><span class=\"ryNqvb\">La contraction du march\u00e9 mondial des puces va s&rsquo;att\u00e9nuer au 2T23 avec une reprise progressive \u00e0 partir du 3T23, selon SEMI.<\/span><\/span><\/span><\/h2>\n<p><span class=\"HwtZe\" lang=\"fr\"><span class=\"jCAhz ChMk0b\"><span class=\"ryNqvb\">SEMI a d\u00e9clar\u00e9 qu&rsquo;il s&rsquo;attend \u00e0 ce que les ventes et les exp\u00e9ditions de circuits int\u00e9gr\u00e9s montrent des \u00ab\u00a0am\u00e9liorations\u00a0\u00bb d&rsquo;un trimestre \u00e0 l&rsquo;autre au 2T23, en partie en raison des tendances saisonni\u00e8res,<\/span><\/span>.<\/span><\/p>\n<p><span class=\"HwtZe\" lang=\"fr\"><span class=\"jCAhz ChMk0b\"><span class=\"ryNqvb\">Que ces am\u00e9liorations soient une augmentation des ventes ou un ralentissement de la contraction du march\u00e9 n&rsquo;a pas \u00e9t\u00e9 pr\u00e9cis\u00e9.<\/span><\/span> Par a<span class=\"jCAhz ChMk0b\"><span class=\"ryNqvb\">illeurs, SEMI avait d\u00e9j\u00e0 indiqu\u00e9 que le ralentissement actuel atteindrait le point bas au deuxi\u00e8me trimestre de 2023, ce qui implique que le 2T23 serait un trimestre de\u00a0 baisse s\u00e9quentielle du march\u00e9.<\/span><\/span><\/span><\/p>\n<p><span class=\"HwtZe\" lang=\"fr\"><span class=\"jCAhz ChMk0b\"><span class=\"ryNqvb\">Une am\u00e9lioration d&rsquo;un trimestre sur l&rsquo;autre est \u00e0 l&rsquo;oppos\u00e9 de ce que pr\u00e9voit l&rsquo;analyste de march\u00e9 Malcolm Penn qui voit une contraction continue au 2T23 et une croissance s\u00e9quentielle sous-saisonni\u00e8re au 3T23 (voir <\/span><\/span><\/span><a title=\"March\u00e9 mondial des puces : vers une baisse de 20% en 2023 selon Malcolm Penn\" href=\"https:\/\/www.ecinews.fr\/fr\/le-marche-mondial-des-puces-se-dirige-toujours-vers-une-baisse-de-20-en-2023-selon-penn\/\" target=\"_blank\" rel=\"noopener\">March\u00e9 mondial des puces : vers une baisse de 20% en 2023 selon Malcolm Penn<\/a><span class=\"HwtZe\" lang=\"fr\"><span class=\"jCAhz ChMk0b\"><span class=\"ryNqvb\">)<\/span><\/span> <span class=\"jCAhz ChMk0b\"><span class=\"ryNqvb\">.<\/span><\/span> <span class=\"jCAhz ChMk0b\"><span class=\"ryNqvb\">Dans son rapport 1Q23 Semiconductor Manufacturing Monitor (SMM)<\/span><\/span> <span class=\"jCAhz ChMk0b\"><span class=\"ryNqvb\">SEMI commente que malgr\u00e9 ses pr\u00e9visions pour le 2T23, les exp\u00e9ditions de silicium et les taux d&rsquo;utilisation des usines restent bien inf\u00e9rieurs \u00e0 ce qu&rsquo;ils \u00e9taient il y a un an.<\/span><\/span> <span class=\"jCAhz ChMk0b\"><span class=\"ryNqvb\">Les pr\u00e9visions de SEMI sont d&rsquo;autant plus surprenantes que l&rsquo;utilisation mondiale des fabs devrait chuter \u00e0 seulement 70 % au 2T23, tandis que la d\u00e9croissance des stocks semble chuter beaucoup moins rapidement.<\/span><\/span><\/span><\/p>\n<p>&nbsp;<\/p>\n<div id=\"attachment_422506\" style=\"width: 610px\" class=\"wp-caption alignleft\"><img decoding=\"async\" aria-describedby=\"caption-attachment-422506\" class=\"wp-image-422506 size-full lazyload\" data-src=\"https:\/\/www.ecinews.fr\/wp-content\/uploads\/2023\/05\/SEMIinventory600.jpg\" alt=\"\" width=\"600\" height=\"317\" data-srcset=\"https:\/\/www.ecinews.fr\/wp-content\/uploads\/2023\/05\/SEMIinventory600.jpg 600w, https:\/\/www.ecinews.fr\/wp-content\/uploads\/2023\/05\/SEMIinventory600-300x159.jpg 300w\" data-sizes=\"(max-width: 600px) 100vw, 600px\" src=\"data:image\/svg+xml;base64,PHN2ZyB3aWR0aD0iMSIgaGVpZ2h0PSIxIiB4bWxucz0iaHR0cDovL3d3dy53My5vcmcvMjAwMC9zdmciPjwvc3ZnPg==\" style=\"--smush-placeholder-width: 600px; --smush-placeholder-aspect-ratio: 600\/317;\" \/><p id=\"caption-attachment-422506\" class=\"wp-caption-text\">Inventaire total de circuits int\u00e9gr\u00e9s par rapport \u00e0 l&rsquo;utilisation des fabs. Source : SEMI.<\/p><\/div>\n<p>&nbsp;<\/p>\n<h3><span class=\"HwtZe\" lang=\"fr\"><span class=\"jCAhz ChMk0b\"><span class=\"ryNqvb\">Les wafers qui ne sont pas trait\u00e9s en 1H23 ne peuvent pas se transformer en ventes en 2H23 !<\/span><\/span> <\/span><\/h3>\n<p><span class=\"HwtZe\" lang=\"fr\"><span class=\"jCAhz ChMk0b\"><span class=\"ryNqvb\">N\u00e9anmoins, SEMI estime que les indicateurs montrent un creux dans le ralentissement actuel au deuxi\u00e8me trimestre de 2023 avec une lente reprise qui devrait commencer au second semestre de l&rsquo;ann\u00e9e.<\/span><\/span> <\/span><\/p>\n<p><span class=\"HwtZe\" lang=\"fr\"><span class=\"jCAhz ChMk0b\"><span class=\"ryNqvb\">\u00ab\u00a0Le ralentissement actuel du march\u00e9 est aggrav\u00e9 par une faible demande des consommateurs et des niveaux de stocks \u00e9lev\u00e9s et cela a entra\u00een\u00e9 une forte baisse de l&rsquo;utilisation des fabs de semiconducteurs\u00a0\u00bb, a d\u00e9clar\u00e9 Clark Tseng, directeur principal de l&rsquo;intelligence de march\u00e9 chez SEMI, dans un communiqu\u00e9.<\/span><\/span> <\/span><\/p>\n<p><span class=\"HwtZe\" lang=\"fr\"><span class=\"jCAhz ChMk0b\"><span class=\"ryNqvb\">\u00ab\u00a0Cependant, alors que la correction des stocks prendra fin \u00e0 la mi-2023, une l\u00e9g\u00e8re reprise est attendue au second semestre de l&rsquo;ann\u00e9e, tir\u00e9e par une reconstitution de de stocks et la p\u00e9riode des f\u00eates.\u00a0\u00bb<\/span><\/span> <\/span><\/p>\n<p><span class=\"HwtZe\" lang=\"fr\"><span class=\"jCAhz ChMk0b\"><span class=\"ryNqvb\">\u00ab\u00a0Malgr\u00e9 les incertitudes et les risques persistants, nous pr\u00e9voyons que la poursuite des r\u00e9ductions de production et des d\u00e9penses d&rsquo;investissement, en particulier sur le march\u00e9 de la m\u00e9moire, commencera \u00e0 avoir un impact positif sur les fondamentaux du march\u00e9 au cours de la derni\u00e8re partie de l&rsquo;ann\u00e9e, ce qui se traduira par un environnement de march\u00e9 plus \u00e9quilibr\u00e9\u00a0\u00bb, a d\u00e9clar\u00e9 Risto <\/span><\/span><span class=\"jCAhz ChMk0b\"><span class=\"ryNqvb\">Puhakka, vice-pr\u00e9sident de l&rsquo;analyse de march\u00e9 chez TechInsights.<\/span><\/span> <\/span><\/p>\n<p><span class=\"HwtZe\" lang=\"fr\"><span class=\"jCAhz ChMk0b\"><span class=\"ryNqvb\">Le rapport SMM est pr\u00e9par\u00e9 par SEMI en partenariat avec TechInsights et est disponible pour une prix de $1 100\u00a0 pour les membres et $1 500 pour les non-membres.<\/span><\/span><\/span><\/p>\n<h4>Related links and articles:<\/h4>\n<p><a href=\"http:\/\/www.semi.org\">www.semi.org<\/a><\/p>\n<p><a href=\"http:\/\/www.techinsights.com\">www.techinsights.com<\/a><\/p>\n<h4>News articles:<\/h4>\n<p><a href=\"https:\/\/www.eenewseurope.com\/en\/memory-prices-expected-to-fall-further-in-2q23\/\">Memory prices expected to fall further in 2Q23<\/a><\/p>\n<p><a href=\"https:\/\/www.eenewseurope.com\/en\/global-chip-market-still-headed-for-20-decline-in-2023-says-penn\/\">Global chip market still headed for 20% decline in 2023, says Penn<\/a><\/p>\n<p><a href=\"https:\/\/www.eenewseurope.com\/en\/global-chip-market-to-decline-11-in-2023-says-gartner\/\">Global chip market to decline 11% in 2023, says Gartner<\/a><\/p>\n","protected":false},"excerpt":{"rendered":"<p>La contraction du march\u00e9 mondial des puces va s&rsquo;att\u00e9nuer au 2T23 avec une reprise progressive \u00e0 partir du 3T23, selon SEMI. SEMI a d\u00e9clar\u00e9 qu&rsquo;il s&rsquo;attend \u00e0 ce que les ventes et les exp\u00e9ditions de circuits int\u00e9gr\u00e9s montrent des \u00ab\u00a0am\u00e9liorations\u00a0\u00bb d&rsquo;un trimestre \u00e0 l&rsquo;autre au 2T23, en partie en raison des tendances saisonni\u00e8res,. Que ces [&hellip;]<\/p>\n","protected":false},"author":4,"featured_media":422518,"comment_status":"closed","ping_status":"closed","sticky":true,"template":"","format":"standard","meta":{"_acf_changed":false,"footnotes":""},"categories":[886],"tags":[],"domains":[47],"ppma_author":[1136,1153],"class_list":["post-422653","post","type-post","status-publish","format-standard","has-post-thumbnail","hentry","category-news-fr","domains-electronique-eci"],"acf":[],"yoast_head":"<title>Le march\u00e9 mondial des puces en am\u00e9lioration au 2T23 selon SEMI ...<\/title>\n<meta name=\"description\" content=\"La contraction du march\u00e9 mondial des puces va s&#039;att\u00e9nuer au 2T23 avec une reprise progressive \u00e0 partir du 3T23, selon SEMI.\" \/>\n<meta name=\"robots\" content=\"index, follow, max-snippet:-1, max-image-preview:large, max-video-preview:-1\" \/>\n<link rel=\"canonical\" href=\"https:\/\/www.ecinews.fr\/fr\/wp-json\/wp\/v2\/posts\/422653\/\" \/>\n<meta property=\"og:locale\" content=\"fr_FR\" \/>\n<meta property=\"og:type\" content=\"article\" \/>\n<meta property=\"og:title\" content=\"Le march\u00e9 mondial des puces en am\u00e9lioration au 2T23 selon SEMI\" \/>\n<meta property=\"og:description\" content=\"La contraction du march\u00e9 mondial des puces va s&#039;att\u00e9nuer au 2T23 avec une reprise progressive \u00e0 partir du 3T23, selon SEMI.\" \/>\n<meta property=\"og:url\" content=\"https:\/\/www.ecinews.fr\/fr\/wp-json\/wp\/v2\/posts\/422653\/\" \/>\n<meta property=\"og:site_name\" content=\"EENewsEurope\" \/>\n<meta property=\"article:published_time\" content=\"2023-05-24T10:16:52+00:00\" \/>\n<meta property=\"article:modified_time\" content=\"2023-05-24T10:26:40+00:00\" \/>\n<meta property=\"og:image\" content=\"https:\/\/www.ecinews.fr\/wp-content\/uploads\/2023\/05\/MarketUpOrDown630.jpg\" \/>\n\t<meta property=\"og:image:width\" content=\"630\" \/>\n\t<meta property=\"og:image:height\" content=\"415\" \/>\n\t<meta property=\"og:image:type\" content=\"image\/jpeg\" \/>\n<meta name=\"author\" content=\"Peter Clarke, A Delapalisse\" \/>\n<meta name=\"twitter:card\" content=\"summary_large_image\" \/>\n<meta name=\"twitter:label1\" content=\"Written by\" \/>\n\t<meta name=\"twitter:data1\" content=\"Peter Clarke\" \/>\n\t<meta name=\"twitter:label2\" content=\"Est. reading time\" \/>\n\t<meta name=\"twitter:data2\" content=\"3 minutes\" \/>\n<script type=\"application\/ld+json\" class=\"yoast-schema-graph\">{\"@context\":\"https:\/\/schema.org\",\"@graph\":[{\"@type\":\"Article\",\"@id\":\"https:\/\/www.ecinews.fr\/fr\/le-marche-mondial-des-puces-en-amelioration-au-2t23-selon-semi\/#article\",\"isPartOf\":{\"@id\":\"https:\/\/www.ecinews.fr\/fr\/le-marche-mondial-des-puces-en-amelioration-au-2t23-selon-semi\/\"},\"author\":{\"name\":\"Peter Clarke\",\"@id\":\"https:\/\/www.ecinews.fr\/fr\/#\/schema\/person\/bb22de2055b3a18f1d32a11e52b4a304\"},\"headline\":\"Le march\u00e9 mondial des puces en am\u00e9lioration au 2T23 selon SEMI\",\"datePublished\":\"2023-05-24T10:16:52+00:00\",\"dateModified\":\"2023-05-24T10:26:40+00:00\",\"mainEntityOfPage\":{\"@id\":\"https:\/\/www.ecinews.fr\/fr\/le-marche-mondial-des-puces-en-amelioration-au-2t23-selon-semi\/\"},\"wordCount\":572,\"publisher\":{\"@id\":\"https:\/\/www.ecinews.fr\/fr\/#organization\"},\"articleSection\":[\"Actualit\u00e9 g\u00e9n\u00e9rale\"],\"inLanguage\":\"fr-FR\"},{\"@type\":\"WebPage\",\"@id\":\"https:\/\/www.ecinews.fr\/fr\/le-marche-mondial-des-puces-en-amelioration-au-2t23-selon-semi\/\",\"url\":\"https:\/\/www.ecinews.fr\/fr\/le-marche-mondial-des-puces-en-amelioration-au-2t23-selon-semi\/\",\"name\":\"Le march\u00e9 mondial des puces en am\u00e9lioration au 2T23 selon SEMI\",\"isPartOf\":{\"@id\":\"https:\/\/www.ecinews.fr\/fr\/#website\"},\"datePublished\":\"2023-05-24T10:16:52+00:00\",\"dateModified\":\"2023-05-24T10:26:40+00:00\",\"description\":\"La contraction du march\u00e9 mondial des puces va s'att\u00e9nuer au 2T23 avec une reprise progressive \u00e0 partir du 3T23, selon SEMI.\",\"breadcrumb\":{\"@id\":\"https:\/\/www.ecinews.fr\/fr\/le-marche-mondial-des-puces-en-amelioration-au-2t23-selon-semi\/#breadcrumb\"},\"inLanguage\":\"fr-FR\",\"potentialAction\":[{\"@type\":\"ReadAction\",\"target\":[\"https:\/\/www.ecinews.fr\/fr\/le-marche-mondial-des-puces-en-amelioration-au-2t23-selon-semi\/\"]}]},{\"@type\":\"BreadcrumbList\",\"@id\":\"https:\/\/www.ecinews.fr\/fr\/le-marche-mondial-des-puces-en-amelioration-au-2t23-selon-semi\/#breadcrumb\",\"itemListElement\":[{\"@type\":\"ListItem\",\"position\":1,\"name\":\"Home\",\"item\":\"https:\/\/www.ecinews.fr\/fr\/\"},{\"@type\":\"ListItem\",\"position\":2,\"name\":\"Le march\u00e9 mondial des puces en am\u00e9lioration au 2T23 selon SEMI\"}]},{\"@type\":\"WebSite\",\"@id\":\"https:\/\/www.ecinews.fr\/fr\/#website\",\"url\":\"https:\/\/www.ecinews.fr\/fr\/\",\"name\":\"EENewsEurope\",\"description\":\"Just another WordPress site\",\"publisher\":{\"@id\":\"https:\/\/www.ecinews.fr\/fr\/#organization\"},\"potentialAction\":[{\"@type\":\"SearchAction\",\"target\":{\"@type\":\"EntryPoint\",\"urlTemplate\":\"https:\/\/www.ecinews.fr\/fr\/?s={search_term_string}\"},\"query-input\":\"required name=search_term_string\"}],\"inLanguage\":\"fr-FR\"},{\"@type\":\"Organization\",\"@id\":\"https:\/\/www.ecinews.fr\/fr\/#organization\",\"name\":\"EENewsEurope\",\"url\":\"https:\/\/www.ecinews.fr\/fr\/\",\"logo\":{\"@type\":\"ImageObject\",\"inLanguage\":\"fr-FR\",\"@id\":\"https:\/\/www.ecinews.fr\/fr\/#\/schema\/logo\/image\/\",\"url\":\"https:\/\/www.ecinews.fr\/wp-content\/uploads\/2022\/02\/logo-1.jpg\",\"contentUrl\":\"https:\/\/www.ecinews.fr\/wp-content\/uploads\/2022\/02\/logo-1.jpg\",\"width\":283,\"height\":113,\"caption\":\"EENewsEurope\"},\"image\":{\"@id\":\"https:\/\/www.ecinews.fr\/fr\/#\/schema\/logo\/image\/\"}},{\"@type\":\"Person\",\"@id\":\"https:\/\/www.ecinews.fr\/fr\/#\/schema\/person\/bb22de2055b3a18f1d32a11e52b4a304\",\"name\":\"Peter Clarke\",\"image\":{\"@type\":\"ImageObject\",\"inLanguage\":\"fr-FR\",\"@id\":\"https:\/\/www.ecinews.fr\/fr\/#\/schema\/person\/image\/4b5bba5d58c6f51f0a8ea21c3dda4274\",\"url\":\"https:\/\/secure.gravatar.com\/avatar\/d567d206cb92a682963201f296594da4?s=96&d=mm&r=g\",\"contentUrl\":\"https:\/\/secure.gravatar.com\/avatar\/d567d206cb92a682963201f296594da4?s=96&d=mm&r=g\",\"caption\":\"Peter Clarke\"}}]}<\/script>","yoast_head_json":{"title":"Le march\u00e9 mondial des puces en am\u00e9lioration au 2T23 selon SEMI ...","description":"La contraction du march\u00e9 mondial des puces va s'att\u00e9nuer au 2T23 avec une reprise progressive \u00e0 partir du 3T23, selon SEMI.","robots":{"index":"index","follow":"follow","max-snippet":"max-snippet:-1","max-image-preview":"max-image-preview:large","max-video-preview":"max-video-preview:-1"},"canonical":"https:\/\/www.ecinews.fr\/fr\/wp-json\/wp\/v2\/posts\/422653\/","og_locale":"fr_FR","og_type":"article","og_title":"Le march\u00e9 mondial des puces en am\u00e9lioration au 2T23 selon SEMI","og_description":"La contraction du march\u00e9 mondial des puces va s'att\u00e9nuer au 2T23 avec une reprise progressive \u00e0 partir du 3T23, selon SEMI.","og_url":"https:\/\/www.ecinews.fr\/fr\/wp-json\/wp\/v2\/posts\/422653\/","og_site_name":"EENewsEurope","article_published_time":"2023-05-24T10:16:52+00:00","article_modified_time":"2023-05-24T10:26:40+00:00","og_image":[{"width":630,"height":415,"url":"https:\/\/www.ecinews.fr\/wp-content\/uploads\/2023\/05\/MarketUpOrDown630.jpg","type":"image\/jpeg"}],"author":"Peter Clarke, A Delapalisse","twitter_card":"summary_large_image","twitter_misc":{"Written by":"Peter Clarke","Est. reading time":"3 minutes"},"schema":{"@context":"https:\/\/schema.org","@graph":[{"@type":"Article","@id":"https:\/\/www.ecinews.fr\/fr\/le-marche-mondial-des-puces-en-amelioration-au-2t23-selon-semi\/#article","isPartOf":{"@id":"https:\/\/www.ecinews.fr\/fr\/le-marche-mondial-des-puces-en-amelioration-au-2t23-selon-semi\/"},"author":{"name":"Peter Clarke","@id":"https:\/\/www.ecinews.fr\/fr\/#\/schema\/person\/bb22de2055b3a18f1d32a11e52b4a304"},"headline":"Le march\u00e9 mondial des puces en am\u00e9lioration au 2T23 selon SEMI","datePublished":"2023-05-24T10:16:52+00:00","dateModified":"2023-05-24T10:26:40+00:00","mainEntityOfPage":{"@id":"https:\/\/www.ecinews.fr\/fr\/le-marche-mondial-des-puces-en-amelioration-au-2t23-selon-semi\/"},"wordCount":572,"publisher":{"@id":"https:\/\/www.ecinews.fr\/fr\/#organization"},"articleSection":["Actualit\u00e9 g\u00e9n\u00e9rale"],"inLanguage":"fr-FR"},{"@type":"WebPage","@id":"https:\/\/www.ecinews.fr\/fr\/le-marche-mondial-des-puces-en-amelioration-au-2t23-selon-semi\/","url":"https:\/\/www.ecinews.fr\/fr\/le-marche-mondial-des-puces-en-amelioration-au-2t23-selon-semi\/","name":"Le march\u00e9 mondial des puces en am\u00e9lioration au 2T23 selon SEMI","isPartOf":{"@id":"https:\/\/www.ecinews.fr\/fr\/#website"},"datePublished":"2023-05-24T10:16:52+00:00","dateModified":"2023-05-24T10:26:40+00:00","description":"La contraction du march\u00e9 mondial des puces va s'att\u00e9nuer au 2T23 avec une reprise progressive \u00e0 partir du 3T23, selon SEMI.","breadcrumb":{"@id":"https:\/\/www.ecinews.fr\/fr\/le-marche-mondial-des-puces-en-amelioration-au-2t23-selon-semi\/#breadcrumb"},"inLanguage":"fr-FR","potentialAction":[{"@type":"ReadAction","target":["https:\/\/www.ecinews.fr\/fr\/le-marche-mondial-des-puces-en-amelioration-au-2t23-selon-semi\/"]}]},{"@type":"BreadcrumbList","@id":"https:\/\/www.ecinews.fr\/fr\/le-marche-mondial-des-puces-en-amelioration-au-2t23-selon-semi\/#breadcrumb","itemListElement":[{"@type":"ListItem","position":1,"name":"Home","item":"https:\/\/www.ecinews.fr\/fr\/"},{"@type":"ListItem","position":2,"name":"Le march\u00e9 mondial des puces en am\u00e9lioration au 2T23 selon SEMI"}]},{"@type":"WebSite","@id":"https:\/\/www.ecinews.fr\/fr\/#website","url":"https:\/\/www.ecinews.fr\/fr\/","name":"EENewsEurope","description":"Just another WordPress site","publisher":{"@id":"https:\/\/www.ecinews.fr\/fr\/#organization"},"potentialAction":[{"@type":"SearchAction","target":{"@type":"EntryPoint","urlTemplate":"https:\/\/www.ecinews.fr\/fr\/?s={search_term_string}"},"query-input":"required name=search_term_string"}],"inLanguage":"fr-FR"},{"@type":"Organization","@id":"https:\/\/www.ecinews.fr\/fr\/#organization","name":"EENewsEurope","url":"https:\/\/www.ecinews.fr\/fr\/","logo":{"@type":"ImageObject","inLanguage":"fr-FR","@id":"https:\/\/www.ecinews.fr\/fr\/#\/schema\/logo\/image\/","url":"https:\/\/www.ecinews.fr\/wp-content\/uploads\/2022\/02\/logo-1.jpg","contentUrl":"https:\/\/www.ecinews.fr\/wp-content\/uploads\/2022\/02\/logo-1.jpg","width":283,"height":113,"caption":"EENewsEurope"},"image":{"@id":"https:\/\/www.ecinews.fr\/fr\/#\/schema\/logo\/image\/"}},{"@type":"Person","@id":"https:\/\/www.ecinews.fr\/fr\/#\/schema\/person\/bb22de2055b3a18f1d32a11e52b4a304","name":"Peter Clarke","image":{"@type":"ImageObject","inLanguage":"fr-FR","@id":"https:\/\/www.ecinews.fr\/fr\/#\/schema\/person\/image\/4b5bba5d58c6f51f0a8ea21c3dda4274","url":"https:\/\/secure.gravatar.com\/avatar\/d567d206cb92a682963201f296594da4?s=96&d=mm&r=g","contentUrl":"https:\/\/secure.gravatar.com\/avatar\/d567d206cb92a682963201f296594da4?s=96&d=mm&r=g","caption":"Peter Clarke"}}]}},"authors":[{"term_id":1136,"user_id":4,"is_guest":0,"slug":"clarke","display_name":"Peter Clarke","avatar_url":"https:\/\/secure.gravatar.com\/avatar\/d567d206cb92a682963201f296594da4?s=96&d=mm&r=g","0":null,"1":"","2":"","3":"","4":"","5":"","6":"","7":"","8":""},{"term_id":1153,"user_id":34,"is_guest":0,"slug":"adelapalisse","display_name":"A Delapalisse","avatar_url":"https:\/\/secure.gravatar.com\/avatar\/ad45a8c5da24bc9c7c4940dd1c48a695?s=96&d=mm&r=g","0":null,"1":"","2":"","3":"","4":"","5":"","6":"","7":"","8":""}],"_links":{"self":[{"href":"https:\/\/www.ecinews.fr\/fr\/wp-json\/wp\/v2\/posts\/422653"}],"collection":[{"href":"https:\/\/www.ecinews.fr\/fr\/wp-json\/wp\/v2\/posts"}],"about":[{"href":"https:\/\/www.ecinews.fr\/fr\/wp-json\/wp\/v2\/types\/post"}],"author":[{"embeddable":true,"href":"https:\/\/www.ecinews.fr\/fr\/wp-json\/wp\/v2\/users\/4"}],"replies":[{"embeddable":true,"href":"https:\/\/www.ecinews.fr\/fr\/wp-json\/wp\/v2\/comments?post=422653"}],"version-history":[{"count":0,"href":"https:\/\/www.ecinews.fr\/fr\/wp-json\/wp\/v2\/posts\/422653\/revisions"}],"wp:featuredmedia":[{"embeddable":true,"href":"https:\/\/www.ecinews.fr\/fr\/wp-json\/wp\/v2\/media\/422518"}],"wp:attachment":[{"href":"https:\/\/www.ecinews.fr\/fr\/wp-json\/wp\/v2\/media?parent=422653"}],"wp:term":[{"taxonomy":"category","embeddable":true,"href":"https:\/\/www.ecinews.fr\/fr\/wp-json\/wp\/v2\/categories?post=422653"},{"taxonomy":"post_tag","embeddable":true,"href":"https:\/\/www.ecinews.fr\/fr\/wp-json\/wp\/v2\/tags?post=422653"},{"taxonomy":"domains","embeddable":true,"href":"https:\/\/www.ecinews.fr\/fr\/wp-json\/wp\/v2\/domains?post=422653"},{"taxonomy":"author","embeddable":true,"href":"https:\/\/www.ecinews.fr\/fr\/wp-json\/wp\/v2\/ppma_author?post=422653"}],"curies":[{"name":"wp","href":"https:\/\/api.w.org\/{rel}","templated":true}]}}