{"id":421409,"date":"2023-05-09T21:57:34","date_gmt":"2023-05-09T19:57:34","guid":{"rendered":"https:\/\/www.ecinews.fr\/?p=421409"},"modified":"2023-05-09T21:57:34","modified_gmt":"2023-05-09T19:57:34","slug":"alan-lee-nomme-directeur-technique-danalog-devices","status":"publish","type":"post","link":"https:\/\/www.ecinews.fr\/fr\/alan-lee-nomme-directeur-technique-danalog-devices\/","title":{"rendered":"Alan Lee nomm\u00e9 directeur technique d\u2019Analog Devices"},"content":{"rendered":"<h2><a href=\"http:\/\/www.analog.com\/\">Analog\u00a0Devices, Inc<\/a>\u00a0annonce la nomination d\u2019Alan Lee au poste de\u00a0directeur technique (Chief Technology Officer\u00a0\u2014\u00a0CTO).\u00a0<\/h2>\n<p>&nbsp;<\/p>\n<p>Dans le cadre de\u00a0ses fonctions,\u00a0Alan\u00a0aura pour mission d\u2019identifier et\u00a0d\u2019acc\u00e9l\u00e9rer le d\u00e9veloppement de\u00a0technologies\u00a0de rupture\u00a0qui fa\u00e7onneront l\u2019industrie\u00a0micro\u00e9lectronique\u00a0de demain\u00a0et ses march\u00e9s. Avec\u00a0l\u2019appui de\u00a0son \u00e9quipe, il collaborera \u00e9troitement avec les clients d\u2019ADI, les universit\u00e9s, les\u00a0instituts\u00a0de recherche et autres partenaires strat\u00e9giques\u00a0dans le but\u00a0d\u2019incuber de nouvelles technologies et de d\u00e9velopper les \u00e9cosyst\u00e8mes n\u00e9cessaires \u00e0 leur\u00a0lancement\u00a0sur le march\u00e9.<\/p>\n<p>\u00ab\u00a0Alan est un cadre technologique chevronn\u00e9 qui\u00a0aidera Analog Devices\u00a0\u00e0 acc\u00e9l\u00e9rer\u00a0son\u00a0leadership dans le domaine de l\u2019Intelligent\u00a0Edge\u00a0en\u00a0\u0153uvrant\u00a0\u00e0 l\u2019expansion de nos capacit\u00e9s de nouvelle g\u00e9n\u00e9ration dans les domaines des\u00a0circuits\u00a0analogiques, des\u00a0circuits \u00e0\u00a0signal\u00a0mixte, de la puissance, du\u00a0logiciel et de l\u2019intelligence artificielle\u00a0\u00bb,\u00a0a d\u00e9clar\u00e9 Vincent Roche, PDG et pr\u00e9sident\u00a0et CEO\u00a0d\u2019ADI.\u00a0\u00ab\u00a0La riche\u00a0expertise et la solide\u00a0exp\u00e9rience\u00a0acquises par\u00a0Alan dans les domaines\u00a0\u00e0 la fois\u00a0technologiques et commerciaux\u00a0aideront ADI \u00e0 atteindre son\u00a0objectif, \u00e0 savoir permettre \u00e0\u00a0ses clients d\u2019exercer\u00a0un impact significatif sur le march\u00e9 gr\u00e2ce \u00e0\u00a0des\u00a0innovations\u00a0de pointe. Je me r\u00e9jouis de travailler avec\u00a0Alan et d\u2019\u00e9crire\u00a0ensemble\u00a0l\u2019avenir de\u00a0l\u2019intelligence en p\u00e9riph\u00e9rie de r\u00e9seau.\u00a0\u00bb<\/p>\n<p>Avant\u00a0de rejoindre ADI, Alan\u00a0Lee\u00a0a occup\u00e9 le poste de directeur de la\u00a0R&amp;D\u00a0avanc\u00e9e\u00a0chez AMD\u00a0o\u00f9 il a dirig\u00e9 des\u00a0\u00e9quipes\u00a0charg\u00e9es de\u00a0d\u00e9velopper\u00a0de nouvelles technologies mat\u00e9rielles, logicielles, d\u2019intelligence artificielle et de calcul haute performance\u00a0(HPC) qui\u00a0ont \u00e9t\u00e9 \u00e0 l\u2019origine d\u2019un grand nombre d\u2019innovations et\u00a0de\u00a0brevets au cours de la derni\u00e8re d\u00e9cennie.\u00a0Pr\u00e9c\u00e9demment,\u00a0Alan\u00a0Lee occupait\u00a0le poste de CEO\u00a0d\u2019une\u00a0entreprise\u00a0priv\u00e9e\u00a0sp\u00e9cialis\u00e9e dans la\u00a0cr\u00e9ation\u00a0de technologies pour le\u00a0trading\u00a0haute fr\u00e9quence\u00a0(THF)\u00a0et l\u2019analyse financi\u00e8re quantitative.\u00a0Il\u00a0avait ant\u00e9rieurement\u00a0acquis de solides comp\u00e9tences\u00a0dans les projets d\u2019ing\u00e9nierie et de technologie multinationaux\u00a0de\u00a0grande\u00a0ampleur\u00a0chez Intel et IBM.<\/p>\n<p>\u00ab\u00a0Je\u00a0me f\u00e9licite\u00a0de rejoindre ADI et de\u00a0perp\u00e9tuer\u00a0son h\u00e9ritage de leader technologique \u00e0 l\u2019intersection des domaines physique et num\u00e9rique\u00a0\u00bb,\u00a0a d\u00e9clar\u00e9 Alan\u00a0Lee.\u00a0\u00ab\u00a0ADI est depuis longtemps synonyme d\u2019innovation,\u00a0et\u00a0je suis impatient\u00a0de travailler avec les\u00a0formidables\u00a0talents technologiques de la\u00a0Soci\u00e9t\u00e9\u00a0pour \u00e9tendre le leadership d\u2019ADI\u00a0au cours des\u00a0ann\u00e9es et\u00a0des d\u00e9cennies \u00e0 venir.<\/p>\n<p>Alan\u00a0Lee\u00a0pr\u00e9side actuellement le\u00a0Comit\u00e9\u00a0des\u00a0CTO de la\u00a0Semiconductor\u00a0Industry\u00a0Association (SIA) et le\u00a0Conseil\u00a0des\u00a0CTO de la Global\u00a0Semiconductor\u00a0Alliance (GSA). Il a\u00a0\u00e9galement\u00a0si\u00e9g\u00e9 aux\u00a0conseils\u00a0d\u2019administration du consortium industriel\u00a0Semiconductor\u00a0Research\u00a0Corporation et de l\u2019Institute for Pure and\u00a0Applied\u00a0Mathematics, un organisme rattach\u00e9 \u00e0 la\u00a0National Science\u00a0Foundation\u00a0(NSF).<\/p>\n<p>Alan\u00a0Lee\u00a0sera directement rattach\u00e9\u00a0\u00e0 Vincent Roche,\u00a0Pr\u00e9sident et CEO\u00a0d\u2019ADI\u00a0; il succ\u00e8de \u00e0\u00a0Dan\u00a0Leibholz, qui occupe d\u00e9sormais le poste de\u00a0senior\u00a0vice-president de l\u2019activit\u00e9\u00a0Digital Business\u00a0de la\u00a0Soci\u00e9t\u00e9.<\/p>\n<p>&nbsp;<\/p>\n<p><a href=\"http:\/\/www.analog.com\/\">www.analog.com<\/a>\u00a0<\/p>\n<p><a href=\"https:\/\/news.google.com\/publications\/CAAqBwgKMJbcwQswuPfYAw?hl=fr&amp;gl=BE&amp;ceid=BE:fr\">Suivre ECInews sur Google news<\/a><\/p>\n","protected":false},"excerpt":{"rendered":"<p>Analog\u00a0Devices, Inc\u00a0annonce la nomination d\u2019Alan Lee au poste de\u00a0directeur technique (Chief Technology Officer\u00a0\u2014\u00a0CTO).\u00a0 &nbsp; Dans le cadre de\u00a0ses fonctions,\u00a0Alan\u00a0aura pour mission d\u2019identifier et\u00a0d\u2019acc\u00e9l\u00e9rer le d\u00e9veloppement de\u00a0technologies\u00a0de rupture\u00a0qui fa\u00e7onneront l\u2019industrie\u00a0micro\u00e9lectronique\u00a0de demain\u00a0et ses march\u00e9s. Avec\u00a0l\u2019appui de\u00a0son \u00e9quipe, il collaborera \u00e9troitement avec les clients d\u2019ADI, les universit\u00e9s, les\u00a0instituts\u00a0de recherche et autres partenaires strat\u00e9giques\u00a0dans le but\u00a0d\u2019incuber de nouvelles technologies [&hellip;]<\/p>\n","protected":false},"author":36,"featured_media":421410,"comment_status":"closed","ping_status":"closed","sticky":false,"template":"","format":"standard","meta":{"_acf_changed":false,"footnotes":""},"categories":[886],"tags":[],"domains":[47],"ppma_author":[1154],"class_list":["post-421409","post","type-post","status-publish","format-standard","has-post-thumbnail","hentry","category-news-fr","domains-electronique-eci"],"acf":[],"yoast_head":"<title>Alan Lee nomm\u00e9 directeur technique d\u2019Analog Devices ...<\/title>\n<meta name=\"description\" content=\"Analog Devices, Inc annonce la nomination d\u2019Alan Lee au poste de directeur technique (Chief Technology Officer \u2014 CTO).\" \/>\n<meta name=\"robots\" content=\"index, follow, max-snippet:-1, max-image-preview:large, max-video-preview:-1\" \/>\n<link rel=\"canonical\" href=\"https:\/\/www.ecinews.fr\/fr\/wp-json\/wp\/v2\/posts\/421409\/\" \/>\n<meta property=\"og:locale\" content=\"fr_FR\" \/>\n<meta property=\"og:type\" content=\"article\" \/>\n<meta property=\"og:title\" content=\"Alan Lee nomm\u00e9 directeur technique d\u2019Analog Devices\" \/>\n<meta property=\"og:description\" content=\"Analog Devices, Inc annonce la nomination d\u2019Alan Lee au poste de directeur technique (Chief Technology Officer \u2014 CTO).\" \/>\n<meta property=\"og:url\" content=\"https:\/\/www.ecinews.fr\/fr\/wp-json\/wp\/v2\/posts\/421409\/\" \/>\n<meta property=\"og:site_name\" content=\"EENewsEurope\" \/>\n<meta property=\"article:published_time\" content=\"2023-05-09T19:57:34+00:00\" \/>\n<meta property=\"og:image\" content=\"https:\/\/www.ecinews.fr\/wp-content\/uploads\/2023\/05\/ECI1823_ADI_actu.jpg\" \/>\n\t<meta property=\"og:image:width\" content=\"250\" \/>\n\t<meta property=\"og:image:height\" content=\"188\" \/>\n\t<meta property=\"og:image:type\" content=\"image\/jpeg\" \/>\n<meta name=\"author\" content=\"Alain Dieul\" \/>\n<meta name=\"twitter:card\" content=\"summary_large_image\" \/>\n<meta name=\"twitter:label1\" content=\"Written by\" \/>\n\t<meta name=\"twitter:data1\" content=\"Alain Dieul\" \/>\n\t<meta name=\"twitter:label2\" content=\"Est. reading time\" \/>\n\t<meta name=\"twitter:data2\" content=\"3 minutes\" \/>\n<script type=\"application\/ld+json\" class=\"yoast-schema-graph\">{\"@context\":\"https:\/\/schema.org\",\"@graph\":[{\"@type\":\"Article\",\"@id\":\"https:\/\/www.ecinews.fr\/fr\/alan-lee-nomme-directeur-technique-danalog-devices\/#article\",\"isPartOf\":{\"@id\":\"https:\/\/www.ecinews.fr\/fr\/alan-lee-nomme-directeur-technique-danalog-devices\/\"},\"author\":{\"name\":\"Alain Dieul\",\"@id\":\"https:\/\/www.eenewseurope.com\/en\/#\/schema\/person\/e4387676ad67ce722325c7832f3c3762\"},\"headline\":\"Alan Lee nomm\u00e9 directeur technique d\u2019Analog Devices\",\"datePublished\":\"2023-05-09T19:57:34+00:00\",\"dateModified\":\"2023-05-09T19:57:34+00:00\",\"mainEntityOfPage\":{\"@id\":\"https:\/\/www.ecinews.fr\/fr\/alan-lee-nomme-directeur-technique-danalog-devices\/\"},\"wordCount\":549,\"publisher\":{\"@id\":\"https:\/\/www.eenewseurope.com\/en\/#organization\"},\"articleSection\":[\"Actualit\u00e9 g\u00e9n\u00e9rale\"],\"inLanguage\":\"fr-FR\"},{\"@type\":\"WebPage\",\"@id\":\"https:\/\/www.ecinews.fr\/fr\/alan-lee-nomme-directeur-technique-danalog-devices\/\",\"url\":\"https:\/\/www.ecinews.fr\/fr\/alan-lee-nomme-directeur-technique-danalog-devices\/\",\"name\":\"Alan Lee nomm\u00e9 directeur technique d\u2019Analog Devices -\",\"isPartOf\":{\"@id\":\"https:\/\/www.eenewseurope.com\/en\/#website\"},\"datePublished\":\"2023-05-09T19:57:34+00:00\",\"dateModified\":\"2023-05-09T19:57:34+00:00\",\"description\":\"Analog Devices, Inc annonce la nomination d\u2019Alan Lee au poste de directeur technique (Chief Technology Officer \u2014 CTO).\",\"breadcrumb\":{\"@id\":\"https:\/\/www.ecinews.fr\/fr\/alan-lee-nomme-directeur-technique-danalog-devices\/#breadcrumb\"},\"inLanguage\":\"fr-FR\",\"potentialAction\":[{\"@type\":\"ReadAction\",\"target\":[\"https:\/\/www.ecinews.fr\/fr\/alan-lee-nomme-directeur-technique-danalog-devices\/\"]}]},{\"@type\":\"BreadcrumbList\",\"@id\":\"https:\/\/www.ecinews.fr\/fr\/alan-lee-nomme-directeur-technique-danalog-devices\/#breadcrumb\",\"itemListElement\":[{\"@type\":\"ListItem\",\"position\":1,\"name\":\"Home\",\"item\":\"https:\/\/www.ecinews.fr\/fr\/\"},{\"@type\":\"ListItem\",\"position\":2,\"name\":\"Alan Lee nomm\u00e9 directeur technique d\u2019Analog Devices\"}]},{\"@type\":\"WebSite\",\"@id\":\"https:\/\/www.eenewseurope.com\/en\/#website\",\"url\":\"https:\/\/www.eenewseurope.com\/en\/\",\"name\":\"EENewsEurope\",\"description\":\"Just another WordPress site\",\"publisher\":{\"@id\":\"https:\/\/www.eenewseurope.com\/en\/#organization\"},\"potentialAction\":[{\"@type\":\"SearchAction\",\"target\":{\"@type\":\"EntryPoint\",\"urlTemplate\":\"https:\/\/www.eenewseurope.com\/en\/?s={search_term_string}\"},\"query-input\":\"required name=search_term_string\"}],\"inLanguage\":\"fr-FR\"},{\"@type\":\"Organization\",\"@id\":\"https:\/\/www.eenewseurope.com\/en\/#organization\",\"name\":\"EENewsEurope\",\"url\":\"https:\/\/www.eenewseurope.com\/en\/\",\"logo\":{\"@type\":\"ImageObject\",\"inLanguage\":\"fr-FR\",\"@id\":\"https:\/\/www.eenewseurope.com\/en\/#\/schema\/logo\/image\/\",\"url\":\"https:\/\/www.ecinews.fr\/wp-content\/uploads\/2022\/02\/logo-1.jpg\",\"contentUrl\":\"https:\/\/www.ecinews.fr\/wp-content\/uploads\/2022\/02\/logo-1.jpg\",\"width\":283,\"height\":113,\"caption\":\"EENewsEurope\"},\"image\":{\"@id\":\"https:\/\/www.eenewseurope.com\/en\/#\/schema\/logo\/image\/\"}},{\"@type\":\"Person\",\"@id\":\"https:\/\/www.eenewseurope.com\/en\/#\/schema\/person\/e4387676ad67ce722325c7832f3c3762\",\"name\":\"Alain Dieul\",\"image\":{\"@type\":\"ImageObject\",\"inLanguage\":\"fr-FR\",\"@id\":\"https:\/\/www.eenewseurope.com\/en\/#\/schema\/person\/image\/736120675699dbbf0f0f282b9a9cfb75\",\"url\":\"https:\/\/secure.gravatar.com\/avatar\/bc93b056d07515be5b8eecd4acf49c5c?s=96&d=mm&r=g\",\"contentUrl\":\"https:\/\/secure.gravatar.com\/avatar\/bc93b056d07515be5b8eecd4acf49c5c?s=96&d=mm&r=g\",\"caption\":\"Alain Dieul\"},\"sameAs\":[\"http:\/\/ECINews\"]}]}<\/script>","yoast_head_json":{"title":"Alan Lee nomm\u00e9 directeur technique d\u2019Analog Devices ...","description":"Analog Devices, Inc annonce la nomination d\u2019Alan Lee au poste de directeur technique (Chief Technology Officer \u2014 CTO).","robots":{"index":"index","follow":"follow","max-snippet":"max-snippet:-1","max-image-preview":"max-image-preview:large","max-video-preview":"max-video-preview:-1"},"canonical":"https:\/\/www.ecinews.fr\/fr\/wp-json\/wp\/v2\/posts\/421409\/","og_locale":"fr_FR","og_type":"article","og_title":"Alan Lee nomm\u00e9 directeur technique d\u2019Analog Devices","og_description":"Analog Devices, Inc annonce la nomination d\u2019Alan Lee au poste de directeur technique (Chief Technology Officer \u2014 CTO).","og_url":"https:\/\/www.ecinews.fr\/fr\/wp-json\/wp\/v2\/posts\/421409\/","og_site_name":"EENewsEurope","article_published_time":"2023-05-09T19:57:34+00:00","og_image":[{"width":250,"height":188,"url":"https:\/\/www.ecinews.fr\/wp-content\/uploads\/2023\/05\/ECI1823_ADI_actu.jpg","type":"image\/jpeg"}],"author":"Alain Dieul","twitter_card":"summary_large_image","twitter_misc":{"Written by":"Alain Dieul","Est. reading time":"3 minutes"},"schema":{"@context":"https:\/\/schema.org","@graph":[{"@type":"Article","@id":"https:\/\/www.ecinews.fr\/fr\/alan-lee-nomme-directeur-technique-danalog-devices\/#article","isPartOf":{"@id":"https:\/\/www.ecinews.fr\/fr\/alan-lee-nomme-directeur-technique-danalog-devices\/"},"author":{"name":"Alain Dieul","@id":"https:\/\/www.eenewseurope.com\/en\/#\/schema\/person\/e4387676ad67ce722325c7832f3c3762"},"headline":"Alan Lee nomm\u00e9 directeur technique d\u2019Analog Devices","datePublished":"2023-05-09T19:57:34+00:00","dateModified":"2023-05-09T19:57:34+00:00","mainEntityOfPage":{"@id":"https:\/\/www.ecinews.fr\/fr\/alan-lee-nomme-directeur-technique-danalog-devices\/"},"wordCount":549,"publisher":{"@id":"https:\/\/www.eenewseurope.com\/en\/#organization"},"articleSection":["Actualit\u00e9 g\u00e9n\u00e9rale"],"inLanguage":"fr-FR"},{"@type":"WebPage","@id":"https:\/\/www.ecinews.fr\/fr\/alan-lee-nomme-directeur-technique-danalog-devices\/","url":"https:\/\/www.ecinews.fr\/fr\/alan-lee-nomme-directeur-technique-danalog-devices\/","name":"Alan Lee nomm\u00e9 directeur technique d\u2019Analog Devices -","isPartOf":{"@id":"https:\/\/www.eenewseurope.com\/en\/#website"},"datePublished":"2023-05-09T19:57:34+00:00","dateModified":"2023-05-09T19:57:34+00:00","description":"Analog Devices, Inc annonce la nomination d\u2019Alan Lee au poste de directeur technique (Chief Technology Officer \u2014 CTO).","breadcrumb":{"@id":"https:\/\/www.ecinews.fr\/fr\/alan-lee-nomme-directeur-technique-danalog-devices\/#breadcrumb"},"inLanguage":"fr-FR","potentialAction":[{"@type":"ReadAction","target":["https:\/\/www.ecinews.fr\/fr\/alan-lee-nomme-directeur-technique-danalog-devices\/"]}]},{"@type":"BreadcrumbList","@id":"https:\/\/www.ecinews.fr\/fr\/alan-lee-nomme-directeur-technique-danalog-devices\/#breadcrumb","itemListElement":[{"@type":"ListItem","position":1,"name":"Home","item":"https:\/\/www.ecinews.fr\/fr\/"},{"@type":"ListItem","position":2,"name":"Alan Lee nomm\u00e9 directeur technique d\u2019Analog Devices"}]},{"@type":"WebSite","@id":"https:\/\/www.eenewseurope.com\/en\/#website","url":"https:\/\/www.eenewseurope.com\/en\/","name":"EENewsEurope","description":"Just another WordPress site","publisher":{"@id":"https:\/\/www.eenewseurope.com\/en\/#organization"},"potentialAction":[{"@type":"SearchAction","target":{"@type":"EntryPoint","urlTemplate":"https:\/\/www.eenewseurope.com\/en\/?s={search_term_string}"},"query-input":"required name=search_term_string"}],"inLanguage":"fr-FR"},{"@type":"Organization","@id":"https:\/\/www.eenewseurope.com\/en\/#organization","name":"EENewsEurope","url":"https:\/\/www.eenewseurope.com\/en\/","logo":{"@type":"ImageObject","inLanguage":"fr-FR","@id":"https:\/\/www.eenewseurope.com\/en\/#\/schema\/logo\/image\/","url":"https:\/\/www.ecinews.fr\/wp-content\/uploads\/2022\/02\/logo-1.jpg","contentUrl":"https:\/\/www.ecinews.fr\/wp-content\/uploads\/2022\/02\/logo-1.jpg","width":283,"height":113,"caption":"EENewsEurope"},"image":{"@id":"https:\/\/www.eenewseurope.com\/en\/#\/schema\/logo\/image\/"}},{"@type":"Person","@id":"https:\/\/www.eenewseurope.com\/en\/#\/schema\/person\/e4387676ad67ce722325c7832f3c3762","name":"Alain Dieul","image":{"@type":"ImageObject","inLanguage":"fr-FR","@id":"https:\/\/www.eenewseurope.com\/en\/#\/schema\/person\/image\/736120675699dbbf0f0f282b9a9cfb75","url":"https:\/\/secure.gravatar.com\/avatar\/bc93b056d07515be5b8eecd4acf49c5c?s=96&d=mm&r=g","contentUrl":"https:\/\/secure.gravatar.com\/avatar\/bc93b056d07515be5b8eecd4acf49c5c?s=96&d=mm&r=g","caption":"Alain Dieul"},"sameAs":["http:\/\/ECINews"]}]}},"authors":[{"term_id":1154,"user_id":36,"is_guest":0,"slug":"alain-dieul","display_name":"Alain Dieul","avatar_url":"https:\/\/secure.gravatar.com\/avatar\/bc93b056d07515be5b8eecd4acf49c5c?s=96&d=mm&r=g","0":null,"1":"","2":"","3":"","4":"","5":"","6":"","7":"","8":""}],"_links":{"self":[{"href":"https:\/\/www.ecinews.fr\/fr\/wp-json\/wp\/v2\/posts\/421409"}],"collection":[{"href":"https:\/\/www.ecinews.fr\/fr\/wp-json\/wp\/v2\/posts"}],"about":[{"href":"https:\/\/www.ecinews.fr\/fr\/wp-json\/wp\/v2\/types\/post"}],"author":[{"embeddable":true,"href":"https:\/\/www.ecinews.fr\/fr\/wp-json\/wp\/v2\/users\/36"}],"replies":[{"embeddable":true,"href":"https:\/\/www.ecinews.fr\/fr\/wp-json\/wp\/v2\/comments?post=421409"}],"version-history":[{"count":0,"href":"https:\/\/www.ecinews.fr\/fr\/wp-json\/wp\/v2\/posts\/421409\/revisions"}],"wp:featuredmedia":[{"embeddable":true,"href":"https:\/\/www.ecinews.fr\/fr\/wp-json\/wp\/v2\/media\/421410"}],"wp:attachment":[{"href":"https:\/\/www.ecinews.fr\/fr\/wp-json\/wp\/v2\/media?parent=421409"}],"wp:term":[{"taxonomy":"category","embeddable":true,"href":"https:\/\/www.ecinews.fr\/fr\/wp-json\/wp\/v2\/categories?post=421409"},{"taxonomy":"post_tag","embeddable":true,"href":"https:\/\/www.ecinews.fr\/fr\/wp-json\/wp\/v2\/tags?post=421409"},{"taxonomy":"domains","embeddable":true,"href":"https:\/\/www.ecinews.fr\/fr\/wp-json\/wp\/v2\/domains?post=421409"},{"taxonomy":"author","embeddable":true,"href":"https:\/\/www.ecinews.fr\/fr\/wp-json\/wp\/v2\/ppma_author?post=421409"}],"curies":[{"name":"wp","href":"https:\/\/api.w.org\/{rel}","templated":true}]}}