{"id":421168,"date":"2023-05-07T18:43:39","date_gmt":"2023-05-07T16:43:39","guid":{"rendered":"https:\/\/www.eenewseurope.com\/?p=421168"},"modified":"2023-05-09T09:36:43","modified_gmt":"2023-05-09T07:36:43","slug":"nxp-infineon-participeraient-a-la-fab-prevue-par-tsmc-et-bosch-a-dresde","status":"publish","type":"post","link":"https:\/\/www.ecinews.fr\/fr\/nxp-infineon-participeraient-a-la-fab-prevue-par-tsmc-et-bosch-a-dresde\/","title":{"rendered":"NXP et Infineon participeraient \u00e0 la fab pr\u00e9vue par TSMC et Bosch \u00e0 Dresde"},"content":{"rendered":"<h2>NXP Semiconductors et Infineon Technologies AG<span class=\"HwtZe\" lang=\"fr\"><span class=\"jCAhz ChMk0b\"><span class=\"ryNqvb\"> seraient partie prenante du projet dirig\u00e9 par TSMC qui pr\u00e9voit de d\u00e9penser jusqu&rsquo;\u00e0 10 milliards d&rsquo;euros pour une fab de wafers de 28 nm \u00e0 Dresde, en Allemagne, selon Bloomberg<\/span><\/span><\/span><\/h2>\n<p><span class=\"HwtZe\" lang=\"fr\">\u00a0<span class=\"jCAhz ChMk0b\"><span class=\"ryNqvb\">Les deux g\u00e9ants europ\u00e9ens des puces font partie d&rsquo;une initiative de TSMC et Robert Bosch qui a \u00e9t\u00e9 signal\u00e9e pour la premi\u00e8re fois le mois dernier (voir <\/span><\/span><\/span><a title=\"Association TSMC-Bosch pour une fab 28 nm en Allemagne ?\" href=\"https:\/\/www.ecinews.fr\/fr\/tsmc-en-jv-avec-bosch-pour-une-fab-28nm-en-allemagne\/\" target=\"_blank\" rel=\"noopener\">Association TSMC-Bosch pour une fab 28 nm en Allemagne ?<\/a><span class=\"HwtZe\" lang=\"fr\"><span class=\"jCAhz ChMk0b\"><span class=\"ryNqvb\">).<\/span><\/span> <span class=\"jCAhz ChMk0b\"><span class=\"ryNqvb\">\u00c0 ce moment-l\u00e0, il a \u00e9t\u00e9 signal\u00e9 que TSMC ne s&rsquo;\u00e9tait pas encore engag\u00e9 dans le plan.<\/span><\/span> <span class=\"jCAhz ChMk0b\"><span class=\"ryNqvb\">Le dernier rapport indique que TSMC pourrait prendre une d\u00e9cision en ao\u00fbt.<\/span><\/span> <\/span><\/p>\n<p><span class=\"HwtZe\" lang=\"fr\"><span class=\"jCAhz ChMk0b\"><span class=\"ryNqvb\">La fab serait \u00e9ligible pour recevoir jusqu&rsquo;\u00e0 40% de subvention du gouvernement allemand et des autorit\u00e9s europ\u00e9ennes, bien que de telles conditions puissent pr\u00e9senter un point de friction dans les n\u00e9gociations.<\/span><\/span><\/span><\/p>\n<p><span class=\"HwtZe\" lang=\"fr\"><span class=\"jCAhz ChMk0b\"><span class=\"ryNqvb\">TSMC m\u00e8ne des n\u00e9gociations avec les autorit\u00e9s allemandes et des entreprises locales depuis de nombreux mois sur l&rsquo;opportunit\u00e9 de construire une fab\u00a0 qui pourrait descendre jusqu&rsquo;au n\u0153ud de process de fabrication 16 nm\/12 nm (voir <a href=\"https:\/\/www.eenewseurope.com\/en\/tsmc-looks-to-12nm-dresden-fab\/\">TSMC mulls building a 12nm Dresden fab<\/a> ).<\/span><\/span> <span class=\"jCAhz ChMk0b\"><span class=\"ryNqvb\">Fixer l&rsquo;objectif \u00e0 28 nm aiderait \u00e0 assurer la s\u00e9curit\u00e9 de l&rsquo;approvisionnement en puces automobiles en Europe &#8211; un probl\u00e8me qui a attir\u00e9 l&rsquo;attention de l&rsquo;Allemagne pendant la crise pand\u00e9mique.<\/span><\/span> <span class=\"jCAhz ChMk0b\"><span class=\"ryNqvb\">Cependant, cela ne r\u00e9soudrait pas la s\u00e9curit\u00e9 strat\u00e9gique \u00e0 long terme de l&rsquo;Europe et la capacit\u00e9 de la r\u00e9gion \u00e0 fabriquer des puces \u00e0 la pointe de la technologie.<\/span><\/span> <\/span><\/p>\n<p><span class=\"HwtZe\" lang=\"fr\"><span class=\"jCAhz ChMk0b\"><span class=\"ryNqvb\">Restreindre le projet \u00e0 28 nm pour l&rsquo;instant le rendrait \u00e9galement plus abordable pour l&rsquo;Europe, qui pourrait esp\u00e9rer persuader TSMC d&rsquo;apporter par la suite une capacit\u00e9 de fabrication plus avanc\u00e9e en Europe.<\/span><\/span> <span class=\"jCAhz ChMk0b\"><span class=\"ryNqvb\">TSMC est le fabricant de puces le plus avanc\u00e9 au monde offrant des process 3 nm \u00e0 des clients tels qu&rsquo;Apple et travaillant sur le n\u0153ud 2 nm de nouvelle g\u00e9n\u00e9ration.<\/span><\/span> <\/span><\/p>\n<h2><span class=\"HwtZe\" lang=\"fr\"><span class=\"jCAhz ChMk0b\"><span class=\"ryNqvb\">Financ\u00e9 par les clients<\/span><\/span><\/span><\/h2>\n<p><span class=\"HwtZe\" lang=\"fr\"><span class=\"jCAhz ChMk0b\"><span class=\"ryNqvb\">TSMC est le leader mondial de la fonderie et les trois soci\u00e9t\u00e9s europ\u00e9ennes du groupement sont des fabricants de puces fab-lite qui sous-traitent d\u00e9j\u00e0 leur fabrication \u00e0 TSMC.<\/span><\/span> <span class=\"jCAhz ChMk0b\"><span class=\"ryNqvb\">Un tel arrangement r\u00e9partirait les co\u00fbts et cela pourrait rendre la fab propos\u00e9e plus susceptible d&rsquo;aller de l&rsquo;avant.<\/span><\/span> <\/span><\/p>\n<p><span class=\"HwtZe\" lang=\"fr\"><span class=\"jCAhz ChMk0b\"><span class=\"ryNqvb\">TSMC semble \u00eatre pr\u00eat \u00e0 dupliquer un mod\u00e8le de financement qu&rsquo;il poursuit au Japon o\u00f9 il a accept\u00e9 de co-investir avec ses clients Sony et Denso dans une coentreprise destin\u00e9e \u00e0 y construire une fab de wafers.<\/span><\/span> <span class=\"jCAhz ChMk0b\"><span class=\"ryNqvb\">Le gouvernement japonais est pr\u00eat \u00e0 payer jusqu&rsquo;\u00e0 476 milliards de yens (environ 3,5 milliards de dollars) pour une fab co\u00fbtant 8,6 milliards de dollars qui est en cours de construction par TSMC, Sony et Denso, selon des informations locales.<\/span><\/span> <span class=\"jCAhz ChMk0b\"><span class=\"ryNqvb\">Cela fixe une barre de subvention de 40 % que l&rsquo;Union europ\u00e9enne et les autorit\u00e9s allemandes pourraient avoir du mal \u00e0 atteindre.<\/span><\/span><\/span><\/p>\n<p><span class=\"HwtZe\" lang=\"fr\"><span class=\"jCAhz ChMk0b\"><span class=\"ryNqvb\">Ailleurs en Europe, Intel a propos\u00e9 de construire deux fabs \u00e0 Magdebourg, en Allemagne, mais ce plan a commenc\u00e9 \u00e0 ralentir car Intel a cherch\u00e9 \u00e0 augmenter les niveaux de soutien des autorit\u00e9s (voir <\/span><\/span><\/span><a title=\"Intel demande \u20ac10 milliards de subventions pour sa Fab en Allemagne\" href=\"https:\/\/www.ecinews.fr\/fr\/intel-demande-e10-milliards-de-subventions-pour-sa-fab-en-allemagne\/\" target=\"_blank\" rel=\"noopener\">Intel demande \u20ac10 milliards de subventions pour sa Fab en Allemagne<\/a><span class=\"HwtZe\" lang=\"fr\"><span class=\"jCAhz ChMk0b\"><span class=\"ryNqvb\">).<\/span><\/span> <span class=\"jCAhz ChMk0b\"><span class=\"ryNqvb\">La situation n&rsquo;a pas \u00e9t\u00e9 aid\u00e9e par plusieurs trimestres de r\u00e9sultats financiers d\u00e9cevants du g\u00e9ant am\u00e9ricain des puces.<\/span><\/span> <\/span><\/p>\n<p><span class=\"HwtZe\" lang=\"fr\"><span class=\"jCAhz ChMk0b\"><span class=\"ryNqvb\">Un autre effort d&rsquo;\u00e9quipe est celui de STMicroelectronics et GlobalFoundries qui pr\u00e9voient de construire une fab sur le campus de ST pr\u00e8s de Grenoble (voir <a href=\"https:\/\/www.eenewseurope.com\/en\/st-and-gf-to-advance-fd-soi-with-joint-300mm-fab-in-france\/\">ST and GF to advance FDSOI with joint 300mm fab in France<\/a>).<\/span><\/span><\/span><\/p>\n<p>&nbsp;<\/p>\n<h4>Related links and articles:<\/h4>\n<p><a href=\"https:\/\/www.eenewseurope.com\/en\/st-and-gf-to-advance-fd-soi-with-joint-300mm-fab-in-france\/\">ST and GF to advance FDSOI with joint 300mm fab in France<\/a><\/p>\n<p><a href=\"https:\/\/www.eenewseurope.com\/en\/tata-ready-to-buy-its-way-into-semiconductors-report\/\">Tata ready to buy its way into semiconductors: report<\/a><\/p>\n<p><a href=\"https:\/\/www.eenewseurope.com\/en\/rapidus-secures-us2-3-billion-to-start-2nm-wafer-fab\/\">Rapidus secures US$2.3 billion to start 2nm wafer fab<\/a><\/p>\n<p>&nbsp;<\/p>\n","protected":false},"excerpt":{"rendered":"<p>NXP Semiconductors et Infineon Technologies AG seraient partie prenante du projet dirig\u00e9 par TSMC qui pr\u00e9voit de d\u00e9penser jusqu&rsquo;\u00e0 10 milliards d&rsquo;euros pour une fab de wafers de 28 nm \u00e0 Dresde, en Allemagne, selon Bloomberg \u00a0Les deux g\u00e9ants europ\u00e9ens des puces font partie d&rsquo;une initiative de TSMC et Robert Bosch qui a \u00e9t\u00e9 signal\u00e9e [&hellip;]<\/p>\n","protected":false},"author":34,"featured_media":52100,"comment_status":"closed","ping_status":"closed","sticky":false,"template":"","format":"standard","meta":{"_acf_changed":false,"footnotes":""},"categories":[880],"tags":[3289,2264,2541],"domains":[47],"ppma_author":[1153,1136],"class_list":["post-421168","post","type-post","status-publish","format-standard","has-post-thumbnail","hentry","category-actualites-economiques","tag-bosch","tag-fabs","tag-tsmc","domains-electronique-eci"],"acf":[],"yoast_head":"<title>NXP, Infineon participeraient \u00e0 la fab de TSMC et Bosch \u00e0 Dre...<\/title>\n<meta name=\"description\" content=\"NXP et Infineon dans le projet dirig\u00e9 par TSMC qui pr\u00e9voit de d\u00e9penser jusqu&#039;\u00e0 10 milliards d&#039;euros pour une fab de wafers de 28 nm \u00e0 Dresde\" \/>\n<meta name=\"robots\" content=\"index, follow, max-snippet:-1, max-image-preview:large, max-video-preview:-1\" \/>\n<link rel=\"canonical\" href=\"https:\/\/www.ecinews.fr\/fr\/wp-json\/wp\/v2\/posts\/421168\/\" \/>\n<meta property=\"og:locale\" content=\"fr_FR\" \/>\n<meta property=\"og:type\" content=\"article\" \/>\n<meta property=\"og:title\" content=\"NXP et Infineon participeraient \u00e0 la fab pr\u00e9vue par TSMC et Bosch \u00e0 Dresde\" \/>\n<meta property=\"og:description\" content=\"NXP et Infineon dans le projet dirig\u00e9 par TSMC qui pr\u00e9voit de d\u00e9penser jusqu&#039;\u00e0 10 milliards d&#039;euros pour une fab de wafers de 28 nm \u00e0 Dresde\" \/>\n<meta property=\"og:url\" content=\"https:\/\/www.ecinews.fr\/fr\/wp-json\/wp\/v2\/posts\/421168\/\" \/>\n<meta property=\"og:site_name\" content=\"EENewsEurope\" \/>\n<meta property=\"article:published_time\" content=\"2023-05-07T16:43:39+00:00\" \/>\n<meta property=\"article:modified_time\" content=\"2023-05-09T07:36:43+00:00\" \/>\n<meta property=\"og:image\" content=\"https:\/\/www.ecinews.fr\/wp-content\/uploads\/import\/default\/files\/sites\/default\/files\/images\/germanyflag630.jpg\" \/>\n\t<meta property=\"og:image:width\" content=\"630\" \/>\n\t<meta property=\"og:image:height\" content=\"372\" \/>\n\t<meta property=\"og:image:type\" content=\"image\/jpeg\" \/>\n<meta name=\"author\" content=\"A Delapalisse, Peter Clarke\" \/>\n<meta name=\"twitter:card\" content=\"summary_large_image\" \/>\n<meta name=\"twitter:label1\" content=\"Written by\" \/>\n\t<meta name=\"twitter:data1\" content=\"A Delapalisse\" \/>\n\t<meta name=\"twitter:label2\" content=\"Est. reading time\" \/>\n\t<meta name=\"twitter:data2\" content=\"3 minutes\" \/>\n<script type=\"application\/ld+json\" class=\"yoast-schema-graph\">{\"@context\":\"https:\/\/schema.org\",\"@graph\":[{\"@type\":\"Article\",\"@id\":\"https:\/\/www.ecinews.fr\/fr\/nxp-infineon-participeraient-a-la-fab-prevue-par-tsmc-et-bosch-a-dresde\/#article\",\"isPartOf\":{\"@id\":\"https:\/\/www.ecinews.fr\/fr\/nxp-infineon-participeraient-a-la-fab-prevue-par-tsmc-et-bosch-a-dresde\/\"},\"author\":{\"name\":\"A Delapalisse\",\"@id\":\"https:\/\/www.ecinews.fr\/fr\/#\/schema\/person\/0aa2cfb0bd8949724a68cbac8d8321b4\"},\"headline\":\"NXP et Infineon participeraient \u00e0 la fab pr\u00e9vue par TSMC et Bosch \u00e0 Dresde\",\"datePublished\":\"2023-05-07T16:43:39+00:00\",\"dateModified\":\"2023-05-09T07:36:43+00:00\",\"mainEntityOfPage\":{\"@id\":\"https:\/\/www.ecinews.fr\/fr\/nxp-infineon-participeraient-a-la-fab-prevue-par-tsmc-et-bosch-a-dresde\/\"},\"wordCount\":632,\"publisher\":{\"@id\":\"https:\/\/www.ecinews.fr\/fr\/#organization\"},\"keywords\":[\"Bosch\",\"Fabs\",\"TSMC\"],\"articleSection\":[\"Actualit\u00e9s \u00e9conomiques\"],\"inLanguage\":\"fr-FR\"},{\"@type\":\"WebPage\",\"@id\":\"https:\/\/www.ecinews.fr\/fr\/nxp-infineon-participeraient-a-la-fab-prevue-par-tsmc-et-bosch-a-dresde\/\",\"url\":\"https:\/\/www.ecinews.fr\/fr\/nxp-infineon-participeraient-a-la-fab-prevue-par-tsmc-et-bosch-a-dresde\/\",\"name\":\"NXP, Infineon participeraient \u00e0 la fab de TSMC et Bosch \u00e0 Dresde\",\"isPartOf\":{\"@id\":\"https:\/\/www.ecinews.fr\/fr\/#website\"},\"datePublished\":\"2023-05-07T16:43:39+00:00\",\"dateModified\":\"2023-05-09T07:36:43+00:00\",\"description\":\"NXP et Infineon dans le projet dirig\u00e9 par TSMC qui pr\u00e9voit de d\u00e9penser jusqu'\u00e0 10 milliards d'euros pour une fab de wafers de 28 nm \u00e0 Dresde\",\"breadcrumb\":{\"@id\":\"https:\/\/www.ecinews.fr\/fr\/nxp-infineon-participeraient-a-la-fab-prevue-par-tsmc-et-bosch-a-dresde\/#breadcrumb\"},\"inLanguage\":\"fr-FR\",\"potentialAction\":[{\"@type\":\"ReadAction\",\"target\":[\"https:\/\/www.ecinews.fr\/fr\/nxp-infineon-participeraient-a-la-fab-prevue-par-tsmc-et-bosch-a-dresde\/\"]}]},{\"@type\":\"BreadcrumbList\",\"@id\":\"https:\/\/www.ecinews.fr\/fr\/nxp-infineon-participeraient-a-la-fab-prevue-par-tsmc-et-bosch-a-dresde\/#breadcrumb\",\"itemListElement\":[{\"@type\":\"ListItem\",\"position\":1,\"name\":\"Home\",\"item\":\"https:\/\/www.ecinews.fr\/fr\/\"},{\"@type\":\"ListItem\",\"position\":2,\"name\":\"NXP et Infineon participeraient \u00e0 la fab pr\u00e9vue par TSMC et Bosch \u00e0 Dresde\"}]},{\"@type\":\"WebSite\",\"@id\":\"https:\/\/www.ecinews.fr\/fr\/#website\",\"url\":\"https:\/\/www.ecinews.fr\/fr\/\",\"name\":\"EENewsEurope\",\"description\":\"Just another WordPress site\",\"publisher\":{\"@id\":\"https:\/\/www.ecinews.fr\/fr\/#organization\"},\"potentialAction\":[{\"@type\":\"SearchAction\",\"target\":{\"@type\":\"EntryPoint\",\"urlTemplate\":\"https:\/\/www.ecinews.fr\/fr\/?s={search_term_string}\"},\"query-input\":\"required name=search_term_string\"}],\"inLanguage\":\"fr-FR\"},{\"@type\":\"Organization\",\"@id\":\"https:\/\/www.ecinews.fr\/fr\/#organization\",\"name\":\"EENewsEurope\",\"url\":\"https:\/\/www.ecinews.fr\/fr\/\",\"logo\":{\"@type\":\"ImageObject\",\"inLanguage\":\"fr-FR\",\"@id\":\"https:\/\/www.ecinews.fr\/fr\/#\/schema\/logo\/image\/\",\"url\":\"https:\/\/www.ecinews.fr\/wp-content\/uploads\/2022\/02\/logo-1.jpg\",\"contentUrl\":\"https:\/\/www.ecinews.fr\/wp-content\/uploads\/2022\/02\/logo-1.jpg\",\"width\":283,\"height\":113,\"caption\":\"EENewsEurope\"},\"image\":{\"@id\":\"https:\/\/www.ecinews.fr\/fr\/#\/schema\/logo\/image\/\"}},{\"@type\":\"Person\",\"@id\":\"https:\/\/www.ecinews.fr\/fr\/#\/schema\/person\/0aa2cfb0bd8949724a68cbac8d8321b4\",\"name\":\"A Delapalisse\",\"image\":{\"@type\":\"ImageObject\",\"inLanguage\":\"fr-FR\",\"@id\":\"https:\/\/www.ecinews.fr\/fr\/#\/schema\/person\/image\/211ac42237c2e9683c0964086c393cb4\",\"url\":\"https:\/\/secure.gravatar.com\/avatar\/ad45a8c5da24bc9c7c4940dd1c48a695?s=96&d=mm&r=g\",\"contentUrl\":\"https:\/\/secure.gravatar.com\/avatar\/ad45a8c5da24bc9c7c4940dd1c48a695?s=96&d=mm&r=g\",\"caption\":\"A Delapalisse\"},\"sameAs\":[\"http:\/\/ECI\"]}]}<\/script>","yoast_head_json":{"title":"NXP, Infineon participeraient \u00e0 la fab de TSMC et Bosch \u00e0 Dre...","description":"NXP et Infineon dans le projet dirig\u00e9 par TSMC qui pr\u00e9voit de d\u00e9penser jusqu'\u00e0 10 milliards d'euros pour une fab de wafers de 28 nm \u00e0 Dresde","robots":{"index":"index","follow":"follow","max-snippet":"max-snippet:-1","max-image-preview":"max-image-preview:large","max-video-preview":"max-video-preview:-1"},"canonical":"https:\/\/www.ecinews.fr\/fr\/wp-json\/wp\/v2\/posts\/421168\/","og_locale":"fr_FR","og_type":"article","og_title":"NXP et Infineon participeraient \u00e0 la fab pr\u00e9vue par TSMC et Bosch \u00e0 Dresde","og_description":"NXP et Infineon dans le projet dirig\u00e9 par TSMC qui pr\u00e9voit de d\u00e9penser jusqu'\u00e0 10 milliards d'euros pour une fab de wafers de 28 nm \u00e0 Dresde","og_url":"https:\/\/www.ecinews.fr\/fr\/wp-json\/wp\/v2\/posts\/421168\/","og_site_name":"EENewsEurope","article_published_time":"2023-05-07T16:43:39+00:00","article_modified_time":"2023-05-09T07:36:43+00:00","og_image":[{"width":630,"height":372,"url":"https:\/\/www.ecinews.fr\/wp-content\/uploads\/import\/default\/files\/sites\/default\/files\/images\/germanyflag630.jpg","type":"image\/jpeg"}],"author":"A Delapalisse, Peter Clarke","twitter_card":"summary_large_image","twitter_misc":{"Written by":"A Delapalisse","Est. reading time":"3 minutes"},"schema":{"@context":"https:\/\/schema.org","@graph":[{"@type":"Article","@id":"https:\/\/www.ecinews.fr\/fr\/nxp-infineon-participeraient-a-la-fab-prevue-par-tsmc-et-bosch-a-dresde\/#article","isPartOf":{"@id":"https:\/\/www.ecinews.fr\/fr\/nxp-infineon-participeraient-a-la-fab-prevue-par-tsmc-et-bosch-a-dresde\/"},"author":{"name":"A Delapalisse","@id":"https:\/\/www.ecinews.fr\/fr\/#\/schema\/person\/0aa2cfb0bd8949724a68cbac8d8321b4"},"headline":"NXP et Infineon participeraient \u00e0 la fab pr\u00e9vue par TSMC et Bosch \u00e0 Dresde","datePublished":"2023-05-07T16:43:39+00:00","dateModified":"2023-05-09T07:36:43+00:00","mainEntityOfPage":{"@id":"https:\/\/www.ecinews.fr\/fr\/nxp-infineon-participeraient-a-la-fab-prevue-par-tsmc-et-bosch-a-dresde\/"},"wordCount":632,"publisher":{"@id":"https:\/\/www.ecinews.fr\/fr\/#organization"},"keywords":["Bosch","Fabs","TSMC"],"articleSection":["Actualit\u00e9s \u00e9conomiques"],"inLanguage":"fr-FR"},{"@type":"WebPage","@id":"https:\/\/www.ecinews.fr\/fr\/nxp-infineon-participeraient-a-la-fab-prevue-par-tsmc-et-bosch-a-dresde\/","url":"https:\/\/www.ecinews.fr\/fr\/nxp-infineon-participeraient-a-la-fab-prevue-par-tsmc-et-bosch-a-dresde\/","name":"NXP, Infineon participeraient \u00e0 la fab de TSMC et Bosch \u00e0 Dresde","isPartOf":{"@id":"https:\/\/www.ecinews.fr\/fr\/#website"},"datePublished":"2023-05-07T16:43:39+00:00","dateModified":"2023-05-09T07:36:43+00:00","description":"NXP et Infineon dans le projet dirig\u00e9 par TSMC qui pr\u00e9voit de d\u00e9penser jusqu'\u00e0 10 milliards d'euros pour une fab de wafers de 28 nm \u00e0 Dresde","breadcrumb":{"@id":"https:\/\/www.ecinews.fr\/fr\/nxp-infineon-participeraient-a-la-fab-prevue-par-tsmc-et-bosch-a-dresde\/#breadcrumb"},"inLanguage":"fr-FR","potentialAction":[{"@type":"ReadAction","target":["https:\/\/www.ecinews.fr\/fr\/nxp-infineon-participeraient-a-la-fab-prevue-par-tsmc-et-bosch-a-dresde\/"]}]},{"@type":"BreadcrumbList","@id":"https:\/\/www.ecinews.fr\/fr\/nxp-infineon-participeraient-a-la-fab-prevue-par-tsmc-et-bosch-a-dresde\/#breadcrumb","itemListElement":[{"@type":"ListItem","position":1,"name":"Home","item":"https:\/\/www.ecinews.fr\/fr\/"},{"@type":"ListItem","position":2,"name":"NXP et Infineon participeraient \u00e0 la fab pr\u00e9vue par TSMC et Bosch \u00e0 Dresde"}]},{"@type":"WebSite","@id":"https:\/\/www.ecinews.fr\/fr\/#website","url":"https:\/\/www.ecinews.fr\/fr\/","name":"EENewsEurope","description":"Just another WordPress site","publisher":{"@id":"https:\/\/www.ecinews.fr\/fr\/#organization"},"potentialAction":[{"@type":"SearchAction","target":{"@type":"EntryPoint","urlTemplate":"https:\/\/www.ecinews.fr\/fr\/?s={search_term_string}"},"query-input":"required name=search_term_string"}],"inLanguage":"fr-FR"},{"@type":"Organization","@id":"https:\/\/www.ecinews.fr\/fr\/#organization","name":"EENewsEurope","url":"https:\/\/www.ecinews.fr\/fr\/","logo":{"@type":"ImageObject","inLanguage":"fr-FR","@id":"https:\/\/www.ecinews.fr\/fr\/#\/schema\/logo\/image\/","url":"https:\/\/www.ecinews.fr\/wp-content\/uploads\/2022\/02\/logo-1.jpg","contentUrl":"https:\/\/www.ecinews.fr\/wp-content\/uploads\/2022\/02\/logo-1.jpg","width":283,"height":113,"caption":"EENewsEurope"},"image":{"@id":"https:\/\/www.ecinews.fr\/fr\/#\/schema\/logo\/image\/"}},{"@type":"Person","@id":"https:\/\/www.ecinews.fr\/fr\/#\/schema\/person\/0aa2cfb0bd8949724a68cbac8d8321b4","name":"A Delapalisse","image":{"@type":"ImageObject","inLanguage":"fr-FR","@id":"https:\/\/www.ecinews.fr\/fr\/#\/schema\/person\/image\/211ac42237c2e9683c0964086c393cb4","url":"https:\/\/secure.gravatar.com\/avatar\/ad45a8c5da24bc9c7c4940dd1c48a695?s=96&d=mm&r=g","contentUrl":"https:\/\/secure.gravatar.com\/avatar\/ad45a8c5da24bc9c7c4940dd1c48a695?s=96&d=mm&r=g","caption":"A Delapalisse"},"sameAs":["http:\/\/ECI"]}]}},"authors":[{"term_id":1153,"user_id":34,"is_guest":0,"slug":"adelapalisse","display_name":"A Delapalisse","avatar_url":"https:\/\/secure.gravatar.com\/avatar\/ad45a8c5da24bc9c7c4940dd1c48a695?s=96&d=mm&r=g","0":null,"1":"","2":"","3":"","4":"","5":"","6":"","7":"","8":""},{"term_id":1136,"user_id":4,"is_guest":0,"slug":"clarke","display_name":"Peter Clarke","avatar_url":"https:\/\/secure.gravatar.com\/avatar\/d567d206cb92a682963201f296594da4?s=96&d=mm&r=g","0":null,"1":"","2":"","3":"","4":"","5":"","6":"","7":"","8":""}],"_links":{"self":[{"href":"https:\/\/www.ecinews.fr\/fr\/wp-json\/wp\/v2\/posts\/421168"}],"collection":[{"href":"https:\/\/www.ecinews.fr\/fr\/wp-json\/wp\/v2\/posts"}],"about":[{"href":"https:\/\/www.ecinews.fr\/fr\/wp-json\/wp\/v2\/types\/post"}],"author":[{"embeddable":true,"href":"https:\/\/www.ecinews.fr\/fr\/wp-json\/wp\/v2\/users\/34"}],"replies":[{"embeddable":true,"href":"https:\/\/www.ecinews.fr\/fr\/wp-json\/wp\/v2\/comments?post=421168"}],"version-history":[{"count":0,"href":"https:\/\/www.ecinews.fr\/fr\/wp-json\/wp\/v2\/posts\/421168\/revisions"}],"wp:featuredmedia":[{"embeddable":true,"href":"https:\/\/www.ecinews.fr\/fr\/wp-json\/wp\/v2\/media\/52100"}],"wp:attachment":[{"href":"https:\/\/www.ecinews.fr\/fr\/wp-json\/wp\/v2\/media?parent=421168"}],"wp:term":[{"taxonomy":"category","embeddable":true,"href":"https:\/\/www.ecinews.fr\/fr\/wp-json\/wp\/v2\/categories?post=421168"},{"taxonomy":"post_tag","embeddable":true,"href":"https:\/\/www.ecinews.fr\/fr\/wp-json\/wp\/v2\/tags?post=421168"},{"taxonomy":"domains","embeddable":true,"href":"https:\/\/www.ecinews.fr\/fr\/wp-json\/wp\/v2\/domains?post=421168"},{"taxonomy":"author","embeddable":true,"href":"https:\/\/www.ecinews.fr\/fr\/wp-json\/wp\/v2\/ppma_author?post=421168"}],"curies":[{"name":"wp","href":"https:\/\/api.w.org\/{rel}","templated":true}]}}