{"id":421127,"date":"2023-05-06T17:21:47","date_gmt":"2023-05-06T15:21:47","guid":{"rendered":"https:\/\/www.eenewseurope.com\/?p=421127"},"modified":"2023-05-07T18:15:16","modified_gmt":"2023-05-07T16:15:16","slug":"infineon-augmente-ses-perspectives-pour-2023-a-165-milliards-e","status":"publish","type":"post","link":"https:\/\/www.ecinews.fr\/fr\/infineon-augmente-ses-perspectives-pour-2023-a-165-milliards-e\/","title":{"rendered":"Infineon augmente ses perspectives pour 2023 \u00e0 16,5 milliards \u20ac"},"content":{"rendered":"<h4><span class=\"HwtZe\" lang=\"fr\"><span class=\"jCAhz ChMk0b\"><span class=\"ryNqvb\">Infineon Technologies rel\u00e8ve ses pr\u00e9visions financi\u00e8res pour 2023 apr\u00e8s un tr\u00e8s bon premier semestre.<\/span><\/span><\/span><\/h4>\n<p><span class=\"HwtZe\" lang=\"fr\"><span class=\"jCAhz ChMk0b\"><span class=\"ryNqvb\">La soci\u00e9t\u00e9 s&rsquo;attend \u00e0 voir son chiffre d&rsquo;affaires en 2023 augmenter jusqu&rsquo;\u00e0 16,5 milliards d&rsquo;euros, contre 15,5 milliards d&rsquo;euros pr\u00e9vus auparavant.<\/span><\/span> <span class=\"jCAhz ChMk0b\"><span class=\"ryNqvb\">Ceci est aliment\u00e9 par la bonne tenues des activit\u00e9s des composants pour l&rsquo;industrie et l&rsquo;\u00e9nergie.<\/span><\/span> <span class=\"jCAhz ChMk0b\"><span class=\"ryNqvb\">Le chiffre d&rsquo;affaires des segments Automotive (ATV) et Green Industrial Power (GIP)1 progresse significativement tandis que le segment Connected Secure Systems (CSS) enregistre une l\u00e9g\u00e8re progression de son chiffre d&rsquo;affaires.<\/span><\/span> <span class=\"jCAhz ChMk0b\"><span class=\"ryNqvb\">Cependant, le segment Power &amp; Sensor Systems (PSS) a connu une baisse significative comme pr\u00e9vu.<\/span><\/span> <\/span><\/p>\n<p><span class=\"HwtZe\" lang=\"fr\"><span class=\"jCAhz ChMk0b\"><span class=\"ryNqvb\">La soci\u00e9t\u00e9 a pr\u00e9vu de d\u00e9penser 3,0 milliards d&rsquo;euros en d\u00e9penses d&rsquo;investissement cette ann\u00e9e, et cette semaine elle a inaugur\u00e9 sa <a title=\"Smart Power Fab\" href=\"https:\/\/www.ecinews.fr\/fr\/infineon-renforce-lindustrie-europeenne-des-puces-avec-sa-smart-power-fab\/\" target=\"_blank\" rel=\"noopener\">smart power fab\u00a0<\/a> \u00e0 Dresde, en Allemagne, qui entrera en production en 2026.<\/span><\/span><\/span><\/p>\n<ul>\n<li><a href=\"https:\/\/www.eenewseurope.com\/en\/nxp-infineon-reported-to-be-in-tsmc-bosch-wafer-fab-team\/\">NXP, Infineon reported to be in TSMC, Bosch wafer fab team<\/a><\/li>\n<li><a href=\"https:\/\/www.eenewseurope.com\/en\/infineon-strengthens-europes-semiconductor-industry-with-smart-power-fab\/\">Infineon breaks ground on Smart Power fab<\/a><\/li>\n<\/ul>\n<p><span class=\"HwtZe\" lang=\"fr\"><span class=\"jCAhz ChMk0b\"><span class=\"ryNqvb\">\u00ab\u00a0La demande mondiale de semiconducteurs va cro\u00eetre fortement et de mani\u00e8re persistante compte tenu de la forte demande d&rsquo;\u00e9nergies renouvelables, de centres de donn\u00e9es et d&rsquo;\u00e9lectromobilit\u00e9. Notre nouvelle usine r\u00e9pondra aux demandes de nos clients dans la seconde moiti\u00e9 de la d\u00e9cennie. Ensemble, nous conduisons la d\u00e9carbonisation et la num\u00e9risation,<\/span><\/span> <span class=\"jCAhz ChMk0b\"><span class=\"ryNqvb\">\u00a0\u00bb a d\u00e9clar\u00e9 Jochen Hanebeck, PDG d&rsquo;Infineon.<\/span><\/span> <\/span><\/p>\n<p><span class=\"HwtZe\" lang=\"fr\"><span class=\"jCAhz ChMk0b\"><span class=\"ryNqvb\">Le deuxi\u00e8me trimestre a enregistr\u00e9 un chiffre d&rsquo;affaires de 4,119 milliards d&rsquo;euros, en hausse de 4 % par rapport au trimestre pr\u00e9c\u00e9dent et de 25 % par rapport au m\u00eame trimestre de l&rsquo;ann\u00e9e derni\u00e8re, avec des b\u00e9n\u00e9fices du deuxi\u00e8me trimestre 2023 de 826 millions d&rsquo;euros.<\/span><\/span><\/span><\/p>\n<p><span class=\"HwtZe\" lang=\"fr\"> <span class=\"jCAhz ChMk0b\"><span class=\"ryNqvb\">\u00ab\u00a0Infineon va tr\u00e8s bien. Nous constatons une forte croissance de nos activit\u00e9s li\u00e9es \u00e0 l&rsquo;\u00e9lectromobilit\u00e9, \u00e0 la production d&rsquo;\u00e9nergie renouvelable et aux infrastructures \u00e9nerg\u00e9tiques. Ce sont pr\u00e9cis\u00e9ment les applications cl\u00e9s que nous servons en termes de d\u00e9carbonisation\u00a0\u00bb, d\u00e9clare Hanebeck.<\/span><\/span> <\/span><\/p>\n<p><span class=\"HwtZe\" lang=\"fr\"><span class=\"jCAhz ChMk0b\"><span class=\"ryNqvb\">\u00ab\u00a0Bien qu&rsquo;une am\u00e9lioration des march\u00e9s des biens de consommation tels que les smartphones, les PC et les appareils \u00e9lectrom\u00e9nagers ne soit pas encore visible, nous sommes n\u00e9anmoins globalement tr\u00e8s confiants quant aux performances commerciales futures d&rsquo;Infineon. Nous r\u00e9visons donc \u00e0 la hausse nos attentes en mati\u00e8re de chiffre d&rsquo;affaires et de rentabilit\u00e9 pour l&rsquo;exercice en cours,<\/span><\/span> <span class=\"jCAhz ChMk0b\"><span class=\"ryNqvb\">comme d\u00e9j\u00e0 annonc\u00e9 fin mars.\u00a0\u00bb<\/span><\/span> <\/span><\/p>\n<p><span class=\"HwtZe\" lang=\"fr\"><span class=\"jCAhz ChMk0b\"><span class=\"ryNqvb\">Cela se traduira par un flux de tr\u00e9sorerie disponible ajust\u00e9 de 1,81 milliard d&rsquo;euros<\/span><\/span><\/span><\/p>\n<p>&nbsp;<\/p>\n<p><a href=\"http:\/\/www.infineon.com\">www.infineon.com<\/a><\/p>\n<p>&nbsp;<\/p>\n","protected":false},"excerpt":{"rendered":"<p>Infineon Technologies rel\u00e8ve ses pr\u00e9visions financi\u00e8res pour 2023 apr\u00e8s un tr\u00e8s bon premier semestre. La soci\u00e9t\u00e9 s&rsquo;attend \u00e0 voir son chiffre d&rsquo;affaires en 2023 augmenter jusqu&rsquo;\u00e0 16,5 milliards d&rsquo;euros, contre 15,5 milliards d&rsquo;euros pr\u00e9vus auparavant. Ceci est aliment\u00e9 par la bonne tenues des activit\u00e9s des composants pour l&rsquo;industrie et l&rsquo;\u00e9nergie. Le chiffre d&rsquo;affaires des segments [&hellip;]<\/p>\n","protected":false},"author":34,"featured_media":421083,"comment_status":"closed","ping_status":"closed","sticky":true,"template":"","format":"standard","meta":{"_acf_changed":false,"footnotes":""},"categories":[880],"tags":[3422,1558],"domains":[47],"ppma_author":[1153,1138],"class_list":["post-421127","post","type-post","status-publish","format-standard","has-post-thumbnail","hentry","category-actualites-economiques","tag-infineon-fr","tag-semiconducteurs","domains-electronique-eci"],"acf":[],"yoast_head":"<title>Infineon augmente ses perspectives pour 2023 \u00e0 16,5 milliards ...<\/title>\n<meta name=\"description\" content=\"Infineon Technologies augmente sa pr\u00e9vision pour 2023 jusqu&#039;\u00e0 16,5 milliards d&#039;euros, contre 15,5 milliards d&#039;euros pr\u00e9vus auparavant\" \/>\n<meta name=\"robots\" content=\"index, follow, max-snippet:-1, max-image-preview:large, max-video-preview:-1\" \/>\n<link rel=\"canonical\" href=\"https:\/\/www.ecinews.fr\/fr\/wp-json\/wp\/v2\/posts\/421127\/\" \/>\n<meta property=\"og:locale\" content=\"fr_FR\" \/>\n<meta property=\"og:type\" content=\"article\" \/>\n<meta property=\"og:title\" content=\"Infineon augmente ses perspectives pour 2023 \u00e0 16,5 milliards \u20ac\" \/>\n<meta property=\"og:description\" content=\"Infineon Technologies augmente sa pr\u00e9vision pour 2023 jusqu&#039;\u00e0 16,5 milliards d&#039;euros, contre 15,5 milliards d&#039;euros pr\u00e9vus auparavant\" \/>\n<meta property=\"og:url\" content=\"https:\/\/www.ecinews.fr\/fr\/wp-json\/wp\/v2\/posts\/421127\/\" \/>\n<meta property=\"og:site_name\" content=\"EENewsEurope\" \/>\n<meta property=\"article:published_time\" content=\"2023-05-06T15:21:47+00:00\" \/>\n<meta property=\"article:modified_time\" content=\"2023-05-07T16:15:16+00:00\" \/>\n<meta property=\"og:image\" content=\"https:\/\/www.eenewseurope.com\/wp-content\/uploads\/2023\/05\/Jochen_Hanebeck_CEO_Infineon-scaled.jpg\" \/>\n\t<meta property=\"og:image:width\" content=\"1080\" \/>\n\t<meta property=\"og:image:height\" content=\"720\" \/>\n\t<meta property=\"og:image:type\" content=\"image\/jpeg\" \/>\n<meta name=\"author\" content=\"A Delapalisse, Nick Flaherty\" \/>\n<meta name=\"twitter:card\" content=\"summary_large_image\" \/>\n<meta name=\"twitter:label1\" content=\"Written by\" \/>\n\t<meta name=\"twitter:data1\" content=\"A Delapalisse\" \/>\n\t<meta name=\"twitter:label2\" content=\"Est. reading time\" \/>\n\t<meta name=\"twitter:data2\" content=\"2 minutes\" \/>\n<script type=\"application\/ld+json\" class=\"yoast-schema-graph\">{\"@context\":\"https:\/\/schema.org\",\"@graph\":[{\"@type\":\"Article\",\"@id\":\"https:\/\/www.eenewseurope.com\/fr\/infineon-augmente-ses-perspectives-pour-2023-a-165-milliards-e\/#article\",\"isPartOf\":{\"@id\":\"https:\/\/www.eenewseurope.com\/fr\/infineon-augmente-ses-perspectives-pour-2023-a-165-milliards-e\/\"},\"author\":{\"name\":\"A Delapalisse\",\"@id\":\"https:\/\/www.ecinews.fr\/fr\/#\/schema\/person\/0aa2cfb0bd8949724a68cbac8d8321b4\"},\"headline\":\"Infineon augmente ses perspectives pour 2023 \u00e0 16,5 milliards \u20ac\",\"datePublished\":\"2023-05-06T15:21:47+00:00\",\"dateModified\":\"2023-05-07T16:15:16+00:00\",\"mainEntityOfPage\":{\"@id\":\"https:\/\/www.eenewseurope.com\/fr\/infineon-augmente-ses-perspectives-pour-2023-a-165-milliards-e\/\"},\"wordCount\":429,\"publisher\":{\"@id\":\"https:\/\/www.ecinews.fr\/fr\/#organization\"},\"keywords\":[\"Infineon\",\"Semiconducteurs\"],\"articleSection\":[\"Actualit\u00e9s \u00e9conomiques\"],\"inLanguage\":\"fr-FR\"},{\"@type\":\"WebPage\",\"@id\":\"https:\/\/www.eenewseurope.com\/fr\/infineon-augmente-ses-perspectives-pour-2023-a-165-milliards-e\/\",\"url\":\"https:\/\/www.eenewseurope.com\/fr\/infineon-augmente-ses-perspectives-pour-2023-a-165-milliards-e\/\",\"name\":\"Infineon augmente ses perspectives pour 2023 \u00e0 16,5 milliards \u20ac -\",\"isPartOf\":{\"@id\":\"https:\/\/www.ecinews.fr\/fr\/#website\"},\"datePublished\":\"2023-05-06T15:21:47+00:00\",\"dateModified\":\"2023-05-07T16:15:16+00:00\",\"description\":\"Infineon Technologies augmente sa pr\u00e9vision pour 2023 jusqu'\u00e0 16,5 milliards d'euros, contre 15,5 milliards d'euros pr\u00e9vus auparavant\",\"breadcrumb\":{\"@id\":\"https:\/\/www.eenewseurope.com\/fr\/infineon-augmente-ses-perspectives-pour-2023-a-165-milliards-e\/#breadcrumb\"},\"inLanguage\":\"fr-FR\",\"potentialAction\":[{\"@type\":\"ReadAction\",\"target\":[\"https:\/\/www.eenewseurope.com\/fr\/infineon-augmente-ses-perspectives-pour-2023-a-165-milliards-e\/\"]}]},{\"@type\":\"BreadcrumbList\",\"@id\":\"https:\/\/www.eenewseurope.com\/fr\/infineon-augmente-ses-perspectives-pour-2023-a-165-milliards-e\/#breadcrumb\",\"itemListElement\":[{\"@type\":\"ListItem\",\"position\":1,\"name\":\"Home\",\"item\":\"https:\/\/www.ecinews.fr\/fr\/\"},{\"@type\":\"ListItem\",\"position\":2,\"name\":\"Infineon augmente ses perspectives pour 2023 \u00e0 16,5 milliards \u20ac\"}]},{\"@type\":\"WebSite\",\"@id\":\"https:\/\/www.ecinews.fr\/fr\/#website\",\"url\":\"https:\/\/www.ecinews.fr\/fr\/\",\"name\":\"EENewsEurope\",\"description\":\"Just another WordPress site\",\"publisher\":{\"@id\":\"https:\/\/www.ecinews.fr\/fr\/#organization\"},\"potentialAction\":[{\"@type\":\"SearchAction\",\"target\":{\"@type\":\"EntryPoint\",\"urlTemplate\":\"https:\/\/www.ecinews.fr\/fr\/?s={search_term_string}\"},\"query-input\":\"required name=search_term_string\"}],\"inLanguage\":\"fr-FR\"},{\"@type\":\"Organization\",\"@id\":\"https:\/\/www.ecinews.fr\/fr\/#organization\",\"name\":\"EENewsEurope\",\"url\":\"https:\/\/www.ecinews.fr\/fr\/\",\"logo\":{\"@type\":\"ImageObject\",\"inLanguage\":\"fr-FR\",\"@id\":\"https:\/\/www.ecinews.fr\/fr\/#\/schema\/logo\/image\/\",\"url\":\"https:\/\/www.ecinews.fr\/wp-content\/uploads\/2022\/02\/logo-1.jpg\",\"contentUrl\":\"https:\/\/www.ecinews.fr\/wp-content\/uploads\/2022\/02\/logo-1.jpg\",\"width\":283,\"height\":113,\"caption\":\"EENewsEurope\"},\"image\":{\"@id\":\"https:\/\/www.ecinews.fr\/fr\/#\/schema\/logo\/image\/\"}},{\"@type\":\"Person\",\"@id\":\"https:\/\/www.ecinews.fr\/fr\/#\/schema\/person\/0aa2cfb0bd8949724a68cbac8d8321b4\",\"name\":\"A Delapalisse\",\"image\":{\"@type\":\"ImageObject\",\"inLanguage\":\"fr-FR\",\"@id\":\"https:\/\/www.ecinews.fr\/fr\/#\/schema\/person\/image\/211ac42237c2e9683c0964086c393cb4\",\"url\":\"https:\/\/secure.gravatar.com\/avatar\/ad45a8c5da24bc9c7c4940dd1c48a695?s=96&d=mm&r=g\",\"contentUrl\":\"https:\/\/secure.gravatar.com\/avatar\/ad45a8c5da24bc9c7c4940dd1c48a695?s=96&d=mm&r=g\",\"caption\":\"A Delapalisse\"},\"sameAs\":[\"http:\/\/ECI\"]}]}<\/script>","yoast_head_json":{"title":"Infineon augmente ses perspectives pour 2023 \u00e0 16,5 milliards ...","description":"Infineon Technologies augmente sa pr\u00e9vision pour 2023 jusqu'\u00e0 16,5 milliards d'euros, contre 15,5 milliards d'euros pr\u00e9vus auparavant","robots":{"index":"index","follow":"follow","max-snippet":"max-snippet:-1","max-image-preview":"max-image-preview:large","max-video-preview":"max-video-preview:-1"},"canonical":"https:\/\/www.ecinews.fr\/fr\/wp-json\/wp\/v2\/posts\/421127\/","og_locale":"fr_FR","og_type":"article","og_title":"Infineon augmente ses perspectives pour 2023 \u00e0 16,5 milliards \u20ac","og_description":"Infineon Technologies augmente sa pr\u00e9vision pour 2023 jusqu'\u00e0 16,5 milliards d'euros, contre 15,5 milliards d'euros pr\u00e9vus auparavant","og_url":"https:\/\/www.ecinews.fr\/fr\/wp-json\/wp\/v2\/posts\/421127\/","og_site_name":"EENewsEurope","article_published_time":"2023-05-06T15:21:47+00:00","article_modified_time":"2023-05-07T16:15:16+00:00","og_image":[{"width":1080,"height":720,"url":"https:\/\/www.eenewseurope.com\/wp-content\/uploads\/2023\/05\/Jochen_Hanebeck_CEO_Infineon-scaled.jpg","type":"image\/jpeg"}],"author":"A Delapalisse, Nick Flaherty","twitter_card":"summary_large_image","twitter_misc":{"Written by":"A Delapalisse","Est. reading time":"2 minutes"},"schema":{"@context":"https:\/\/schema.org","@graph":[{"@type":"Article","@id":"https:\/\/www.eenewseurope.com\/fr\/infineon-augmente-ses-perspectives-pour-2023-a-165-milliards-e\/#article","isPartOf":{"@id":"https:\/\/www.eenewseurope.com\/fr\/infineon-augmente-ses-perspectives-pour-2023-a-165-milliards-e\/"},"author":{"name":"A Delapalisse","@id":"https:\/\/www.ecinews.fr\/fr\/#\/schema\/person\/0aa2cfb0bd8949724a68cbac8d8321b4"},"headline":"Infineon augmente ses perspectives pour 2023 \u00e0 16,5 milliards \u20ac","datePublished":"2023-05-06T15:21:47+00:00","dateModified":"2023-05-07T16:15:16+00:00","mainEntityOfPage":{"@id":"https:\/\/www.eenewseurope.com\/fr\/infineon-augmente-ses-perspectives-pour-2023-a-165-milliards-e\/"},"wordCount":429,"publisher":{"@id":"https:\/\/www.ecinews.fr\/fr\/#organization"},"keywords":["Infineon","Semiconducteurs"],"articleSection":["Actualit\u00e9s \u00e9conomiques"],"inLanguage":"fr-FR"},{"@type":"WebPage","@id":"https:\/\/www.eenewseurope.com\/fr\/infineon-augmente-ses-perspectives-pour-2023-a-165-milliards-e\/","url":"https:\/\/www.eenewseurope.com\/fr\/infineon-augmente-ses-perspectives-pour-2023-a-165-milliards-e\/","name":"Infineon augmente ses perspectives pour 2023 \u00e0 16,5 milliards \u20ac -","isPartOf":{"@id":"https:\/\/www.ecinews.fr\/fr\/#website"},"datePublished":"2023-05-06T15:21:47+00:00","dateModified":"2023-05-07T16:15:16+00:00","description":"Infineon Technologies augmente sa pr\u00e9vision pour 2023 jusqu'\u00e0 16,5 milliards d'euros, contre 15,5 milliards d'euros pr\u00e9vus auparavant","breadcrumb":{"@id":"https:\/\/www.eenewseurope.com\/fr\/infineon-augmente-ses-perspectives-pour-2023-a-165-milliards-e\/#breadcrumb"},"inLanguage":"fr-FR","potentialAction":[{"@type":"ReadAction","target":["https:\/\/www.eenewseurope.com\/fr\/infineon-augmente-ses-perspectives-pour-2023-a-165-milliards-e\/"]}]},{"@type":"BreadcrumbList","@id":"https:\/\/www.eenewseurope.com\/fr\/infineon-augmente-ses-perspectives-pour-2023-a-165-milliards-e\/#breadcrumb","itemListElement":[{"@type":"ListItem","position":1,"name":"Home","item":"https:\/\/www.ecinews.fr\/fr\/"},{"@type":"ListItem","position":2,"name":"Infineon augmente ses perspectives pour 2023 \u00e0 16,5 milliards \u20ac"}]},{"@type":"WebSite","@id":"https:\/\/www.ecinews.fr\/fr\/#website","url":"https:\/\/www.ecinews.fr\/fr\/","name":"EENewsEurope","description":"Just another WordPress site","publisher":{"@id":"https:\/\/www.ecinews.fr\/fr\/#organization"},"potentialAction":[{"@type":"SearchAction","target":{"@type":"EntryPoint","urlTemplate":"https:\/\/www.ecinews.fr\/fr\/?s={search_term_string}"},"query-input":"required name=search_term_string"}],"inLanguage":"fr-FR"},{"@type":"Organization","@id":"https:\/\/www.ecinews.fr\/fr\/#organization","name":"EENewsEurope","url":"https:\/\/www.ecinews.fr\/fr\/","logo":{"@type":"ImageObject","inLanguage":"fr-FR","@id":"https:\/\/www.ecinews.fr\/fr\/#\/schema\/logo\/image\/","url":"https:\/\/www.ecinews.fr\/wp-content\/uploads\/2022\/02\/logo-1.jpg","contentUrl":"https:\/\/www.ecinews.fr\/wp-content\/uploads\/2022\/02\/logo-1.jpg","width":283,"height":113,"caption":"EENewsEurope"},"image":{"@id":"https:\/\/www.ecinews.fr\/fr\/#\/schema\/logo\/image\/"}},{"@type":"Person","@id":"https:\/\/www.ecinews.fr\/fr\/#\/schema\/person\/0aa2cfb0bd8949724a68cbac8d8321b4","name":"A Delapalisse","image":{"@type":"ImageObject","inLanguage":"fr-FR","@id":"https:\/\/www.ecinews.fr\/fr\/#\/schema\/person\/image\/211ac42237c2e9683c0964086c393cb4","url":"https:\/\/secure.gravatar.com\/avatar\/ad45a8c5da24bc9c7c4940dd1c48a695?s=96&d=mm&r=g","contentUrl":"https:\/\/secure.gravatar.com\/avatar\/ad45a8c5da24bc9c7c4940dd1c48a695?s=96&d=mm&r=g","caption":"A Delapalisse"},"sameAs":["http:\/\/ECI"]}]}},"authors":[{"term_id":1153,"user_id":34,"is_guest":0,"slug":"adelapalisse","display_name":"A Delapalisse","avatar_url":"https:\/\/secure.gravatar.com\/avatar\/ad45a8c5da24bc9c7c4940dd1c48a695?s=96&d=mm&r=g","0":null,"1":"","2":"","3":"","4":"","5":"","6":"","7":"","8":""},{"term_id":1138,"user_id":6,"is_guest":0,"slug":"flaherty","display_name":"Nick Flaherty","avatar_url":"https:\/\/secure.gravatar.com\/avatar\/49bd04ef46c3ee89575adaf950e76b64?s=96&d=mm&r=g","0":null,"1":"","2":"","3":"","4":"","5":"","6":"","7":"","8":""}],"_links":{"self":[{"href":"https:\/\/www.ecinews.fr\/fr\/wp-json\/wp\/v2\/posts\/421127"}],"collection":[{"href":"https:\/\/www.ecinews.fr\/fr\/wp-json\/wp\/v2\/posts"}],"about":[{"href":"https:\/\/www.ecinews.fr\/fr\/wp-json\/wp\/v2\/types\/post"}],"author":[{"embeddable":true,"href":"https:\/\/www.ecinews.fr\/fr\/wp-json\/wp\/v2\/users\/34"}],"replies":[{"embeddable":true,"href":"https:\/\/www.ecinews.fr\/fr\/wp-json\/wp\/v2\/comments?post=421127"}],"version-history":[{"count":0,"href":"https:\/\/www.ecinews.fr\/fr\/wp-json\/wp\/v2\/posts\/421127\/revisions"}],"wp:featuredmedia":[{"embeddable":true,"href":"https:\/\/www.ecinews.fr\/fr\/wp-json\/wp\/v2\/media\/421083"}],"wp:attachment":[{"href":"https:\/\/www.ecinews.fr\/fr\/wp-json\/wp\/v2\/media?parent=421127"}],"wp:term":[{"taxonomy":"category","embeddable":true,"href":"https:\/\/www.ecinews.fr\/fr\/wp-json\/wp\/v2\/categories?post=421127"},{"taxonomy":"post_tag","embeddable":true,"href":"https:\/\/www.ecinews.fr\/fr\/wp-json\/wp\/v2\/tags?post=421127"},{"taxonomy":"domains","embeddable":true,"href":"https:\/\/www.ecinews.fr\/fr\/wp-json\/wp\/v2\/domains?post=421127"},{"taxonomy":"author","embeddable":true,"href":"https:\/\/www.ecinews.fr\/fr\/wp-json\/wp\/v2\/ppma_author?post=421127"}],"curies":[{"name":"wp","href":"https:\/\/api.w.org\/{rel}","templated":true}]}}