{"id":421091,"date":"2023-05-04T21:40:40","date_gmt":"2023-05-04T19:40:40","guid":{"rendered":"https:\/\/www.eenewseurope.com\/?p=421091"},"modified":"2023-05-04T21:42:49","modified_gmt":"2023-05-04T19:42:49","slug":"infineon-renforce-lindustrie-europeenne-des-puces-avec-sa-smart-power-fab","status":"publish","type":"post","link":"https:\/\/www.ecinews.fr\/fr\/infineon-renforce-lindustrie-europeenne-des-puces-avec-sa-smart-power-fab\/","title":{"rendered":"Infineon renforce l&rsquo;industrie europ\u00e9enne des puces avec sa \u00ab\u00a0Smart Power Fab\u00a0\u00bb"},"content":{"rendered":"<h2 style=\"font-weight: 400;\"><span class=\"HwtZe\" lang=\"fr\"><span class=\"jCAhz ChMk0b\"><span class=\"ryNqvb\">Mardi 2 mai, Infineon a pos\u00e9 la premi\u00e8re pierre en grande pompe de sa nouvelle fab de semiconducteurs \u00e0 Dresde.<\/span><\/span> <span class=\"jCAhz ChMk0b\"><span class=\"ryNqvb\">L&rsquo;entreprise compte augmenter sa capacit\u00e9 de production d&rsquo;un bon tiers.<\/span><\/span><\/span><\/h2>\n<p><span class=\"HwtZe\" lang=\"fr\">\u00a0<\/span><\/p>\n<p><span class=\"HwtZe\" lang=\"fr\"><span class=\"jCAhz ChMk0b\"><span class=\"ryNqvb\">Des visiteurs de haut niveau \u00e9taient attendus : outre le chancelier allemand Olaf Scholz, la pr\u00e9sidente de la Commission europ\u00e9enne, Ursula von der Leyen, devait se rendre \u00e0 la c\u00e9r\u00e9monie d&rsquo;inauguration de la nouvelle usine de semi-onducteurs de Dresde.<\/span><\/span> <span class=\"jCAhz ChMk0b\"><span class=\"ryNqvb\">La pr\u00e9sence d&rsquo;hommes politiques de haut niveau souligne l&rsquo;importance que cette usine de fabrication aura pour l&rsquo;industrie europ\u00e9enne des semiconducteurs : ce sera la premi\u00e8re installation de ce type \u00e0 recevoir un financement au titre de la loi europ\u00e9enne sur les puces \u00ab\u00a0European Chips Act\u00a0\u00bb.<\/span><\/span> <span class=\"jCAhz ChMk0b\"><span class=\"ryNqvb\">L&rsquo;objectif de ce paquet de mesures est de faire passer la part de l&rsquo;Europe dans le volume de production mondial de semiconducteurs de moins de 10 % actuellement \u00e0 20 %.<\/span><\/span><\/span><\/p>\n<p style=\"font-weight: 400;\"><span class=\"HwtZe\" lang=\"fr\"><span class=\"jCAhz ChMk0b\"><span class=\"ryNqvb\">\u00c0 cette fin, Infineon devrait recevoir une subvention d&rsquo;environ 1 milliard d&rsquo;euros.<\/span><\/span> <span class=\"jCAhz ChMk0b\"><span class=\"ryNqvb\">Cependant, si la subvention a \u00e9t\u00e9 demand\u00e9e elle n&rsquo;a pas encore \u00e9t\u00e9 officiellement approuv\u00e9e.<\/span><\/span> <span class=\"jCAhz ChMk0b\"><span class=\"ryNqvb\">Si l&rsquo;administration europ\u00e9enne et le gouvernement allemand approuvent la demande, Infineon recevra ainsi 20% du volume d&rsquo;investissement pour le nouveau b\u00e2timent \u00e0 Dresde &#8211; le co\u00fbt total de l&rsquo;usine est actuellement annonc\u00e9 \u00e0 5 milliards d&rsquo;euros.<\/span><\/span> <\/span><\/p>\n<h2 style=\"font-weight: 400;\"><span class=\"HwtZe\" lang=\"fr\"><span class=\"jCAhz ChMk0b\"><span class=\"ryNqvb\">Dresde et les fabs de Villach seront fusionn\u00e9es en une seule &lsquo;fab virtuelle&rsquo;<\/span><\/span><\/span><\/h2>\n<p style=\"font-weight: 400;\"><span class=\"HwtZe\" lang=\"fr\"><span class=\"jCAhz ChMk0b\"><span class=\"ryNqvb\">Techniquement, le nouveau b\u00e2timent repr\u00e9sente une extension de l&rsquo;usine de production existante d&rsquo;Infineon \u00e0 Dresde.<\/span><\/span> <span class=\"jCAhz ChMk0b\"><span class=\"ryNqvb\">L&rsquo;espace de salle blanche suppl\u00e9mentaire fourni par le nouveau \u00ab\u00a0Smart Power Fab\u00a0\u00bb devrait repr\u00e9senter 40 \u00e0 50 % de l&rsquo;espace de salle blanche existant de 40 000 m\u00e8tres carr\u00e9s.<\/span><\/span> <span class=\"jCAhz ChMk0b\"><span class=\"ryNqvb\">Infineon s&rsquo;attend \u00e0 ce que l&rsquo;expansion de sa production largement automatis\u00e9e cr\u00e9e environ 1 000 emplois suppl\u00e9mentaires.<\/span><\/span> <span class=\"jCAhz ChMk0b\"><span class=\"ryNqvb\">La nouvelle usine de 300 mm fabriquera des produits \u00e0 signaux analogiques\/mixtes et des composants \u00e9lectroniques de puissance.<\/span><\/span> <span class=\"jCAhz ChMk0b\"><span class=\"ryNqvb\">Les applications cibles des produits sont les alimentations \u00e9lectriques, les contr\u00f4leurs de petits moteurs pour les voitures, les centres de donn\u00e9es et l&rsquo;IoT.<\/span><\/span> <span class=\"jCAhz ChMk0b\"><span class=\"ryNqvb\">Pour accro\u00eetre son efficacit\u00e9 et sa flexibilit\u00e9 de fabrication, Infineon a l&rsquo;intention de fusionner la Dresden Smart Power Fab avec sa power fab de Villach (Autriche) pour former une \u00ab\u00a0fab virtuelle\u00a0\u00bb unique.<\/span><\/span><\/span><\/p>\n<p style=\"font-weight: 400;\">\u00a0<\/p>\n<ul style=\"list-style-type: circle;\">\n<li style=\"font-weight: 400;\"><a href=\"https:\/\/www.eenewseurope.com\/en\/chip-firms-are-spending-500-billion-on-84-wafer-fabs\/\">Chip firms are spending $500 billion on 84 wafer fabs<\/a><\/li>\n<li style=\"font-weight: 400;\"><a href=\"https:\/\/www.eenewseurope.com\/en\/south-korea-tables-35-tax-break-for-chip-capex\/\">South Korea tables 35% tax break for chip capex<\/a><\/li>\n<\/ul>\n<p><span class=\"HwtZe\" lang=\"fr\"><span class=\"jCAhz ChMk0b\"><span class=\"ryNqvb\">L&rsquo;extension du site de fabrication d&rsquo;Infineon renforce \u00e9galement l&rsquo;\u00e9cosyst\u00e8me high-tech \u00ab\u00a0Silicon Saxony\u00a0\u00bb.<\/span><\/span> <span class=\"jCAhz ChMk0b\"><span class=\"ryNqvb\">Jusqu&rsquo;\u00e0 pr\u00e9sent, environ 2500 entreprises de la cha\u00eene de valeur des semiconducteurs s&rsquo;y sont install\u00e9es ;<\/span><\/span> <span class=\"jCAhz ChMk0b\"><span class=\"ryNqvb\">au total, l&rsquo;industrie emploie environ 70 000 personnes dans la r\u00e9gion de Dresde.<\/span><\/span> <span class=\"jCAhz ChMk0b\"><span class=\"ryNqvb\">En outre, neuf universit\u00e9s et instituts de recherche sont \u00e9galement actifs dans ce domaine.<\/span><\/span> <span class=\"jCAhz ChMk0b\"><span class=\"ryNqvb\">Selon Infineon, une puce sur trois fabriqu\u00e9e en Europe provient de Dresde, o\u00f9 outre Infineon, Globalfoundries, Bosch et X-Fab exploitent \u00e9galement de grandes installations de production.<\/span><\/span><\/span><\/p>\n<p style=\"font-weight: 400;\"><span class=\"HwtZe\" lang=\"fr\"><span class=\"jCAhz ChMk0b\"><span class=\"ryNqvb\">Mais le nouveau b\u00e2timent d&rsquo;Infineon sera loin d&rsquo;\u00eatre suffisant pour atteindre l&rsquo;objectif ambitieux de von der Leyen d&rsquo;une part de 20 % de l&rsquo;Europe dans la capacit\u00e9 mondiale des semiconducteurs.<\/span><\/span> <span class=\"jCAhz ChMk0b\"><span class=\"ryNqvb\">Ondrej Burkacky, expert en semiconducteurs au cabinet de conseil McKinsey, estime qu&rsquo;il faudrait 30 usines de puces suppl\u00e9mentaires.<\/span><\/span> <span class=\"jCAhz ChMk0b\"><span class=\"ryNqvb\">De plus, la concurrence ne dort pas non plus : TSMC, la plus grande fonderie de puces au monde, a l&rsquo;intention de construire prochainement une nouvelle fab en Arizona, aux \u00c9tats-Unis.<\/span><\/span> <span class=\"jCAhz ChMk0b\"><span class=\"ryNqvb\">Avec un investissement de plus de 40 milliards de dollars, elle est bien plus grande que la nouvelle usine d&rsquo;Infineon.<\/span><\/span><\/span><\/p>\n<p style=\"font-weight: 400;\">\u00a0<\/p>\n<p style=\"font-weight: 400;\"><a href=\"http:\/\/www.infineon.com\/\">www.infineon.com<\/a><\/p>\n<p style=\"font-weight: 400;\"><strong>Related articles<\/strong><\/p>\n<p style=\"font-weight: 400;\"><a href=\"https:\/\/www.eenewseurope.com\/en\/tsmc-could-partner-with-bosch-for-28nm-fab-in-germany\/\">TSMC could partner with Bosch for 28nm fab in Germany<\/a><\/p>\n<p style=\"font-weight: 400;\"><a href=\"https:\/\/www.eenewseurope.com\/en\/tsmcs-dresden-fab-talks-reach-advanced-stage-says-report\/\">TSMC\u2019s Dresden fab talks reach advanced stage, says report<\/a><\/p>\n<p style=\"font-weight: 400;\"><a href=\"https:\/\/www.eenewseurope.com\/en\/infineon-ready-to-spend-billions-on-acquisitions-says-ceo\/\">Infineon ready to spend \u2018billions\u2019 on acquisitions, says CE<\/a><\/p>\n<p style=\"font-weight: 400;\"><a href=\"https:\/\/www.eenewseurope.com\/en\/wolfspeed-zf-plan-worlds-largest-sic-production-line\/\">Wolfspeed, ZF plan world\u2019s largest SiC production line<\/a><\/p>\n<p style=\"font-weight: 400;\"><a href=\"https:\/\/www.eenewseurope.com\/en\/bosch-plans-billion-takeover-in-u-s-sic-market\/\">Bosch plans $ billion takeover in U.S. SiC market<\/a><\/p>\n<p style=\"font-weight: 400;\"><a href=\"https:\/\/www.eenewseurope.com\/en\/infineon-renames-power-control-division-to-green-industrial-power-gip\/\">Infineon renames power control division to Green Industrial Power (GIP)<\/a><\/p>\n<p style=\"font-weight: 400;\"><a href=\"https:\/\/www.eenewseurope.com\/en\/infineon-delta-electronics-jointly-develop-automotive-semiconductors\/\">Infineon, Delta Electronics jointly develop automotive semiconductors<\/a><\/p>\n<p style=\"font-weight: 400;\">\u00a0<\/p>\n","protected":false},"excerpt":{"rendered":"<p>Mardi 2 mai, Infineon a pos\u00e9 la premi\u00e8re pierre en grande pompe de sa nouvelle fab de semiconducteurs \u00e0 Dresde. L&rsquo;entreprise compte augmenter sa capacit\u00e9 de production d&rsquo;un bon tiers. \u00a0 Des visiteurs de haut niveau \u00e9taient attendus : outre le chancelier allemand Olaf Scholz, la pr\u00e9sidente de la Commission europ\u00e9enne, Ursula von der Leyen, [&hellip;]<\/p>\n","protected":false},"author":34,"featured_media":420677,"comment_status":"closed","ping_status":"closed","sticky":false,"template":"","format":"standard","meta":{"_acf_changed":false,"footnotes":""},"categories":[880],"tags":[1558],"domains":[47],"ppma_author":[1153,1140],"class_list":["post-421091","post","type-post","status-publish","format-standard","has-post-thumbnail","hentry","category-actualites-economiques","tag-semiconducteurs","domains-electronique-eci"],"acf":[],"yoast_head":"<title>Infineon renforce l&#039;industrie europ\u00e9enne des puces avec sa &quot;Sm...<\/title>\n<meta name=\"description\" content=\"Infineon renforce l&#039;industrie europ\u00e9enne des puces avec sa &quot;Smart Power Fab&quot; qui augmente sa capacit\u00e9 de production d&#039;un bon tiers\" \/>\n<meta name=\"robots\" content=\"index, follow, max-snippet:-1, max-image-preview:large, max-video-preview:-1\" \/>\n<link rel=\"canonical\" href=\"https:\/\/www.ecinews.fr\/fr\/wp-json\/wp\/v2\/posts\/421091\/\" \/>\n<meta property=\"og:locale\" content=\"fr_FR\" \/>\n<meta property=\"og:type\" content=\"article\" \/>\n<meta property=\"og:title\" content=\"Infineon renforce l&#039;industrie europ\u00e9enne des puces avec sa &quot;Smart Power Fab&quot;\" \/>\n<meta property=\"og:description\" content=\"Infineon renforce l&#039;industrie europ\u00e9enne des puces avec sa &quot;Smart Power Fab&quot; qui augmente sa capacit\u00e9 de production d&#039;un bon tiers\" \/>\n<meta property=\"og:url\" content=\"https:\/\/www.ecinews.fr\/fr\/wp-json\/wp\/v2\/posts\/421091\/\" \/>\n<meta property=\"og:site_name\" content=\"EENewsEurope\" \/>\n<meta property=\"article:published_time\" content=\"2023-05-04T19:40:40+00:00\" \/>\n<meta property=\"article:modified_time\" content=\"2023-05-04T19:42:49+00:00\" \/>\n<meta property=\"og:image\" content=\"https:\/\/www.ecinews.fr\/wp-content\/uploads\/2023\/05\/300mm-Smart-Power-Fab-Dresden-scaled.jpg\" \/>\n\t<meta property=\"og:image:width\" content=\"1080\" \/>\n\t<meta property=\"og:image:height\" content=\"630\" \/>\n\t<meta property=\"og:image:type\" content=\"image\/jpeg\" \/>\n<meta name=\"author\" content=\"A Delapalisse, Christoph Hammerschmidt\" \/>\n<meta name=\"twitter:card\" content=\"summary_large_image\" \/>\n<meta name=\"twitter:label1\" content=\"Written by\" \/>\n\t<meta name=\"twitter:data1\" content=\"A Delapalisse\" \/>\n\t<meta name=\"twitter:label2\" content=\"Est. reading time\" \/>\n\t<meta name=\"twitter:data2\" content=\"3 minutes\" \/>\n<script type=\"application\/ld+json\" class=\"yoast-schema-graph\">{\"@context\":\"https:\/\/schema.org\",\"@graph\":[{\"@type\":\"Article\",\"@id\":\"https:\/\/www.ecinews.fr\/fr\/infineon-renforce-lindustrie-europeenne-des-puces-avec-sa-smart-power-fab\/#article\",\"isPartOf\":{\"@id\":\"https:\/\/www.ecinews.fr\/fr\/infineon-renforce-lindustrie-europeenne-des-puces-avec-sa-smart-power-fab\/\"},\"author\":{\"name\":\"A Delapalisse\",\"@id\":\"https:\/\/www.ecinews.fr\/fr\/#\/schema\/person\/0aa2cfb0bd8949724a68cbac8d8321b4\"},\"headline\":\"Infineon renforce l&rsquo;industrie europ\u00e9enne des puces avec sa \u00ab\u00a0Smart Power Fab\u00a0\u00bb\",\"datePublished\":\"2023-05-04T19:40:40+00:00\",\"dateModified\":\"2023-05-04T19:42:49+00:00\",\"mainEntityOfPage\":{\"@id\":\"https:\/\/www.ecinews.fr\/fr\/infineon-renforce-lindustrie-europeenne-des-puces-avec-sa-smart-power-fab\/\"},\"wordCount\":667,\"publisher\":{\"@id\":\"https:\/\/www.ecinews.fr\/fr\/#organization\"},\"keywords\":[\"Semiconducteurs\"],\"articleSection\":[\"Actualit\u00e9s \u00e9conomiques\"],\"inLanguage\":\"fr-FR\"},{\"@type\":\"WebPage\",\"@id\":\"https:\/\/www.ecinews.fr\/fr\/infineon-renforce-lindustrie-europeenne-des-puces-avec-sa-smart-power-fab\/\",\"url\":\"https:\/\/www.ecinews.fr\/fr\/infineon-renforce-lindustrie-europeenne-des-puces-avec-sa-smart-power-fab\/\",\"name\":\"Infineon renforce l'industrie europ\u00e9enne des puces avec sa \\\"Smart Power Fab\\\" -\",\"isPartOf\":{\"@id\":\"https:\/\/www.ecinews.fr\/fr\/#website\"},\"datePublished\":\"2023-05-04T19:40:40+00:00\",\"dateModified\":\"2023-05-04T19:42:49+00:00\",\"description\":\"Infineon renforce l'industrie europ\u00e9enne des puces avec sa \\\"Smart Power Fab\\\" qui augmente sa capacit\u00e9 de production d'un bon tiers\",\"breadcrumb\":{\"@id\":\"https:\/\/www.ecinews.fr\/fr\/infineon-renforce-lindustrie-europeenne-des-puces-avec-sa-smart-power-fab\/#breadcrumb\"},\"inLanguage\":\"fr-FR\",\"potentialAction\":[{\"@type\":\"ReadAction\",\"target\":[\"https:\/\/www.ecinews.fr\/fr\/infineon-renforce-lindustrie-europeenne-des-puces-avec-sa-smart-power-fab\/\"]}]},{\"@type\":\"BreadcrumbList\",\"@id\":\"https:\/\/www.ecinews.fr\/fr\/infineon-renforce-lindustrie-europeenne-des-puces-avec-sa-smart-power-fab\/#breadcrumb\",\"itemListElement\":[{\"@type\":\"ListItem\",\"position\":1,\"name\":\"Home\",\"item\":\"https:\/\/www.ecinews.fr\/fr\/\"},{\"@type\":\"ListItem\",\"position\":2,\"name\":\"Infineon renforce l&rsquo;industrie europ\u00e9enne des puces avec sa \u00ab\u00a0Smart Power Fab\u00a0\u00bb\"}]},{\"@type\":\"WebSite\",\"@id\":\"https:\/\/www.ecinews.fr\/fr\/#website\",\"url\":\"https:\/\/www.ecinews.fr\/fr\/\",\"name\":\"EENewsEurope\",\"description\":\"Just another WordPress site\",\"publisher\":{\"@id\":\"https:\/\/www.ecinews.fr\/fr\/#organization\"},\"potentialAction\":[{\"@type\":\"SearchAction\",\"target\":{\"@type\":\"EntryPoint\",\"urlTemplate\":\"https:\/\/www.ecinews.fr\/fr\/?s={search_term_string}\"},\"query-input\":\"required name=search_term_string\"}],\"inLanguage\":\"fr-FR\"},{\"@type\":\"Organization\",\"@id\":\"https:\/\/www.ecinews.fr\/fr\/#organization\",\"name\":\"EENewsEurope\",\"url\":\"https:\/\/www.ecinews.fr\/fr\/\",\"logo\":{\"@type\":\"ImageObject\",\"inLanguage\":\"fr-FR\",\"@id\":\"https:\/\/www.ecinews.fr\/fr\/#\/schema\/logo\/image\/\",\"url\":\"https:\/\/www.ecinews.fr\/wp-content\/uploads\/2022\/02\/logo-1.jpg\",\"contentUrl\":\"https:\/\/www.ecinews.fr\/wp-content\/uploads\/2022\/02\/logo-1.jpg\",\"width\":283,\"height\":113,\"caption\":\"EENewsEurope\"},\"image\":{\"@id\":\"https:\/\/www.ecinews.fr\/fr\/#\/schema\/logo\/image\/\"}},{\"@type\":\"Person\",\"@id\":\"https:\/\/www.ecinews.fr\/fr\/#\/schema\/person\/0aa2cfb0bd8949724a68cbac8d8321b4\",\"name\":\"A Delapalisse\",\"image\":{\"@type\":\"ImageObject\",\"inLanguage\":\"fr-FR\",\"@id\":\"https:\/\/www.ecinews.fr\/fr\/#\/schema\/person\/image\/211ac42237c2e9683c0964086c393cb4\",\"url\":\"https:\/\/secure.gravatar.com\/avatar\/ad45a8c5da24bc9c7c4940dd1c48a695?s=96&d=mm&r=g\",\"contentUrl\":\"https:\/\/secure.gravatar.com\/avatar\/ad45a8c5da24bc9c7c4940dd1c48a695?s=96&d=mm&r=g\",\"caption\":\"A Delapalisse\"},\"sameAs\":[\"http:\/\/ECI\"]}]}<\/script>","yoast_head_json":{"title":"Infineon renforce l'industrie europ\u00e9enne des puces avec sa \"Sm...","description":"Infineon renforce l'industrie europ\u00e9enne des puces avec sa \"Smart Power Fab\" qui augmente sa capacit\u00e9 de production d'un bon tiers","robots":{"index":"index","follow":"follow","max-snippet":"max-snippet:-1","max-image-preview":"max-image-preview:large","max-video-preview":"max-video-preview:-1"},"canonical":"https:\/\/www.ecinews.fr\/fr\/wp-json\/wp\/v2\/posts\/421091\/","og_locale":"fr_FR","og_type":"article","og_title":"Infineon renforce l'industrie europ\u00e9enne des puces avec sa \"Smart Power Fab\"","og_description":"Infineon renforce l'industrie europ\u00e9enne des puces avec sa \"Smart Power Fab\" qui augmente sa capacit\u00e9 de production d'un bon tiers","og_url":"https:\/\/www.ecinews.fr\/fr\/wp-json\/wp\/v2\/posts\/421091\/","og_site_name":"EENewsEurope","article_published_time":"2023-05-04T19:40:40+00:00","article_modified_time":"2023-05-04T19:42:49+00:00","og_image":[{"width":1080,"height":630,"url":"https:\/\/www.ecinews.fr\/wp-content\/uploads\/2023\/05\/300mm-Smart-Power-Fab-Dresden-scaled.jpg","type":"image\/jpeg"}],"author":"A Delapalisse, Christoph Hammerschmidt","twitter_card":"summary_large_image","twitter_misc":{"Written by":"A Delapalisse","Est. reading time":"3 minutes"},"schema":{"@context":"https:\/\/schema.org","@graph":[{"@type":"Article","@id":"https:\/\/www.ecinews.fr\/fr\/infineon-renforce-lindustrie-europeenne-des-puces-avec-sa-smart-power-fab\/#article","isPartOf":{"@id":"https:\/\/www.ecinews.fr\/fr\/infineon-renforce-lindustrie-europeenne-des-puces-avec-sa-smart-power-fab\/"},"author":{"name":"A Delapalisse","@id":"https:\/\/www.ecinews.fr\/fr\/#\/schema\/person\/0aa2cfb0bd8949724a68cbac8d8321b4"},"headline":"Infineon renforce l&rsquo;industrie europ\u00e9enne des puces avec sa \u00ab\u00a0Smart Power Fab\u00a0\u00bb","datePublished":"2023-05-04T19:40:40+00:00","dateModified":"2023-05-04T19:42:49+00:00","mainEntityOfPage":{"@id":"https:\/\/www.ecinews.fr\/fr\/infineon-renforce-lindustrie-europeenne-des-puces-avec-sa-smart-power-fab\/"},"wordCount":667,"publisher":{"@id":"https:\/\/www.ecinews.fr\/fr\/#organization"},"keywords":["Semiconducteurs"],"articleSection":["Actualit\u00e9s \u00e9conomiques"],"inLanguage":"fr-FR"},{"@type":"WebPage","@id":"https:\/\/www.ecinews.fr\/fr\/infineon-renforce-lindustrie-europeenne-des-puces-avec-sa-smart-power-fab\/","url":"https:\/\/www.ecinews.fr\/fr\/infineon-renforce-lindustrie-europeenne-des-puces-avec-sa-smart-power-fab\/","name":"Infineon renforce l'industrie europ\u00e9enne des puces avec sa \"Smart Power Fab\" -","isPartOf":{"@id":"https:\/\/www.ecinews.fr\/fr\/#website"},"datePublished":"2023-05-04T19:40:40+00:00","dateModified":"2023-05-04T19:42:49+00:00","description":"Infineon renforce l'industrie europ\u00e9enne des puces avec sa \"Smart Power Fab\" qui augmente sa capacit\u00e9 de production d'un bon tiers","breadcrumb":{"@id":"https:\/\/www.ecinews.fr\/fr\/infineon-renforce-lindustrie-europeenne-des-puces-avec-sa-smart-power-fab\/#breadcrumb"},"inLanguage":"fr-FR","potentialAction":[{"@type":"ReadAction","target":["https:\/\/www.ecinews.fr\/fr\/infineon-renforce-lindustrie-europeenne-des-puces-avec-sa-smart-power-fab\/"]}]},{"@type":"BreadcrumbList","@id":"https:\/\/www.ecinews.fr\/fr\/infineon-renforce-lindustrie-europeenne-des-puces-avec-sa-smart-power-fab\/#breadcrumb","itemListElement":[{"@type":"ListItem","position":1,"name":"Home","item":"https:\/\/www.ecinews.fr\/fr\/"},{"@type":"ListItem","position":2,"name":"Infineon renforce l&rsquo;industrie europ\u00e9enne des puces avec sa \u00ab\u00a0Smart Power Fab\u00a0\u00bb"}]},{"@type":"WebSite","@id":"https:\/\/www.ecinews.fr\/fr\/#website","url":"https:\/\/www.ecinews.fr\/fr\/","name":"EENewsEurope","description":"Just another WordPress site","publisher":{"@id":"https:\/\/www.ecinews.fr\/fr\/#organization"},"potentialAction":[{"@type":"SearchAction","target":{"@type":"EntryPoint","urlTemplate":"https:\/\/www.ecinews.fr\/fr\/?s={search_term_string}"},"query-input":"required name=search_term_string"}],"inLanguage":"fr-FR"},{"@type":"Organization","@id":"https:\/\/www.ecinews.fr\/fr\/#organization","name":"EENewsEurope","url":"https:\/\/www.ecinews.fr\/fr\/","logo":{"@type":"ImageObject","inLanguage":"fr-FR","@id":"https:\/\/www.ecinews.fr\/fr\/#\/schema\/logo\/image\/","url":"https:\/\/www.ecinews.fr\/wp-content\/uploads\/2022\/02\/logo-1.jpg","contentUrl":"https:\/\/www.ecinews.fr\/wp-content\/uploads\/2022\/02\/logo-1.jpg","width":283,"height":113,"caption":"EENewsEurope"},"image":{"@id":"https:\/\/www.ecinews.fr\/fr\/#\/schema\/logo\/image\/"}},{"@type":"Person","@id":"https:\/\/www.ecinews.fr\/fr\/#\/schema\/person\/0aa2cfb0bd8949724a68cbac8d8321b4","name":"A Delapalisse","image":{"@type":"ImageObject","inLanguage":"fr-FR","@id":"https:\/\/www.ecinews.fr\/fr\/#\/schema\/person\/image\/211ac42237c2e9683c0964086c393cb4","url":"https:\/\/secure.gravatar.com\/avatar\/ad45a8c5da24bc9c7c4940dd1c48a695?s=96&d=mm&r=g","contentUrl":"https:\/\/secure.gravatar.com\/avatar\/ad45a8c5da24bc9c7c4940dd1c48a695?s=96&d=mm&r=g","caption":"A Delapalisse"},"sameAs":["http:\/\/ECI"]}]}},"authors":[{"term_id":1153,"user_id":34,"is_guest":0,"slug":"adelapalisse","display_name":"A Delapalisse","avatar_url":"https:\/\/secure.gravatar.com\/avatar\/ad45a8c5da24bc9c7c4940dd1c48a695?s=96&d=mm&r=g","0":null,"1":"","2":"","3":"","4":"","5":"","6":"","7":"","8":""},{"term_id":1140,"user_id":8,"is_guest":0,"slug":"hammerschmidt","display_name":"Christoph Hammerschmidt","avatar_url":"https:\/\/secure.gravatar.com\/avatar\/337b53425fed9c87699427f8740f52ce?s=96&d=mm&r=g","0":null,"1":"","2":"","3":"","4":"","5":"","6":"","7":"","8":""}],"_links":{"self":[{"href":"https:\/\/www.ecinews.fr\/fr\/wp-json\/wp\/v2\/posts\/421091"}],"collection":[{"href":"https:\/\/www.ecinews.fr\/fr\/wp-json\/wp\/v2\/posts"}],"about":[{"href":"https:\/\/www.ecinews.fr\/fr\/wp-json\/wp\/v2\/types\/post"}],"author":[{"embeddable":true,"href":"https:\/\/www.ecinews.fr\/fr\/wp-json\/wp\/v2\/users\/34"}],"replies":[{"embeddable":true,"href":"https:\/\/www.ecinews.fr\/fr\/wp-json\/wp\/v2\/comments?post=421091"}],"version-history":[{"count":0,"href":"https:\/\/www.ecinews.fr\/fr\/wp-json\/wp\/v2\/posts\/421091\/revisions"}],"wp:featuredmedia":[{"embeddable":true,"href":"https:\/\/www.ecinews.fr\/fr\/wp-json\/wp\/v2\/media\/420677"}],"wp:attachment":[{"href":"https:\/\/www.ecinews.fr\/fr\/wp-json\/wp\/v2\/media?parent=421091"}],"wp:term":[{"taxonomy":"category","embeddable":true,"href":"https:\/\/www.ecinews.fr\/fr\/wp-json\/wp\/v2\/categories?post=421091"},{"taxonomy":"post_tag","embeddable":true,"href":"https:\/\/www.ecinews.fr\/fr\/wp-json\/wp\/v2\/tags?post=421091"},{"taxonomy":"domains","embeddable":true,"href":"https:\/\/www.ecinews.fr\/fr\/wp-json\/wp\/v2\/domains?post=421091"},{"taxonomy":"author","embeddable":true,"href":"https:\/\/www.ecinews.fr\/fr\/wp-json\/wp\/v2\/ppma_author?post=421091"}],"curies":[{"name":"wp","href":"https:\/\/api.w.org\/{rel}","templated":true}]}}