{"id":420825,"date":"2023-05-03T08:15:40","date_gmt":"2023-05-03T06:15:40","guid":{"rendered":"https:\/\/www.eenewseurope.com\/?p=420825"},"modified":"2023-05-03T08:19:13","modified_gmt":"2023-05-03T06:19:13","slug":"tata-pret-a-investir-pour-entrer-dans-le-marche-des-semiconducteurs","status":"publish","type":"post","link":"https:\/\/www.ecinews.fr\/fr\/tata-pret-a-investir-pour-entrer-dans-le-marche-des-semiconducteurs\/","title":{"rendered":"Tata pr\u00eat \u00e0 investir pour entrer dans le march\u00e9 des semiconducteurs"},"content":{"rendered":"<h2><span class=\"HwtZe\" lang=\"fr\"><span class=\"jCAhz ChMk0b\"><span class=\"ryNqvb\">Natarajan Chandrasekaran, le pr\u00e9sident de Tata, a d\u00e9clar\u00e9 que la soci\u00e9t\u00e9 envisageait de faire des acquisitions alors qu&rsquo;elle envisage\u00a0 aussi d&rsquo;exploiter une fab de semiconducteurs en Inde.<\/span><\/span><\/span><\/h2>\n<p><span class=\"HwtZe\" lang=\"fr\">\u00a0<span class=\"jCAhz ChMk0b\"><span class=\"ryNqvb\">Tata Group a r\u00e9alis\u00e9 un chiffre d&rsquo;affaires de 128 milliards de dollars au cours de l&rsquo;exercice 21-22 et op\u00e8re dans des secteurs allant de l&rsquo;acier \u00e0 l&rsquo;automobile.<\/span><\/span> <span class=\"jCAhz ChMk0b\"><span class=\"ryNqvb\">Il est r\u00e9cemment pass\u00e9 aux t\u00e9l\u00e9communications 5G.<\/span><\/span> <span class=\"jCAhz ChMk0b\"><span class=\"ryNqvb\">Il dispose d&rsquo;un budget de 90 milliards de dollars pour des investissements dans l&rsquo;ensemble de ses int\u00e9r\u00eats, dont environ 70% devraient \u00eatre d\u00e9pens\u00e9s en Inde.<\/span><\/span> <\/span><\/p>\n<p><span class=\"HwtZe\" lang=\"fr\"><span class=\"jCAhz ChMk0b\"><span class=\"ryNqvb\">\u00ab\u00a0Dans notre cheminenment vers la fabrication de semiconducteurs, nous envisageons \u00e9galement des acquisitions &#8211; et quelques acquisitions seront r\u00e9alis\u00e9es\u00a0\u00bb, a d\u00e9clar\u00e9 Chandrasekaran dans une interview r\u00e9alis\u00e9e avec India&rsquo;s Business Today.<\/span><\/span><\/span><\/p>\n<p><span class=\"HwtZe\" lang=\"fr\"><span class=\"jCAhz ChMk0b\"><span class=\"ryNqvb\">Au cours de l&rsquo;interview, Chandrasekaran a confirm\u00e9 le projet du groupe de fabriquer des semiconducteurs en Inde (voir <a href=\"https:\/\/www.eenewsanalog.com\/news\/tata-plans-make-semiconductors-india\">Tata plans to make semiconductors in India<\/a> ) mais a d\u00e9clar\u00e9 que cela pourrait prendre un peu de temps.<\/span><\/span> <span class=\"jCAhz ChMk0b\"><span class=\"ryNqvb\">Il a indiqu\u00e9 que Tata commencera par l&rsquo;assemblage et le packaging des circuits int\u00e9gr\u00e9s (voir <a href=\"https:\/\/www.eenewseurope.com\/en\/tata-in-talks-over-300-million-indian-chip-packaging-factory\/\">Tata in talks over $300 million Indian chip packaging factory<\/a> ).<\/span><\/span> <span class=\"jCAhz ChMk0b\"><span class=\"ryNqvb\">\u00ab\u00a0La prochaine \u00e9tape sera le test des semiconducteurs. Ensuite, en fabless &#8211; nous ferons la conception. Et puis nous par la suite, nous aurons nos propres fabs. Ce sont l\u00e0 les diff\u00e9rentes \u00e9tapes d&rsquo;int\u00e9gration que nous franchirons.\u00a0\u00bb<\/span><\/span> <\/span><\/p>\n<p><span class=\"HwtZe\" lang=\"fr\"><span class=\"jCAhz ChMk0b\"><span class=\"ryNqvb\">Chandrasekaran aurait d\u00e9clar\u00e9 que Tata devait proc\u00e9der avec prudence pour s&rsquo;assurer qu&rsquo;il faisait ce qu&rsquo;il fallait et qu&rsquo;il investissait dans le bon n\u0153ud de fabrication des semiconducteurs.<\/span><\/span> <span class=\"jCAhz ChMk0b\"><span class=\"ryNqvb\">Ailleurs, il a \u00e9t\u00e9 rapport\u00e9 que Tata pr\u00e9voyait de commencer par l&rsquo;assemblage et le test des puces avec une d\u00e9cision sur la perspective plus co\u00fbteuse d&rsquo;une fabrication de wafers encore \u00e0 prendre.<\/span><\/span><\/span><\/p>\n<p><span class=\"HwtZe\" lang=\"fr\"><span class=\"jCAhz ChMk0b\"><span class=\"ryNqvb\">Tata a r\u00e9cemment annonc\u00e9 l&#8217;embauche de l&rsquo;ancien cadre d&rsquo;Intel Randhir Thakur au poste de PDG de sa filiale Tata Electronics cr\u00e9\u00e9e pour entrer dans la fabrication de semiconducteurs (voir <a href=\"https:\/\/www.eenewseurope.com\/en\/tata-hires-former-boss-of-intel-foundry-services\/\">Tata hires former boss of Intel foundry services<\/a> ).<\/span><\/span> <span class=\"jCAhz ChMk0b\"><span class=\"ryNqvb\">Thakur \u00e9tait auparavant \u00e0 la t\u00eate d&rsquo;Intel Foundry Services.<\/span><\/span><\/span><\/p>\n<h4>Related links and articles:<\/h4>\n<p><a href=\"https:\/\/www.tata.com\">www.tata.com<\/a><\/p>\n<h4>News articles:<\/h4>\n<p><a href=\"https:\/\/www.eenewseurope.com\/en\/tata-hires-former-boss-of-intel-foundry-services\/\">Tata hires former boss of Intel foundry services<\/a><\/p>\n<p><a href=\"https:\/\/www.eenewsanalog.com\/news\/tata-plans-make-semiconductors-india\">Tata plans to make semiconductors in India <\/a><\/p>\n<p><a href=\"https:\/\/www.eenewseurope.com\/en\/tata-in-talks-over-300-million-indian-chip-packaging-factory\/\">Tata in talks over $300 million Indian chip packaging factory<\/a><\/p>\n<p><a href=\"https:\/\/www.eenewseurope.com\/en\/st-linked-to-indian-fab-project-as-former-nxp-exec-appointed\/\">ST linked to Indian fab project as former NXP exec appointed<\/a><\/p>\n<p><a href=\"https:\/\/www.eenewsanalog.com\/news\/report-india-plans-10-billion-semiconductor-subsidy\">Report: India plans $10 billion semiconductor subsidy<\/a><\/p>\n<p><a href=\"https:\/\/www.eenewseurope.com\/en\/report-next-orbit-to-sell-stake-in-indian-wafer-fab\/\">Report: Next Orbit to sell stake in Indian wafer fab venture<\/a><\/p>\n","protected":false},"excerpt":{"rendered":"<p>Natarajan Chandrasekaran, le pr\u00e9sident de Tata, a d\u00e9clar\u00e9 que la soci\u00e9t\u00e9 envisageait de faire des acquisitions alors qu&rsquo;elle envisage\u00a0 aussi d&rsquo;exploiter une fab de semiconducteurs en Inde. \u00a0Tata Group a r\u00e9alis\u00e9 un chiffre d&rsquo;affaires de 128 milliards de dollars au cours de l&rsquo;exercice 21-22 et op\u00e8re dans des secteurs allant de l&rsquo;acier \u00e0 l&rsquo;automobile. Il [&hellip;]<\/p>\n","protected":false},"author":34,"featured_media":420546,"comment_status":"closed","ping_status":"closed","sticky":true,"template":"","format":"standard","meta":{"_acf_changed":false,"footnotes":""},"categories":[886],"tags":[2264,1558],"domains":[47],"ppma_author":[1153,1136],"class_list":["post-420825","post","type-post","status-publish","format-standard","has-post-thumbnail","hentry","category-news-fr","tag-fabs","tag-semiconducteurs","domains-electronique-eci"],"acf":[],"yoast_head":"<title>Tata pr\u00eat \u00e0 entrer dans le march\u00e9 des semiconducteurs ...<\/title>\n<meta name=\"description\" content=\"Natarajan Chandrasekaran, CEO de Tata, a d\u00e9clar\u00e9 qu&#039;il envisageait de faire des acquisitions et exploiter une fab de semiconducteurs en Inde.\" \/>\n<meta name=\"robots\" content=\"index, follow, max-snippet:-1, max-image-preview:large, max-video-preview:-1\" \/>\n<link rel=\"canonical\" href=\"https:\/\/www.ecinews.fr\/fr\/wp-json\/wp\/v2\/posts\/420825\/\" \/>\n<meta property=\"og:locale\" content=\"fr_FR\" \/>\n<meta property=\"og:type\" content=\"article\" \/>\n<meta property=\"og:title\" content=\"Tata pr\u00eat \u00e0 investir pour entrer dans le march\u00e9 des semiconducteurs\" \/>\n<meta property=\"og:description\" content=\"Natarajan Chandrasekaran, CEO de Tata, a d\u00e9clar\u00e9 qu&#039;il envisageait de faire des acquisitions et exploiter une fab de semiconducteurs en Inde.\" \/>\n<meta property=\"og:url\" content=\"https:\/\/www.ecinews.fr\/fr\/wp-json\/wp\/v2\/posts\/420825\/\" \/>\n<meta property=\"og:site_name\" content=\"EENewsEurope\" \/>\n<meta property=\"article:published_time\" content=\"2023-05-03T06:15:40+00:00\" \/>\n<meta property=\"article:modified_time\" content=\"2023-05-03T06:19:13+00:00\" \/>\n<meta property=\"og:image\" content=\"https:\/\/www.eenewseurope.com\/wp-content\/uploads\/2023\/04\/Chandrasekaran630.jpg\" \/>\n\t<meta property=\"og:image:width\" content=\"630\" \/>\n\t<meta property=\"og:image:height\" content=\"350\" \/>\n\t<meta property=\"og:image:type\" content=\"image\/jpeg\" \/>\n<meta name=\"author\" content=\"A Delapalisse, Peter Clarke\" \/>\n<meta name=\"twitter:card\" content=\"summary_large_image\" \/>\n<meta name=\"twitter:label1\" content=\"Written by\" \/>\n\t<meta name=\"twitter:data1\" content=\"A Delapalisse\" \/>\n\t<meta name=\"twitter:label2\" content=\"Est. reading time\" \/>\n\t<meta name=\"twitter:data2\" content=\"2 minutes\" \/>\n<script type=\"application\/ld+json\" class=\"yoast-schema-graph\">{\"@context\":\"https:\/\/schema.org\",\"@graph\":[{\"@type\":\"Article\",\"@id\":\"https:\/\/www.eenewseurope.com\/fr\/tata-pret-a-investir-pour-entrer-dans-le-marche-des-semiconducteurs\/#article\",\"isPartOf\":{\"@id\":\"https:\/\/www.eenewseurope.com\/fr\/tata-pret-a-investir-pour-entrer-dans-le-marche-des-semiconducteurs\/\"},\"author\":{\"name\":\"A Delapalisse\",\"@id\":\"https:\/\/www.ecinews.fr\/fr\/#\/schema\/person\/0aa2cfb0bd8949724a68cbac8d8321b4\"},\"headline\":\"Tata pr\u00eat \u00e0 investir pour entrer dans le march\u00e9 des semiconducteurs\",\"datePublished\":\"2023-05-03T06:15:40+00:00\",\"dateModified\":\"2023-05-03T06:19:13+00:00\",\"mainEntityOfPage\":{\"@id\":\"https:\/\/www.eenewseurope.com\/fr\/tata-pret-a-investir-pour-entrer-dans-le-marche-des-semiconducteurs\/\"},\"wordCount\":437,\"publisher\":{\"@id\":\"https:\/\/www.ecinews.fr\/fr\/#organization\"},\"keywords\":[\"Fabs\",\"Semiconducteurs\"],\"articleSection\":[\"Actualit\u00e9 g\u00e9n\u00e9rale\"],\"inLanguage\":\"fr-FR\"},{\"@type\":\"WebPage\",\"@id\":\"https:\/\/www.eenewseurope.com\/fr\/tata-pret-a-investir-pour-entrer-dans-le-marche-des-semiconducteurs\/\",\"url\":\"https:\/\/www.eenewseurope.com\/fr\/tata-pret-a-investir-pour-entrer-dans-le-marche-des-semiconducteurs\/\",\"name\":\"Tata pr\u00eat \u00e0 entrer dans le march\u00e9 des semiconducteurs\",\"isPartOf\":{\"@id\":\"https:\/\/www.ecinews.fr\/fr\/#website\"},\"datePublished\":\"2023-05-03T06:15:40+00:00\",\"dateModified\":\"2023-05-03T06:19:13+00:00\",\"description\":\"Natarajan Chandrasekaran, CEO de Tata, a d\u00e9clar\u00e9 qu'il envisageait de faire des acquisitions et exploiter une fab de semiconducteurs en Inde.\",\"breadcrumb\":{\"@id\":\"https:\/\/www.eenewseurope.com\/fr\/tata-pret-a-investir-pour-entrer-dans-le-marche-des-semiconducteurs\/#breadcrumb\"},\"inLanguage\":\"fr-FR\",\"potentialAction\":[{\"@type\":\"ReadAction\",\"target\":[\"https:\/\/www.eenewseurope.com\/fr\/tata-pret-a-investir-pour-entrer-dans-le-marche-des-semiconducteurs\/\"]}]},{\"@type\":\"BreadcrumbList\",\"@id\":\"https:\/\/www.eenewseurope.com\/fr\/tata-pret-a-investir-pour-entrer-dans-le-marche-des-semiconducteurs\/#breadcrumb\",\"itemListElement\":[{\"@type\":\"ListItem\",\"position\":1,\"name\":\"Home\",\"item\":\"https:\/\/www.ecinews.fr\/fr\/\"},{\"@type\":\"ListItem\",\"position\":2,\"name\":\"Tata pr\u00eat \u00e0 investir pour entrer dans le march\u00e9 des semiconducteurs\"}]},{\"@type\":\"WebSite\",\"@id\":\"https:\/\/www.ecinews.fr\/fr\/#website\",\"url\":\"https:\/\/www.ecinews.fr\/fr\/\",\"name\":\"EENewsEurope\",\"description\":\"Just another WordPress site\",\"publisher\":{\"@id\":\"https:\/\/www.ecinews.fr\/fr\/#organization\"},\"potentialAction\":[{\"@type\":\"SearchAction\",\"target\":{\"@type\":\"EntryPoint\",\"urlTemplate\":\"https:\/\/www.ecinews.fr\/fr\/?s={search_term_string}\"},\"query-input\":\"required name=search_term_string\"}],\"inLanguage\":\"fr-FR\"},{\"@type\":\"Organization\",\"@id\":\"https:\/\/www.ecinews.fr\/fr\/#organization\",\"name\":\"EENewsEurope\",\"url\":\"https:\/\/www.ecinews.fr\/fr\/\",\"logo\":{\"@type\":\"ImageObject\",\"inLanguage\":\"fr-FR\",\"@id\":\"https:\/\/www.ecinews.fr\/fr\/#\/schema\/logo\/image\/\",\"url\":\"https:\/\/www.ecinews.fr\/wp-content\/uploads\/2022\/02\/logo-1.jpg\",\"contentUrl\":\"https:\/\/www.ecinews.fr\/wp-content\/uploads\/2022\/02\/logo-1.jpg\",\"width\":283,\"height\":113,\"caption\":\"EENewsEurope\"},\"image\":{\"@id\":\"https:\/\/www.ecinews.fr\/fr\/#\/schema\/logo\/image\/\"}},{\"@type\":\"Person\",\"@id\":\"https:\/\/www.ecinews.fr\/fr\/#\/schema\/person\/0aa2cfb0bd8949724a68cbac8d8321b4\",\"name\":\"A Delapalisse\",\"image\":{\"@type\":\"ImageObject\",\"inLanguage\":\"fr-FR\",\"@id\":\"https:\/\/www.ecinews.fr\/fr\/#\/schema\/person\/image\/211ac42237c2e9683c0964086c393cb4\",\"url\":\"https:\/\/secure.gravatar.com\/avatar\/ad45a8c5da24bc9c7c4940dd1c48a695?s=96&d=mm&r=g\",\"contentUrl\":\"https:\/\/secure.gravatar.com\/avatar\/ad45a8c5da24bc9c7c4940dd1c48a695?s=96&d=mm&r=g\",\"caption\":\"A Delapalisse\"},\"sameAs\":[\"http:\/\/ECI\"]}]}<\/script>","yoast_head_json":{"title":"Tata pr\u00eat \u00e0 entrer dans le march\u00e9 des semiconducteurs ...","description":"Natarajan Chandrasekaran, CEO de Tata, a d\u00e9clar\u00e9 qu'il envisageait de faire des acquisitions et exploiter une fab de semiconducteurs en Inde.","robots":{"index":"index","follow":"follow","max-snippet":"max-snippet:-1","max-image-preview":"max-image-preview:large","max-video-preview":"max-video-preview:-1"},"canonical":"https:\/\/www.ecinews.fr\/fr\/wp-json\/wp\/v2\/posts\/420825\/","og_locale":"fr_FR","og_type":"article","og_title":"Tata pr\u00eat \u00e0 investir pour entrer dans le march\u00e9 des semiconducteurs","og_description":"Natarajan Chandrasekaran, CEO de Tata, a d\u00e9clar\u00e9 qu'il envisageait de faire des acquisitions et exploiter une fab de semiconducteurs en Inde.","og_url":"https:\/\/www.ecinews.fr\/fr\/wp-json\/wp\/v2\/posts\/420825\/","og_site_name":"EENewsEurope","article_published_time":"2023-05-03T06:15:40+00:00","article_modified_time":"2023-05-03T06:19:13+00:00","og_image":[{"width":630,"height":350,"url":"https:\/\/www.eenewseurope.com\/wp-content\/uploads\/2023\/04\/Chandrasekaran630.jpg","type":"image\/jpeg"}],"author":"A Delapalisse, Peter Clarke","twitter_card":"summary_large_image","twitter_misc":{"Written by":"A Delapalisse","Est. reading time":"2 minutes"},"schema":{"@context":"https:\/\/schema.org","@graph":[{"@type":"Article","@id":"https:\/\/www.eenewseurope.com\/fr\/tata-pret-a-investir-pour-entrer-dans-le-marche-des-semiconducteurs\/#article","isPartOf":{"@id":"https:\/\/www.eenewseurope.com\/fr\/tata-pret-a-investir-pour-entrer-dans-le-marche-des-semiconducteurs\/"},"author":{"name":"A Delapalisse","@id":"https:\/\/www.ecinews.fr\/fr\/#\/schema\/person\/0aa2cfb0bd8949724a68cbac8d8321b4"},"headline":"Tata pr\u00eat \u00e0 investir pour entrer dans le march\u00e9 des semiconducteurs","datePublished":"2023-05-03T06:15:40+00:00","dateModified":"2023-05-03T06:19:13+00:00","mainEntityOfPage":{"@id":"https:\/\/www.eenewseurope.com\/fr\/tata-pret-a-investir-pour-entrer-dans-le-marche-des-semiconducteurs\/"},"wordCount":437,"publisher":{"@id":"https:\/\/www.ecinews.fr\/fr\/#organization"},"keywords":["Fabs","Semiconducteurs"],"articleSection":["Actualit\u00e9 g\u00e9n\u00e9rale"],"inLanguage":"fr-FR"},{"@type":"WebPage","@id":"https:\/\/www.eenewseurope.com\/fr\/tata-pret-a-investir-pour-entrer-dans-le-marche-des-semiconducteurs\/","url":"https:\/\/www.eenewseurope.com\/fr\/tata-pret-a-investir-pour-entrer-dans-le-marche-des-semiconducteurs\/","name":"Tata pr\u00eat \u00e0 entrer dans le march\u00e9 des semiconducteurs","isPartOf":{"@id":"https:\/\/www.ecinews.fr\/fr\/#website"},"datePublished":"2023-05-03T06:15:40+00:00","dateModified":"2023-05-03T06:19:13+00:00","description":"Natarajan Chandrasekaran, CEO de Tata, a d\u00e9clar\u00e9 qu'il envisageait de faire des acquisitions et exploiter une fab de semiconducteurs en Inde.","breadcrumb":{"@id":"https:\/\/www.eenewseurope.com\/fr\/tata-pret-a-investir-pour-entrer-dans-le-marche-des-semiconducteurs\/#breadcrumb"},"inLanguage":"fr-FR","potentialAction":[{"@type":"ReadAction","target":["https:\/\/www.eenewseurope.com\/fr\/tata-pret-a-investir-pour-entrer-dans-le-marche-des-semiconducteurs\/"]}]},{"@type":"BreadcrumbList","@id":"https:\/\/www.eenewseurope.com\/fr\/tata-pret-a-investir-pour-entrer-dans-le-marche-des-semiconducteurs\/#breadcrumb","itemListElement":[{"@type":"ListItem","position":1,"name":"Home","item":"https:\/\/www.ecinews.fr\/fr\/"},{"@type":"ListItem","position":2,"name":"Tata pr\u00eat \u00e0 investir pour entrer dans le march\u00e9 des semiconducteurs"}]},{"@type":"WebSite","@id":"https:\/\/www.ecinews.fr\/fr\/#website","url":"https:\/\/www.ecinews.fr\/fr\/","name":"EENewsEurope","description":"Just another WordPress site","publisher":{"@id":"https:\/\/www.ecinews.fr\/fr\/#organization"},"potentialAction":[{"@type":"SearchAction","target":{"@type":"EntryPoint","urlTemplate":"https:\/\/www.ecinews.fr\/fr\/?s={search_term_string}"},"query-input":"required name=search_term_string"}],"inLanguage":"fr-FR"},{"@type":"Organization","@id":"https:\/\/www.ecinews.fr\/fr\/#organization","name":"EENewsEurope","url":"https:\/\/www.ecinews.fr\/fr\/","logo":{"@type":"ImageObject","inLanguage":"fr-FR","@id":"https:\/\/www.ecinews.fr\/fr\/#\/schema\/logo\/image\/","url":"https:\/\/www.ecinews.fr\/wp-content\/uploads\/2022\/02\/logo-1.jpg","contentUrl":"https:\/\/www.ecinews.fr\/wp-content\/uploads\/2022\/02\/logo-1.jpg","width":283,"height":113,"caption":"EENewsEurope"},"image":{"@id":"https:\/\/www.ecinews.fr\/fr\/#\/schema\/logo\/image\/"}},{"@type":"Person","@id":"https:\/\/www.ecinews.fr\/fr\/#\/schema\/person\/0aa2cfb0bd8949724a68cbac8d8321b4","name":"A Delapalisse","image":{"@type":"ImageObject","inLanguage":"fr-FR","@id":"https:\/\/www.ecinews.fr\/fr\/#\/schema\/person\/image\/211ac42237c2e9683c0964086c393cb4","url":"https:\/\/secure.gravatar.com\/avatar\/ad45a8c5da24bc9c7c4940dd1c48a695?s=96&d=mm&r=g","contentUrl":"https:\/\/secure.gravatar.com\/avatar\/ad45a8c5da24bc9c7c4940dd1c48a695?s=96&d=mm&r=g","caption":"A Delapalisse"},"sameAs":["http:\/\/ECI"]}]}},"authors":[{"term_id":1153,"user_id":34,"is_guest":0,"slug":"adelapalisse","display_name":"A Delapalisse","avatar_url":"https:\/\/secure.gravatar.com\/avatar\/ad45a8c5da24bc9c7c4940dd1c48a695?s=96&d=mm&r=g","0":null,"1":"","2":"","3":"","4":"","5":"","6":"","7":"","8":""},{"term_id":1136,"user_id":4,"is_guest":0,"slug":"clarke","display_name":"Peter Clarke","avatar_url":"https:\/\/secure.gravatar.com\/avatar\/d567d206cb92a682963201f296594da4?s=96&d=mm&r=g","0":null,"1":"","2":"","3":"","4":"","5":"","6":"","7":"","8":""}],"_links":{"self":[{"href":"https:\/\/www.ecinews.fr\/fr\/wp-json\/wp\/v2\/posts\/420825"}],"collection":[{"href":"https:\/\/www.ecinews.fr\/fr\/wp-json\/wp\/v2\/posts"}],"about":[{"href":"https:\/\/www.ecinews.fr\/fr\/wp-json\/wp\/v2\/types\/post"}],"author":[{"embeddable":true,"href":"https:\/\/www.ecinews.fr\/fr\/wp-json\/wp\/v2\/users\/34"}],"replies":[{"embeddable":true,"href":"https:\/\/www.ecinews.fr\/fr\/wp-json\/wp\/v2\/comments?post=420825"}],"version-history":[{"count":0,"href":"https:\/\/www.ecinews.fr\/fr\/wp-json\/wp\/v2\/posts\/420825\/revisions"}],"wp:featuredmedia":[{"embeddable":true,"href":"https:\/\/www.ecinews.fr\/fr\/wp-json\/wp\/v2\/media\/420546"}],"wp:attachment":[{"href":"https:\/\/www.ecinews.fr\/fr\/wp-json\/wp\/v2\/media?parent=420825"}],"wp:term":[{"taxonomy":"category","embeddable":true,"href":"https:\/\/www.ecinews.fr\/fr\/wp-json\/wp\/v2\/categories?post=420825"},{"taxonomy":"post_tag","embeddable":true,"href":"https:\/\/www.ecinews.fr\/fr\/wp-json\/wp\/v2\/tags?post=420825"},{"taxonomy":"domains","embeddable":true,"href":"https:\/\/www.ecinews.fr\/fr\/wp-json\/wp\/v2\/domains?post=420825"},{"taxonomy":"author","embeddable":true,"href":"https:\/\/www.ecinews.fr\/fr\/wp-json\/wp\/v2\/ppma_author?post=420825"}],"curies":[{"name":"wp","href":"https:\/\/api.w.org\/{rel}","templated":true}]}}