{"id":420817,"date":"2023-05-02T18:21:32","date_gmt":"2023-05-02T16:21:32","guid":{"rendered":"https:\/\/www.eenewseurope.com\/?p=420817"},"modified":"2023-05-02T20:47:11","modified_gmt":"2023-05-02T18:47:11","slug":"le-marche-des-puces-touche-le-fond-avec-une-baisse-de-21-en-mars","status":"publish","type":"post","link":"https:\/\/www.ecinews.fr\/fr\/le-marche-des-puces-touche-le-fond-avec-une-baisse-de-21-en-mars\/","title":{"rendered":"Le march\u00e9 des puces touche le fond avec une baisse de 21% en mars"},"content":{"rendered":"<h2><span class=\"HwtZe\" lang=\"fr\"><span class=\"jCAhz ChMk0b\"><span class=\"ryNqvb\">La valeur du march\u00e9 mondial des puces a continu\u00e9 de baisser en mars, mais les derniers chiffres de la Semiconductor Industry Association (SIA) montrent des signes avant-coureurs que la baisse du march\u00e9 a atteint son plus bas.<\/span><\/span><\/span><\/h2>\n<p><span class=\"HwtZe\" lang=\"fr\"><span class=\"jCAhz ChMk0b\"><span class=\"ryNqvb\">La Semiconductor Industry Association (SIA) a annonc\u00e9 aujourd&rsquo;hui que les ventes mondiales de semiconducteurs ont totalis\u00e9 119,5 milliards de dollars au cours du 1T23, soit une baisse de 8,7 % par rapport au 4T22 et 21,3 % de moins qu&rsquo;au 1T22.<\/span><\/span> <\/span><\/p>\n<p><span class=\"HwtZe\" lang=\"fr\"><span class=\"jCAhz ChMk0b\"><span class=\"ryNqvb\">Cependant, les ventes de 3MMA pour le mois de mars 2023 ont augment\u00e9 de 0,3% par rapport \u00e0 f\u00e9vrier 2023. Il s&rsquo;agit de la premi\u00e8re hausse de la moyenne mobile s\u00e9quentielle sur trois mois (3MMA) depuis mai 2022. De plus, la baisse annuelle, bien qu&rsquo;exceptionnellement profonde, n&rsquo;a \u00e9t\u00e9 que<\/span><\/span> <span class=\"jCAhz ChMk0b\"><span class=\"ryNqvb\">l\u00e9g\u00e8rement pire que la baisse de 20,7% signal\u00e9e en f\u00e9vrier.<\/span><\/span> <span class=\"jCAhz ChMk0b\"><span class=\"ryNqvb\">L&rsquo;espoir sera qu&rsquo;au printemps, la situation se stabilisera et que d&rsquo;ici le 3T23, les comparaisons n\u00e9gatives avec l&rsquo;ann\u00e9e pr\u00e9c\u00e9dente commenceront \u00e0 s&rsquo;\u00e9liminer dans le syst\u00e8me.<\/span><\/span> <\/span><\/p>\n<h3>Le march\u00e9 chinois en baisse de 34%<\/h3>\n<p><span class=\"HwtZe\" lang=\"fr\"><span class=\"jCAhz ChMk0b\"><span class=\"ryNqvb\">La Chine, le plus grand march\u00e9 pour les puces, continue de souffrir, mais sa baisse annuelle de 34,1 % en mars a \u00e9t\u00e9 l\u00e9g\u00e8rement moins aigu\u00eb qu&rsquo;elle ne l&rsquo;avait \u00e9t\u00e9 en f\u00e9vrier.<\/span><\/span> <span class=\"jCAhz ChMk0b\"><span class=\"ryNqvb\">L&rsquo;Asie-Pacifique (hors Chine et Japon) est \u00e9galement rest\u00e9e stable par rapport au mois pr\u00e9c\u00e9dent avec une baisse (annuelle) de 22,2 %.<\/span><\/span> <span class=\"jCAhz ChMk0b\"><span class=\"ryNqvb\">La r\u00e9gion des Am\u00e9riques a continu\u00e9 de d\u00e9gringoler avec une contraction de 16,4 %.<\/span><\/span> <\/span><\/p>\n<p><span class=\"HwtZe\" lang=\"fr\"><span class=\"jCAhz ChMk0b\"><span class=\"ryNqvb\">L&rsquo;Europe et le Japon ont relativement bien r\u00e9sist\u00e9 \u00e0 cette contraction du march\u00e9, en l\u00e9g\u00e8re baisse \u00e0 0,7 et 1,3 % respectivement.<\/span><\/span> <span class=\"jCAhz ChMk0b\"><span class=\"ryNqvb\">L&rsquo;Europe et le Japon s&rsquo;en tirent mieux en raison de leur faible exposition aux march\u00e9s de l&rsquo;\u00e9lectronique grand public et d&rsquo;une plus grande concentration de leur achat de puces dans les secteurs automobile et industriel.<\/span><\/span>\u00a0<\/span><\/p>\n<p>&nbsp;<\/p>\n<div id=\"attachment_420776\" style=\"width: 610px\" class=\"wp-caption alignleft\"><img decoding=\"async\" aria-describedby=\"caption-attachment-420776\" class=\"wp-image-420776 size-full lazyload\" data-src=\"https:\/\/www.eenewseurope.com\/wp-content\/uploads\/2023\/05\/SIAmarch23_600.jpg\" alt=\"\" width=\"600\" height=\"683\" data-srcset=\"https:\/\/www.ecinews.fr\/wp-content\/uploads\/2023\/05\/SIAmarch23_600.jpg 600w, https:\/\/www.ecinews.fr\/wp-content\/uploads\/2023\/05\/SIAmarch23_600-264x300.jpg 264w\" data-sizes=\"(max-width: 600px) 100vw, 600px\" src=\"data:image\/svg+xml;base64,PHN2ZyB3aWR0aD0iMSIgaGVpZ2h0PSIxIiB4bWxucz0iaHR0cDovL3d3dy53My5vcmcvMjAwMC9zdmciPjwvc3ZnPg==\" style=\"--smush-placeholder-width: 600px; --smush-placeholder-aspect-ratio: 600\/683;\" \/><p id=\"caption-attachment-420776\" class=\"wp-caption-text\"><em><strong>Moyenne sur trois mois des ventes de puces par zone g\u00e9ographique pour mars et f\u00e9vrier 2023. Source : SIA\/WSTS.<\/strong><\/em><\/p><\/div>\n<p><span class=\"HwtZe\" lang=\"fr\"><span class=\"jCAhz ChMk0b\"><span class=\"ryNqvb\">Il est possible que les march\u00e9s europ\u00e9ens et japonais souffrent davantege de la contraction des march\u00e9s plus tard en 2023. Les analystes de march\u00e9 pr\u00e9voient g\u00e9n\u00e9ralement un retour \u00e0 la croissance annuelle pour le march\u00e9 des puces au 2S23.<\/span><\/span> <\/span><\/p>\n<p><span class=\"HwtZe\" lang=\"fr\"><span class=\"jCAhz ChMk0b\"><span class=\"ryNqvb\">\u00ab\u00a0Les ventes de semiconducteurs ont continu\u00e9 de baisser au cours du premier trimestre de 2023 en raison de la cyclicit\u00e9 du march\u00e9 et des vents contraires macro\u00e9conomiques, mais les ventes (mondiales) d&rsquo;un mois \u00e0 l&rsquo;autre ont augment\u00e9 en mars pour la premi\u00e8re fois en pr\u00e8s d&rsquo;un an, ce qui laisse pr\u00e9sager un rebond dans les mois \u00e0 venir,<\/span><\/span> <span class=\"jCAhz ChMk0b\"><span class=\"ryNqvb\">\u00bb, a d\u00e9clar\u00e9 John Neuffer, PDG de la SIA, dans un communiqu\u00e9.<\/span><\/span> <\/span><\/p>\n<p><span class=\"HwtZe\" lang=\"fr\"><span class=\"jCAhz ChMk0b\"><span class=\"ryNqvb\">Reste \u00e0 savoir si la baisse du march\u00e9 sera en forme de V, de U ou de baignoire (avec un niveau bas stable plus longtemps).<\/span><\/span> <\/span><\/p>\n<p><span class=\"HwtZe\" lang=\"fr\"><span class=\"jCAhz ChMk0b\"><span class=\"ryNqvb\">Les donn\u00e9es mensuelles sont fournies par la SIA sous la forme d&rsquo;une moyenne sur trois mois, bien que la source des donn\u00e9es, World Semiconductor Trade Statistics, suive les donn\u00e9es mensuelles.<\/span><\/span> <span class=\"jCAhz ChMk0b\"><span class=\"ryNqvb\">La SIA et d&rsquo;autres organismes r\u00e9gionaux de l&rsquo;industrie des semiconducteurs choisissent d&rsquo;utiliser des donn\u00e9es moyennes car elles \u00e9galisent les donn\u00e9es r\u00e9elles qui montrent g\u00e9n\u00e9ralement des creux au d\u00e9but des trimestres et des pics \u00e0 la fin des trimestres.<\/span><\/span>\u00a0<\/span><\/p>\n<p>&nbsp;<\/p>\n<h4><span class=\"HwtZe\" lang=\"fr\"><span class=\"jCAhz ChMk0b\"><span class=\"ryNqvb\">Liens et articles associ\u00e9s\u00a0:<\/span><\/span><\/span>Related links and articles:<\/h4>\n<p><a href=\"https:\/\/www.semiconductors.org\">www.semiconductors.org<\/a><\/p>\n<h4>News articles:<\/h4>\n<p><a href=\"https:\/\/www.eenewseurope.com\/en\/chip-market-falls-20-in-february\/\">Chip market falls 20% in February<\/a><\/p>\n<p><a href=\"https:\/\/www.eenewseurope.com\/en\/chinas-chip-market-drops-by-a-third-as-global-free-fall-continues\/\">China\u2019s chip market drops by a third as global free fall continues<\/a><\/p>\n<p><a href=\"https:\/\/www.eenewseurope.com\/en\/americas-chip-market-follows-asias-into-decline\/\">Americas\u2019 chip market follows Asia\u2019s into decline<\/a><\/p>\n<p><a href=\"https:\/\/www.eenewseurope.com\/en\/global-chip-market-flat-in-2022-intel-slumped\/\">Global chip market flat in 2022, Intel slumped<\/a><\/p>\n<p><a href=\"https:\/\/www.eenewseurope.com\/en\/worlds-chip-market-plunge-accelerated-in-november\/\">World\u2019s chip market plunge accelerated in November<\/a><\/p>\n<p><a href=\"https:\/\/www.eenewseurope.com\/en\/october-global-chip-sales-maintain-that-sinking-feeling\/\">October global chip sales maintain that sinking feeling<\/a><\/p>\n<p><a href=\"https:\/\/www.eenewseurope.com\/en\/chip-market-crash-arrives-worse-than-expected\/\">Chip market crash arrives \u2013 worse than expected<\/a><\/p>\n","protected":false},"excerpt":{"rendered":"<p>La valeur du march\u00e9 mondial des puces a continu\u00e9 de baisser en mars, mais les derniers chiffres de la Semiconductor Industry Association (SIA) montrent des signes avant-coureurs que la baisse du march\u00e9 a atteint son plus bas. La Semiconductor Industry Association (SIA) a annonc\u00e9 aujourd&rsquo;hui que les ventes mondiales de semiconducteurs ont totalis\u00e9 119,5 milliards [&hellip;]<\/p>\n","protected":false},"author":34,"featured_media":420781,"comment_status":"closed","ping_status":"closed","sticky":false,"template":"","format":"standard","meta":{"_acf_changed":false,"footnotes":""},"categories":[880],"tags":[2327,1558],"domains":[47],"ppma_author":[1153,1136],"class_list":["post-420817","post","type-post","status-publish","format-standard","has-post-thumbnail","hentry","category-actualites-economiques","tag-marche","tag-semiconducteurs","domains-electronique-eci"],"acf":[],"yoast_head":"<title>Le march\u00e9 des puces en baisse de 21% en mars ...<\/title>\n<meta name=\"description\" content=\"The value of the global chip market continued to fall in March but there are signs of an approaching bottom to the market decline.\" \/>\n<meta name=\"robots\" content=\"index, follow, max-snippet:-1, max-image-preview:large, max-video-preview:-1\" \/>\n<link rel=\"canonical\" href=\"https:\/\/www.ecinews.fr\/fr\/wp-json\/wp\/v2\/posts\/420817\/\" \/>\n<meta property=\"og:locale\" content=\"fr_FR\" \/>\n<meta property=\"og:type\" content=\"article\" \/>\n<meta property=\"og:title\" content=\"Le march\u00e9 des puces touche le fond avec une baisse de 21% en mars\" \/>\n<meta property=\"og:description\" content=\"The value of the global chip market continued to fall in March but there are signs of an approaching bottom to the market decline.\" \/>\n<meta property=\"og:url\" content=\"https:\/\/www.ecinews.fr\/fr\/wp-json\/wp\/v2\/posts\/420817\/\" \/>\n<meta property=\"og:site_name\" content=\"EENewsEurope\" \/>\n<meta property=\"article:published_time\" content=\"2023-05-02T16:21:32+00:00\" \/>\n<meta property=\"article:modified_time\" content=\"2023-05-02T18:47:11+00:00\" \/>\n<meta property=\"og:image\" content=\"https:\/\/www.ecinews.fr\/wp-content\/uploads\/2023\/05\/Bottom630.jpg\" \/>\n\t<meta property=\"og:image:width\" content=\"630\" \/>\n\t<meta property=\"og:image:height\" content=\"375\" \/>\n\t<meta property=\"og:image:type\" content=\"image\/jpeg\" \/>\n<meta name=\"author\" content=\"A Delapalisse, Peter Clarke\" \/>\n<meta name=\"twitter:card\" content=\"summary_large_image\" \/>\n<meta name=\"twitter:label1\" content=\"Written by\" \/>\n\t<meta name=\"twitter:data1\" content=\"A Delapalisse\" \/>\n\t<meta name=\"twitter:label2\" content=\"Est. reading time\" \/>\n\t<meta name=\"twitter:data2\" content=\"3 minutes\" \/>\n<script type=\"application\/ld+json\" class=\"yoast-schema-graph\">{\"@context\":\"https:\/\/schema.org\",\"@graph\":[{\"@type\":\"Article\",\"@id\":\"https:\/\/www.ecinews.fr\/fr\/le-marche-des-puces-touche-le-fond-avec-une-baisse-de-21-en-mars\/#article\",\"isPartOf\":{\"@id\":\"https:\/\/www.ecinews.fr\/fr\/le-marche-des-puces-touche-le-fond-avec-une-baisse-de-21-en-mars\/\"},\"author\":{\"name\":\"A Delapalisse\",\"@id\":\"https:\/\/www.ecinews.fr\/fr\/#\/schema\/person\/0aa2cfb0bd8949724a68cbac8d8321b4\"},\"headline\":\"Le march\u00e9 des puces touche le fond avec une baisse de 21% en mars\",\"datePublished\":\"2023-05-02T16:21:32+00:00\",\"dateModified\":\"2023-05-02T18:47:11+00:00\",\"mainEntityOfPage\":{\"@id\":\"https:\/\/www.ecinews.fr\/fr\/le-marche-des-puces-touche-le-fond-avec-une-baisse-de-21-en-mars\/\"},\"wordCount\":646,\"publisher\":{\"@id\":\"https:\/\/www.ecinews.fr\/fr\/#organization\"},\"keywords\":[\"March\u00e9\",\"Semiconducteurs\"],\"articleSection\":[\"Actualit\u00e9s \u00e9conomiques\"],\"inLanguage\":\"fr-FR\"},{\"@type\":\"WebPage\",\"@id\":\"https:\/\/www.ecinews.fr\/fr\/le-marche-des-puces-touche-le-fond-avec-une-baisse-de-21-en-mars\/\",\"url\":\"https:\/\/www.ecinews.fr\/fr\/le-marche-des-puces-touche-le-fond-avec-une-baisse-de-21-en-mars\/\",\"name\":\"Le march\u00e9 des puces en baisse de 21% en mars\",\"isPartOf\":{\"@id\":\"https:\/\/www.ecinews.fr\/fr\/#website\"},\"datePublished\":\"2023-05-02T16:21:32+00:00\",\"dateModified\":\"2023-05-02T18:47:11+00:00\",\"description\":\"The value of the global chip market continued to fall in March but there are signs of an approaching bottom to the market decline.\",\"breadcrumb\":{\"@id\":\"https:\/\/www.ecinews.fr\/fr\/le-marche-des-puces-touche-le-fond-avec-une-baisse-de-21-en-mars\/#breadcrumb\"},\"inLanguage\":\"fr-FR\",\"potentialAction\":[{\"@type\":\"ReadAction\",\"target\":[\"https:\/\/www.ecinews.fr\/fr\/le-marche-des-puces-touche-le-fond-avec-une-baisse-de-21-en-mars\/\"]}]},{\"@type\":\"BreadcrumbList\",\"@id\":\"https:\/\/www.ecinews.fr\/fr\/le-marche-des-puces-touche-le-fond-avec-une-baisse-de-21-en-mars\/#breadcrumb\",\"itemListElement\":[{\"@type\":\"ListItem\",\"position\":1,\"name\":\"Home\",\"item\":\"https:\/\/www.ecinews.fr\/fr\/\"},{\"@type\":\"ListItem\",\"position\":2,\"name\":\"Le march\u00e9 des puces touche le fond avec une baisse de 21% en mars\"}]},{\"@type\":\"WebSite\",\"@id\":\"https:\/\/www.ecinews.fr\/fr\/#website\",\"url\":\"https:\/\/www.ecinews.fr\/fr\/\",\"name\":\"EENewsEurope\",\"description\":\"Just another WordPress site\",\"publisher\":{\"@id\":\"https:\/\/www.ecinews.fr\/fr\/#organization\"},\"potentialAction\":[{\"@type\":\"SearchAction\",\"target\":{\"@type\":\"EntryPoint\",\"urlTemplate\":\"https:\/\/www.ecinews.fr\/fr\/?s={search_term_string}\"},\"query-input\":\"required name=search_term_string\"}],\"inLanguage\":\"fr-FR\"},{\"@type\":\"Organization\",\"@id\":\"https:\/\/www.ecinews.fr\/fr\/#organization\",\"name\":\"EENewsEurope\",\"url\":\"https:\/\/www.ecinews.fr\/fr\/\",\"logo\":{\"@type\":\"ImageObject\",\"inLanguage\":\"fr-FR\",\"@id\":\"https:\/\/www.ecinews.fr\/fr\/#\/schema\/logo\/image\/\",\"url\":\"https:\/\/www.ecinews.fr\/wp-content\/uploads\/2022\/02\/logo-1.jpg\",\"contentUrl\":\"https:\/\/www.ecinews.fr\/wp-content\/uploads\/2022\/02\/logo-1.jpg\",\"width\":283,\"height\":113,\"caption\":\"EENewsEurope\"},\"image\":{\"@id\":\"https:\/\/www.ecinews.fr\/fr\/#\/schema\/logo\/image\/\"}},{\"@type\":\"Person\",\"@id\":\"https:\/\/www.ecinews.fr\/fr\/#\/schema\/person\/0aa2cfb0bd8949724a68cbac8d8321b4\",\"name\":\"A Delapalisse\",\"image\":{\"@type\":\"ImageObject\",\"inLanguage\":\"fr-FR\",\"@id\":\"https:\/\/www.ecinews.fr\/fr\/#\/schema\/person\/image\/211ac42237c2e9683c0964086c393cb4\",\"url\":\"https:\/\/secure.gravatar.com\/avatar\/ad45a8c5da24bc9c7c4940dd1c48a695?s=96&d=mm&r=g\",\"contentUrl\":\"https:\/\/secure.gravatar.com\/avatar\/ad45a8c5da24bc9c7c4940dd1c48a695?s=96&d=mm&r=g\",\"caption\":\"A Delapalisse\"},\"sameAs\":[\"http:\/\/ECI\"]}]}<\/script>","yoast_head_json":{"title":"Le march\u00e9 des puces en baisse de 21% en mars ...","description":"The value of the global chip market continued to fall in March but there are signs of an approaching bottom to the market decline.","robots":{"index":"index","follow":"follow","max-snippet":"max-snippet:-1","max-image-preview":"max-image-preview:large","max-video-preview":"max-video-preview:-1"},"canonical":"https:\/\/www.ecinews.fr\/fr\/wp-json\/wp\/v2\/posts\/420817\/","og_locale":"fr_FR","og_type":"article","og_title":"Le march\u00e9 des puces touche le fond avec une baisse de 21% en mars","og_description":"The value of the global chip market continued to fall in March but there are signs of an approaching bottom to the market decline.","og_url":"https:\/\/www.ecinews.fr\/fr\/wp-json\/wp\/v2\/posts\/420817\/","og_site_name":"EENewsEurope","article_published_time":"2023-05-02T16:21:32+00:00","article_modified_time":"2023-05-02T18:47:11+00:00","og_image":[{"width":630,"height":375,"url":"https:\/\/www.ecinews.fr\/wp-content\/uploads\/2023\/05\/Bottom630.jpg","type":"image\/jpeg"}],"author":"A Delapalisse, Peter Clarke","twitter_card":"summary_large_image","twitter_misc":{"Written by":"A Delapalisse","Est. reading time":"3 minutes"},"schema":{"@context":"https:\/\/schema.org","@graph":[{"@type":"Article","@id":"https:\/\/www.ecinews.fr\/fr\/le-marche-des-puces-touche-le-fond-avec-une-baisse-de-21-en-mars\/#article","isPartOf":{"@id":"https:\/\/www.ecinews.fr\/fr\/le-marche-des-puces-touche-le-fond-avec-une-baisse-de-21-en-mars\/"},"author":{"name":"A Delapalisse","@id":"https:\/\/www.ecinews.fr\/fr\/#\/schema\/person\/0aa2cfb0bd8949724a68cbac8d8321b4"},"headline":"Le march\u00e9 des puces touche le fond avec une baisse de 21% en mars","datePublished":"2023-05-02T16:21:32+00:00","dateModified":"2023-05-02T18:47:11+00:00","mainEntityOfPage":{"@id":"https:\/\/www.ecinews.fr\/fr\/le-marche-des-puces-touche-le-fond-avec-une-baisse-de-21-en-mars\/"},"wordCount":646,"publisher":{"@id":"https:\/\/www.ecinews.fr\/fr\/#organization"},"keywords":["March\u00e9","Semiconducteurs"],"articleSection":["Actualit\u00e9s \u00e9conomiques"],"inLanguage":"fr-FR"},{"@type":"WebPage","@id":"https:\/\/www.ecinews.fr\/fr\/le-marche-des-puces-touche-le-fond-avec-une-baisse-de-21-en-mars\/","url":"https:\/\/www.ecinews.fr\/fr\/le-marche-des-puces-touche-le-fond-avec-une-baisse-de-21-en-mars\/","name":"Le march\u00e9 des puces en baisse de 21% en mars","isPartOf":{"@id":"https:\/\/www.ecinews.fr\/fr\/#website"},"datePublished":"2023-05-02T16:21:32+00:00","dateModified":"2023-05-02T18:47:11+00:00","description":"The value of the global chip market continued to fall in March but there are signs of an approaching bottom to the market decline.","breadcrumb":{"@id":"https:\/\/www.ecinews.fr\/fr\/le-marche-des-puces-touche-le-fond-avec-une-baisse-de-21-en-mars\/#breadcrumb"},"inLanguage":"fr-FR","potentialAction":[{"@type":"ReadAction","target":["https:\/\/www.ecinews.fr\/fr\/le-marche-des-puces-touche-le-fond-avec-une-baisse-de-21-en-mars\/"]}]},{"@type":"BreadcrumbList","@id":"https:\/\/www.ecinews.fr\/fr\/le-marche-des-puces-touche-le-fond-avec-une-baisse-de-21-en-mars\/#breadcrumb","itemListElement":[{"@type":"ListItem","position":1,"name":"Home","item":"https:\/\/www.ecinews.fr\/fr\/"},{"@type":"ListItem","position":2,"name":"Le march\u00e9 des puces touche le fond avec une baisse de 21% en mars"}]},{"@type":"WebSite","@id":"https:\/\/www.ecinews.fr\/fr\/#website","url":"https:\/\/www.ecinews.fr\/fr\/","name":"EENewsEurope","description":"Just another WordPress site","publisher":{"@id":"https:\/\/www.ecinews.fr\/fr\/#organization"},"potentialAction":[{"@type":"SearchAction","target":{"@type":"EntryPoint","urlTemplate":"https:\/\/www.ecinews.fr\/fr\/?s={search_term_string}"},"query-input":"required name=search_term_string"}],"inLanguage":"fr-FR"},{"@type":"Organization","@id":"https:\/\/www.ecinews.fr\/fr\/#organization","name":"EENewsEurope","url":"https:\/\/www.ecinews.fr\/fr\/","logo":{"@type":"ImageObject","inLanguage":"fr-FR","@id":"https:\/\/www.ecinews.fr\/fr\/#\/schema\/logo\/image\/","url":"https:\/\/www.ecinews.fr\/wp-content\/uploads\/2022\/02\/logo-1.jpg","contentUrl":"https:\/\/www.ecinews.fr\/wp-content\/uploads\/2022\/02\/logo-1.jpg","width":283,"height":113,"caption":"EENewsEurope"},"image":{"@id":"https:\/\/www.ecinews.fr\/fr\/#\/schema\/logo\/image\/"}},{"@type":"Person","@id":"https:\/\/www.ecinews.fr\/fr\/#\/schema\/person\/0aa2cfb0bd8949724a68cbac8d8321b4","name":"A Delapalisse","image":{"@type":"ImageObject","inLanguage":"fr-FR","@id":"https:\/\/www.ecinews.fr\/fr\/#\/schema\/person\/image\/211ac42237c2e9683c0964086c393cb4","url":"https:\/\/secure.gravatar.com\/avatar\/ad45a8c5da24bc9c7c4940dd1c48a695?s=96&d=mm&r=g","contentUrl":"https:\/\/secure.gravatar.com\/avatar\/ad45a8c5da24bc9c7c4940dd1c48a695?s=96&d=mm&r=g","caption":"A Delapalisse"},"sameAs":["http:\/\/ECI"]}]}},"authors":[{"term_id":1153,"user_id":34,"is_guest":0,"slug":"adelapalisse","display_name":"A Delapalisse","avatar_url":"https:\/\/secure.gravatar.com\/avatar\/ad45a8c5da24bc9c7c4940dd1c48a695?s=96&d=mm&r=g","0":null,"1":"","2":"","3":"","4":"","5":"","6":"","7":"","8":""},{"term_id":1136,"user_id":4,"is_guest":0,"slug":"clarke","display_name":"Peter Clarke","avatar_url":"https:\/\/secure.gravatar.com\/avatar\/d567d206cb92a682963201f296594da4?s=96&d=mm&r=g","0":null,"1":"","2":"","3":"","4":"","5":"","6":"","7":"","8":""}],"_links":{"self":[{"href":"https:\/\/www.ecinews.fr\/fr\/wp-json\/wp\/v2\/posts\/420817"}],"collection":[{"href":"https:\/\/www.ecinews.fr\/fr\/wp-json\/wp\/v2\/posts"}],"about":[{"href":"https:\/\/www.ecinews.fr\/fr\/wp-json\/wp\/v2\/types\/post"}],"author":[{"embeddable":true,"href":"https:\/\/www.ecinews.fr\/fr\/wp-json\/wp\/v2\/users\/34"}],"replies":[{"embeddable":true,"href":"https:\/\/www.ecinews.fr\/fr\/wp-json\/wp\/v2\/comments?post=420817"}],"version-history":[{"count":0,"href":"https:\/\/www.ecinews.fr\/fr\/wp-json\/wp\/v2\/posts\/420817\/revisions"}],"wp:featuredmedia":[{"embeddable":true,"href":"https:\/\/www.ecinews.fr\/fr\/wp-json\/wp\/v2\/media\/420781"}],"wp:attachment":[{"href":"https:\/\/www.ecinews.fr\/fr\/wp-json\/wp\/v2\/media?parent=420817"}],"wp:term":[{"taxonomy":"category","embeddable":true,"href":"https:\/\/www.ecinews.fr\/fr\/wp-json\/wp\/v2\/categories?post=420817"},{"taxonomy":"post_tag","embeddable":true,"href":"https:\/\/www.ecinews.fr\/fr\/wp-json\/wp\/v2\/tags?post=420817"},{"taxonomy":"domains","embeddable":true,"href":"https:\/\/www.ecinews.fr\/fr\/wp-json\/wp\/v2\/domains?post=420817"},{"taxonomy":"author","embeddable":true,"href":"https:\/\/www.ecinews.fr\/fr\/wp-json\/wp\/v2\/ppma_author?post=420817"}],"curies":[{"name":"wp","href":"https:\/\/api.w.org\/{rel}","templated":true}]}}