{"id":420498,"date":"2023-04-27T19:29:45","date_gmt":"2023-04-27T17:29:45","guid":{"rendered":"https:\/\/www.ecinews.fr\/?p=420498"},"modified":"2023-04-27T19:29:45","modified_gmt":"2023-04-27T17:29:45","slug":"retroeclairages-a-double-etat-combinant-deux-couleurs","status":"publish","type":"post","link":"https:\/\/www.ecinews.fr\/fr\/retroeclairages-a-double-etat-combinant-deux-couleurs\/","title":{"rendered":"R\u00e9tro\u00e9clairages \u00e0 double \u00e9tat combinant deux couleurs"},"content":{"rendered":"<h2>Propos\u00e9s par OMC, ces r\u00e9tro\u00e9clairages \u00e0 double statut combinent deux couleurs permettant aux concepteurs d&rsquo;utiliser une source de r\u00e9tro\u00e9clairage unique pour indiquer tr\u00e8s clairement l&rsquo;\u00e9tat, plut\u00f4t qu&rsquo;un r\u00e9tro\u00e9clairage couleur unique simplement activ\u00e9 ou d\u00e9sactiv\u00e9<\/h2>\n<p>Les r\u00e9tro\u00e9clairages profil\u00e9s \u00e0 double \u00e9tat fournissent un \u00e9clairage propre, lumineux et clair pour un \u00e9cran afin de garantir que l&rsquo;interface machine-humain est facile \u00e0 comprendre.\u00a0 En tant que composants robustes avec une dur\u00e9e de vie prolong\u00e9e, les r\u00e9tro\u00e9clairages profil\u00e9s \u00e0 double statut peuvent \u00eatre utilis\u00e9s dans de multiples applications et industries, y compris les applications en environnement difficile telles que l&rsquo;industrie p\u00e9trochimique (syst\u00e8mes de d\u00e9tection de gaz explosifs, syst\u00e8mes d&rsquo;affichage pour vannes d&rsquo;ol\u00e9oducs, comptage de gaz et d&rsquo;\u00e9lectricit\u00e9) et dans la recherche, l&rsquo;instrumentation et les applications m\u00e9dicales (\u00e9crans de syst\u00e8mes de survie, applications d&rsquo;imagerie, affichages d&rsquo;instruments de mesure).<\/p>\n<h3>Une solution rentable m\u00eame pour les besoins de petits et moyens volumes<\/h3>\n<p>Les r\u00e9tro\u00e9clairages \u00e0 double profil d&rsquo;\u00e9tat apportent des avantages aux applications industrielles o\u00f9 les r\u00e9tro\u00e9clairages couleur n&rsquo;\u00e9taient pas auparavant une solution pratique pour les \u00e9crans, car ils r\u00e9solvent les probl\u00e8mes de co\u00fbt et de fiabilit\u00e9 suppl\u00e9mentaires li\u00e9s \u00e0 l&rsquo;ajout de plusieurs LED \u00e0 un r\u00e9tro\u00e9clairage de mani\u00e8re rentable lorsque des dimensions personnalis\u00e9es sont requises.\u00a0 Les r\u00e9tro\u00e9clairages profil\u00e9s \u00e0 double \u00e9tat sont faciles \u00e0 conduire, prennent moins de place dans une conception et offrent une solution rentable, m\u00eame pour les besoins de petits et moyens volumes.\u00a0 Les deux couleurs indiquent tr\u00e8s clairement le statut et permettent d&rsquo;attirer l&rsquo;attention m\u00eame sous un angle oblique. L&rsquo;\u00e9tat de temp\u00e9rature est une application courante, o\u00f9 l&rsquo;utilisation d&rsquo;un \u00e9metteur LED rouge \u00e0 c\u00f4t\u00e9 d&rsquo;un \u00e9metteur LED vert permet un avertissement rapide de \u00ab\u00a0passage au rouge\u00a0\u00bb.<br \/>\nLes r\u00e9tro\u00e9clairages profil\u00e9s \u00e0 double \u00e9tat ont des \u00e9metteurs LED adressables individuellement, et les couleurs disponibles vont du bleu ultra-vif, quatre verts, trois jaunes, orange, trois rouges et blanc ultra-brillant.<\/p>\n<p>William Heath, directeur commercial d&rsquo;OMC, commente : \u00ab Nous avons \u00e9t\u00e9 les pionniers de l&rsquo;introduction des LED en tant que technologie de r\u00e9tro\u00e9clairage il y a plus de trente ans avec notre gamme de r\u00e9tro\u00e9clairage profil\u00e9, et invent\u00e9 notre \u00e9metteur de r\u00e9tro\u00e9clairage \u00e0 d\u00e9clenchement lat\u00e9ral, qui \u00e9claire les r\u00e9tro\u00e9clairages dans une large gamme de couleurs et de niveaux de luminosit\u00e9. Nos nouveaux r\u00e9tro\u00e9clairages profil\u00e9s \u00e0 double statut sont un d\u00e9veloppement ult\u00e9rieur de notre technologie prim\u00e9e et nos techniques de fabrication uniques signifient que n&rsquo;importe quelle quantit\u00e9 peut \u00eatre produite de mani\u00e8re rentable, de moins de dix pi\u00e8ces \u00e0 des dizaines de milliers, avec des \u00e9chantillons disponibles en aussi peu que cinq \u00e0 dix jours ouvrables. \u00bb<\/p>\n<h3>\u00c0 propos de OMC<\/h3>\n<p>Fond\u00e9 au milieu des ann\u00e9es 1980 sous le nom de The Fibre-Data Group, OMC est l&rsquo;un des plus anciens fabricants sp\u00e9cialis\u00e9s en opto\u00e9lectronique en Europe, dont le si\u00e8ge social est situ\u00e9 \u00e0 Cornwall, au Royaume-Uni. Accr\u00e9dit\u00e9 ISO 9001 ISO 14001 et ISO 45001 et laur\u00e9at du National Electronic Component Award for Innovation du Royaume-Uni et du prix Elektra Award for Excellence in Product Design for High Reliability Systems, OMC est un pionnier dans le d\u00e9veloppement, la fabrication et l&rsquo;application de technologies LED et fibre optique de pointe pour un large \u00e9ventail d&rsquo;industries et d&rsquo;entreprises du monde entier. et met l&rsquo;accent sur la recherche et le d\u00e9veloppement, l&rsquo;ing\u00e9nierie et l&rsquo;innovation. L&rsquo;engagement d&rsquo;OMC envers les normes les plus \u00e9lev\u00e9es de qualit\u00e9, de performance et de support technique est reconnu au sein de l&rsquo;industrie. OMC a quatre divisions de fabrication cl\u00e9s : fibre optique; r\u00e9tro\u00e9clairage LED et moulures optiques; composants opto\u00e9lectroniques discrets; et les composants d&rsquo;\u00e9clairage LED industriels.<\/p>\n<p>&nbsp;<\/p>\n<p><a title=\"www.omc-uk.com\" href=\"http:\/\/www.omc-uk.com\">www.omc-uk.com<\/a><\/p>\n<p><a href=\"https:\/\/news.google.com\/publications\/CAAqBwgKMJbcwQswuPfYAw?hl=fr&amp;gl=BE&amp;ceid=BE:fr\">Suivre ECInews sur Google news<\/a><\/p>\n","protected":false},"excerpt":{"rendered":"<p>Propos\u00e9s par OMC, ces r\u00e9tro\u00e9clairages \u00e0 double statut combinent deux couleurs permettant aux concepteurs d&rsquo;utiliser une source de r\u00e9tro\u00e9clairage unique pour indiquer tr\u00e8s clairement l&rsquo;\u00e9tat, plut\u00f4t qu&rsquo;un r\u00e9tro\u00e9clairage couleur unique simplement activ\u00e9 ou d\u00e9sactiv\u00e9 Les r\u00e9tro\u00e9clairages profil\u00e9s \u00e0 double \u00e9tat fournissent un \u00e9clairage propre, lumineux et clair pour un \u00e9cran afin de garantir que l&rsquo;interface [&hellip;]<\/p>\n","protected":false},"author":36,"featured_media":420499,"comment_status":"closed","ping_status":"closed","sticky":false,"template":"","format":"standard","meta":{"_acf_changed":false,"footnotes":""},"categories":[881],"tags":[907],"domains":[47],"ppma_author":[1154],"class_list":["post-420498","post","type-post","status-publish","format-standard","has-post-thumbnail","hentry","category-nouveaux-produits","tag-optoelectronics-fr","domains-electronique-eci"],"acf":[],"yoast_head":"<title>R\u00e9tro\u00e9clairages \u00e0 double \u00e9tat combinant deux couleurs ...<\/title>\n<meta name=\"description\" content=\"Propos\u00e9s par OMC, ces r\u00e9tro\u00e9clairages \u00e0 double statut combinent deux couleurs permettant aux concepteurs d&#039;utiliser une source de r\u00e9tro\u00e9clairage unique...\" \/>\n<meta name=\"robots\" content=\"index, follow, max-snippet:-1, max-image-preview:large, max-video-preview:-1\" \/>\n<link rel=\"canonical\" href=\"https:\/\/www.ecinews.fr\/fr\/wp-json\/wp\/v2\/posts\/420498\/\" \/>\n<meta property=\"og:locale\" content=\"fr_FR\" \/>\n<meta property=\"og:type\" content=\"article\" \/>\n<meta property=\"og:title\" content=\"R\u00e9tro\u00e9clairages \u00e0 double \u00e9tat combinant deux couleurs\" \/>\n<meta property=\"og:description\" content=\"Propos\u00e9s par OMC, ces r\u00e9tro\u00e9clairages \u00e0 double statut combinent deux couleurs permettant aux concepteurs d&#039;utiliser une source de r\u00e9tro\u00e9clairage unique pour indiquer tr\u00e8s clairement l&#039;\u00e9tat\" \/>\n<meta property=\"og:url\" content=\"https:\/\/www.ecinews.fr\/fr\/wp-json\/wp\/v2\/posts\/420498\/\" \/>\n<meta property=\"og:site_name\" content=\"EENewsEurope\" \/>\n<meta property=\"article:published_time\" content=\"2023-04-27T17:29:45+00:00\" \/>\n<meta property=\"og:image\" content=\"https:\/\/www.ecinews.fr\/wp-content\/uploads\/2023\/04\/ECI1799_OMC-scaled.jpg\" \/>\n\t<meta property=\"og:image:width\" content=\"1080\" \/>\n\t<meta property=\"og:image:height\" content=\"771\" \/>\n\t<meta property=\"og:image:type\" content=\"image\/jpeg\" \/>\n<meta name=\"author\" content=\"Alain Dieul\" \/>\n<meta name=\"twitter:card\" content=\"summary_large_image\" \/>\n<meta name=\"twitter:label1\" content=\"Written by\" \/>\n\t<meta name=\"twitter:data1\" content=\"Alain Dieul\" \/>\n\t<meta name=\"twitter:label2\" content=\"Est. reading time\" \/>\n\t<meta name=\"twitter:data2\" content=\"3 minutes\" \/>\n<script type=\"application\/ld+json\" class=\"yoast-schema-graph\">{\"@context\":\"https:\/\/schema.org\",\"@graph\":[{\"@type\":\"Article\",\"@id\":\"https:\/\/www.ecinews.fr\/fr\/retroeclairages-a-double-etat-combinant-deux-couleurs\/#article\",\"isPartOf\":{\"@id\":\"https:\/\/www.ecinews.fr\/fr\/retroeclairages-a-double-etat-combinant-deux-couleurs\/\"},\"author\":{\"name\":\"Alain Dieul\",\"@id\":\"https:\/\/www.eenewseurope.com\/en\/#\/schema\/person\/e4387676ad67ce722325c7832f3c3762\"},\"headline\":\"R\u00e9tro\u00e9clairages \u00e0 double \u00e9tat combinant deux couleurs\",\"datePublished\":\"2023-04-27T17:29:45+00:00\",\"dateModified\":\"2023-04-27T17:29:45+00:00\",\"mainEntityOfPage\":{\"@id\":\"https:\/\/www.ecinews.fr\/fr\/retroeclairages-a-double-etat-combinant-deux-couleurs\/\"},\"wordCount\":689,\"publisher\":{\"@id\":\"https:\/\/www.eenewseurope.com\/en\/#organization\"},\"keywords\":[\"Optoelectronics\"],\"articleSection\":[\"Nouveaux produits\"],\"inLanguage\":\"fr-FR\"},{\"@type\":\"WebPage\",\"@id\":\"https:\/\/www.ecinews.fr\/fr\/retroeclairages-a-double-etat-combinant-deux-couleurs\/\",\"url\":\"https:\/\/www.ecinews.fr\/fr\/retroeclairages-a-double-etat-combinant-deux-couleurs\/\",\"name\":\"R\u00e9tro\u00e9clairages \u00e0 double \u00e9tat combinant deux couleurs -\",\"isPartOf\":{\"@id\":\"https:\/\/www.eenewseurope.com\/en\/#website\"},\"datePublished\":\"2023-04-27T17:29:45+00:00\",\"dateModified\":\"2023-04-27T17:29:45+00:00\",\"description\":\"Propos\u00e9s par OMC, ces r\u00e9tro\u00e9clairages \u00e0 double statut combinent deux couleurs permettant aux concepteurs d'utiliser une source de r\u00e9tro\u00e9clairage unique pour indiquer tr\u00e8s clairement l'\u00e9tat\",\"breadcrumb\":{\"@id\":\"https:\/\/www.ecinews.fr\/fr\/retroeclairages-a-double-etat-combinant-deux-couleurs\/#breadcrumb\"},\"inLanguage\":\"fr-FR\",\"potentialAction\":[{\"@type\":\"ReadAction\",\"target\":[\"https:\/\/www.ecinews.fr\/fr\/retroeclairages-a-double-etat-combinant-deux-couleurs\/\"]}]},{\"@type\":\"BreadcrumbList\",\"@id\":\"https:\/\/www.ecinews.fr\/fr\/retroeclairages-a-double-etat-combinant-deux-couleurs\/#breadcrumb\",\"itemListElement\":[{\"@type\":\"ListItem\",\"position\":1,\"name\":\"Home\",\"item\":\"https:\/\/www.ecinews.fr\/fr\/\"},{\"@type\":\"ListItem\",\"position\":2,\"name\":\"R\u00e9tro\u00e9clairages \u00e0 double \u00e9tat combinant deux couleurs\"}]},{\"@type\":\"WebSite\",\"@id\":\"https:\/\/www.eenewseurope.com\/en\/#website\",\"url\":\"https:\/\/www.eenewseurope.com\/en\/\",\"name\":\"EENewsEurope\",\"description\":\"Just another WordPress site\",\"publisher\":{\"@id\":\"https:\/\/www.eenewseurope.com\/en\/#organization\"},\"potentialAction\":[{\"@type\":\"SearchAction\",\"target\":{\"@type\":\"EntryPoint\",\"urlTemplate\":\"https:\/\/www.eenewseurope.com\/en\/?s={search_term_string}\"},\"query-input\":\"required name=search_term_string\"}],\"inLanguage\":\"fr-FR\"},{\"@type\":\"Organization\",\"@id\":\"https:\/\/www.eenewseurope.com\/en\/#organization\",\"name\":\"EENewsEurope\",\"url\":\"https:\/\/www.eenewseurope.com\/en\/\",\"logo\":{\"@type\":\"ImageObject\",\"inLanguage\":\"fr-FR\",\"@id\":\"https:\/\/www.eenewseurope.com\/en\/#\/schema\/logo\/image\/\",\"url\":\"https:\/\/www.ecinews.fr\/wp-content\/uploads\/2022\/02\/logo-1.jpg\",\"contentUrl\":\"https:\/\/www.ecinews.fr\/wp-content\/uploads\/2022\/02\/logo-1.jpg\",\"width\":283,\"height\":113,\"caption\":\"EENewsEurope\"},\"image\":{\"@id\":\"https:\/\/www.eenewseurope.com\/en\/#\/schema\/logo\/image\/\"}},{\"@type\":\"Person\",\"@id\":\"https:\/\/www.eenewseurope.com\/en\/#\/schema\/person\/e4387676ad67ce722325c7832f3c3762\",\"name\":\"Alain Dieul\",\"image\":{\"@type\":\"ImageObject\",\"inLanguage\":\"fr-FR\",\"@id\":\"https:\/\/www.eenewseurope.com\/en\/#\/schema\/person\/image\/736120675699dbbf0f0f282b9a9cfb75\",\"url\":\"https:\/\/secure.gravatar.com\/avatar\/bc93b056d07515be5b8eecd4acf49c5c?s=96&d=mm&r=g\",\"contentUrl\":\"https:\/\/secure.gravatar.com\/avatar\/bc93b056d07515be5b8eecd4acf49c5c?s=96&d=mm&r=g\",\"caption\":\"Alain Dieul\"},\"sameAs\":[\"http:\/\/ECINews\"]}]}<\/script>","yoast_head_json":{"title":"R\u00e9tro\u00e9clairages \u00e0 double \u00e9tat combinant deux couleurs ...","description":"Propos\u00e9s par OMC, ces r\u00e9tro\u00e9clairages \u00e0 double statut combinent deux couleurs permettant aux concepteurs d'utiliser une source de r\u00e9tro\u00e9clairage unique...","robots":{"index":"index","follow":"follow","max-snippet":"max-snippet:-1","max-image-preview":"max-image-preview:large","max-video-preview":"max-video-preview:-1"},"canonical":"https:\/\/www.ecinews.fr\/fr\/wp-json\/wp\/v2\/posts\/420498\/","og_locale":"fr_FR","og_type":"article","og_title":"R\u00e9tro\u00e9clairages \u00e0 double \u00e9tat combinant deux couleurs","og_description":"Propos\u00e9s par OMC, ces r\u00e9tro\u00e9clairages \u00e0 double statut combinent deux couleurs permettant aux concepteurs d'utiliser une source de r\u00e9tro\u00e9clairage unique pour indiquer tr\u00e8s clairement l'\u00e9tat","og_url":"https:\/\/www.ecinews.fr\/fr\/wp-json\/wp\/v2\/posts\/420498\/","og_site_name":"EENewsEurope","article_published_time":"2023-04-27T17:29:45+00:00","og_image":[{"width":1080,"height":771,"url":"https:\/\/www.ecinews.fr\/wp-content\/uploads\/2023\/04\/ECI1799_OMC-scaled.jpg","type":"image\/jpeg"}],"author":"Alain Dieul","twitter_card":"summary_large_image","twitter_misc":{"Written by":"Alain Dieul","Est. reading time":"3 minutes"},"schema":{"@context":"https:\/\/schema.org","@graph":[{"@type":"Article","@id":"https:\/\/www.ecinews.fr\/fr\/retroeclairages-a-double-etat-combinant-deux-couleurs\/#article","isPartOf":{"@id":"https:\/\/www.ecinews.fr\/fr\/retroeclairages-a-double-etat-combinant-deux-couleurs\/"},"author":{"name":"Alain Dieul","@id":"https:\/\/www.eenewseurope.com\/en\/#\/schema\/person\/e4387676ad67ce722325c7832f3c3762"},"headline":"R\u00e9tro\u00e9clairages \u00e0 double \u00e9tat combinant deux couleurs","datePublished":"2023-04-27T17:29:45+00:00","dateModified":"2023-04-27T17:29:45+00:00","mainEntityOfPage":{"@id":"https:\/\/www.ecinews.fr\/fr\/retroeclairages-a-double-etat-combinant-deux-couleurs\/"},"wordCount":689,"publisher":{"@id":"https:\/\/www.eenewseurope.com\/en\/#organization"},"keywords":["Optoelectronics"],"articleSection":["Nouveaux produits"],"inLanguage":"fr-FR"},{"@type":"WebPage","@id":"https:\/\/www.ecinews.fr\/fr\/retroeclairages-a-double-etat-combinant-deux-couleurs\/","url":"https:\/\/www.ecinews.fr\/fr\/retroeclairages-a-double-etat-combinant-deux-couleurs\/","name":"R\u00e9tro\u00e9clairages \u00e0 double \u00e9tat combinant deux couleurs -","isPartOf":{"@id":"https:\/\/www.eenewseurope.com\/en\/#website"},"datePublished":"2023-04-27T17:29:45+00:00","dateModified":"2023-04-27T17:29:45+00:00","description":"Propos\u00e9s par OMC, ces r\u00e9tro\u00e9clairages \u00e0 double statut combinent deux couleurs permettant aux concepteurs d'utiliser une source de r\u00e9tro\u00e9clairage unique pour indiquer tr\u00e8s clairement l'\u00e9tat","breadcrumb":{"@id":"https:\/\/www.ecinews.fr\/fr\/retroeclairages-a-double-etat-combinant-deux-couleurs\/#breadcrumb"},"inLanguage":"fr-FR","potentialAction":[{"@type":"ReadAction","target":["https:\/\/www.ecinews.fr\/fr\/retroeclairages-a-double-etat-combinant-deux-couleurs\/"]}]},{"@type":"BreadcrumbList","@id":"https:\/\/www.ecinews.fr\/fr\/retroeclairages-a-double-etat-combinant-deux-couleurs\/#breadcrumb","itemListElement":[{"@type":"ListItem","position":1,"name":"Home","item":"https:\/\/www.ecinews.fr\/fr\/"},{"@type":"ListItem","position":2,"name":"R\u00e9tro\u00e9clairages \u00e0 double \u00e9tat combinant deux couleurs"}]},{"@type":"WebSite","@id":"https:\/\/www.eenewseurope.com\/en\/#website","url":"https:\/\/www.eenewseurope.com\/en\/","name":"EENewsEurope","description":"Just another WordPress site","publisher":{"@id":"https:\/\/www.eenewseurope.com\/en\/#organization"},"potentialAction":[{"@type":"SearchAction","target":{"@type":"EntryPoint","urlTemplate":"https:\/\/www.eenewseurope.com\/en\/?s={search_term_string}"},"query-input":"required name=search_term_string"}],"inLanguage":"fr-FR"},{"@type":"Organization","@id":"https:\/\/www.eenewseurope.com\/en\/#organization","name":"EENewsEurope","url":"https:\/\/www.eenewseurope.com\/en\/","logo":{"@type":"ImageObject","inLanguage":"fr-FR","@id":"https:\/\/www.eenewseurope.com\/en\/#\/schema\/logo\/image\/","url":"https:\/\/www.ecinews.fr\/wp-content\/uploads\/2022\/02\/logo-1.jpg","contentUrl":"https:\/\/www.ecinews.fr\/wp-content\/uploads\/2022\/02\/logo-1.jpg","width":283,"height":113,"caption":"EENewsEurope"},"image":{"@id":"https:\/\/www.eenewseurope.com\/en\/#\/schema\/logo\/image\/"}},{"@type":"Person","@id":"https:\/\/www.eenewseurope.com\/en\/#\/schema\/person\/e4387676ad67ce722325c7832f3c3762","name":"Alain Dieul","image":{"@type":"ImageObject","inLanguage":"fr-FR","@id":"https:\/\/www.eenewseurope.com\/en\/#\/schema\/person\/image\/736120675699dbbf0f0f282b9a9cfb75","url":"https:\/\/secure.gravatar.com\/avatar\/bc93b056d07515be5b8eecd4acf49c5c?s=96&d=mm&r=g","contentUrl":"https:\/\/secure.gravatar.com\/avatar\/bc93b056d07515be5b8eecd4acf49c5c?s=96&d=mm&r=g","caption":"Alain Dieul"},"sameAs":["http:\/\/ECINews"]}]}},"authors":[{"term_id":1154,"user_id":36,"is_guest":0,"slug":"alain-dieul","display_name":"Alain Dieul","avatar_url":"https:\/\/secure.gravatar.com\/avatar\/bc93b056d07515be5b8eecd4acf49c5c?s=96&d=mm&r=g","0":null,"1":"","2":"","3":"","4":"","5":"","6":"","7":"","8":""}],"_links":{"self":[{"href":"https:\/\/www.ecinews.fr\/fr\/wp-json\/wp\/v2\/posts\/420498"}],"collection":[{"href":"https:\/\/www.ecinews.fr\/fr\/wp-json\/wp\/v2\/posts"}],"about":[{"href":"https:\/\/www.ecinews.fr\/fr\/wp-json\/wp\/v2\/types\/post"}],"author":[{"embeddable":true,"href":"https:\/\/www.ecinews.fr\/fr\/wp-json\/wp\/v2\/users\/36"}],"replies":[{"embeddable":true,"href":"https:\/\/www.ecinews.fr\/fr\/wp-json\/wp\/v2\/comments?post=420498"}],"version-history":[{"count":0,"href":"https:\/\/www.ecinews.fr\/fr\/wp-json\/wp\/v2\/posts\/420498\/revisions"}],"wp:featuredmedia":[{"embeddable":true,"href":"https:\/\/www.ecinews.fr\/fr\/wp-json\/wp\/v2\/media\/420499"}],"wp:attachment":[{"href":"https:\/\/www.ecinews.fr\/fr\/wp-json\/wp\/v2\/media?parent=420498"}],"wp:term":[{"taxonomy":"category","embeddable":true,"href":"https:\/\/www.ecinews.fr\/fr\/wp-json\/wp\/v2\/categories?post=420498"},{"taxonomy":"post_tag","embeddable":true,"href":"https:\/\/www.ecinews.fr\/fr\/wp-json\/wp\/v2\/tags?post=420498"},{"taxonomy":"domains","embeddable":true,"href":"https:\/\/www.ecinews.fr\/fr\/wp-json\/wp\/v2\/domains?post=420498"},{"taxonomy":"author","embeddable":true,"href":"https:\/\/www.ecinews.fr\/fr\/wp-json\/wp\/v2\/ppma_author?post=420498"}],"curies":[{"name":"wp","href":"https:\/\/api.w.org\/{rel}","templated":true}]}}