{"id":420496,"date":"2023-04-27T21:18:32","date_gmt":"2023-04-27T19:18:32","guid":{"rendered":"https:\/\/www.eenewseurope.com\/?p=420496"},"modified":"2023-04-27T21:20:10","modified_gmt":"2023-04-27T19:20:10","slug":"bosch-investit-plus-dun-milliard-de-dollars-pour-une-fab-sic-aux-usa","status":"publish","type":"post","link":"https:\/\/www.ecinews.fr\/fr\/bosch-investit-plus-dun-milliard-de-dollars-pour-une-fab-sic-aux-usa\/","title":{"rendered":"Bosch investit plus d&rsquo;un milliard de dollars pour une fab SiC aux USA"},"content":{"rendered":"<h2 style=\"font-weight: 400;\"><span class=\"HwtZe\" lang=\"fr\"><span class=\"jCAhz ChMk0b\"><span class=\"ryNqvb\">Dans le contexte d&rsquo;une augmentation massive de la demande de semiconducteurs SiC, en particulier du secteur de la mobilit\u00e9 \u00e9lectrique, Bosch a l&rsquo;intention d&rsquo;\u00e9tendre sa capacit\u00e9 de fabrication en acqu\u00e9rant le fabricant californien de semiconducteurs TSI Semiconductors.<\/span><\/span>\u00a0<\/span><\/h2>\n<p><span class=\"HwtZe\" lang=\"fr\"><span class=\"jCAhz ChMk0b\"><span class=\"ryNqvb\">TSI Semiconductors (Roseville, Californie), une fonderie de 250 employ\u00e9s, produit actuellement principalement des ASICs.<\/span><\/span> <span class=\"jCAhz ChMk0b\"><span class=\"ryNqvb\">La soci\u00e9t\u00e9 d\u00e9veloppe et produit des semiconducteurs \u00e0 grand volume principalement sur des tranches de silicium de 200 millim\u00e8tres pour des applications dans les secteurs de la mobilit\u00e9, des t\u00e9l\u00e9communications, de l&rsquo;\u00e9nergie et des sciences de la vie.<\/span><\/span> <span class=\"jCAhz ChMk0b\"><span class=\"ryNqvb\">Bosch a l&rsquo;intention d&rsquo;investir plus de 1,5 milliard de dollars (environ 1,39 milliard d&rsquo;euros) dans le site de Roseville dans les ann\u00e9es \u00e0 venir et de convertir les installations de fabrication de TSI Semiconductors.<\/span><\/span> <span class=\"jCAhz ChMk0b\"><span class=\"ryNqvb\">D\u00e8s 2026, les premiers semiconducteurs \u00e0 base du mat\u00e9riau innovant le carbure de silicium (SiC) y seront produits sur des wafers de 200 millim\u00e8tres.<\/span><\/span> <\/span><\/p>\n<h2 style=\"font-weight: 400;\"><span class=\"HwtZe\" lang=\"fr\"><span class=\"jCAhz ChMk0b\"><span class=\"ryNqvb\">Bosch doit se d\u00e9p\u00eacher pour ne pas \u00eatre distanc\u00e9<\/span><\/span> <\/span><\/h2>\n<p style=\"font-weight: 400;\"><span class=\"HwtZe\" lang=\"fr\"><span class=\"jCAhz ChMk0b\"><span class=\"ryNqvb\">Avec le rachat pr\u00e9vu, Bosch cr\u00e9erait un troisi\u00e8me site pour son activit\u00e9 de semiconducteurs.<\/span><\/span> <span class=\"jCAhz ChMk0b\"><span class=\"ryNqvb\">Actuellement, l&rsquo;entreprise produit des semiconducteurs dans deux usines \u00e0 Reutlingen et \u00e0 Dresde (toutes deux en Allemagne).<\/span><\/span> <span class=\"jCAhz ChMk0b\"><span class=\"ryNqvb\">L&rsquo;objectif est d&rsquo;\u00e9largir consid\u00e9rablement son offre mondiale de puces SiC d&rsquo;ici 2030.<\/span><\/span> <span class=\"jCAhz ChMk0b\"><span class=\"ryNqvb\">Bosch doit se d\u00e9p\u00eacher pour ne pas prendre de retard dans l&rsquo;importante activit\u00e9 SiC.<\/span><\/span> <span class=\"jCAhz ChMk0b\"><span class=\"ryNqvb\">D&rsquo;importants constructeurs automobiles tels que BMW, Volkswagen et Zeekr (Chine) ont d\u00e9j\u00e0 sign\u00e9 des contrats de fourniture \u00e0 long terme avec onsemi, le concurrent de Bosch.<\/span><\/span> <span class=\"jCAhz ChMk0b\"><span class=\"ryNqvb\">Un autre concurrent de Bosch dans le secteur automobile, ZF Friedrichshafen, a l&rsquo;intention de construire ce qui sera alors la plus grande fab mondiale de composants SiC dans les prochaines ann\u00e9es avec Wolfspeed le sp\u00e9cialiste du SiC .<\/span><\/span><\/span><\/p>\n<p style=\"font-weight: 400;\"><span class=\"HwtZe\" lang=\"fr\"><span class=\"jCAhz ChMk0b\"><span class=\"ryNqvb\">La demande pour ces composants est notamment stimul\u00e9e par la mont\u00e9e en puissance rapide de l&rsquo;\u00e9lectromobilit\u00e9 \u00e0 l&rsquo;\u00e9chelle mondiale, explique Bosch.<\/span><\/span> <span class=\"jCAhz ChMk0b\"><span class=\"ryNqvb\">L&rsquo;\u00e9tendue des investissements pr\u00e9vus d\u00e9pendra des opportunit\u00e9s de financement fournies par le Chips and Science Act des U.S.\u00a0 et des opportunit\u00e9s de d\u00e9veloppement \u00e9conomique dans l&rsquo;\u00c9tat de Californie.<\/span><\/span> <span class=\"jCAhz ChMk0b\"><span class=\"ryNqvb\">Bosch et TSI Semiconductors ont conclu un accord \u00e0 cet effet et ont convenu de ne pas divulguer les d\u00e9tails financiers de la transaction.<\/span><\/span> <span class=\"jCAhz ChMk0b\"><span class=\"ryNqvb\">L&rsquo;acquisition est encore soumise aux approbations r\u00e9glementaires.<\/span><\/span><\/span><\/p>\n<h2><strong><span class=\"HwtZe\" lang=\"fr\"><span class=\"jCAhz ChMk0b\"><span class=\"ryNqvb\">Le march\u00e9 des SIC se d\u00e9veloppe \u00e0 une vitesse vertigineuse<\/span><\/span><\/span><\/strong><\/h2>\n<p><span class=\"HwtZe\" lang=\"fr\">\u00a0<span class=\"jCAhz ChMk0b\"><span class=\"ryNqvb\">\u00ab\u00a0Avec l&rsquo;acquisition de TSI Semiconductors, nous d\u00e9veloppons des capacit\u00e9s de fabrication de puces SiC sur un march\u00e9 de vente important et configurons en m\u00eame temps notre fabrication de semiconducteurs \u00e0 l&rsquo;\u00e9chelle mondiale. L&rsquo;espace de salle blanche disponible et le personnel qualifi\u00e9 \u00e0 Roseville nous permettront de fabriquer<\/span><\/span> d<span class=\"jCAhz ChMk0b\"><span class=\"ryNqvb\">es puces SiC pour l&rsquo;\u00e9lectromobilit\u00e9 \u00e0 une \u00e9chelle encore plus grande \u00bb, a d\u00e9clar\u00e9 le Dr Stefan Hartung, pr\u00e9sident du conseil d&rsquo;administration de Bosch.<\/span><\/span> <span class=\"jCAhz ChMk0b\"><span class=\"ryNqvb\">\u00ab Le site de Roseville existe depuis 1984. Au cours des 40 derni\u00e8res ann\u00e9es, l&rsquo;entreprise am\u00e9ricaine a acquis une grande expertise dans la fabrication de semiconducteurs. Nous int\u00e9grons maintenant cette expertise dans le r\u00e9seau de fabrication de semiconducteurs de Bosch \u00bb, d\u00e9clare le Dr<\/span><\/span> <span class=\"jCAhz ChMk0b\"><span class=\"ryNqvb\">Markus Heyn, membre du directoire de Bosch et pr\u00e9sident du secteur d&rsquo;activit\u00e9 Mobility Solutions.<\/span><\/span> <\/span><\/p>\n<p><span class=\"HwtZe\" lang=\"fr\"><span class=\"jCAhz ChMk0b\"><span class=\"ryNqvb\">\u00ab Nous sommes ravis de faire partie d&rsquo;une entreprise technologique mondiale avec de nombreuses ann\u00e9es d&rsquo;exp\u00e9rience dans le secteur des semiconducteurs. Avec notre site de Roseville, nous avons l&rsquo;intention de devenir un autre pilier de la fabrication de puces SiC de Bosch \u00bb, a d\u00e9clar\u00e9 Oded Tal, PDG de TSI Semiconductors.<\/span><\/span><\/span><\/p>\n<p style=\"font-weight: 400;\">\u00a0<\/p>\n<p style=\"font-weight: 400;\"><a href=\"https:\/\/www.eenewseurope.com\/en\/wolfspeed-zf-join-forces-to-advance-sic-technology\/\">Wolfspeed, ZF join forces to advance SiC technology<\/a><\/p>\n<p style=\"font-weight: 400;\"><a href=\"https:\/\/www.eenewseurope.com\/en\/abt-e-line-plans-to-do-away-with-the-inverter-for-traction-motors\/\">ABT e-Line plans to do away with the inverter for traction motors<\/a><\/p>\n<p style=\"font-weight: 400;\"><a href=\"https:\/\/www.eenewseurope.com\/en\/onsemi-supplies-zeekr-with-sic-components\/\">Onsemi supplies Zeekr with SiC components<\/a><\/p>\n<p><span class=\"HwtZe\" lang=\"fr\"><span class=\"jCAhz ChMk0b\"><span class=\"ryNqvb\">Le nouveau site de Roseville est destin\u00e9 \u00e0 renforcer le r\u00e9seau de fabrication international de Bosch pour les semiconducteurs.<\/span><\/span> <span class=\"jCAhz ChMk0b\"><span class=\"ryNqvb\">Apr\u00e8s une phase de r\u00e9outillage, les premiers semiconducteurs de puissance SiC seront produits ici sur des tranches de 200 millim\u00e8tres dans des salles blanches d&rsquo;environ 10 000 m\u00e8tres carr\u00e9s \u00e0 partir de 2026.<\/span><\/span> <\/span><\/p>\n<p style=\"font-weight: 400;\"><a href=\"https:\/\/www.eenewseurope.com\/en\/mitsubishi-to-build-200mm-sic-fab-assembly-plant\/\">Mitsubishi to build 200mm SiC fab, assembly plant<\/a><\/p>\n<p style=\"font-weight: 400;\"><a href=\"https:\/\/www.eenewseurope.com\/en\/bmw-signs-long-term-supply-contract-with-onsemi\/\">BMW signs long-term supply contract with onsemi<\/a><\/p>\n<p><span class=\"HwtZe\" lang=\"fr\"><span class=\"jCAhz ChMk0b\"><span class=\"ryNqvb\">Bosch a investi tr\u00e8s t\u00f4t dans le d\u00e9veloppement et la production de semiconducteurs SiC et en produit d\u00e9j\u00e0 \u00e0 grande \u00e9chelle sur son site allemand de semiconducteurs \u00e0 Reutlingen pr\u00e8s de Stuttgart depuis 2021 en utilisant ses propres processus tr\u00e8s complexes, \u00e0 l&rsquo;avenir \u00e9galement sur des tranches de 200 millim\u00e8tres.<\/span><\/span> <span class=\"jCAhz ChMk0b\"><span class=\"ryNqvb\">L&rsquo;entreprise agrandit la zone de salles blanches \u00e0 Reutlingen d&rsquo;environ 35 000 m\u00e8tres carr\u00e9s actuellement \u00e0 plus de 44 000 m\u00e8tres carr\u00e9s d&rsquo;ici la fin de 2025. Les puces SiC sont consid\u00e9r\u00e9es comme un \u00e9l\u00e9ment cl\u00e9 de la mobilit\u00e9 \u00e9lectrifi\u00e9e : dans les voitures \u00e9lectriques, les puces SiC permettent des autonomies plus longues et<\/span><\/span> des <span class=\"jCAhz ChMk0b\"><span class=\"ryNqvb\">processus de charge plus efficaces car ils ont jusqu&rsquo;\u00e0 50% de perte d&rsquo;\u00e9nergie en moins.<\/span><\/span> <span class=\"jCAhz ChMk0b\"><span class=\"ryNqvb\">Dans l&rsquo;\u00e9lectronique de puissance des v\u00e9hicules \u00e9lectriques, ils garantissent que la voiture se d\u00e9place beaucoup plus loin sur une seule charge de batterie &#8211; en moyenne, jusqu&rsquo;\u00e0 6 % d&rsquo;autonomie suppl\u00e9mentaire est possible par rapport aux puces \u00e0 base de silicium.<\/span><\/span><\/span><\/p>\n<p style=\"font-weight: 400;\"><span class=\"HwtZe\" lang=\"fr\"><span class=\"jCAhz ChMk0b\"><span class=\"ryNqvb\">Bosch s&rsquo;attend \u00e0 ce que d&rsquo;ici 2025, chaque nouveau v\u00e9hicule contienne en moyenne 25 puces de l&rsquo;entreprise.<\/span><\/span> <span class=\"jCAhz ChMk0b\"><span class=\"ryNqvb\">Le march\u00e9 des semiconducteurs SiC continue \u00e9galement de cro\u00eetre fortement, de plus de 30 % en moyenne chaque ann\u00e9e.<\/span><\/span> <\/span><\/p>\n<p style=\"font-weight: 400;\"><span class=\"HwtZe\" lang=\"fr\"><span class=\"jCAhz ChMk0b\"><span class=\"ryNqvb\">Au total, Bosch a investi plus de 2,5 milliards d&rsquo;euros dans ses installations de fabrication de semiconducteurs depuis l&rsquo;introduction de la technologie 200 millim\u00e8tres en 2010. Ind\u00e9pendamment de l&rsquo;investissement d\u00e9sormais pr\u00e9vu aux \u00c9tats-Unis, l&rsquo;entreprise avait annonc\u00e9 \u00e0 l&rsquo;\u00e9t\u00e9 2022 qu&rsquo;elle investirait<\/span><\/span> <span class=\"jCAhz ChMk0b\"><span class=\"ryNqvb\">3 milliards d&rsquo;euros dans son activit\u00e9 semiconducteurs en Europe d&rsquo;ici 2026 dans le cadre de son plan d&rsquo;investissement et avec l&rsquo;aide du programme de financement europ\u00e9en IPCEI Micro\u00e9lectronique et Technologies de la Communication (\u00ab\u00a0Important Project of Common European Interest on Microelectronics and Communication Technologies\u00a0\u00bb).<\/span><\/span><\/span><\/p>\n<p style=\"font-weight: 400;\">\u00a0<\/p>\n<p style=\"font-weight: 400;\"><a href=\"http:\/\/www.bosch.com\/\">www.bosch.com<\/a><\/p>\n<p style=\"font-weight: 400;\">Related articles:<\/p>\n<p style=\"font-weight: 400;\"><a href=\"https:\/\/www.eenewseurope.com\/en\/zf-signs-long-term-supply-contract-for-sic-devices-with-stmicroelectronics\/\">ZF signs long-term supply contract for SiC with STMicroelectronics<\/a><\/p>\n<p style=\"font-weight: 400;\"><a href=\"https:\/\/www.eenewseurope.com\/en\/denso-introduces-its-first-inverter-with-sic-power-semiconductors\/\">Denso introduces its first inverter with SiC power semiconductors<\/a><\/p>\n<p style=\"font-weight: 400;\"><a href=\"https:\/\/www.eenewseurope.com\/en\/tesla-moves-to-cut-sic-use-in-electric-vehicles-shakes-market\/\">Tesla moves to cut SiC use in electric vehicles shakes market<\/a><\/p>\n<p style=\"font-weight: 400;\"><a href=\"https:\/\/www.eenewseurope.com\/en\/chip-makers-bet-big-on-sic\/\">Chip makers bet big on SiC<\/a><\/p>\n<p style=\"font-weight: 400;\">\u00a0<\/p>\n","protected":false},"excerpt":{"rendered":"<p>Dans le contexte d&rsquo;une augmentation massive de la demande de semiconducteurs SiC, en particulier du secteur de la mobilit\u00e9 \u00e9lectrique, Bosch a l&rsquo;intention d&rsquo;\u00e9tendre sa capacit\u00e9 de fabrication en acqu\u00e9rant le fabricant californien de semiconducteurs TSI Semiconductors.\u00a0 TSI Semiconductors (Roseville, Californie), une fonderie de 250 employ\u00e9s, produit actuellement principalement des ASICs. La soci\u00e9t\u00e9 d\u00e9veloppe et [&hellip;]<\/p>\n","protected":false},"author":34,"featured_media":420187,"comment_status":"closed","ping_status":"closed","sticky":true,"template":"","format":"standard","meta":{"_acf_changed":false,"footnotes":""},"categories":[883],"tags":[3289,2206],"domains":[47],"ppma_author":[1153,1140],"class_list":["post-420496","post","type-post","status-publish","format-standard","has-post-thumbnail","hentry","category-technologies","tag-bosch","tag-carbure-de-silicium-sic","domains-electronique-eci"],"acf":[],"yoast_head":"<title>Bosch investit plus d&#039;un milliard de dollars pour une fab SiC a...<\/title>\n<meta name=\"description\" content=\"Bosch a l&#039;intention d&#039;\u00e9tendre sa capacit\u00e9 de fabrication SiC en acqu\u00e9rant le fabricant californien de semiconducteurs TSI Semiconductors.\u00a0\" \/>\n<meta name=\"robots\" content=\"index, follow, max-snippet:-1, max-image-preview:large, max-video-preview:-1\" \/>\n<link rel=\"canonical\" href=\"https:\/\/www.ecinews.fr\/fr\/wp-json\/wp\/v2\/posts\/420496\/\" \/>\n<meta property=\"og:locale\" content=\"fr_FR\" \/>\n<meta property=\"og:type\" content=\"article\" \/>\n<meta property=\"og:title\" content=\"Bosch investit plus d&#039;un milliard de dollars pour une fab SiC aux USA\" \/>\n<meta property=\"og:description\" content=\"Bosch a l&#039;intention d&#039;\u00e9tendre sa capacit\u00e9 de fabrication SiC en acqu\u00e9rant le fabricant californien de semiconducteurs TSI Semiconductors.\u00a0\" \/>\n<meta property=\"og:url\" content=\"https:\/\/www.ecinews.fr\/fr\/wp-json\/wp\/v2\/posts\/420496\/\" \/>\n<meta property=\"og:site_name\" content=\"EENewsEurope\" \/>\n<meta property=\"article:published_time\" content=\"2023-04-27T19:18:32+00:00\" \/>\n<meta property=\"article:modified_time\" content=\"2023-04-27T19:20:10+00:00\" \/>\n<meta property=\"og:image\" content=\"https:\/\/www.ecinews.fr\/wp-content\/uploads\/2023\/04\/Bosch-TSI.jpg\" \/>\n\t<meta property=\"og:image:width\" content=\"640\" \/>\n\t<meta property=\"og:image:height\" content=\"360\" \/>\n\t<meta property=\"og:image:type\" content=\"image\/jpeg\" \/>\n<meta name=\"author\" content=\"A Delapalisse, Christoph Hammerschmidt\" \/>\n<meta name=\"twitter:card\" content=\"summary_large_image\" \/>\n<meta name=\"twitter:label1\" content=\"Written by\" \/>\n\t<meta name=\"twitter:data1\" content=\"A Delapalisse\" \/>\n\t<meta name=\"twitter:label2\" content=\"Est. reading time\" \/>\n\t<meta name=\"twitter:data2\" content=\"5 minutes\" \/>\n<script type=\"application\/ld+json\" class=\"yoast-schema-graph\">{\"@context\":\"https:\/\/schema.org\",\"@graph\":[{\"@type\":\"Article\",\"@id\":\"https:\/\/www.ecinews.fr\/fr\/bosch-investit-plus-dun-milliard-de-dollars-pour-une-fab-sic-aux-usa\/#article\",\"isPartOf\":{\"@id\":\"https:\/\/www.ecinews.fr\/fr\/bosch-investit-plus-dun-milliard-de-dollars-pour-une-fab-sic-aux-usa\/\"},\"author\":{\"name\":\"A Delapalisse\",\"@id\":\"https:\/\/www.ecinews.fr\/fr\/#\/schema\/person\/0aa2cfb0bd8949724a68cbac8d8321b4\"},\"headline\":\"Bosch investit plus d&rsquo;un milliard de dollars pour une fab SiC aux USA\",\"datePublished\":\"2023-04-27T19:18:32+00:00\",\"dateModified\":\"2023-04-27T19:20:10+00:00\",\"mainEntityOfPage\":{\"@id\":\"https:\/\/www.ecinews.fr\/fr\/bosch-investit-plus-dun-milliard-de-dollars-pour-une-fab-sic-aux-usa\/\"},\"wordCount\":1046,\"publisher\":{\"@id\":\"https:\/\/www.ecinews.fr\/fr\/#organization\"},\"keywords\":[\"Bosch\",\"Carbure de silicium SIC\"],\"articleSection\":[\"Technologies\"],\"inLanguage\":\"fr-FR\"},{\"@type\":\"WebPage\",\"@id\":\"https:\/\/www.ecinews.fr\/fr\/bosch-investit-plus-dun-milliard-de-dollars-pour-une-fab-sic-aux-usa\/\",\"url\":\"https:\/\/www.ecinews.fr\/fr\/bosch-investit-plus-dun-milliard-de-dollars-pour-une-fab-sic-aux-usa\/\",\"name\":\"Bosch investit plus d'un milliard de dollars pour une fab SiC aux USA -\",\"isPartOf\":{\"@id\":\"https:\/\/www.ecinews.fr\/fr\/#website\"},\"datePublished\":\"2023-04-27T19:18:32+00:00\",\"dateModified\":\"2023-04-27T19:20:10+00:00\",\"description\":\"Bosch a l'intention d'\u00e9tendre sa capacit\u00e9 de fabrication SiC en acqu\u00e9rant le fabricant californien de semiconducteurs TSI Semiconductors.\u00a0\",\"breadcrumb\":{\"@id\":\"https:\/\/www.ecinews.fr\/fr\/bosch-investit-plus-dun-milliard-de-dollars-pour-une-fab-sic-aux-usa\/#breadcrumb\"},\"inLanguage\":\"fr-FR\",\"potentialAction\":[{\"@type\":\"ReadAction\",\"target\":[\"https:\/\/www.ecinews.fr\/fr\/bosch-investit-plus-dun-milliard-de-dollars-pour-une-fab-sic-aux-usa\/\"]}]},{\"@type\":\"BreadcrumbList\",\"@id\":\"https:\/\/www.ecinews.fr\/fr\/bosch-investit-plus-dun-milliard-de-dollars-pour-une-fab-sic-aux-usa\/#breadcrumb\",\"itemListElement\":[{\"@type\":\"ListItem\",\"position\":1,\"name\":\"Home\",\"item\":\"https:\/\/www.ecinews.fr\/fr\/\"},{\"@type\":\"ListItem\",\"position\":2,\"name\":\"Bosch investit plus d&rsquo;un milliard de dollars pour une fab SiC aux USA\"}]},{\"@type\":\"WebSite\",\"@id\":\"https:\/\/www.ecinews.fr\/fr\/#website\",\"url\":\"https:\/\/www.ecinews.fr\/fr\/\",\"name\":\"EENewsEurope\",\"description\":\"Just another WordPress site\",\"publisher\":{\"@id\":\"https:\/\/www.ecinews.fr\/fr\/#organization\"},\"potentialAction\":[{\"@type\":\"SearchAction\",\"target\":{\"@type\":\"EntryPoint\",\"urlTemplate\":\"https:\/\/www.ecinews.fr\/fr\/?s={search_term_string}\"},\"query-input\":\"required name=search_term_string\"}],\"inLanguage\":\"fr-FR\"},{\"@type\":\"Organization\",\"@id\":\"https:\/\/www.ecinews.fr\/fr\/#organization\",\"name\":\"EENewsEurope\",\"url\":\"https:\/\/www.ecinews.fr\/fr\/\",\"logo\":{\"@type\":\"ImageObject\",\"inLanguage\":\"fr-FR\",\"@id\":\"https:\/\/www.ecinews.fr\/fr\/#\/schema\/logo\/image\/\",\"url\":\"https:\/\/www.ecinews.fr\/wp-content\/uploads\/2022\/02\/logo-1.jpg\",\"contentUrl\":\"https:\/\/www.ecinews.fr\/wp-content\/uploads\/2022\/02\/logo-1.jpg\",\"width\":283,\"height\":113,\"caption\":\"EENewsEurope\"},\"image\":{\"@id\":\"https:\/\/www.ecinews.fr\/fr\/#\/schema\/logo\/image\/\"}},{\"@type\":\"Person\",\"@id\":\"https:\/\/www.ecinews.fr\/fr\/#\/schema\/person\/0aa2cfb0bd8949724a68cbac8d8321b4\",\"name\":\"A Delapalisse\",\"image\":{\"@type\":\"ImageObject\",\"inLanguage\":\"fr-FR\",\"@id\":\"https:\/\/www.ecinews.fr\/fr\/#\/schema\/person\/image\/211ac42237c2e9683c0964086c393cb4\",\"url\":\"https:\/\/secure.gravatar.com\/avatar\/ad45a8c5da24bc9c7c4940dd1c48a695?s=96&d=mm&r=g\",\"contentUrl\":\"https:\/\/secure.gravatar.com\/avatar\/ad45a8c5da24bc9c7c4940dd1c48a695?s=96&d=mm&r=g\",\"caption\":\"A Delapalisse\"},\"sameAs\":[\"http:\/\/ECI\"]}]}<\/script>","yoast_head_json":{"title":"Bosch investit plus d'un milliard de dollars pour une fab SiC a...","description":"Bosch a l'intention d'\u00e9tendre sa capacit\u00e9 de fabrication SiC en acqu\u00e9rant le fabricant californien de semiconducteurs TSI Semiconductors.\u00a0","robots":{"index":"index","follow":"follow","max-snippet":"max-snippet:-1","max-image-preview":"max-image-preview:large","max-video-preview":"max-video-preview:-1"},"canonical":"https:\/\/www.ecinews.fr\/fr\/wp-json\/wp\/v2\/posts\/420496\/","og_locale":"fr_FR","og_type":"article","og_title":"Bosch investit plus d'un milliard de dollars pour une fab SiC aux USA","og_description":"Bosch a l'intention d'\u00e9tendre sa capacit\u00e9 de fabrication SiC en acqu\u00e9rant le fabricant californien de semiconducteurs TSI Semiconductors.\u00a0","og_url":"https:\/\/www.ecinews.fr\/fr\/wp-json\/wp\/v2\/posts\/420496\/","og_site_name":"EENewsEurope","article_published_time":"2023-04-27T19:18:32+00:00","article_modified_time":"2023-04-27T19:20:10+00:00","og_image":[{"width":640,"height":360,"url":"https:\/\/www.ecinews.fr\/wp-content\/uploads\/2023\/04\/Bosch-TSI.jpg","type":"image\/jpeg"}],"author":"A Delapalisse, Christoph Hammerschmidt","twitter_card":"summary_large_image","twitter_misc":{"Written by":"A Delapalisse","Est. reading time":"5 minutes"},"schema":{"@context":"https:\/\/schema.org","@graph":[{"@type":"Article","@id":"https:\/\/www.ecinews.fr\/fr\/bosch-investit-plus-dun-milliard-de-dollars-pour-une-fab-sic-aux-usa\/#article","isPartOf":{"@id":"https:\/\/www.ecinews.fr\/fr\/bosch-investit-plus-dun-milliard-de-dollars-pour-une-fab-sic-aux-usa\/"},"author":{"name":"A Delapalisse","@id":"https:\/\/www.ecinews.fr\/fr\/#\/schema\/person\/0aa2cfb0bd8949724a68cbac8d8321b4"},"headline":"Bosch investit plus d&rsquo;un milliard de dollars pour une fab SiC aux USA","datePublished":"2023-04-27T19:18:32+00:00","dateModified":"2023-04-27T19:20:10+00:00","mainEntityOfPage":{"@id":"https:\/\/www.ecinews.fr\/fr\/bosch-investit-plus-dun-milliard-de-dollars-pour-une-fab-sic-aux-usa\/"},"wordCount":1046,"publisher":{"@id":"https:\/\/www.ecinews.fr\/fr\/#organization"},"keywords":["Bosch","Carbure de silicium SIC"],"articleSection":["Technologies"],"inLanguage":"fr-FR"},{"@type":"WebPage","@id":"https:\/\/www.ecinews.fr\/fr\/bosch-investit-plus-dun-milliard-de-dollars-pour-une-fab-sic-aux-usa\/","url":"https:\/\/www.ecinews.fr\/fr\/bosch-investit-plus-dun-milliard-de-dollars-pour-une-fab-sic-aux-usa\/","name":"Bosch investit plus d'un milliard de dollars pour une fab SiC aux USA -","isPartOf":{"@id":"https:\/\/www.ecinews.fr\/fr\/#website"},"datePublished":"2023-04-27T19:18:32+00:00","dateModified":"2023-04-27T19:20:10+00:00","description":"Bosch a l'intention d'\u00e9tendre sa capacit\u00e9 de fabrication SiC en acqu\u00e9rant le fabricant californien de semiconducteurs TSI Semiconductors.\u00a0","breadcrumb":{"@id":"https:\/\/www.ecinews.fr\/fr\/bosch-investit-plus-dun-milliard-de-dollars-pour-une-fab-sic-aux-usa\/#breadcrumb"},"inLanguage":"fr-FR","potentialAction":[{"@type":"ReadAction","target":["https:\/\/www.ecinews.fr\/fr\/bosch-investit-plus-dun-milliard-de-dollars-pour-une-fab-sic-aux-usa\/"]}]},{"@type":"BreadcrumbList","@id":"https:\/\/www.ecinews.fr\/fr\/bosch-investit-plus-dun-milliard-de-dollars-pour-une-fab-sic-aux-usa\/#breadcrumb","itemListElement":[{"@type":"ListItem","position":1,"name":"Home","item":"https:\/\/www.ecinews.fr\/fr\/"},{"@type":"ListItem","position":2,"name":"Bosch investit plus d&rsquo;un milliard de dollars pour une fab SiC aux USA"}]},{"@type":"WebSite","@id":"https:\/\/www.ecinews.fr\/fr\/#website","url":"https:\/\/www.ecinews.fr\/fr\/","name":"EENewsEurope","description":"Just another WordPress site","publisher":{"@id":"https:\/\/www.ecinews.fr\/fr\/#organization"},"potentialAction":[{"@type":"SearchAction","target":{"@type":"EntryPoint","urlTemplate":"https:\/\/www.ecinews.fr\/fr\/?s={search_term_string}"},"query-input":"required name=search_term_string"}],"inLanguage":"fr-FR"},{"@type":"Organization","@id":"https:\/\/www.ecinews.fr\/fr\/#organization","name":"EENewsEurope","url":"https:\/\/www.ecinews.fr\/fr\/","logo":{"@type":"ImageObject","inLanguage":"fr-FR","@id":"https:\/\/www.ecinews.fr\/fr\/#\/schema\/logo\/image\/","url":"https:\/\/www.ecinews.fr\/wp-content\/uploads\/2022\/02\/logo-1.jpg","contentUrl":"https:\/\/www.ecinews.fr\/wp-content\/uploads\/2022\/02\/logo-1.jpg","width":283,"height":113,"caption":"EENewsEurope"},"image":{"@id":"https:\/\/www.ecinews.fr\/fr\/#\/schema\/logo\/image\/"}},{"@type":"Person","@id":"https:\/\/www.ecinews.fr\/fr\/#\/schema\/person\/0aa2cfb0bd8949724a68cbac8d8321b4","name":"A Delapalisse","image":{"@type":"ImageObject","inLanguage":"fr-FR","@id":"https:\/\/www.ecinews.fr\/fr\/#\/schema\/person\/image\/211ac42237c2e9683c0964086c393cb4","url":"https:\/\/secure.gravatar.com\/avatar\/ad45a8c5da24bc9c7c4940dd1c48a695?s=96&d=mm&r=g","contentUrl":"https:\/\/secure.gravatar.com\/avatar\/ad45a8c5da24bc9c7c4940dd1c48a695?s=96&d=mm&r=g","caption":"A Delapalisse"},"sameAs":["http:\/\/ECI"]}]}},"authors":[{"term_id":1153,"user_id":34,"is_guest":0,"slug":"adelapalisse","display_name":"A Delapalisse","avatar_url":"https:\/\/secure.gravatar.com\/avatar\/ad45a8c5da24bc9c7c4940dd1c48a695?s=96&d=mm&r=g","0":null,"1":"","2":"","3":"","4":"","5":"","6":"","7":"","8":""},{"term_id":1140,"user_id":8,"is_guest":0,"slug":"hammerschmidt","display_name":"Christoph Hammerschmidt","avatar_url":"https:\/\/secure.gravatar.com\/avatar\/337b53425fed9c87699427f8740f52ce?s=96&d=mm&r=g","0":null,"1":"","2":"","3":"","4":"","5":"","6":"","7":"","8":""}],"_links":{"self":[{"href":"https:\/\/www.ecinews.fr\/fr\/wp-json\/wp\/v2\/posts\/420496"}],"collection":[{"href":"https:\/\/www.ecinews.fr\/fr\/wp-json\/wp\/v2\/posts"}],"about":[{"href":"https:\/\/www.ecinews.fr\/fr\/wp-json\/wp\/v2\/types\/post"}],"author":[{"embeddable":true,"href":"https:\/\/www.ecinews.fr\/fr\/wp-json\/wp\/v2\/users\/34"}],"replies":[{"embeddable":true,"href":"https:\/\/www.ecinews.fr\/fr\/wp-json\/wp\/v2\/comments?post=420496"}],"version-history":[{"count":0,"href":"https:\/\/www.ecinews.fr\/fr\/wp-json\/wp\/v2\/posts\/420496\/revisions"}],"wp:featuredmedia":[{"embeddable":true,"href":"https:\/\/www.ecinews.fr\/fr\/wp-json\/wp\/v2\/media\/420187"}],"wp:attachment":[{"href":"https:\/\/www.ecinews.fr\/fr\/wp-json\/wp\/v2\/media?parent=420496"}],"wp:term":[{"taxonomy":"category","embeddable":true,"href":"https:\/\/www.ecinews.fr\/fr\/wp-json\/wp\/v2\/categories?post=420496"},{"taxonomy":"post_tag","embeddable":true,"href":"https:\/\/www.ecinews.fr\/fr\/wp-json\/wp\/v2\/tags?post=420496"},{"taxonomy":"domains","embeddable":true,"href":"https:\/\/www.ecinews.fr\/fr\/wp-json\/wp\/v2\/domains?post=420496"},{"taxonomy":"author","embeddable":true,"href":"https:\/\/www.ecinews.fr\/fr\/wp-json\/wp\/v2\/ppma_author?post=420496"}],"curies":[{"name":"wp","href":"https:\/\/api.w.org\/{rel}","templated":true}]}}