{"id":420287,"date":"2023-04-27T14:24:03","date_gmt":"2023-04-27T12:24:03","guid":{"rendered":"https:\/\/www.eenewseurope.com\/?p=420287"},"modified":"2023-04-28T18:16:52","modified_gmt":"2023-04-28T16:16:52","slug":"connecteurs-usb-type-c-conforme-a-la-future-norme-europeenne","status":"publish","type":"post","link":"https:\/\/www.ecinews.fr\/fr\/connecteurs-usb-type-c-conforme-a-la-future-norme-europeenne\/","title":{"rendered":"Connecteurs USB type C conforme \u00e0 la future norme europ\u00e9enne"},"content":{"rendered":"<p>Le groupe Interconnect de CUI Devices, lance dans sa gamme de connecteurs USB les nouveaux\u00a0 mod\u00e8les USB 3.2 Gen 2&#215;2 Type C . Offrant des vitesses de transfert de donn\u00e9es jusqu&rsquo;\u00e0 20 Gbps, la famille UJ32\u00a0 est une alternative \u00e9conomique pour les conceptions qui ne n\u00e9cessitent pas les performances compl\u00e8tes de la norme USB4 40 Gbps. Ces mod\u00e8les offrent \u00e9galement des capacit\u00e9s d&rsquo;alimentation jusqu&rsquo;\u00e0 100 W avec une tension nominale de 20 V et un courant nominal de 5 A pour une charge plus rapide.<\/p>\n<p><strong>L&rsquo;Europe, normalise les connecteurs USB type C<\/strong><\/p>\n<p>L&rsquo;Union europ\u00e9enne s&rsquo;appr\u00eate \u00e0 faire de l&rsquo;USB de type C le connecteur pour les chargeurs\u00a0 des appareils mobiles en 2024 et des ordinateurs portables en 2026. Les connecteurs USB de type C de CUI Devices visent \u00e0 assurer la conformit\u00e9 des futures conceptions.<\/p>\n<p>Pr\u00e9sent\u00e9s dans des bo\u00eetiers SMT pour montage en surface ou avec des orientations horizontales ou verticales, les connecteurs USB 3.2 Gen 2&#215;2 Type C de CUI Devices sont dot\u00e9s de contacts avec un flash d&rsquo;or. La plage de temp\u00e9rature est comprise entre entre -40 et 85\u00b0C . Compatibles avec la soudure par refusion, ils offre une fiabilit\u00e9 \u00e9lev\u00e9e jusqu&rsquo;\u00e0 10 000 cycles de connexion.<\/p>\n<p>L&rsquo;UJ32-C-H-G-SMT-TR-68 est \u00e9galement conforme \u00e0 la norme IP68 pour les applications soumises \u00e0 des conditions difficiles.<\/p>\n<p><a href=\"https:\/\/www.cuidevices.com\/catalog\/interconnect\/connectors\/usb-connectors?q=5Rv23I\">Connecteurs USB type C, CuUI Devices<\/a><\/p>\n<p><a href=\"https:\/\/news.google.com\/publications\/CAAqBwgKMJbcwQswuPfYAw?hl=fr&amp;gl=BE&amp;ceid=BE:fr\" target=\"news.google.com\" rel=\"noopener\">Suivre ECInews sur Google news<\/a><\/p>\n","protected":false},"excerpt":{"rendered":"<p>Le groupe Interconnect de CUI Devices, lance dans sa gamme de connecteurs USB les nouveaux\u00a0 mod\u00e8les USB 3.2 Gen 2&#215;2 Type C . Offrant des vitesses de transfert de donn\u00e9es jusqu&rsquo;\u00e0 20 Gbps, la famille UJ32\u00a0 est une alternative \u00e9conomique pour les conceptions qui ne n\u00e9cessitent pas les performances compl\u00e8tes de la norme USB4 40 [&hellip;]<\/p>\n","protected":false},"author":11,"featured_media":420613,"comment_status":"closed","ping_status":"closed","sticky":true,"template":"","format":"standard","meta":{"_acf_changed":false,"footnotes":""},"categories":[881],"tags":[3358,3357],"domains":[47],"ppma_author":[1143],"class_list":["post-420287","post","type-post","status-publish","format-standard","has-post-thumbnail","hentry","category-nouveaux-produits","tag-appareils-mobiles","tag-connecteurs-usb-type-c","domains-electronique-eci"],"acf":[],"yoast_head":"<title>Connecteurs USB type C conforme \u00e0 la future norme europ\u00e9enne ...<\/title>\n<meta name=\"description\" content=\"Connecteurs USB type C conforment \u00e0 la future norme europ\u00e9enne pour les ordinateurs portables et les appareils mobiles\" \/>\n<meta name=\"robots\" content=\"index, follow, max-snippet:-1, max-image-preview:large, max-video-preview:-1\" \/>\n<link rel=\"canonical\" href=\"https:\/\/www.ecinews.fr\/fr\/wp-json\/wp\/v2\/posts\/420287\/\" \/>\n<meta property=\"og:locale\" content=\"fr_FR\" \/>\n<meta property=\"og:type\" content=\"article\" \/>\n<meta property=\"og:title\" content=\"Connecteurs USB type C conforme \u00e0 la future norme europ\u00e9enne\" \/>\n<meta property=\"og:description\" content=\"Connecteurs USB type C conforment \u00e0 la future norme europ\u00e9enne pour les ordinateurs portables et les appareils mobiles\" \/>\n<meta property=\"og:url\" content=\"https:\/\/www.ecinews.fr\/fr\/wp-json\/wp\/v2\/posts\/420287\/\" \/>\n<meta property=\"og:site_name\" content=\"EENewsEurope\" \/>\n<meta property=\"article:published_time\" content=\"2023-04-27T12:24:03+00:00\" \/>\n<meta property=\"article:modified_time\" content=\"2023-04-28T16:16:52+00:00\" \/>\n<meta property=\"og:image\" content=\"https:\/\/www.ecinews.fr\/wp-content\/uploads\/2023\/04\/CUI-USB-1.jpg\" \/>\n\t<meta property=\"og:image:width\" content=\"464\" \/>\n\t<meta property=\"og:image:height\" content=\"305\" \/>\n\t<meta property=\"og:image:type\" content=\"image\/jpeg\" \/>\n<meta name=\"author\" content=\"Daniel Cardon\" \/>\n<meta name=\"twitter:card\" content=\"summary_large_image\" \/>\n<meta name=\"twitter:label1\" content=\"Written by\" \/>\n\t<meta name=\"twitter:data1\" content=\"Daniel Cardon\" \/>\n\t<meta name=\"twitter:label2\" content=\"Est. reading time\" \/>\n\t<meta name=\"twitter:data2\" content=\"2 minutes\" \/>\n<script type=\"application\/ld+json\" class=\"yoast-schema-graph\">{\"@context\":\"https:\/\/schema.org\",\"@graph\":[{\"@type\":\"Article\",\"@id\":\"https:\/\/www.ecinews.fr\/fr\/connecteurs-usb-type-c-conforme-a-la-future-norme-europeenne\/#article\",\"isPartOf\":{\"@id\":\"https:\/\/www.ecinews.fr\/fr\/connecteurs-usb-type-c-conforme-a-la-future-norme-europeenne\/\"},\"author\":{\"name\":\"Daniel Cardon\",\"@id\":\"https:\/\/www.ecinews.fr\/fr\/#\/schema\/person\/93c44cde463762f40a8236eaa44c1c17\"},\"headline\":\"Connecteurs USB type C conforme \u00e0 la future norme europ\u00e9enne\",\"datePublished\":\"2023-04-27T12:24:03+00:00\",\"dateModified\":\"2023-04-28T16:16:52+00:00\",\"mainEntityOfPage\":{\"@id\":\"https:\/\/www.ecinews.fr\/fr\/connecteurs-usb-type-c-conforme-a-la-future-norme-europeenne\/\"},\"wordCount\":241,\"publisher\":{\"@id\":\"https:\/\/www.ecinews.fr\/fr\/#organization\"},\"keywords\":[\"Appareils mobiles\",\"Connecteurs USB type C\"],\"articleSection\":[\"Nouveaux produits\"],\"inLanguage\":\"fr-FR\"},{\"@type\":\"WebPage\",\"@id\":\"https:\/\/www.ecinews.fr\/fr\/connecteurs-usb-type-c-conforme-a-la-future-norme-europeenne\/\",\"url\":\"https:\/\/www.ecinews.fr\/fr\/connecteurs-usb-type-c-conforme-a-la-future-norme-europeenne\/\",\"name\":\"Connecteurs USB type C conforme \u00e0 la future norme europ\u00e9enne -\",\"isPartOf\":{\"@id\":\"https:\/\/www.ecinews.fr\/fr\/#website\"},\"datePublished\":\"2023-04-27T12:24:03+00:00\",\"dateModified\":\"2023-04-28T16:16:52+00:00\",\"description\":\"Connecteurs USB type C conforment \u00e0 la future norme europ\u00e9enne pour les ordinateurs portables et les appareils mobiles\",\"breadcrumb\":{\"@id\":\"https:\/\/www.ecinews.fr\/fr\/connecteurs-usb-type-c-conforme-a-la-future-norme-europeenne\/#breadcrumb\"},\"inLanguage\":\"fr-FR\",\"potentialAction\":[{\"@type\":\"ReadAction\",\"target\":[\"https:\/\/www.ecinews.fr\/fr\/connecteurs-usb-type-c-conforme-a-la-future-norme-europeenne\/\"]}]},{\"@type\":\"BreadcrumbList\",\"@id\":\"https:\/\/www.ecinews.fr\/fr\/connecteurs-usb-type-c-conforme-a-la-future-norme-europeenne\/#breadcrumb\",\"itemListElement\":[{\"@type\":\"ListItem\",\"position\":1,\"name\":\"Home\",\"item\":\"https:\/\/www.ecinews.fr\/fr\/\"},{\"@type\":\"ListItem\",\"position\":2,\"name\":\"Connecteurs USB type C conforme \u00e0 la future norme europ\u00e9enne\"}]},{\"@type\":\"WebSite\",\"@id\":\"https:\/\/www.ecinews.fr\/fr\/#website\",\"url\":\"https:\/\/www.ecinews.fr\/fr\/\",\"name\":\"EENewsEurope\",\"description\":\"Just another WordPress site\",\"publisher\":{\"@id\":\"https:\/\/www.ecinews.fr\/fr\/#organization\"},\"potentialAction\":[{\"@type\":\"SearchAction\",\"target\":{\"@type\":\"EntryPoint\",\"urlTemplate\":\"https:\/\/www.ecinews.fr\/fr\/?s={search_term_string}\"},\"query-input\":\"required name=search_term_string\"}],\"inLanguage\":\"fr-FR\"},{\"@type\":\"Organization\",\"@id\":\"https:\/\/www.ecinews.fr\/fr\/#organization\",\"name\":\"EENewsEurope\",\"url\":\"https:\/\/www.ecinews.fr\/fr\/\",\"logo\":{\"@type\":\"ImageObject\",\"inLanguage\":\"fr-FR\",\"@id\":\"https:\/\/www.ecinews.fr\/fr\/#\/schema\/logo\/image\/\",\"url\":\"https:\/\/www.ecinews.fr\/wp-content\/uploads\/2022\/02\/logo-1.jpg\",\"contentUrl\":\"https:\/\/www.ecinews.fr\/wp-content\/uploads\/2022\/02\/logo-1.jpg\",\"width\":283,\"height\":113,\"caption\":\"EENewsEurope\"},\"image\":{\"@id\":\"https:\/\/www.ecinews.fr\/fr\/#\/schema\/logo\/image\/\"}},{\"@type\":\"Person\",\"@id\":\"https:\/\/www.ecinews.fr\/fr\/#\/schema\/person\/93c44cde463762f40a8236eaa44c1c17\",\"name\":\"Daniel Cardon\",\"image\":{\"@type\":\"ImageObject\",\"inLanguage\":\"fr-FR\",\"@id\":\"https:\/\/www.ecinews.fr\/fr\/#\/schema\/person\/image\/2b243f6bcc1cff7d86aadfb2cd0bd870\",\"url\":\"https:\/\/secure.gravatar.com\/avatar\/de9edc136dfc061ad4778e04635baefa?s=96&d=mm&r=g\",\"contentUrl\":\"https:\/\/secure.gravatar.com\/avatar\/de9edc136dfc061ad4778e04635baefa?s=96&d=mm&r=g\",\"caption\":\"Daniel Cardon\"}}]}<\/script>","yoast_head_json":{"title":"Connecteurs USB type C conforme \u00e0 la future norme europ\u00e9enne ...","description":"Connecteurs USB type C conforment \u00e0 la future norme europ\u00e9enne pour les ordinateurs portables et les appareils mobiles","robots":{"index":"index","follow":"follow","max-snippet":"max-snippet:-1","max-image-preview":"max-image-preview:large","max-video-preview":"max-video-preview:-1"},"canonical":"https:\/\/www.ecinews.fr\/fr\/wp-json\/wp\/v2\/posts\/420287\/","og_locale":"fr_FR","og_type":"article","og_title":"Connecteurs USB type C conforme \u00e0 la future norme europ\u00e9enne","og_description":"Connecteurs USB type C conforment \u00e0 la future norme europ\u00e9enne pour les ordinateurs portables et les appareils mobiles","og_url":"https:\/\/www.ecinews.fr\/fr\/wp-json\/wp\/v2\/posts\/420287\/","og_site_name":"EENewsEurope","article_published_time":"2023-04-27T12:24:03+00:00","article_modified_time":"2023-04-28T16:16:52+00:00","og_image":[{"width":464,"height":305,"url":"https:\/\/www.ecinews.fr\/wp-content\/uploads\/2023\/04\/CUI-USB-1.jpg","type":"image\/jpeg"}],"author":"Daniel Cardon","twitter_card":"summary_large_image","twitter_misc":{"Written by":"Daniel Cardon","Est. reading time":"2 minutes"},"schema":{"@context":"https:\/\/schema.org","@graph":[{"@type":"Article","@id":"https:\/\/www.ecinews.fr\/fr\/connecteurs-usb-type-c-conforme-a-la-future-norme-europeenne\/#article","isPartOf":{"@id":"https:\/\/www.ecinews.fr\/fr\/connecteurs-usb-type-c-conforme-a-la-future-norme-europeenne\/"},"author":{"name":"Daniel Cardon","@id":"https:\/\/www.ecinews.fr\/fr\/#\/schema\/person\/93c44cde463762f40a8236eaa44c1c17"},"headline":"Connecteurs USB type C conforme \u00e0 la future norme europ\u00e9enne","datePublished":"2023-04-27T12:24:03+00:00","dateModified":"2023-04-28T16:16:52+00:00","mainEntityOfPage":{"@id":"https:\/\/www.ecinews.fr\/fr\/connecteurs-usb-type-c-conforme-a-la-future-norme-europeenne\/"},"wordCount":241,"publisher":{"@id":"https:\/\/www.ecinews.fr\/fr\/#organization"},"keywords":["Appareils mobiles","Connecteurs USB type C"],"articleSection":["Nouveaux produits"],"inLanguage":"fr-FR"},{"@type":"WebPage","@id":"https:\/\/www.ecinews.fr\/fr\/connecteurs-usb-type-c-conforme-a-la-future-norme-europeenne\/","url":"https:\/\/www.ecinews.fr\/fr\/connecteurs-usb-type-c-conforme-a-la-future-norme-europeenne\/","name":"Connecteurs USB type C conforme \u00e0 la future norme europ\u00e9enne -","isPartOf":{"@id":"https:\/\/www.ecinews.fr\/fr\/#website"},"datePublished":"2023-04-27T12:24:03+00:00","dateModified":"2023-04-28T16:16:52+00:00","description":"Connecteurs USB type C conforment \u00e0 la future norme europ\u00e9enne pour les ordinateurs portables et les appareils mobiles","breadcrumb":{"@id":"https:\/\/www.ecinews.fr\/fr\/connecteurs-usb-type-c-conforme-a-la-future-norme-europeenne\/#breadcrumb"},"inLanguage":"fr-FR","potentialAction":[{"@type":"ReadAction","target":["https:\/\/www.ecinews.fr\/fr\/connecteurs-usb-type-c-conforme-a-la-future-norme-europeenne\/"]}]},{"@type":"BreadcrumbList","@id":"https:\/\/www.ecinews.fr\/fr\/connecteurs-usb-type-c-conforme-a-la-future-norme-europeenne\/#breadcrumb","itemListElement":[{"@type":"ListItem","position":1,"name":"Home","item":"https:\/\/www.ecinews.fr\/fr\/"},{"@type":"ListItem","position":2,"name":"Connecteurs USB type C conforme \u00e0 la future norme europ\u00e9enne"}]},{"@type":"WebSite","@id":"https:\/\/www.ecinews.fr\/fr\/#website","url":"https:\/\/www.ecinews.fr\/fr\/","name":"EENewsEurope","description":"Just another WordPress site","publisher":{"@id":"https:\/\/www.ecinews.fr\/fr\/#organization"},"potentialAction":[{"@type":"SearchAction","target":{"@type":"EntryPoint","urlTemplate":"https:\/\/www.ecinews.fr\/fr\/?s={search_term_string}"},"query-input":"required name=search_term_string"}],"inLanguage":"fr-FR"},{"@type":"Organization","@id":"https:\/\/www.ecinews.fr\/fr\/#organization","name":"EENewsEurope","url":"https:\/\/www.ecinews.fr\/fr\/","logo":{"@type":"ImageObject","inLanguage":"fr-FR","@id":"https:\/\/www.ecinews.fr\/fr\/#\/schema\/logo\/image\/","url":"https:\/\/www.ecinews.fr\/wp-content\/uploads\/2022\/02\/logo-1.jpg","contentUrl":"https:\/\/www.ecinews.fr\/wp-content\/uploads\/2022\/02\/logo-1.jpg","width":283,"height":113,"caption":"EENewsEurope"},"image":{"@id":"https:\/\/www.ecinews.fr\/fr\/#\/schema\/logo\/image\/"}},{"@type":"Person","@id":"https:\/\/www.ecinews.fr\/fr\/#\/schema\/person\/93c44cde463762f40a8236eaa44c1c17","name":"Daniel Cardon","image":{"@type":"ImageObject","inLanguage":"fr-FR","@id":"https:\/\/www.ecinews.fr\/fr\/#\/schema\/person\/image\/2b243f6bcc1cff7d86aadfb2cd0bd870","url":"https:\/\/secure.gravatar.com\/avatar\/de9edc136dfc061ad4778e04635baefa?s=96&d=mm&r=g","contentUrl":"https:\/\/secure.gravatar.com\/avatar\/de9edc136dfc061ad4778e04635baefa?s=96&d=mm&r=g","caption":"Daniel Cardon"}}]}},"authors":[{"term_id":1143,"user_id":11,"is_guest":0,"slug":"danielcardon","display_name":"Daniel Cardon","avatar_url":"https:\/\/secure.gravatar.com\/avatar\/de9edc136dfc061ad4778e04635baefa?s=96&d=mm&r=g","0":null,"1":"","2":"","3":"","4":"","5":"","6":"","7":"","8":""}],"_links":{"self":[{"href":"https:\/\/www.ecinews.fr\/fr\/wp-json\/wp\/v2\/posts\/420287"}],"collection":[{"href":"https:\/\/www.ecinews.fr\/fr\/wp-json\/wp\/v2\/posts"}],"about":[{"href":"https:\/\/www.ecinews.fr\/fr\/wp-json\/wp\/v2\/types\/post"}],"author":[{"embeddable":true,"href":"https:\/\/www.ecinews.fr\/fr\/wp-json\/wp\/v2\/users\/11"}],"replies":[{"embeddable":true,"href":"https:\/\/www.ecinews.fr\/fr\/wp-json\/wp\/v2\/comments?post=420287"}],"version-history":[{"count":0,"href":"https:\/\/www.ecinews.fr\/fr\/wp-json\/wp\/v2\/posts\/420287\/revisions"}],"wp:featuredmedia":[{"embeddable":true,"href":"https:\/\/www.ecinews.fr\/fr\/wp-json\/wp\/v2\/media\/420613"}],"wp:attachment":[{"href":"https:\/\/www.ecinews.fr\/fr\/wp-json\/wp\/v2\/media?parent=420287"}],"wp:term":[{"taxonomy":"category","embeddable":true,"href":"https:\/\/www.ecinews.fr\/fr\/wp-json\/wp\/v2\/categories?post=420287"},{"taxonomy":"post_tag","embeddable":true,"href":"https:\/\/www.ecinews.fr\/fr\/wp-json\/wp\/v2\/tags?post=420287"},{"taxonomy":"domains","embeddable":true,"href":"https:\/\/www.ecinews.fr\/fr\/wp-json\/wp\/v2\/domains?post=420287"},{"taxonomy":"author","embeddable":true,"href":"https:\/\/www.ecinews.fr\/fr\/wp-json\/wp\/v2\/ppma_author?post=420287"}],"curies":[{"name":"wp","href":"https:\/\/api.w.org\/{rel}","templated":true}]}}