{"id":420085,"date":"2023-04-26T14:00:19","date_gmt":"2023-04-26T12:00:19","guid":{"rendered":"https:\/\/www.eenewseurope.com\/?p=420085"},"modified":"2023-04-25T18:43:51","modified_gmt":"2023-04-25T16:43:51","slug":"asml-et-luniversite-deindhoven-vont-construire-un-centre-de-recherche-de-500-personnes","status":"publish","type":"post","link":"https:\/\/www.ecinews.fr\/fr\/asml-et-luniversite-deindhoven-vont-construire-un-centre-de-recherche-de-500-personnes\/","title":{"rendered":"ASML et l&rsquo;Universit\u00e9 d&rsquo;Eindhoven vont construire un centre de recherche de 500 personnes"},"content":{"rendered":"<h2><span class=\"HwtZe\" lang=\"fr\"><span class=\"jCAhz ChMk0b\"><span class=\"ryNqvb\">Le fabricant d&rsquo;\u00e9quipements de lithographie ASML Holding NV a annonc\u00e9 qu&rsquo;il s&rsquo;associerait \u00e0 l&rsquo;universit\u00e9 technologique d&rsquo;Eindhoven pour d\u00e9penser \u00ab\u00a0plusieurs centaines de millions d&rsquo;euros\u00a0\u00bb dans une installation de recherche sur le campus TU\/e.<\/span><\/span><\/span><\/h2>\n<p><span class=\"HwtZe\" lang=\"fr\"><span class=\"jCAhz ChMk0b\"><span class=\"ryNqvb\">Les deux parties ont sign\u00e9 un protocole d&rsquo;accord indiquant qu&rsquo;elles d\u00e9velopperaient conjointement un programme de recherche strat\u00e9gique sur 10 ans dans les domaines de la physique des plasmas, de l&rsquo;intelligence artificielle, de la m\u00e9catronique et de la lithographie des semiconducteurs.<\/span><\/span> <\/span><\/p>\n<p><span class=\"HwtZe\" lang=\"fr\"><span class=\"jCAhz ChMk0b\"><span class=\"ryNqvb\">L&rsquo;installation, comprenant une salle blanche, devrait voir le jour \u00ab\u00a0dans les ann\u00e9es \u00e0 venir\u00a0\u00bb et sera suffisamment grande pour accueillir environ 500 chercheurs, dont des centaines venant de chez ASML, a indiqu\u00e9 la soci\u00e9t\u00e9.<\/span><\/span> <span class=\"jCAhz ChMk0b\"><span class=\"ryNqvb\">Parall\u00e8lement, le partenariat d\u00e9finira conjointement un programme de recherche qui permettra de former 40 docteurs par an.<\/span><\/span> <span class=\"jCAhz ChMk0b\"><span class=\"ryNqvb\">ASML a d\u00e9clar\u00e9 qu&rsquo;elle fournira des ing\u00e9nieurs en tant qu&rsquo;enseignants et augmentera le nombre de stagiaires qu&rsquo;elle accueille.<\/span><\/span><\/span><\/p>\n<p><span class=\"HwtZe\" lang=\"fr\"><span class=\"jCAhz ChMk0b\"><span class=\"ryNqvb\">ASML a d\u00e9clar\u00e9 qu&rsquo;elle avait l&rsquo;intention de colocaliser les comp\u00e9tences de recherche au sein de l&rsquo;installation.<\/span><\/span> <span class=\"jCAhz ChMk0b\"><span class=\"ryNqvb\">La salle blanche comprendra des \u00e9quipements d&rsquo;analyse et de production dans un laboratoire de recherche en libre acc\u00e8s qui est \u00e9galement \u00e0 la disposition de la TU\/e (Universit\u00e9 Technologique d&rsquo;Eindhoven) , d&rsquo;autres centres de recherche et de partenaires industriels.<\/span><\/span> <span class=\"jCAhz ChMk0b\"><span class=\"ryNqvb\">Cela stimulera la recherche dans des domaines de recherche universitaires d&rsquo;int\u00e9r\u00eat commun tels que la photonique, l&rsquo;informatique quantique, les nanomat\u00e9riaux et la fabrication de puces, a d\u00e9clar\u00e9 ASML dans un communiqu\u00e9.<\/span><\/span> <\/span><\/p>\n<h3>Un pont entre recherche fondamentale et industrie<\/h3>\n<p><span class=\"HwtZe\" lang=\"fr\"><span class=\"jCAhz ChMk0b\"><span class=\"ryNqvb\">Jos Benschop, vice-pr\u00e9sident de la technologie chez ASML, a d\u00e9clar\u00e9 : \u00ab Notre relation avec l&rsquo;Universit\u00e9 de technologie d&rsquo;Eindhoven remonte aux premiers jours d&rsquo;ASML. Notre collaboration est bas\u00e9e sur un engagement commun \u00e0 cr\u00e9er une innovation significative pour la soci\u00e9t\u00e9 en jetant des ponts entre la science fondamentale et l&rsquo;ing\u00e9nierie industrielle.<\/span><\/span><span class=\"jCAhz ChMk0b\"><span class=\"ryNqvb\">\u00ab\u00a0<\/span><\/span><\/span><\/p>\n<h4>Related links and articles:<\/h4>\n<p><a href=\"http:\/\/www.asml.com\">www.asml.com<\/a><\/p>\n<h4>News articles:<\/h4>\n<p><a href=\"https:\/\/www.eenewseurope.com\/en\/asml-tsmc-synopsys-join-nvidia-for-computation-lithography\/\">ASML, TSMC, Synopsys join Nvidia for computation lithography<\/a><\/p>\n<p><a href=\"https:\/\/www.eenewseurope.com\/en\/asml-wins-punitive-damages-in-chinese-ip-theft-case\/\">ASML wins punitive damages in Chinese IP theft case<\/a><\/p>\n<p><a href=\"https:\/\/www.eenewseurope.com\/en\/imec-semiconductor-roadmap-shows-end-of-metal-pitch-scaling\/\">IMEC semiconductor roadmap shows end of metal-pitch scaling<\/a><\/p>\n<p><a href=\"https:\/\/www.eenewseurope.com\/en\/netherlands-adds-duv-lithography-equipment-to-export-controls\/\">Netherlands adds DUV lithography equipment to export controls<\/a><\/p>\n","protected":false},"excerpt":{"rendered":"<p>Le fabricant d&rsquo;\u00e9quipements de lithographie ASML Holding NV a annonc\u00e9 qu&rsquo;il s&rsquo;associerait \u00e0 l&rsquo;universit\u00e9 technologique d&rsquo;Eindhoven pour d\u00e9penser \u00ab\u00a0plusieurs centaines de millions d&rsquo;euros\u00a0\u00bb dans une installation de recherche sur le campus TU\/e. Les deux parties ont sign\u00e9 un protocole d&rsquo;accord indiquant qu&rsquo;elles d\u00e9velopperaient conjointement un programme de recherche strat\u00e9gique sur 10 ans dans les domaines [&hellip;]<\/p>\n","protected":false},"author":34,"featured_media":417229,"comment_status":"closed","ping_status":"closed","sticky":true,"template":"","format":"standard","meta":{"_acf_changed":false,"footnotes":""},"categories":[883],"tags":[2933,2934,3104],"domains":[47],"ppma_author":[1153,1136],"class_list":["post-420085","post","type-post","status-publish","format-standard","has-post-thumbnail","hentry","category-technologies","tag-asml","tag-euv","tag-lithographie","domains-electronique-eci"],"acf":[],"yoast_head":"<title>ASML et TU\/e cr\u00e9ent un centre de recherche de 500 personnes ...<\/title>\n<meta name=\"description\" content=\"ASML a annonc\u00e9 qu&#039;il s&#039;associerait \u00e0 l&#039;Universit\u00e9 technologique d&#039;Eindhoven pour construire une installation de recherche sur le campus TU\/e.\" \/>\n<meta name=\"robots\" content=\"index, follow, max-snippet:-1, max-image-preview:large, max-video-preview:-1\" \/>\n<link rel=\"canonical\" href=\"https:\/\/www.ecinews.fr\/fr\/wp-json\/wp\/v2\/posts\/420085\/\" \/>\n<meta property=\"og:locale\" content=\"fr_FR\" \/>\n<meta property=\"og:type\" content=\"article\" \/>\n<meta property=\"og:title\" content=\"ASML et l&#039;Universit\u00e9 d&#039;Eindhoven vont construire un centre de recherche de 500 personnes\" \/>\n<meta property=\"og:description\" content=\"ASML a annonc\u00e9 qu&#039;il s&#039;associerait \u00e0 l&#039;Universit\u00e9 technologique d&#039;Eindhoven pour construire une installation de recherche sur le campus TU\/e.\" \/>\n<meta property=\"og:url\" content=\"https:\/\/www.ecinews.fr\/fr\/wp-json\/wp\/v2\/posts\/420085\/\" \/>\n<meta property=\"og:site_name\" content=\"EENewsEurope\" \/>\n<meta property=\"article:published_time\" content=\"2023-04-26T12:00:19+00:00\" \/>\n<meta property=\"article:modified_time\" content=\"2023-04-25T16:43:51+00:00\" \/>\n<meta property=\"og:image\" content=\"https:\/\/test.ecinews.fr\/wp-content\/uploads\/2023\/03\/Semiconductor-Production-scaled.jpg\" \/>\n\t<meta property=\"og:image:width\" content=\"1080\" \/>\n\t<meta property=\"og:image:height\" content=\"934\" \/>\n\t<meta property=\"og:image:type\" content=\"image\/jpeg\" \/>\n<meta name=\"author\" content=\"A Delapalisse, Peter Clarke\" \/>\n<meta name=\"twitter:card\" content=\"summary_large_image\" \/>\n<meta name=\"twitter:label1\" content=\"Written by\" \/>\n\t<meta name=\"twitter:data1\" content=\"A Delapalisse\" \/>\n\t<meta name=\"twitter:label2\" content=\"Est. reading time\" \/>\n\t<meta name=\"twitter:data2\" content=\"2 minutes\" \/>\n<script type=\"application\/ld+json\" class=\"yoast-schema-graph\">{\"@context\":\"https:\/\/schema.org\",\"@graph\":[{\"@type\":\"Article\",\"@id\":\"https:\/\/test.ecinews.fr\/fr\/asml-et-luniversite-deindhoven-vont-construire-un-centre-de-recherche-de-500-personnes\/#article\",\"isPartOf\":{\"@id\":\"https:\/\/test.ecinews.fr\/fr\/asml-et-luniversite-deindhoven-vont-construire-un-centre-de-recherche-de-500-personnes\/\"},\"author\":{\"name\":\"A Delapalisse\",\"@id\":\"https:\/\/www.ecinews.fr\/fr\/#\/schema\/person\/0aa2cfb0bd8949724a68cbac8d8321b4\"},\"headline\":\"ASML et l&rsquo;Universit\u00e9 d&rsquo;Eindhoven vont construire un centre de recherche de 500 personnes\",\"datePublished\":\"2023-04-26T12:00:19+00:00\",\"dateModified\":\"2023-04-25T16:43:51+00:00\",\"mainEntityOfPage\":{\"@id\":\"https:\/\/test.ecinews.fr\/fr\/asml-et-luniversite-deindhoven-vont-construire-un-centre-de-recherche-de-500-personnes\/\"},\"wordCount\":381,\"publisher\":{\"@id\":\"https:\/\/www.ecinews.fr\/fr\/#organization\"},\"keywords\":[\"ASML\",\"EUV\",\"Lithographie\"],\"articleSection\":[\"Technologies\"],\"inLanguage\":\"fr-FR\"},{\"@type\":\"WebPage\",\"@id\":\"https:\/\/test.ecinews.fr\/fr\/asml-et-luniversite-deindhoven-vont-construire-un-centre-de-recherche-de-500-personnes\/\",\"url\":\"https:\/\/test.ecinews.fr\/fr\/asml-et-luniversite-deindhoven-vont-construire-un-centre-de-recherche-de-500-personnes\/\",\"name\":\"ASML et TU\/e cr\u00e9ent un centre de recherche de 500 personnes\",\"isPartOf\":{\"@id\":\"https:\/\/www.ecinews.fr\/fr\/#website\"},\"datePublished\":\"2023-04-26T12:00:19+00:00\",\"dateModified\":\"2023-04-25T16:43:51+00:00\",\"description\":\"ASML a annonc\u00e9 qu'il s'associerait \u00e0 l'Universit\u00e9 technologique d'Eindhoven pour construire une installation de recherche sur le campus TU\/e.\",\"breadcrumb\":{\"@id\":\"https:\/\/test.ecinews.fr\/fr\/asml-et-luniversite-deindhoven-vont-construire-un-centre-de-recherche-de-500-personnes\/#breadcrumb\"},\"inLanguage\":\"fr-FR\",\"potentialAction\":[{\"@type\":\"ReadAction\",\"target\":[\"https:\/\/test.ecinews.fr\/fr\/asml-et-luniversite-deindhoven-vont-construire-un-centre-de-recherche-de-500-personnes\/\"]}]},{\"@type\":\"BreadcrumbList\",\"@id\":\"https:\/\/test.ecinews.fr\/fr\/asml-et-luniversite-deindhoven-vont-construire-un-centre-de-recherche-de-500-personnes\/#breadcrumb\",\"itemListElement\":[{\"@type\":\"ListItem\",\"position\":1,\"name\":\"Home\",\"item\":\"https:\/\/www.ecinews.fr\/fr\/\"},{\"@type\":\"ListItem\",\"position\":2,\"name\":\"ASML et l&rsquo;Universit\u00e9 d&rsquo;Eindhoven vont construire un centre de recherche de 500 personnes\"}]},{\"@type\":\"WebSite\",\"@id\":\"https:\/\/www.ecinews.fr\/fr\/#website\",\"url\":\"https:\/\/www.ecinews.fr\/fr\/\",\"name\":\"EENewsEurope\",\"description\":\"Just another WordPress site\",\"publisher\":{\"@id\":\"https:\/\/www.ecinews.fr\/fr\/#organization\"},\"potentialAction\":[{\"@type\":\"SearchAction\",\"target\":{\"@type\":\"EntryPoint\",\"urlTemplate\":\"https:\/\/www.ecinews.fr\/fr\/?s={search_term_string}\"},\"query-input\":\"required name=search_term_string\"}],\"inLanguage\":\"fr-FR\"},{\"@type\":\"Organization\",\"@id\":\"https:\/\/www.ecinews.fr\/fr\/#organization\",\"name\":\"EENewsEurope\",\"url\":\"https:\/\/www.ecinews.fr\/fr\/\",\"logo\":{\"@type\":\"ImageObject\",\"inLanguage\":\"fr-FR\",\"@id\":\"https:\/\/www.ecinews.fr\/fr\/#\/schema\/logo\/image\/\",\"url\":\"https:\/\/www.ecinews.fr\/wp-content\/uploads\/2022\/02\/logo-1.jpg\",\"contentUrl\":\"https:\/\/www.ecinews.fr\/wp-content\/uploads\/2022\/02\/logo-1.jpg\",\"width\":283,\"height\":113,\"caption\":\"EENewsEurope\"},\"image\":{\"@id\":\"https:\/\/www.ecinews.fr\/fr\/#\/schema\/logo\/image\/\"}},{\"@type\":\"Person\",\"@id\":\"https:\/\/www.ecinews.fr\/fr\/#\/schema\/person\/0aa2cfb0bd8949724a68cbac8d8321b4\",\"name\":\"A Delapalisse\",\"image\":{\"@type\":\"ImageObject\",\"inLanguage\":\"fr-FR\",\"@id\":\"https:\/\/www.ecinews.fr\/fr\/#\/schema\/person\/image\/211ac42237c2e9683c0964086c393cb4\",\"url\":\"https:\/\/secure.gravatar.com\/avatar\/ad45a8c5da24bc9c7c4940dd1c48a695?s=96&d=mm&r=g\",\"contentUrl\":\"https:\/\/secure.gravatar.com\/avatar\/ad45a8c5da24bc9c7c4940dd1c48a695?s=96&d=mm&r=g\",\"caption\":\"A Delapalisse\"},\"sameAs\":[\"http:\/\/ECI\"]}]}<\/script>","yoast_head_json":{"title":"ASML et TU\/e cr\u00e9ent un centre de recherche de 500 personnes ...","description":"ASML a annonc\u00e9 qu'il s'associerait \u00e0 l'Universit\u00e9 technologique d'Eindhoven pour construire une installation de recherche sur le campus TU\/e.","robots":{"index":"index","follow":"follow","max-snippet":"max-snippet:-1","max-image-preview":"max-image-preview:large","max-video-preview":"max-video-preview:-1"},"canonical":"https:\/\/www.ecinews.fr\/fr\/wp-json\/wp\/v2\/posts\/420085\/","og_locale":"fr_FR","og_type":"article","og_title":"ASML et l'Universit\u00e9 d'Eindhoven vont construire un centre de recherche de 500 personnes","og_description":"ASML a annonc\u00e9 qu'il s'associerait \u00e0 l'Universit\u00e9 technologique d'Eindhoven pour construire une installation de recherche sur le campus TU\/e.","og_url":"https:\/\/www.ecinews.fr\/fr\/wp-json\/wp\/v2\/posts\/420085\/","og_site_name":"EENewsEurope","article_published_time":"2023-04-26T12:00:19+00:00","article_modified_time":"2023-04-25T16:43:51+00:00","og_image":[{"width":1080,"height":934,"url":"https:\/\/test.ecinews.fr\/wp-content\/uploads\/2023\/03\/Semiconductor-Production-scaled.jpg","type":"image\/jpeg"}],"author":"A Delapalisse, Peter Clarke","twitter_card":"summary_large_image","twitter_misc":{"Written by":"A Delapalisse","Est. reading time":"2 minutes"},"schema":{"@context":"https:\/\/schema.org","@graph":[{"@type":"Article","@id":"https:\/\/test.ecinews.fr\/fr\/asml-et-luniversite-deindhoven-vont-construire-un-centre-de-recherche-de-500-personnes\/#article","isPartOf":{"@id":"https:\/\/test.ecinews.fr\/fr\/asml-et-luniversite-deindhoven-vont-construire-un-centre-de-recherche-de-500-personnes\/"},"author":{"name":"A Delapalisse","@id":"https:\/\/www.ecinews.fr\/fr\/#\/schema\/person\/0aa2cfb0bd8949724a68cbac8d8321b4"},"headline":"ASML et l&rsquo;Universit\u00e9 d&rsquo;Eindhoven vont construire un centre de recherche de 500 personnes","datePublished":"2023-04-26T12:00:19+00:00","dateModified":"2023-04-25T16:43:51+00:00","mainEntityOfPage":{"@id":"https:\/\/test.ecinews.fr\/fr\/asml-et-luniversite-deindhoven-vont-construire-un-centre-de-recherche-de-500-personnes\/"},"wordCount":381,"publisher":{"@id":"https:\/\/www.ecinews.fr\/fr\/#organization"},"keywords":["ASML","EUV","Lithographie"],"articleSection":["Technologies"],"inLanguage":"fr-FR"},{"@type":"WebPage","@id":"https:\/\/test.ecinews.fr\/fr\/asml-et-luniversite-deindhoven-vont-construire-un-centre-de-recherche-de-500-personnes\/","url":"https:\/\/test.ecinews.fr\/fr\/asml-et-luniversite-deindhoven-vont-construire-un-centre-de-recherche-de-500-personnes\/","name":"ASML et TU\/e cr\u00e9ent un centre de recherche de 500 personnes","isPartOf":{"@id":"https:\/\/www.ecinews.fr\/fr\/#website"},"datePublished":"2023-04-26T12:00:19+00:00","dateModified":"2023-04-25T16:43:51+00:00","description":"ASML a annonc\u00e9 qu'il s'associerait \u00e0 l'Universit\u00e9 technologique d'Eindhoven pour construire une installation de recherche sur le campus TU\/e.","breadcrumb":{"@id":"https:\/\/test.ecinews.fr\/fr\/asml-et-luniversite-deindhoven-vont-construire-un-centre-de-recherche-de-500-personnes\/#breadcrumb"},"inLanguage":"fr-FR","potentialAction":[{"@type":"ReadAction","target":["https:\/\/test.ecinews.fr\/fr\/asml-et-luniversite-deindhoven-vont-construire-un-centre-de-recherche-de-500-personnes\/"]}]},{"@type":"BreadcrumbList","@id":"https:\/\/test.ecinews.fr\/fr\/asml-et-luniversite-deindhoven-vont-construire-un-centre-de-recherche-de-500-personnes\/#breadcrumb","itemListElement":[{"@type":"ListItem","position":1,"name":"Home","item":"https:\/\/www.ecinews.fr\/fr\/"},{"@type":"ListItem","position":2,"name":"ASML et l&rsquo;Universit\u00e9 d&rsquo;Eindhoven vont construire un centre de recherche de 500 personnes"}]},{"@type":"WebSite","@id":"https:\/\/www.ecinews.fr\/fr\/#website","url":"https:\/\/www.ecinews.fr\/fr\/","name":"EENewsEurope","description":"Just another WordPress site","publisher":{"@id":"https:\/\/www.ecinews.fr\/fr\/#organization"},"potentialAction":[{"@type":"SearchAction","target":{"@type":"EntryPoint","urlTemplate":"https:\/\/www.ecinews.fr\/fr\/?s={search_term_string}"},"query-input":"required name=search_term_string"}],"inLanguage":"fr-FR"},{"@type":"Organization","@id":"https:\/\/www.ecinews.fr\/fr\/#organization","name":"EENewsEurope","url":"https:\/\/www.ecinews.fr\/fr\/","logo":{"@type":"ImageObject","inLanguage":"fr-FR","@id":"https:\/\/www.ecinews.fr\/fr\/#\/schema\/logo\/image\/","url":"https:\/\/www.ecinews.fr\/wp-content\/uploads\/2022\/02\/logo-1.jpg","contentUrl":"https:\/\/www.ecinews.fr\/wp-content\/uploads\/2022\/02\/logo-1.jpg","width":283,"height":113,"caption":"EENewsEurope"},"image":{"@id":"https:\/\/www.ecinews.fr\/fr\/#\/schema\/logo\/image\/"}},{"@type":"Person","@id":"https:\/\/www.ecinews.fr\/fr\/#\/schema\/person\/0aa2cfb0bd8949724a68cbac8d8321b4","name":"A Delapalisse","image":{"@type":"ImageObject","inLanguage":"fr-FR","@id":"https:\/\/www.ecinews.fr\/fr\/#\/schema\/person\/image\/211ac42237c2e9683c0964086c393cb4","url":"https:\/\/secure.gravatar.com\/avatar\/ad45a8c5da24bc9c7c4940dd1c48a695?s=96&d=mm&r=g","contentUrl":"https:\/\/secure.gravatar.com\/avatar\/ad45a8c5da24bc9c7c4940dd1c48a695?s=96&d=mm&r=g","caption":"A Delapalisse"},"sameAs":["http:\/\/ECI"]}]}},"authors":[{"term_id":1153,"user_id":34,"is_guest":0,"slug":"adelapalisse","display_name":"A Delapalisse","avatar_url":"https:\/\/secure.gravatar.com\/avatar\/ad45a8c5da24bc9c7c4940dd1c48a695?s=96&d=mm&r=g","0":null,"1":"","2":"","3":"","4":"","5":"","6":"","7":"","8":""},{"term_id":1136,"user_id":4,"is_guest":0,"slug":"clarke","display_name":"Peter Clarke","avatar_url":"https:\/\/secure.gravatar.com\/avatar\/d567d206cb92a682963201f296594da4?s=96&d=mm&r=g","0":null,"1":"","2":"","3":"","4":"","5":"","6":"","7":"","8":""}],"_links":{"self":[{"href":"https:\/\/www.ecinews.fr\/fr\/wp-json\/wp\/v2\/posts\/420085"}],"collection":[{"href":"https:\/\/www.ecinews.fr\/fr\/wp-json\/wp\/v2\/posts"}],"about":[{"href":"https:\/\/www.ecinews.fr\/fr\/wp-json\/wp\/v2\/types\/post"}],"author":[{"embeddable":true,"href":"https:\/\/www.ecinews.fr\/fr\/wp-json\/wp\/v2\/users\/34"}],"replies":[{"embeddable":true,"href":"https:\/\/www.ecinews.fr\/fr\/wp-json\/wp\/v2\/comments?post=420085"}],"version-history":[{"count":0,"href":"https:\/\/www.ecinews.fr\/fr\/wp-json\/wp\/v2\/posts\/420085\/revisions"}],"wp:featuredmedia":[{"embeddable":true,"href":"https:\/\/www.ecinews.fr\/fr\/wp-json\/wp\/v2\/media\/417229"}],"wp:attachment":[{"href":"https:\/\/www.ecinews.fr\/fr\/wp-json\/wp\/v2\/media?parent=420085"}],"wp:term":[{"taxonomy":"category","embeddable":true,"href":"https:\/\/www.ecinews.fr\/fr\/wp-json\/wp\/v2\/categories?post=420085"},{"taxonomy":"post_tag","embeddable":true,"href":"https:\/\/www.ecinews.fr\/fr\/wp-json\/wp\/v2\/tags?post=420085"},{"taxonomy":"domains","embeddable":true,"href":"https:\/\/www.ecinews.fr\/fr\/wp-json\/wp\/v2\/domains?post=420085"},{"taxonomy":"author","embeddable":true,"href":"https:\/\/www.ecinews.fr\/fr\/wp-json\/wp\/v2\/ppma_author?post=420085"}],"curies":[{"name":"wp","href":"https:\/\/api.w.org\/{rel}","templated":true}]}}