{"id":420066,"date":"2023-04-25T16:07:40","date_gmt":"2023-04-25T14:07:40","guid":{"rendered":"https:\/\/www.eenewseurope.com\/?p=420066"},"modified":"2023-04-25T16:07:40","modified_gmt":"2023-04-25T14:07:40","slug":"edzard-overbeek-le-ceo-de-here-technologies-demissionne","status":"publish","type":"post","link":"https:\/\/www.ecinews.fr\/fr\/edzard-overbeek-le-ceo-de-here-technologies-demissionne\/","title":{"rendered":"Edzard Overbeek, le CEO de Here Technologies d\u00e9missionne"},"content":{"rendered":"<h2 style=\"font-weight: 400;\"><span class=\"HwtZe\" lang=\"fr\"><span class=\"jCAhz ChMk0b\"><span class=\"ryNqvb\">Here Technologies, le fournisseur de donn\u00e9es cartographiques \u00e9lectroniques acquis conjointement par les constructeurs automobiles Audi, BMW, Mercedes, semble \u00eatre en crise.<\/span><\/span><\/span><\/h2>\n<p><span class=\"HwtZe\" lang=\"fr\">\u00a0<span class=\"jCAhz ChMk0b\"><span class=\"ryNqvb\">Le PDG de longue date, Edzard Overbeek, jette l&rsquo;\u00e9ponge.<\/span><\/span> <span class=\"jCAhz ChMk0b\"><span class=\"ryNqvb\">Cr\u00e9\u00e9e pour d\u00e9fier Google &amp; Co en offrant des donn\u00e9es cartographiques en temps r\u00e9el tr\u00e8s pr\u00e9cises, il \u00e9tait devenu \u00e9vident au fil des ans que la joint-venture comptant plusieurs constructeurs et fournisseurs automobiles manquait de l&rsquo;\u00e9lan n\u00e9cessaire pour suivre les g\u00e9ants num\u00e9riques am\u00e9ricains.<\/span><\/span> L<span class=\"jCAhz ChMk0b\"><span class=\"ryNqvb\">e CEO Edzard Overbeek a maintenant annonc\u00e9 sa retraite.<\/span><\/span> <span class=\"jCAhz ChMk0b\"><span class=\"ryNqvb\">Le conseil de surveillance de la soci\u00e9t\u00e9 bas\u00e9e \u00e0 Veldhoven, aux Pays-Bas, a annonc\u00e9 qu&rsquo;il avait nomm\u00e9 une double direction par int\u00e9rim pour succ\u00e9der \u00e0 Overbeek.<\/span><\/span> <span class=\"jCAhz ChMk0b\"><span class=\"ryNqvb\">\u00c0 compter du 1er mai, Denise Doyle, actuellement directrice des donn\u00e9es chez Here, et Adeel Manzoor, actuellement directeur financier, dirigeront l&rsquo;entreprise jusqu&rsquo;\u00e0 la nomination d&rsquo;un nouveau CEO.<\/span><\/span> <\/span><\/p>\n<p style=\"font-weight: 400;\"><span class=\"HwtZe\" lang=\"fr\"><span class=\"jCAhz ChMk0b\"><span class=\"ryNqvb\">La soci\u00e9t\u00e9 avait \u00e9t\u00e9 s\u00e9par\u00e9e de Nokia en 2015 et acquise par la suite par Audi, BMW et Mercedes Benz Group.<\/span><\/span> Entre<span class=\"jCAhz ChMk0b\"><span class=\"ryNqvb\"> temps, les \u00e9quipementiers automobiles Bosch et Continental, ainsi que le fabricant de puces Intel, ont \u00e9galement acquis des participations dans l&rsquo;entreprise.<\/span><\/span> <\/span><\/p>\n<p style=\"font-weight: 400;\"><span class=\"HwtZe\" lang=\"fr\"><span class=\"jCAhz ChMk0b\"><span class=\"ryNqvb\">Here propose un logiciel de navigation et des donn\u00e9es en temps r\u00e9el tr\u00e8s pr\u00e9cises pour une utilisation dans les v\u00e9hicules.<\/span><\/span> <span class=\"jCAhz ChMk0b\"><span class=\"ryNqvb\">Un tel mat\u00e9riel cartographique est consid\u00e9r\u00e9 comme essentiel, en particulier pour les fonctions de conduite autonome.<\/span><\/span> <span class=\"jCAhz ChMk0b\"><span class=\"ryNqvb\">Selon l&rsquo;entreprise, environ 170 millions de v\u00e9hicules avec des cartes de Here Technologies \u00e0 bord ont \u00e9t\u00e9 vendus \u00e0 ce jour.<\/span><\/span> <span class=\"jCAhz ChMk0b\"><span class=\"ryNqvb\">Parmi eux, plus de 34 millions de v\u00e9hicules en Europe et en Am\u00e9rique du Nord utilisent les donn\u00e9es et les services de l&rsquo;entreprise pour les syst\u00e8mes d&rsquo;assistance \u00e0 la conduite et les fonctions de conduite automatis\u00e9e.<\/span><\/span> <\/span><\/p>\n<p style=\"font-weight: 400;\"><span class=\"HwtZe\" lang=\"fr\"><span class=\"jCAhz ChMk0b\"><span class=\"ryNqvb\">Mais apparemment, m\u00eame ces chiffres qui semblent gigantesques n&rsquo;ont pas \u00e9t\u00e9 suffisants pour atteindre une position de leader sur le march\u00e9 des logiciels de navigation et du mat\u00e9riel cartographique face \u00e0 des fournisseurs tels qu&rsquo;Apple, Google ou TomTom.<\/span><\/span> <span class=\"jCAhz ChMk0b\"><span class=\"ryNqvb\">Les observateurs du march\u00e9 critiquent le fait que les propri\u00e9taires n&rsquo;ont pas \u00e9t\u00e9 en mesure de d\u00e9velopper une strat\u00e9gie claire pour les produits de l&rsquo;entreprise \u00e0 l&rsquo;\u00e8re de la num\u00e9risation.<\/span><\/span><\/span><\/p>\n<p style=\"font-weight: 400;\">\u00a0<\/p>\n<p style=\"font-weight: 400;\"><a href=\"https:\/\/www.here.com\/\">https:\/\/www.here.com\/<\/a><\/p>\n<p style=\"font-weight: 400;\"><strong>Related articles:<\/strong><\/p>\n<p style=\"font-weight: 400;\"><a href=\"https:\/\/www.eenewseurope.com\/en\/vw-group-launches-app-stores-for-its-vehicles\/\">VW Group launches app stores for its vehicles<\/a><\/p>\n<p style=\"font-weight: 400;\"><a href=\"https:\/\/www.eenewseurope.com\/en\/interoperable-open-map-data-initiative-launched\/\">Interoperable open map data initiative launched<\/a><\/p>\n<p style=\"font-weight: 400;\"><a href=\"https:\/\/www.eenewseurope.com\/en\/bmw-selects-here-for-almost-worldwide-real-time-traffic-information-services\/\">BMW selects HERE for (almost) worldwide real-time traffic information services<\/a><\/p>\n<p style=\"font-weight: 400;\"><a href=\"https:\/\/www.eenewseurope.com\/en\/bosch-acquires-map-know-how-for-autonomous-driving\/\">Bosch acquires map know-how for autonomous driving<\/a><\/p>\n<p style=\"font-weight: 400;\"><a href=\"https:\/\/www.eenewseurope.com\/en\/cariad-tomtom-to-jointly-develop-vw-groups-next-gen-navigation-system\/\">Cariad, TomTom to jointly develop VW Group\u2019s next-gen navigation system<\/a><\/p>\n<p style=\"font-weight: 400;\"><a href=\"https:\/\/www.eenewseurope.com\/en\/here-and-inrix-build-end-to-end-parking-ecosystem\/\">Here and Inrix build end-to-end parking ecosystem<\/a><\/p>\n<p style=\"font-weight: 400;\"><a href=\"https:\/\/www.eenewseurope.com\/en\/mobica-and-mediatek-partner-on-digital-cockpit-concept\/\">Toyota develops exact high-res maps for automated driving<\/a><\/p>\n<p style=\"font-weight: 400;\"><a href=\"https:\/\/www.eenewseurope.com\/en\/microsoft-integrates-tomtom-navigation-into-connected-vehicle-platform\/\">Microsoft integrates TomTom navigation intp Connected Vehicle platform<\/a><\/p>\n<p style=\"font-weight: 400;\"><a href=\"https:\/\/www.eenewseurope.com\/en\/high-definition-maps-take-automated-driving-to-the-next-level\/\">High-definition maps take automated driving to the next level<\/a><\/p>\n","protected":false},"excerpt":{"rendered":"<p>Here Technologies, le fournisseur de donn\u00e9es cartographiques \u00e9lectroniques acquis conjointement par les constructeurs automobiles Audi, BMW, Mercedes, semble \u00eatre en crise. \u00a0Le PDG de longue date, Edzard Overbeek, jette l&rsquo;\u00e9ponge. Cr\u00e9\u00e9e pour d\u00e9fier Google &amp; Co en offrant des donn\u00e9es cartographiques en temps r\u00e9el tr\u00e8s pr\u00e9cises, il \u00e9tait devenu \u00e9vident au fil des ans que [&hellip;]<\/p>\n","protected":false},"author":8,"featured_media":419950,"comment_status":"closed","ping_status":"closed","sticky":true,"template":"","format":"standard","meta":{"_acf_changed":false,"footnotes":""},"categories":[883],"tags":[1640,3341],"domains":[47],"ppma_author":[1140],"class_list":["post-420066","post","type-post","status-publish","format-standard","has-post-thumbnail","hentry","category-technologies","tag-automobile","tag-navigation-fr","domains-electronique-eci"],"acf":[],"yoast_head":"<title>Edzard Overbeek, le CEO de Here Technologies d\u00e9missionne ...<\/title>\n<meta name=\"description\" content=\"Victoire aux points pour Google, Apple et Tom Tom dans la cartographie pour v\u00e9hicules autonomes face \u00e0 Here technologies\" \/>\n<meta name=\"robots\" content=\"index, follow, max-snippet:-1, max-image-preview:large, max-video-preview:-1\" \/>\n<link rel=\"canonical\" href=\"https:\/\/www.ecinews.fr\/fr\/wp-json\/wp\/v2\/posts\/420066\/\" \/>\n<meta property=\"og:locale\" content=\"fr_FR\" \/>\n<meta property=\"og:type\" content=\"article\" \/>\n<meta property=\"og:title\" content=\"Edzard Overbeek, le CEO de Here Technologies d\u00e9missionne\" \/>\n<meta property=\"og:description\" content=\"Victoire aux points pour Google, Apple et Tom Tom dans la cartographie pour v\u00e9hicules autonomes face \u00e0 Here technologies\" \/>\n<meta property=\"og:url\" content=\"https:\/\/www.ecinews.fr\/fr\/wp-json\/wp\/v2\/posts\/420066\/\" \/>\n<meta property=\"og:site_name\" content=\"EENewsEurope\" \/>\n<meta property=\"article:published_time\" content=\"2023-04-25T14:07:40+00:00\" \/>\n<meta property=\"og:image\" content=\"https:\/\/www.eenewseurope.com\/wp-content\/uploads\/2023\/04\/top_10_germany-16x9-3840x2160-1-scaled.webp\" \/>\n\t<meta property=\"og:image:width\" content=\"1080\" \/>\n\t<meta property=\"og:image:height\" content=\"608\" \/>\n\t<meta property=\"og:image:type\" content=\"image\/webp\" \/>\n<meta name=\"author\" content=\"Christoph Hammerschmidt\" \/>\n<meta name=\"twitter:card\" content=\"summary_large_image\" \/>\n<meta name=\"twitter:label1\" content=\"Written by\" \/>\n\t<meta name=\"twitter:data1\" content=\"Christoph Hammerschmidt\" \/>\n\t<meta name=\"twitter:label2\" content=\"Est. reading time\" \/>\n\t<meta name=\"twitter:data2\" content=\"2 minutes\" \/>\n<script type=\"application\/ld+json\" class=\"yoast-schema-graph\">{\"@context\":\"https:\/\/schema.org\",\"@graph\":[{\"@type\":\"Article\",\"@id\":\"https:\/\/www.eenewseurope.com\/fr\/edzard-overbeek-le-ceo-de-here-technologies-demissionne\/#article\",\"isPartOf\":{\"@id\":\"https:\/\/www.eenewseurope.com\/fr\/edzard-overbeek-le-ceo-de-here-technologies-demissionne\/\"},\"author\":{\"name\":\"Christoph Hammerschmidt\",\"@id\":\"https:\/\/www.eenewseurope.com\/en\/#\/schema\/person\/114f6af2670a95cf17685adc4893663b\"},\"headline\":\"Edzard Overbeek, le CEO de Here Technologies d\u00e9missionne\",\"datePublished\":\"2023-04-25T14:07:40+00:00\",\"dateModified\":\"2023-04-25T14:07:40+00:00\",\"mainEntityOfPage\":{\"@id\":\"https:\/\/www.eenewseurope.com\/fr\/edzard-overbeek-le-ceo-de-here-technologies-demissionne\/\"},\"wordCount\":470,\"publisher\":{\"@id\":\"https:\/\/www.eenewseurope.com\/en\/#organization\"},\"keywords\":[\"Automobile\",\"Navigation\"],\"articleSection\":[\"Technologies\"],\"inLanguage\":\"fr-FR\"},{\"@type\":\"WebPage\",\"@id\":\"https:\/\/www.eenewseurope.com\/fr\/edzard-overbeek-le-ceo-de-here-technologies-demissionne\/\",\"url\":\"https:\/\/www.eenewseurope.com\/fr\/edzard-overbeek-le-ceo-de-here-technologies-demissionne\/\",\"name\":\"Edzard Overbeek, le CEO de Here Technologies d\u00e9missionne -\",\"isPartOf\":{\"@id\":\"https:\/\/www.eenewseurope.com\/en\/#website\"},\"datePublished\":\"2023-04-25T14:07:40+00:00\",\"dateModified\":\"2023-04-25T14:07:40+00:00\",\"description\":\"Victoire aux points pour Google, Apple et Tom Tom dans la cartographie pour v\u00e9hicules autonomes face \u00e0 Here technologies\",\"breadcrumb\":{\"@id\":\"https:\/\/www.eenewseurope.com\/fr\/edzard-overbeek-le-ceo-de-here-technologies-demissionne\/#breadcrumb\"},\"inLanguage\":\"fr-FR\",\"potentialAction\":[{\"@type\":\"ReadAction\",\"target\":[\"https:\/\/www.eenewseurope.com\/fr\/edzard-overbeek-le-ceo-de-here-technologies-demissionne\/\"]}]},{\"@type\":\"BreadcrumbList\",\"@id\":\"https:\/\/www.eenewseurope.com\/fr\/edzard-overbeek-le-ceo-de-here-technologies-demissionne\/#breadcrumb\",\"itemListElement\":[{\"@type\":\"ListItem\",\"position\":1,\"name\":\"Home\",\"item\":\"https:\/\/www.ecinews.fr\/fr\/\"},{\"@type\":\"ListItem\",\"position\":2,\"name\":\"Edzard Overbeek, le CEO de Here Technologies d\u00e9missionne\"}]},{\"@type\":\"WebSite\",\"@id\":\"https:\/\/www.eenewseurope.com\/en\/#website\",\"url\":\"https:\/\/www.eenewseurope.com\/en\/\",\"name\":\"EENewsEurope\",\"description\":\"Just another WordPress site\",\"publisher\":{\"@id\":\"https:\/\/www.eenewseurope.com\/en\/#organization\"},\"potentialAction\":[{\"@type\":\"SearchAction\",\"target\":{\"@type\":\"EntryPoint\",\"urlTemplate\":\"https:\/\/www.eenewseurope.com\/en\/?s={search_term_string}\"},\"query-input\":\"required name=search_term_string\"}],\"inLanguage\":\"fr-FR\"},{\"@type\":\"Organization\",\"@id\":\"https:\/\/www.eenewseurope.com\/en\/#organization\",\"name\":\"EENewsEurope\",\"url\":\"https:\/\/www.eenewseurope.com\/en\/\",\"logo\":{\"@type\":\"ImageObject\",\"inLanguage\":\"fr-FR\",\"@id\":\"https:\/\/www.eenewseurope.com\/en\/#\/schema\/logo\/image\/\",\"url\":\"https:\/\/www.ecinews.fr\/wp-content\/uploads\/2022\/02\/logo-1.jpg\",\"contentUrl\":\"https:\/\/www.ecinews.fr\/wp-content\/uploads\/2022\/02\/logo-1.jpg\",\"width\":283,\"height\":113,\"caption\":\"EENewsEurope\"},\"image\":{\"@id\":\"https:\/\/www.eenewseurope.com\/en\/#\/schema\/logo\/image\/\"}},{\"@type\":\"Person\",\"@id\":\"https:\/\/www.eenewseurope.com\/en\/#\/schema\/person\/114f6af2670a95cf17685adc4893663b\",\"name\":\"Christoph Hammerschmidt\",\"image\":{\"@type\":\"ImageObject\",\"inLanguage\":\"fr-FR\",\"@id\":\"https:\/\/www.eenewseurope.com\/en\/#\/schema\/person\/image\/8f12ff55ecee9b2fa3a1f65e2e28834a\",\"url\":\"https:\/\/secure.gravatar.com\/avatar\/337b53425fed9c87699427f8740f52ce?s=96&d=mm&r=g\",\"contentUrl\":\"https:\/\/secure.gravatar.com\/avatar\/337b53425fed9c87699427f8740f52ce?s=96&d=mm&r=g\",\"caption\":\"Christoph Hammerschmidt\"}}]}<\/script>","yoast_head_json":{"title":"Edzard Overbeek, le CEO de Here Technologies d\u00e9missionne ...","description":"Victoire aux points pour Google, Apple et Tom Tom dans la cartographie pour v\u00e9hicules autonomes face \u00e0 Here technologies","robots":{"index":"index","follow":"follow","max-snippet":"max-snippet:-1","max-image-preview":"max-image-preview:large","max-video-preview":"max-video-preview:-1"},"canonical":"https:\/\/www.ecinews.fr\/fr\/wp-json\/wp\/v2\/posts\/420066\/","og_locale":"fr_FR","og_type":"article","og_title":"Edzard Overbeek, le CEO de Here Technologies d\u00e9missionne","og_description":"Victoire aux points pour Google, Apple et Tom Tom dans la cartographie pour v\u00e9hicules autonomes face \u00e0 Here technologies","og_url":"https:\/\/www.ecinews.fr\/fr\/wp-json\/wp\/v2\/posts\/420066\/","og_site_name":"EENewsEurope","article_published_time":"2023-04-25T14:07:40+00:00","og_image":[{"width":1080,"height":608,"url":"https:\/\/www.eenewseurope.com\/wp-content\/uploads\/2023\/04\/top_10_germany-16x9-3840x2160-1-scaled.webp","type":"image\/webp"}],"author":"Christoph Hammerschmidt","twitter_card":"summary_large_image","twitter_misc":{"Written by":"Christoph Hammerschmidt","Est. reading time":"2 minutes"},"schema":{"@context":"https:\/\/schema.org","@graph":[{"@type":"Article","@id":"https:\/\/www.eenewseurope.com\/fr\/edzard-overbeek-le-ceo-de-here-technologies-demissionne\/#article","isPartOf":{"@id":"https:\/\/www.eenewseurope.com\/fr\/edzard-overbeek-le-ceo-de-here-technologies-demissionne\/"},"author":{"name":"Christoph Hammerschmidt","@id":"https:\/\/www.eenewseurope.com\/en\/#\/schema\/person\/114f6af2670a95cf17685adc4893663b"},"headline":"Edzard Overbeek, le CEO de Here Technologies d\u00e9missionne","datePublished":"2023-04-25T14:07:40+00:00","dateModified":"2023-04-25T14:07:40+00:00","mainEntityOfPage":{"@id":"https:\/\/www.eenewseurope.com\/fr\/edzard-overbeek-le-ceo-de-here-technologies-demissionne\/"},"wordCount":470,"publisher":{"@id":"https:\/\/www.eenewseurope.com\/en\/#organization"},"keywords":["Automobile","Navigation"],"articleSection":["Technologies"],"inLanguage":"fr-FR"},{"@type":"WebPage","@id":"https:\/\/www.eenewseurope.com\/fr\/edzard-overbeek-le-ceo-de-here-technologies-demissionne\/","url":"https:\/\/www.eenewseurope.com\/fr\/edzard-overbeek-le-ceo-de-here-technologies-demissionne\/","name":"Edzard Overbeek, le CEO de Here Technologies d\u00e9missionne -","isPartOf":{"@id":"https:\/\/www.eenewseurope.com\/en\/#website"},"datePublished":"2023-04-25T14:07:40+00:00","dateModified":"2023-04-25T14:07:40+00:00","description":"Victoire aux points pour Google, Apple et Tom Tom dans la cartographie pour v\u00e9hicules autonomes face \u00e0 Here technologies","breadcrumb":{"@id":"https:\/\/www.eenewseurope.com\/fr\/edzard-overbeek-le-ceo-de-here-technologies-demissionne\/#breadcrumb"},"inLanguage":"fr-FR","potentialAction":[{"@type":"ReadAction","target":["https:\/\/www.eenewseurope.com\/fr\/edzard-overbeek-le-ceo-de-here-technologies-demissionne\/"]}]},{"@type":"BreadcrumbList","@id":"https:\/\/www.eenewseurope.com\/fr\/edzard-overbeek-le-ceo-de-here-technologies-demissionne\/#breadcrumb","itemListElement":[{"@type":"ListItem","position":1,"name":"Home","item":"https:\/\/www.ecinews.fr\/fr\/"},{"@type":"ListItem","position":2,"name":"Edzard Overbeek, le CEO de Here Technologies d\u00e9missionne"}]},{"@type":"WebSite","@id":"https:\/\/www.eenewseurope.com\/en\/#website","url":"https:\/\/www.eenewseurope.com\/en\/","name":"EENewsEurope","description":"Just another WordPress site","publisher":{"@id":"https:\/\/www.eenewseurope.com\/en\/#organization"},"potentialAction":[{"@type":"SearchAction","target":{"@type":"EntryPoint","urlTemplate":"https:\/\/www.eenewseurope.com\/en\/?s={search_term_string}"},"query-input":"required name=search_term_string"}],"inLanguage":"fr-FR"},{"@type":"Organization","@id":"https:\/\/www.eenewseurope.com\/en\/#organization","name":"EENewsEurope","url":"https:\/\/www.eenewseurope.com\/en\/","logo":{"@type":"ImageObject","inLanguage":"fr-FR","@id":"https:\/\/www.eenewseurope.com\/en\/#\/schema\/logo\/image\/","url":"https:\/\/www.ecinews.fr\/wp-content\/uploads\/2022\/02\/logo-1.jpg","contentUrl":"https:\/\/www.ecinews.fr\/wp-content\/uploads\/2022\/02\/logo-1.jpg","width":283,"height":113,"caption":"EENewsEurope"},"image":{"@id":"https:\/\/www.eenewseurope.com\/en\/#\/schema\/logo\/image\/"}},{"@type":"Person","@id":"https:\/\/www.eenewseurope.com\/en\/#\/schema\/person\/114f6af2670a95cf17685adc4893663b","name":"Christoph Hammerschmidt","image":{"@type":"ImageObject","inLanguage":"fr-FR","@id":"https:\/\/www.eenewseurope.com\/en\/#\/schema\/person\/image\/8f12ff55ecee9b2fa3a1f65e2e28834a","url":"https:\/\/secure.gravatar.com\/avatar\/337b53425fed9c87699427f8740f52ce?s=96&d=mm&r=g","contentUrl":"https:\/\/secure.gravatar.com\/avatar\/337b53425fed9c87699427f8740f52ce?s=96&d=mm&r=g","caption":"Christoph Hammerschmidt"}}]}},"authors":[{"term_id":1140,"user_id":8,"is_guest":0,"slug":"hammerschmidt","display_name":"Christoph Hammerschmidt","avatar_url":"https:\/\/secure.gravatar.com\/avatar\/337b53425fed9c87699427f8740f52ce?s=96&d=mm&r=g","0":null,"1":"","2":"","3":"","4":"","5":"","6":"","7":"","8":""}],"_links":{"self":[{"href":"https:\/\/www.ecinews.fr\/fr\/wp-json\/wp\/v2\/posts\/420066"}],"collection":[{"href":"https:\/\/www.ecinews.fr\/fr\/wp-json\/wp\/v2\/posts"}],"about":[{"href":"https:\/\/www.ecinews.fr\/fr\/wp-json\/wp\/v2\/types\/post"}],"author":[{"embeddable":true,"href":"https:\/\/www.ecinews.fr\/fr\/wp-json\/wp\/v2\/users\/8"}],"replies":[{"embeddable":true,"href":"https:\/\/www.ecinews.fr\/fr\/wp-json\/wp\/v2\/comments?post=420066"}],"version-history":[{"count":0,"href":"https:\/\/www.ecinews.fr\/fr\/wp-json\/wp\/v2\/posts\/420066\/revisions"}],"wp:featuredmedia":[{"embeddable":true,"href":"https:\/\/www.ecinews.fr\/fr\/wp-json\/wp\/v2\/media\/419950"}],"wp:attachment":[{"href":"https:\/\/www.ecinews.fr\/fr\/wp-json\/wp\/v2\/media?parent=420066"}],"wp:term":[{"taxonomy":"category","embeddable":true,"href":"https:\/\/www.ecinews.fr\/fr\/wp-json\/wp\/v2\/categories?post=420066"},{"taxonomy":"post_tag","embeddable":true,"href":"https:\/\/www.ecinews.fr\/fr\/wp-json\/wp\/v2\/tags?post=420066"},{"taxonomy":"domains","embeddable":true,"href":"https:\/\/www.ecinews.fr\/fr\/wp-json\/wp\/v2\/domains?post=420066"},{"taxonomy":"author","embeddable":true,"href":"https:\/\/www.ecinews.fr\/fr\/wp-json\/wp\/v2\/ppma_author?post=420066"}],"curies":[{"name":"wp","href":"https:\/\/api.w.org\/{rel}","templated":true}]}}