{"id":419552,"date":"2023-04-19T18:42:17","date_gmt":"2023-04-19T16:42:17","guid":{"rendered":"https:\/\/www.eenewseurope.com\/?p=419552"},"modified":"2023-04-19T18:44:37","modified_gmt":"2023-04-19T16:44:37","slug":"premiere-batterie-rechargeable-comestible-creee-a-partir-daliments","status":"publish","type":"post","link":"https:\/\/www.ecinews.fr\/fr\/premiere-batterie-rechargeable-comestible-creee-a-partir-daliments\/","title":{"rendered":"Premi\u00e8re batterie rechargeable comestible cr\u00e9\u00e9e \u00e0 partir d&rsquo;aliments"},"content":{"rendered":"<h4>Une \u00e9quipe de <span class=\"HwtZe\" lang=\"fr\"><span class=\"jCAhz ChMk0b\"><span class=\"ryNqvb\">chercheurs en Italie a utilis\u00e9 des aliments pour cr\u00e9er une batterie comestible et rechargeable pour la robotique douce et les applications m\u00e9dicales.<\/span><\/span><\/span><\/h4>\n<p><span class=\"HwtZe\" lang=\"fr\"><span class=\"jCAhz ChMk0b\"><span class=\"ryNqvb\">L&rsquo;\u00e9quipe de l&rsquo;Istituto Italiano di Tecnologia (IIT-Institut italien de technologie) a cr\u00e9\u00e9 une cellule de batterie de \u00ab\u00a0preuve de concept\u00a0\u00bb qui pourrait \u00eatre utilis\u00e9e dans les diagnostics de sant\u00e9, la surveillance de la qualit\u00e9 des aliments et la robotique douce comestible.<\/span><\/span> <\/span><\/p>\n<p><span class=\"HwtZe\" lang=\"fr\"><span class=\"jCAhz ChMk0b\"><span class=\"ryNqvb\">La cellule de la batterie fonctionne \u00e0 0,65 V, une tension suffisamment basse pour ne pas cr\u00e9er de probl\u00e8mes dans le corps humain lorsqu&rsquo;elle est ing\u00e9r\u00e9e.<\/span><\/span> <span class=\"jCAhz ChMk0b\"><span class=\"ryNqvb\">Elle peut fournir un courant de 48 \u03bcA pendant 12 minutes, ou quelques microamp\u00e8res pendant plus d&rsquo;une heure, assez pour alimenter de petits appareils \u00e9lectroniques, comme des LED basse consommation, pendant un temps limit\u00e9.<\/span><\/span><\/span><\/p>\n<p><span class=\"HwtZe\" lang=\"fr\"><span class=\"jCAhz ChMk0b\"><span class=\"ryNqvb\">Alors que les citrons et les pommes de terre ont \u00e9t\u00e9 utilis\u00e9s comme cellules primaires avec des \u00e9lectrodes m\u00e9talliques, le groupe de recherche de l&rsquo;IIT a d\u00e9velopp\u00e9 la batterie en utilisant la riboflavine (vitamine B2, trouv\u00e9e par exemple dans les amandes) comme anode et la querc\u00e9tine (un compl\u00e9ment alimentaire et un ingr\u00e9dient, pr\u00e9sent dans les c\u00e2pres, parmi<\/span><\/span> d&rsquo;<span class=\"jCAhz ChMk0b\"><span class=\"ryNqvb\">autres) comme cathode.<\/span><\/span> <\/span><\/p>\n<p><span class=\"HwtZe\" lang=\"fr\"><span class=\"jCAhz ChMk0b\"><span class=\"ryNqvb\">Le charbon actif, un m\u00e9dicament largement r\u00e9pandu en vente libre, a \u00e9t\u00e9 utilis\u00e9 pour augmenter la conductivit\u00e9 \u00e9lectrique, tandis que l&rsquo;\u00e9lectrolyte \u00e9tait \u00e0 base d&rsquo;eau.<\/span><\/span> <span class=\"jCAhz ChMk0b\"><span class=\"ryNqvb\">Le s\u00e9parateur, n\u00e9cessaire dans chaque batterie pour \u00e9viter les courts-circuits, \u00e9tait fabriqu\u00e9 \u00e0 partir d&rsquo;algues nori, celles que l&rsquo;on trouve dans les sushis.<\/span><\/span> L<span class=\"jCAhz ChMk0b\"><span class=\"ryNqvb\">es \u00e9lectrodes ont \u00e9t\u00e9 encapsul\u00e9es dans de la cire d&rsquo;abeille avec deux contacts r\u00e9alis\u00e9s \u00e0 partir d&rsquo;une feuille d&rsquo;or alimentaire utilis\u00e9e par les p\u00e2tissiers sur un support d\u00e9riv\u00e9 de la cellulose.<\/span><\/span><\/span><\/p>\n<ul>\n<li><a href=\"https:\/\/www.eenewseurope.com\/en\/edible-qr-code-authenticates-expensive-whiskey\/\">Edible QR code authenticates expensive whiskey<\/a><\/li>\n<\/ul>\n<p><span class=\"HwtZe\" lang=\"fr\"><span class=\"jCAhz ChMk0b\"><span class=\"ryNqvb\">Cea travaux font suite \u00e0 une subvention de 2 millions d&rsquo;euros pour un projet appel\u00e9 ELFO qui explore l&rsquo;\u00e9lectronique comestible et o\u00f9 l&rsquo;un des principaux d\u00e9fis est d&rsquo;avoir une source d&rsquo;\u00e9nergie comestible.<\/span><\/span><\/span><\/p>\n<p><span class=\"HwtZe\" lang=\"fr\"> <span class=\"jCAhz ChMk0b\"><span class=\"ryNqvb\">\u00ab\u00a0Les utilisations potentielles futures vont des circuits comestibles et des capteurs capables de surveiller les conditions de sant\u00e9 \u00e0 l&rsquo;alimentation de capteurs pour surveiller les conditions de stockage des aliments\u00a0\u00bb, a d\u00e9clar\u00e9 le coordinateur de recherche Mario Caironi de l&rsquo;IIT.<\/span><\/span> <span class=\"jCAhz ChMk0b\"><span class=\"ryNqvb\">\u00ab De plus, compte tenu du niveau de s\u00e9curit\u00e9 de ces piles, elles pourraient \u00eatre utilis\u00e9es dans des jouets pour enfants, o\u00f9 le risque d&rsquo;ingestion est \u00e9lev\u00e9.<\/span><\/span> <span class=\"jCAhz ChMk0b\"><span class=\"ryNqvb\">En fait, nous d\u00e9veloppons d\u00e9j\u00e0 des batteries avec une plus grande capacit\u00e9 tout en r\u00e9duisant la taille globale.<\/span><\/span> <span class=\"jCAhz ChMk0b\"><span class=\"ryNqvb\">Ces d\u00e9veloppements seront \u00e9galement test\u00e9s \u00e0 l&rsquo;avenir pour alimenter des robots mous comestibles \u00bb, a soulign\u00e9 le chercheur.<br \/>\n<\/span><\/span><\/span><\/p>\n<p><span class=\"HwtZe\" lang=\"fr\"><span class=\"jCAhz ChMk0b\"><span class=\"ryNqvb\">\u00ab Cette pile comestible est \u00e9galement tr\u00e8s int\u00e9ressante pour la communaut\u00e9 du stockage d&rsquo;\u00e9nergie.<\/span><\/span> <span class=\"jCAhz ChMk0b\"><span class=\"ryNqvb\">Construire des batteries plus s\u00fbres, sans utiliser de mat\u00e9riaux toxiques, est un d\u00e9fi auquel nous sommes confront\u00e9s alors que la demande de batteries monte en fl\u00e8che.<\/span><\/span> <span class=\"jCAhz ChMk0b\"><span class=\"ryNqvb\">Bien que nos batteries comestibles n&rsquo;alimentent pas les voitures \u00e9lectriques, elles sont la preuve que les batteries peuvent \u00eatre fabriqu\u00e9es \u00e0 partir de mat\u00e9riaux plus s\u00fbrs que les batteries Li-ion actuelles.<\/span><\/span> <span class=\"jCAhz ChMk0b\"><span class=\"ryNqvb\">Nous pensons qu&rsquo;ils inspireront d&rsquo;autres scientifiques \u00e0 construire des batteries plus s\u00fbres pour un avenir v\u00e9ritablement durable \u00bb, a d\u00e9clar\u00e9 Ivan Ilic, co-auteur de l&rsquo;\u00e9tude.<\/span><\/span><\/span><\/p>\n<p>L&rsquo;\u00e9tude peut \u00eatre t\u00e9l\u00e9charg\u00e9e \u00e0 <a href=\"http:\/\/dx.doi.org\/10.1002\/adma.202211400\">10.1002\/adma.202211400<\/a><\/p>\n<p><a href=\"http:\/\/www.iit.it\">www.iit.it<\/a><\/p>\n<p>&nbsp;<\/p>\n","protected":false},"excerpt":{"rendered":"<p>Une \u00e9quipe de chercheurs en Italie a utilis\u00e9 des aliments pour cr\u00e9er une batterie comestible et rechargeable pour la robotique douce et les applications m\u00e9dicales. L&rsquo;\u00e9quipe de l&rsquo;Istituto Italiano di Tecnologia (IIT-Institut italien de technologie) a cr\u00e9\u00e9 une cellule de batterie de \u00ab\u00a0preuve de concept\u00a0\u00bb qui pourrait \u00eatre utilis\u00e9e dans les diagnostics de sant\u00e9, la [&hellip;]<\/p>\n","protected":false},"author":34,"featured_media":419108,"comment_status":"closed","ping_status":"closed","sticky":true,"template":"","format":"standard","meta":{"_acf_changed":false,"footnotes":""},"categories":[883],"tags":[1978,1652],"domains":[47],"ppma_author":[1153,1138],"class_list":["post-419552","post","type-post","status-publish","format-standard","has-post-thumbnail","hentry","category-technologies","tag-batteries","tag-electronique-medicale","domains-electronique-eci"],"acf":[],"yoast_head":"<title>Premi\u00e8re batterie rechargeable comestible cr\u00e9\u00e9e \u00e0 partir d&#039;...<\/title>\n<meta name=\"description\" content=\"Une \u00e9quipe de chercheurs en Italie a utilis\u00e9 des aliments pour cr\u00e9er une batterie comestible et rechargeable pour les applications m\u00e9dicales.\" \/>\n<meta name=\"robots\" content=\"index, follow, max-snippet:-1, max-image-preview:large, max-video-preview:-1\" \/>\n<link rel=\"canonical\" href=\"https:\/\/www.ecinews.fr\/fr\/wp-json\/wp\/v2\/posts\/419552\/\" \/>\n<meta property=\"og:locale\" content=\"fr_FR\" \/>\n<meta property=\"og:type\" content=\"article\" \/>\n<meta property=\"og:title\" content=\"Premi\u00e8re batterie rechargeable comestible cr\u00e9\u00e9e \u00e0 partir d&#039;aliments\" \/>\n<meta property=\"og:description\" content=\"Une \u00e9quipe de chercheurs en Italie a utilis\u00e9 des aliments pour cr\u00e9er une batterie comestible et rechargeable pour les applications m\u00e9dicales.\" \/>\n<meta property=\"og:url\" content=\"https:\/\/www.ecinews.fr\/fr\/wp-json\/wp\/v2\/posts\/419552\/\" \/>\n<meta property=\"og:site_name\" content=\"EENewsEurope\" \/>\n<meta property=\"article:published_time\" content=\"2023-04-19T16:42:17+00:00\" \/>\n<meta property=\"article:modified_time\" content=\"2023-04-19T16:44:37+00:00\" \/>\n<meta property=\"og:image\" content=\"https:\/\/www.ecinews.fr\/wp-content\/uploads\/2023\/04\/Elfo_edible_electronics_CNST_Milan.png\" \/>\n\t<meta property=\"og:image:width\" content=\"700\" \/>\n\t<meta property=\"og:image:height\" content=\"467\" \/>\n\t<meta property=\"og:image:type\" content=\"image\/png\" \/>\n<meta name=\"author\" content=\"A Delapalisse, Nick Flaherty\" \/>\n<meta name=\"twitter:card\" content=\"summary_large_image\" \/>\n<meta name=\"twitter:label1\" content=\"Written by\" \/>\n\t<meta name=\"twitter:data1\" content=\"A Delapalisse\" \/>\n\t<meta name=\"twitter:label2\" content=\"Est. reading time\" \/>\n\t<meta name=\"twitter:data2\" content=\"3 minutes\" \/>\n<script type=\"application\/ld+json\" class=\"yoast-schema-graph\">{\"@context\":\"https:\/\/schema.org\",\"@graph\":[{\"@type\":\"Article\",\"@id\":\"https:\/\/www.ecinews.fr\/fr\/premiere-batterie-rechargeable-comestible-creee-a-partir-daliments\/#article\",\"isPartOf\":{\"@id\":\"https:\/\/www.ecinews.fr\/fr\/premiere-batterie-rechargeable-comestible-creee-a-partir-daliments\/\"},\"author\":{\"name\":\"A Delapalisse\",\"@id\":\"https:\/\/www.ecinews.fr\/fr\/#\/schema\/person\/0aa2cfb0bd8949724a68cbac8d8321b4\"},\"headline\":\"Premi\u00e8re batterie rechargeable comestible cr\u00e9\u00e9e \u00e0 partir d&rsquo;aliments\",\"datePublished\":\"2023-04-19T16:42:17+00:00\",\"dateModified\":\"2023-04-19T16:44:37+00:00\",\"mainEntityOfPage\":{\"@id\":\"https:\/\/www.ecinews.fr\/fr\/premiere-batterie-rechargeable-comestible-creee-a-partir-daliments\/\"},\"wordCount\":585,\"publisher\":{\"@id\":\"https:\/\/www.ecinews.fr\/fr\/#organization\"},\"keywords\":[\"Batteries\",\"Electronique m\u00e9dicale\"],\"articleSection\":[\"Technologies\"],\"inLanguage\":\"fr-FR\"},{\"@type\":\"WebPage\",\"@id\":\"https:\/\/www.ecinews.fr\/fr\/premiere-batterie-rechargeable-comestible-creee-a-partir-daliments\/\",\"url\":\"https:\/\/www.ecinews.fr\/fr\/premiere-batterie-rechargeable-comestible-creee-a-partir-daliments\/\",\"name\":\"Premi\u00e8re batterie rechargeable comestible cr\u00e9\u00e9e \u00e0 partir d'aliments -\",\"isPartOf\":{\"@id\":\"https:\/\/www.ecinews.fr\/fr\/#website\"},\"datePublished\":\"2023-04-19T16:42:17+00:00\",\"dateModified\":\"2023-04-19T16:44:37+00:00\",\"description\":\"Une \u00e9quipe de chercheurs en Italie a utilis\u00e9 des aliments pour cr\u00e9er une batterie comestible et rechargeable pour les applications m\u00e9dicales.\",\"breadcrumb\":{\"@id\":\"https:\/\/www.ecinews.fr\/fr\/premiere-batterie-rechargeable-comestible-creee-a-partir-daliments\/#breadcrumb\"},\"inLanguage\":\"fr-FR\",\"potentialAction\":[{\"@type\":\"ReadAction\",\"target\":[\"https:\/\/www.ecinews.fr\/fr\/premiere-batterie-rechargeable-comestible-creee-a-partir-daliments\/\"]}]},{\"@type\":\"BreadcrumbList\",\"@id\":\"https:\/\/www.ecinews.fr\/fr\/premiere-batterie-rechargeable-comestible-creee-a-partir-daliments\/#breadcrumb\",\"itemListElement\":[{\"@type\":\"ListItem\",\"position\":1,\"name\":\"Home\",\"item\":\"https:\/\/www.ecinews.fr\/fr\/\"},{\"@type\":\"ListItem\",\"position\":2,\"name\":\"Premi\u00e8re batterie rechargeable comestible cr\u00e9\u00e9e \u00e0 partir d&rsquo;aliments\"}]},{\"@type\":\"WebSite\",\"@id\":\"https:\/\/www.ecinews.fr\/fr\/#website\",\"url\":\"https:\/\/www.ecinews.fr\/fr\/\",\"name\":\"EENewsEurope\",\"description\":\"Just another WordPress site\",\"publisher\":{\"@id\":\"https:\/\/www.ecinews.fr\/fr\/#organization\"},\"potentialAction\":[{\"@type\":\"SearchAction\",\"target\":{\"@type\":\"EntryPoint\",\"urlTemplate\":\"https:\/\/www.ecinews.fr\/fr\/?s={search_term_string}\"},\"query-input\":\"required name=search_term_string\"}],\"inLanguage\":\"fr-FR\"},{\"@type\":\"Organization\",\"@id\":\"https:\/\/www.ecinews.fr\/fr\/#organization\",\"name\":\"EENewsEurope\",\"url\":\"https:\/\/www.ecinews.fr\/fr\/\",\"logo\":{\"@type\":\"ImageObject\",\"inLanguage\":\"fr-FR\",\"@id\":\"https:\/\/www.ecinews.fr\/fr\/#\/schema\/logo\/image\/\",\"url\":\"https:\/\/www.ecinews.fr\/wp-content\/uploads\/2022\/02\/logo-1.jpg\",\"contentUrl\":\"https:\/\/www.ecinews.fr\/wp-content\/uploads\/2022\/02\/logo-1.jpg\",\"width\":283,\"height\":113,\"caption\":\"EENewsEurope\"},\"image\":{\"@id\":\"https:\/\/www.ecinews.fr\/fr\/#\/schema\/logo\/image\/\"}},{\"@type\":\"Person\",\"@id\":\"https:\/\/www.ecinews.fr\/fr\/#\/schema\/person\/0aa2cfb0bd8949724a68cbac8d8321b4\",\"name\":\"A Delapalisse\",\"image\":{\"@type\":\"ImageObject\",\"inLanguage\":\"fr-FR\",\"@id\":\"https:\/\/www.ecinews.fr\/fr\/#\/schema\/person\/image\/211ac42237c2e9683c0964086c393cb4\",\"url\":\"https:\/\/secure.gravatar.com\/avatar\/ad45a8c5da24bc9c7c4940dd1c48a695?s=96&d=mm&r=g\",\"contentUrl\":\"https:\/\/secure.gravatar.com\/avatar\/ad45a8c5da24bc9c7c4940dd1c48a695?s=96&d=mm&r=g\",\"caption\":\"A Delapalisse\"},\"sameAs\":[\"http:\/\/ECI\"]}]}<\/script>","yoast_head_json":{"title":"Premi\u00e8re batterie rechargeable comestible cr\u00e9\u00e9e \u00e0 partir d'...","description":"Une \u00e9quipe de chercheurs en Italie a utilis\u00e9 des aliments pour cr\u00e9er une batterie comestible et rechargeable pour les applications m\u00e9dicales.","robots":{"index":"index","follow":"follow","max-snippet":"max-snippet:-1","max-image-preview":"max-image-preview:large","max-video-preview":"max-video-preview:-1"},"canonical":"https:\/\/www.ecinews.fr\/fr\/wp-json\/wp\/v2\/posts\/419552\/","og_locale":"fr_FR","og_type":"article","og_title":"Premi\u00e8re batterie rechargeable comestible cr\u00e9\u00e9e \u00e0 partir d'aliments","og_description":"Une \u00e9quipe de chercheurs en Italie a utilis\u00e9 des aliments pour cr\u00e9er une batterie comestible et rechargeable pour les applications m\u00e9dicales.","og_url":"https:\/\/www.ecinews.fr\/fr\/wp-json\/wp\/v2\/posts\/419552\/","og_site_name":"EENewsEurope","article_published_time":"2023-04-19T16:42:17+00:00","article_modified_time":"2023-04-19T16:44:37+00:00","og_image":[{"width":700,"height":467,"url":"https:\/\/www.ecinews.fr\/wp-content\/uploads\/2023\/04\/Elfo_edible_electronics_CNST_Milan.png","type":"image\/png"}],"author":"A Delapalisse, Nick Flaherty","twitter_card":"summary_large_image","twitter_misc":{"Written by":"A Delapalisse","Est. reading time":"3 minutes"},"schema":{"@context":"https:\/\/schema.org","@graph":[{"@type":"Article","@id":"https:\/\/www.ecinews.fr\/fr\/premiere-batterie-rechargeable-comestible-creee-a-partir-daliments\/#article","isPartOf":{"@id":"https:\/\/www.ecinews.fr\/fr\/premiere-batterie-rechargeable-comestible-creee-a-partir-daliments\/"},"author":{"name":"A Delapalisse","@id":"https:\/\/www.ecinews.fr\/fr\/#\/schema\/person\/0aa2cfb0bd8949724a68cbac8d8321b4"},"headline":"Premi\u00e8re batterie rechargeable comestible cr\u00e9\u00e9e \u00e0 partir d&rsquo;aliments","datePublished":"2023-04-19T16:42:17+00:00","dateModified":"2023-04-19T16:44:37+00:00","mainEntityOfPage":{"@id":"https:\/\/www.ecinews.fr\/fr\/premiere-batterie-rechargeable-comestible-creee-a-partir-daliments\/"},"wordCount":585,"publisher":{"@id":"https:\/\/www.ecinews.fr\/fr\/#organization"},"keywords":["Batteries","Electronique m\u00e9dicale"],"articleSection":["Technologies"],"inLanguage":"fr-FR"},{"@type":"WebPage","@id":"https:\/\/www.ecinews.fr\/fr\/premiere-batterie-rechargeable-comestible-creee-a-partir-daliments\/","url":"https:\/\/www.ecinews.fr\/fr\/premiere-batterie-rechargeable-comestible-creee-a-partir-daliments\/","name":"Premi\u00e8re batterie rechargeable comestible cr\u00e9\u00e9e \u00e0 partir d'aliments -","isPartOf":{"@id":"https:\/\/www.ecinews.fr\/fr\/#website"},"datePublished":"2023-04-19T16:42:17+00:00","dateModified":"2023-04-19T16:44:37+00:00","description":"Une \u00e9quipe de chercheurs en Italie a utilis\u00e9 des aliments pour cr\u00e9er une batterie comestible et rechargeable pour les applications m\u00e9dicales.","breadcrumb":{"@id":"https:\/\/www.ecinews.fr\/fr\/premiere-batterie-rechargeable-comestible-creee-a-partir-daliments\/#breadcrumb"},"inLanguage":"fr-FR","potentialAction":[{"@type":"ReadAction","target":["https:\/\/www.ecinews.fr\/fr\/premiere-batterie-rechargeable-comestible-creee-a-partir-daliments\/"]}]},{"@type":"BreadcrumbList","@id":"https:\/\/www.ecinews.fr\/fr\/premiere-batterie-rechargeable-comestible-creee-a-partir-daliments\/#breadcrumb","itemListElement":[{"@type":"ListItem","position":1,"name":"Home","item":"https:\/\/www.ecinews.fr\/fr\/"},{"@type":"ListItem","position":2,"name":"Premi\u00e8re batterie rechargeable comestible cr\u00e9\u00e9e \u00e0 partir d&rsquo;aliments"}]},{"@type":"WebSite","@id":"https:\/\/www.ecinews.fr\/fr\/#website","url":"https:\/\/www.ecinews.fr\/fr\/","name":"EENewsEurope","description":"Just another WordPress site","publisher":{"@id":"https:\/\/www.ecinews.fr\/fr\/#organization"},"potentialAction":[{"@type":"SearchAction","target":{"@type":"EntryPoint","urlTemplate":"https:\/\/www.ecinews.fr\/fr\/?s={search_term_string}"},"query-input":"required name=search_term_string"}],"inLanguage":"fr-FR"},{"@type":"Organization","@id":"https:\/\/www.ecinews.fr\/fr\/#organization","name":"EENewsEurope","url":"https:\/\/www.ecinews.fr\/fr\/","logo":{"@type":"ImageObject","inLanguage":"fr-FR","@id":"https:\/\/www.ecinews.fr\/fr\/#\/schema\/logo\/image\/","url":"https:\/\/www.ecinews.fr\/wp-content\/uploads\/2022\/02\/logo-1.jpg","contentUrl":"https:\/\/www.ecinews.fr\/wp-content\/uploads\/2022\/02\/logo-1.jpg","width":283,"height":113,"caption":"EENewsEurope"},"image":{"@id":"https:\/\/www.ecinews.fr\/fr\/#\/schema\/logo\/image\/"}},{"@type":"Person","@id":"https:\/\/www.ecinews.fr\/fr\/#\/schema\/person\/0aa2cfb0bd8949724a68cbac8d8321b4","name":"A Delapalisse","image":{"@type":"ImageObject","inLanguage":"fr-FR","@id":"https:\/\/www.ecinews.fr\/fr\/#\/schema\/person\/image\/211ac42237c2e9683c0964086c393cb4","url":"https:\/\/secure.gravatar.com\/avatar\/ad45a8c5da24bc9c7c4940dd1c48a695?s=96&d=mm&r=g","contentUrl":"https:\/\/secure.gravatar.com\/avatar\/ad45a8c5da24bc9c7c4940dd1c48a695?s=96&d=mm&r=g","caption":"A Delapalisse"},"sameAs":["http:\/\/ECI"]}]}},"authors":[{"term_id":1153,"user_id":34,"is_guest":0,"slug":"adelapalisse","display_name":"A Delapalisse","avatar_url":"https:\/\/secure.gravatar.com\/avatar\/ad45a8c5da24bc9c7c4940dd1c48a695?s=96&d=mm&r=g","0":null,"1":"","2":"","3":"","4":"","5":"","6":"","7":"","8":""},{"term_id":1138,"user_id":6,"is_guest":0,"slug":"flaherty","display_name":"Nick Flaherty","avatar_url":"https:\/\/secure.gravatar.com\/avatar\/49bd04ef46c3ee89575adaf950e76b64?s=96&d=mm&r=g","0":null,"1":"","2":"","3":"","4":"","5":"","6":"","7":"","8":""}],"_links":{"self":[{"href":"https:\/\/www.ecinews.fr\/fr\/wp-json\/wp\/v2\/posts\/419552"}],"collection":[{"href":"https:\/\/www.ecinews.fr\/fr\/wp-json\/wp\/v2\/posts"}],"about":[{"href":"https:\/\/www.ecinews.fr\/fr\/wp-json\/wp\/v2\/types\/post"}],"author":[{"embeddable":true,"href":"https:\/\/www.ecinews.fr\/fr\/wp-json\/wp\/v2\/users\/34"}],"replies":[{"embeddable":true,"href":"https:\/\/www.ecinews.fr\/fr\/wp-json\/wp\/v2\/comments?post=419552"}],"version-history":[{"count":0,"href":"https:\/\/www.ecinews.fr\/fr\/wp-json\/wp\/v2\/posts\/419552\/revisions"}],"wp:featuredmedia":[{"embeddable":true,"href":"https:\/\/www.ecinews.fr\/fr\/wp-json\/wp\/v2\/media\/419108"}],"wp:attachment":[{"href":"https:\/\/www.ecinews.fr\/fr\/wp-json\/wp\/v2\/media?parent=419552"}],"wp:term":[{"taxonomy":"category","embeddable":true,"href":"https:\/\/www.ecinews.fr\/fr\/wp-json\/wp\/v2\/categories?post=419552"},{"taxonomy":"post_tag","embeddable":true,"href":"https:\/\/www.ecinews.fr\/fr\/wp-json\/wp\/v2\/tags?post=419552"},{"taxonomy":"domains","embeddable":true,"href":"https:\/\/www.ecinews.fr\/fr\/wp-json\/wp\/v2\/domains?post=419552"},{"taxonomy":"author","embeddable":true,"href":"https:\/\/www.ecinews.fr\/fr\/wp-json\/wp\/v2\/ppma_author?post=419552"}],"curies":[{"name":"wp","href":"https:\/\/api.w.org\/{rel}","templated":true}]}}