{"id":419194,"date":"2023-04-16T18:36:38","date_gmt":"2023-04-16T16:36:38","guid":{"rendered":"https:\/\/www.eenewseurope.com\/?p=419194"},"modified":"2023-04-17T19:37:11","modified_gmt":"2023-04-17T17:37:11","slug":"tsmc-en-jv-avec-bosch-pour-une-fab-28nm-en-allemagne","status":"publish","type":"post","link":"https:\/\/www.ecinews.fr\/fr\/tsmc-en-jv-avec-bosch-pour-une-fab-28nm-en-allemagne\/","title":{"rendered":"Association TSMC-Bosch pour une fab 28 nm en Allemagne ?"},"content":{"rendered":"<h2><span class=\"HwtZe\" lang=\"fr\"><span class=\"jCAhz ChMk0b\"><span class=\"ryNqvb\">TSMC, le leader mondial de la fonderie pourrait, selon Digitimes, s&rsquo;associer \u00e0 Robert Bosch et \u00e0 deux autres fournisseurs automobiles pour cr\u00e9er une fab 300 mm \u00e0 28nm.\u00a0<\/span><\/span><\/span><\/h2>\n<p><span class=\"HwtZe\" lang=\"fr\"><span class=\"jCAhz ChMk0b\"><span class=\"ryNqvb\">Une usine TSMC en Allemagne ciblant un processus de 28 nm est un d\u00e9veloppement moins avanc\u00e9 que pr\u00e9vu, mais aussi plus abordable (voir les discussions de l&rsquo;usine de Dresde de TSMC atteignent un stade avanc\u00e9, selon le rapport).<\/span><\/span> <span class=\"jCAhz ChMk0b\"><span class=\"ryNqvb\">Bien que cibler 28 nm puisse contribuer \u00e0 la s\u00e9curit\u00e9 de l&rsquo;approvisionnement en puces automobiles \u2013 un probl\u00e8me qui a attir\u00e9 l&rsquo;attention de l&rsquo;Allemagne pendant la crise pand\u00e9mique \u2013 cela ne ferait rien pour am\u00e9liorer la s\u00e9curit\u00e9 strat\u00e9gique europ\u00e9enne et la capacit\u00e9 de la r\u00e9gion \u00e0 fabriquer des puces \u00e0 la pointe de la techbologie.<\/span><\/span> <\/span><\/p>\n<p><span class=\"HwtZe\" lang=\"fr\"><span class=\"jCAhz ChMk0b\"><span class=\"ryNqvb\">Un rapport indique que les discussions sont toujours en cours et se concentrent sur la mani\u00e8re dont Bosch et d&rsquo;autres partenaires peuvent assumer les risques li\u00e9s \u00e0 la main-d&rsquo;\u0153uvre, aux syndicats et \u00e0 l&rsquo;efficacit\u00e9 de la production.<\/span><\/span> <span class=\"jCAhz ChMk0b\"><span class=\"ryNqvb\">Un porte-parole de Bosch a d\u00e9clar\u00e9 que la soci\u00e9t\u00e9 ne commenterait pas ces informations.<\/span><\/span> <\/span><\/p>\n<p><span class=\"HwtZe\" lang=\"fr\"><span class=\"jCAhz ChMk0b\"><span class=\"ryNqvb\">Si l&rsquo;accord peut \u00eatre conclu, TSMC suivra un mod\u00e8le de financement similaire \u00e0 celui qu&rsquo;il a d\u00e9j\u00e0 poursuivi avec Sony au Japon ( voir <a href=\"https:\/\/www.eenewseurope.com\/en\/japan-to-provide-40-subsidy-to-tsmc-sony-venture\/\">Japan to provide 40 percent subsidy to TSMC, Sony venture<\/a>) et s&rsquo;attend probablement \u00e0 un niveau de subvention similaire.<\/span><\/span> <\/span><\/p>\n<p><span class=\"HwtZe\" lang=\"fr\"><span class=\"jCAhz ChMk0b\"><span class=\"ryNqvb\">Le Japon est confront\u00e9 \u00e0 un probl\u00e8me similaire \u00e0 celui de l&rsquo;Europe : la n\u00e9cessit\u00e9 de r\u00e9pondre \u00e0 la fois aux besoins de la cha\u00eene d&rsquo;approvisionnement en volume derri\u00e8re la pointe de la technologie des puces (en technologie 28nm par exemple), et la question strat\u00e9gique de rester capable de fabriquer des puces \u00e0 l&rsquo;avenir, avec une production en technologie inf\u00e9rieure \u00e0 10 nm.<\/span><\/span> <span class=\"jCAhz ChMk0b\"><span class=\"ryNqvb\">La solution du Japon a \u00e9t\u00e9 de cr\u00e9er deux initiatives.<\/span><\/span> <span class=\"jCAhz ChMk0b\"><span class=\"ryNqvb\">La coentreprise TSMC, Sony et Denso r\u00e9pond \u00e0 certains besoins de volume \u00e0 moyen terme, tandis que Rapidus Corp. a \u00e9t\u00e9 cr\u00e9\u00e9e pour viser une production en technologie 2 nm plus tard cette d\u00e9cennie (voir <\/span><\/span><\/span><a title=\"Rapidus obtient US$2.3 milliards pour sa wafer fab 2nm\" href=\"https:\/\/www.ecinews.fr\/fr\/rapidus-obtient-us2-3-milliards-pour-sa-wafer-fab-2nm\/\" target=\"_blank\" rel=\"noopener\">Rapidus obtient US$2.3 milliards pour sa wafer fab 2nm<\/a><span class=\"HwtZe\" lang=\"fr\"><span class=\"jCAhz ChMk0b\"><span class=\"ryNqvb\">).<\/span><\/span> <span class=\"jCAhz ChMk0b\"><span class=\"ryNqvb\">Cependant, alors que le Japon a agi assez rapidement, les discussions tra\u00eenent en longueur depuis quelques ann\u00e9es en Europe.<\/span><\/span> <\/span><\/p>\n<p><span class=\"HwtZe\" lang=\"fr\"><span class=\"jCAhz ChMk0b\"><span class=\"ryNqvb\">TSMC pourrait n\u00e9gocier s\u00e9par\u00e9ment l&rsquo;introduction d&rsquo;une technologie de traitement plus avanc\u00e9e en Allemagne\u00a0;<\/span><\/span> <span class=\"jCAhz ChMk0b\"><span class=\"ryNqvb\">des rapports ant\u00e9rieurs faisaient r\u00e9f\u00e9rence \u00e0 l&rsquo;introduction d&rsquo;un processus de fabrication de 12 nm (voir <\/span><\/span><\/span><a title=\"Le projet de Fab de TSMC \u00e0 Dresde avance mais Ta\u00efwan veut des contreparties\" href=\"https:\/\/www.ecinews.fr\/fr\/le-projet-de-fab-de-tsmc-a-dresde-avance\/\" target=\"_blank\" rel=\"noopener\">Le projet de Fab de TSMC \u00e0 Dresde avance mais Ta\u00efwan veut des contreparties<\/a><span class=\"HwtZe\" lang=\"fr\"><span class=\"jCAhz ChMk0b\"><span class=\"ryNqvb\">).<\/span><\/span> <\/span><\/p>\n<p><span class=\"HwtZe\" lang=\"fr\"><span class=\"jCAhz ChMk0b\"><span class=\"ryNqvb\">L&rsquo;Allemagne a conclu un accord de principe avec Intel pour construire deux fabs 300mm \u00e0 Magdebourg, mais les discussions se poursuivent sur un soi-disant \u00ab\u00a0d\u00e9ficit de financement\u00a0\u00bb (voir rapport : Intel exige une subvention de 10 milliards d&rsquo;euros pour l&rsquo;usine allemande).<\/span><\/span> <span class=\"jCAhz ChMk0b\"><span class=\"ryNqvb\">Ces usines pourraient h\u00e9berger des processus de fabrication plus avanc\u00e9s mais, comme TSMC, Intel pourrait \u00eatre plus enclin \u00e0 int\u00e9grer des processus de fabrication qui sont en demande commerciale.<\/span><\/span> <span class=\"jCAhz ChMk0b\"><span class=\"ryNqvb\">L&rsquo;Europe peut souhaiter une source nationale de semiconducteurs de pointe \u00e0 moins de 10 nm, pour la capacit\u00e9 d&rsquo;IA militaire, elle n&rsquo;a presque aucun besoin de volume pour les puces fabriqu\u00e9es sur un tel processus, car la fabrication de smartphones et d&rsquo;ordinateurs a quitt\u00e9 le continent il y a des d\u00e9cennies.<\/span><\/span> <\/span><\/p>\n<p><span class=\"HwtZe\" lang=\"fr\"><span class=\"jCAhz ChMk0b\"><span class=\"ryNqvb\">L&rsquo;Union europ\u00e9enne est en train de cr\u00e9er la loi europ\u00e9enne sur les puces pour fournir 43 milliards d&rsquo;euros\u00a0 dans le but de stimuler la fabrication de puces en europe et de r\u00e9duire la d\u00e9pendance vis-\u00e0-vis des fabricants de puces am\u00e9ricains et asiatiques, suite aux probl\u00e8mes de la cha\u00eene d&rsquo;approvisionnement mondiale.<\/span><\/span> <span class=\"jCAhz ChMk0b\"><span class=\"ryNqvb\">Cela pourrait \u00eatre ratifi\u00e9 par la loi d\u00e8s le 18 avril, bien que la mani\u00e8re dont l&rsquo;argent sera trouv\u00e9 ne soit pas claire.<\/span><\/span> <\/span><\/p>\n<p><span class=\"HwtZe\" lang=\"fr\"><span class=\"jCAhz ChMk0b\"><span class=\"ryNqvb\">M\u00eame si l&rsquo;argent est trouv\u00e9, il est peu probable qu&rsquo;il atteigne l&rsquo;objectif d\u00e9clar\u00e9 d&rsquo;augmenter la part de l&rsquo;Europe dans la production mondiale de puces \u00e0 20 %.<\/span><\/span> <span class=\"jCAhz ChMk0b\"><span class=\"ryNqvb\">En effet, presque tous les autres pays fabricants de puces ont \u00e9galement mis en \u0153uvre d&rsquo;importantes initiatives gouvernementales de subvention pour produire des semiconducteurs localement.<\/span><\/span><\/span><\/p>\n<p>&nbsp;<\/p>\n<h4>Related links and articles:<\/h4>\n<p><a href=\"https:\/\/www.eenewsanalog.com\/en\/germany-has-e14-billion-for-chipmakers-says-minister\/\">Germany has \u20ac14 billion for chipmakers, says minister<\/a><\/p>\n<p><a href=\"https:\/\/www.eenewsanalog.com\/en\/denso-joins-tsmcs-japanese-wafer-fab-club\/\">Denso joins TSMC\u2019s Japanese wafer fab club<\/a><\/p>\n","protected":false},"excerpt":{"rendered":"<p>TSMC, le leader mondial de la fonderie pourrait, selon Digitimes, s&rsquo;associer \u00e0 Robert Bosch et \u00e0 deux autres fournisseurs automobiles pour cr\u00e9er une fab 300 mm \u00e0 28nm.\u00a0 Une usine TSMC en Allemagne ciblant un processus de 28 nm est un d\u00e9veloppement moins avanc\u00e9 que pr\u00e9vu, mais aussi plus abordable (voir les discussions de l&rsquo;usine [&hellip;]<\/p>\n","protected":false},"author":34,"featured_media":52100,"comment_status":"closed","ping_status":"closed","sticky":true,"template":"","format":"standard","meta":{"_acf_changed":false,"footnotes":""},"categories":[886],"tags":[3289,1795,2541],"domains":[47],"ppma_author":[1153,1136],"class_list":["post-419194","post","type-post","status-publish","format-standard","has-post-thumbnail","hentry","category-news-fr","tag-bosch","tag-fonderies","tag-tsmc","domains-electronique-eci"],"acf":[],"yoast_head":"<title>TSMC en JV avec Bosch pour une fab 28nm en Allemagne ? ...<\/title>\n<meta name=\"description\" content=\"TSMC, le leader mondial de la fonderie pourrait s&#039;associer \u00e0 Bosch et 2 autres fournisseurs automobiles pour cr\u00e9er une fab 300 mm \u00e0 28nm.\u00a0\" \/>\n<meta name=\"robots\" content=\"index, follow, max-snippet:-1, max-image-preview:large, max-video-preview:-1\" \/>\n<link rel=\"canonical\" href=\"https:\/\/www.ecinews.fr\/fr\/wp-json\/wp\/v2\/posts\/419194\/\" \/>\n<meta property=\"og:locale\" content=\"fr_FR\" \/>\n<meta property=\"og:type\" content=\"article\" \/>\n<meta property=\"og:title\" content=\"Association TSMC-Bosch pour une fab 28 nm en Allemagne ?\" \/>\n<meta property=\"og:description\" content=\"TSMC, le leader mondial de la fonderie pourrait s&#039;associer \u00e0 Bosch et 2 autres fournisseurs automobiles pour cr\u00e9er une fab 300 mm \u00e0 28nm.\u00a0\" \/>\n<meta property=\"og:url\" content=\"https:\/\/www.ecinews.fr\/fr\/wp-json\/wp\/v2\/posts\/419194\/\" \/>\n<meta property=\"og:site_name\" content=\"EENewsEurope\" \/>\n<meta property=\"article:published_time\" content=\"2023-04-16T16:36:38+00:00\" \/>\n<meta property=\"article:modified_time\" content=\"2023-04-17T17:37:11+00:00\" \/>\n<meta property=\"og:image\" content=\"https:\/\/www.eenewseurope.com\/wp-content\/uploads\/import\/default\/files\/sites\/default\/files\/images\/germanyflag630.jpg\" \/>\n\t<meta property=\"og:image:width\" content=\"630\" \/>\n\t<meta property=\"og:image:height\" content=\"372\" \/>\n\t<meta property=\"og:image:type\" content=\"image\/jpeg\" \/>\n<meta name=\"author\" content=\"A Delapalisse, Peter Clarke\" \/>\n<meta name=\"twitter:card\" content=\"summary_large_image\" \/>\n<meta name=\"twitter:label1\" content=\"Written by\" \/>\n\t<meta name=\"twitter:data1\" content=\"A Delapalisse\" \/>\n\t<meta name=\"twitter:label2\" content=\"Est. reading time\" \/>\n\t<meta name=\"twitter:data2\" content=\"3 minutes\" \/>\n<script type=\"application\/ld+json\" class=\"yoast-schema-graph\">{\"@context\":\"https:\/\/schema.org\",\"@graph\":[{\"@type\":\"Article\",\"@id\":\"https:\/\/www.eenewseurope.com\/fr\/tsmc-en-jv-avec-bosch-pour-une-fab-28nm-en-allemagne\/#article\",\"isPartOf\":{\"@id\":\"https:\/\/www.eenewseurope.com\/fr\/tsmc-en-jv-avec-bosch-pour-une-fab-28nm-en-allemagne\/\"},\"author\":{\"name\":\"A Delapalisse\",\"@id\":\"https:\/\/www.ecinews.fr\/fr\/#\/schema\/person\/0aa2cfb0bd8949724a68cbac8d8321b4\"},\"headline\":\"Association TSMC-Bosch pour une fab 28 nm en Allemagne ?\",\"datePublished\":\"2023-04-16T16:36:38+00:00\",\"dateModified\":\"2023-04-17T17:37:11+00:00\",\"mainEntityOfPage\":{\"@id\":\"https:\/\/www.eenewseurope.com\/fr\/tsmc-en-jv-avec-bosch-pour-une-fab-28nm-en-allemagne\/\"},\"wordCount\":718,\"publisher\":{\"@id\":\"https:\/\/www.ecinews.fr\/fr\/#organization\"},\"keywords\":[\"Bosch\",\"Fonderies\",\"TSMC\"],\"articleSection\":[\"Actualit\u00e9 g\u00e9n\u00e9rale\"],\"inLanguage\":\"fr-FR\"},{\"@type\":\"WebPage\",\"@id\":\"https:\/\/www.eenewseurope.com\/fr\/tsmc-en-jv-avec-bosch-pour-une-fab-28nm-en-allemagne\/\",\"url\":\"https:\/\/www.eenewseurope.com\/fr\/tsmc-en-jv-avec-bosch-pour-une-fab-28nm-en-allemagne\/\",\"name\":\"TSMC en JV avec Bosch pour une fab 28nm en Allemagne ?\",\"isPartOf\":{\"@id\":\"https:\/\/www.ecinews.fr\/fr\/#website\"},\"datePublished\":\"2023-04-16T16:36:38+00:00\",\"dateModified\":\"2023-04-17T17:37:11+00:00\",\"description\":\"TSMC, le leader mondial de la fonderie pourrait s'associer \u00e0 Bosch et 2 autres fournisseurs automobiles pour cr\u00e9er une fab 300 mm \u00e0 28nm.\u00a0\",\"breadcrumb\":{\"@id\":\"https:\/\/www.eenewseurope.com\/fr\/tsmc-en-jv-avec-bosch-pour-une-fab-28nm-en-allemagne\/#breadcrumb\"},\"inLanguage\":\"fr-FR\",\"potentialAction\":[{\"@type\":\"ReadAction\",\"target\":[\"https:\/\/www.eenewseurope.com\/fr\/tsmc-en-jv-avec-bosch-pour-une-fab-28nm-en-allemagne\/\"]}]},{\"@type\":\"BreadcrumbList\",\"@id\":\"https:\/\/www.eenewseurope.com\/fr\/tsmc-en-jv-avec-bosch-pour-une-fab-28nm-en-allemagne\/#breadcrumb\",\"itemListElement\":[{\"@type\":\"ListItem\",\"position\":1,\"name\":\"Home\",\"item\":\"https:\/\/www.ecinews.fr\/fr\/\"},{\"@type\":\"ListItem\",\"position\":2,\"name\":\"Association TSMC-Bosch pour une fab 28 nm en Allemagne ?\"}]},{\"@type\":\"WebSite\",\"@id\":\"https:\/\/www.ecinews.fr\/fr\/#website\",\"url\":\"https:\/\/www.ecinews.fr\/fr\/\",\"name\":\"EENewsEurope\",\"description\":\"Just another WordPress site\",\"publisher\":{\"@id\":\"https:\/\/www.ecinews.fr\/fr\/#organization\"},\"potentialAction\":[{\"@type\":\"SearchAction\",\"target\":{\"@type\":\"EntryPoint\",\"urlTemplate\":\"https:\/\/www.ecinews.fr\/fr\/?s={search_term_string}\"},\"query-input\":\"required name=search_term_string\"}],\"inLanguage\":\"fr-FR\"},{\"@type\":\"Organization\",\"@id\":\"https:\/\/www.ecinews.fr\/fr\/#organization\",\"name\":\"EENewsEurope\",\"url\":\"https:\/\/www.ecinews.fr\/fr\/\",\"logo\":{\"@type\":\"ImageObject\",\"inLanguage\":\"fr-FR\",\"@id\":\"https:\/\/www.ecinews.fr\/fr\/#\/schema\/logo\/image\/\",\"url\":\"https:\/\/www.ecinews.fr\/wp-content\/uploads\/2022\/02\/logo-1.jpg\",\"contentUrl\":\"https:\/\/www.ecinews.fr\/wp-content\/uploads\/2022\/02\/logo-1.jpg\",\"width\":283,\"height\":113,\"caption\":\"EENewsEurope\"},\"image\":{\"@id\":\"https:\/\/www.ecinews.fr\/fr\/#\/schema\/logo\/image\/\"}},{\"@type\":\"Person\",\"@id\":\"https:\/\/www.ecinews.fr\/fr\/#\/schema\/person\/0aa2cfb0bd8949724a68cbac8d8321b4\",\"name\":\"A Delapalisse\",\"image\":{\"@type\":\"ImageObject\",\"inLanguage\":\"fr-FR\",\"@id\":\"https:\/\/www.ecinews.fr\/fr\/#\/schema\/person\/image\/211ac42237c2e9683c0964086c393cb4\",\"url\":\"https:\/\/secure.gravatar.com\/avatar\/ad45a8c5da24bc9c7c4940dd1c48a695?s=96&d=mm&r=g\",\"contentUrl\":\"https:\/\/secure.gravatar.com\/avatar\/ad45a8c5da24bc9c7c4940dd1c48a695?s=96&d=mm&r=g\",\"caption\":\"A Delapalisse\"},\"sameAs\":[\"http:\/\/ECI\"]}]}<\/script>","yoast_head_json":{"title":"TSMC en JV avec Bosch pour une fab 28nm en Allemagne ? ...","description":"TSMC, le leader mondial de la fonderie pourrait s'associer \u00e0 Bosch et 2 autres fournisseurs automobiles pour cr\u00e9er une fab 300 mm \u00e0 28nm.\u00a0","robots":{"index":"index","follow":"follow","max-snippet":"max-snippet:-1","max-image-preview":"max-image-preview:large","max-video-preview":"max-video-preview:-1"},"canonical":"https:\/\/www.ecinews.fr\/fr\/wp-json\/wp\/v2\/posts\/419194\/","og_locale":"fr_FR","og_type":"article","og_title":"Association TSMC-Bosch pour une fab 28 nm en Allemagne ?","og_description":"TSMC, le leader mondial de la fonderie pourrait s'associer \u00e0 Bosch et 2 autres fournisseurs automobiles pour cr\u00e9er une fab 300 mm \u00e0 28nm.\u00a0","og_url":"https:\/\/www.ecinews.fr\/fr\/wp-json\/wp\/v2\/posts\/419194\/","og_site_name":"EENewsEurope","article_published_time":"2023-04-16T16:36:38+00:00","article_modified_time":"2023-04-17T17:37:11+00:00","og_image":[{"width":630,"height":372,"url":"https:\/\/www.eenewseurope.com\/wp-content\/uploads\/import\/default\/files\/sites\/default\/files\/images\/germanyflag630.jpg","type":"image\/jpeg"}],"author":"A Delapalisse, Peter Clarke","twitter_card":"summary_large_image","twitter_misc":{"Written by":"A Delapalisse","Est. reading time":"3 minutes"},"schema":{"@context":"https:\/\/schema.org","@graph":[{"@type":"Article","@id":"https:\/\/www.eenewseurope.com\/fr\/tsmc-en-jv-avec-bosch-pour-une-fab-28nm-en-allemagne\/#article","isPartOf":{"@id":"https:\/\/www.eenewseurope.com\/fr\/tsmc-en-jv-avec-bosch-pour-une-fab-28nm-en-allemagne\/"},"author":{"name":"A Delapalisse","@id":"https:\/\/www.ecinews.fr\/fr\/#\/schema\/person\/0aa2cfb0bd8949724a68cbac8d8321b4"},"headline":"Association TSMC-Bosch pour une fab 28 nm en Allemagne ?","datePublished":"2023-04-16T16:36:38+00:00","dateModified":"2023-04-17T17:37:11+00:00","mainEntityOfPage":{"@id":"https:\/\/www.eenewseurope.com\/fr\/tsmc-en-jv-avec-bosch-pour-une-fab-28nm-en-allemagne\/"},"wordCount":718,"publisher":{"@id":"https:\/\/www.ecinews.fr\/fr\/#organization"},"keywords":["Bosch","Fonderies","TSMC"],"articleSection":["Actualit\u00e9 g\u00e9n\u00e9rale"],"inLanguage":"fr-FR"},{"@type":"WebPage","@id":"https:\/\/www.eenewseurope.com\/fr\/tsmc-en-jv-avec-bosch-pour-une-fab-28nm-en-allemagne\/","url":"https:\/\/www.eenewseurope.com\/fr\/tsmc-en-jv-avec-bosch-pour-une-fab-28nm-en-allemagne\/","name":"TSMC en JV avec Bosch pour une fab 28nm en Allemagne ?","isPartOf":{"@id":"https:\/\/www.ecinews.fr\/fr\/#website"},"datePublished":"2023-04-16T16:36:38+00:00","dateModified":"2023-04-17T17:37:11+00:00","description":"TSMC, le leader mondial de la fonderie pourrait s'associer \u00e0 Bosch et 2 autres fournisseurs automobiles pour cr\u00e9er une fab 300 mm \u00e0 28nm.\u00a0","breadcrumb":{"@id":"https:\/\/www.eenewseurope.com\/fr\/tsmc-en-jv-avec-bosch-pour-une-fab-28nm-en-allemagne\/#breadcrumb"},"inLanguage":"fr-FR","potentialAction":[{"@type":"ReadAction","target":["https:\/\/www.eenewseurope.com\/fr\/tsmc-en-jv-avec-bosch-pour-une-fab-28nm-en-allemagne\/"]}]},{"@type":"BreadcrumbList","@id":"https:\/\/www.eenewseurope.com\/fr\/tsmc-en-jv-avec-bosch-pour-une-fab-28nm-en-allemagne\/#breadcrumb","itemListElement":[{"@type":"ListItem","position":1,"name":"Home","item":"https:\/\/www.ecinews.fr\/fr\/"},{"@type":"ListItem","position":2,"name":"Association TSMC-Bosch pour une fab 28 nm en Allemagne ?"}]},{"@type":"WebSite","@id":"https:\/\/www.ecinews.fr\/fr\/#website","url":"https:\/\/www.ecinews.fr\/fr\/","name":"EENewsEurope","description":"Just another WordPress site","publisher":{"@id":"https:\/\/www.ecinews.fr\/fr\/#organization"},"potentialAction":[{"@type":"SearchAction","target":{"@type":"EntryPoint","urlTemplate":"https:\/\/www.ecinews.fr\/fr\/?s={search_term_string}"},"query-input":"required name=search_term_string"}],"inLanguage":"fr-FR"},{"@type":"Organization","@id":"https:\/\/www.ecinews.fr\/fr\/#organization","name":"EENewsEurope","url":"https:\/\/www.ecinews.fr\/fr\/","logo":{"@type":"ImageObject","inLanguage":"fr-FR","@id":"https:\/\/www.ecinews.fr\/fr\/#\/schema\/logo\/image\/","url":"https:\/\/www.ecinews.fr\/wp-content\/uploads\/2022\/02\/logo-1.jpg","contentUrl":"https:\/\/www.ecinews.fr\/wp-content\/uploads\/2022\/02\/logo-1.jpg","width":283,"height":113,"caption":"EENewsEurope"},"image":{"@id":"https:\/\/www.ecinews.fr\/fr\/#\/schema\/logo\/image\/"}},{"@type":"Person","@id":"https:\/\/www.ecinews.fr\/fr\/#\/schema\/person\/0aa2cfb0bd8949724a68cbac8d8321b4","name":"A Delapalisse","image":{"@type":"ImageObject","inLanguage":"fr-FR","@id":"https:\/\/www.ecinews.fr\/fr\/#\/schema\/person\/image\/211ac42237c2e9683c0964086c393cb4","url":"https:\/\/secure.gravatar.com\/avatar\/ad45a8c5da24bc9c7c4940dd1c48a695?s=96&d=mm&r=g","contentUrl":"https:\/\/secure.gravatar.com\/avatar\/ad45a8c5da24bc9c7c4940dd1c48a695?s=96&d=mm&r=g","caption":"A Delapalisse"},"sameAs":["http:\/\/ECI"]}]}},"authors":[{"term_id":1153,"user_id":34,"is_guest":0,"slug":"adelapalisse","display_name":"A Delapalisse","avatar_url":"https:\/\/secure.gravatar.com\/avatar\/ad45a8c5da24bc9c7c4940dd1c48a695?s=96&d=mm&r=g","0":null,"1":"","2":"","3":"","4":"","5":"","6":"","7":"","8":""},{"term_id":1136,"user_id":4,"is_guest":0,"slug":"clarke","display_name":"Peter Clarke","avatar_url":"https:\/\/secure.gravatar.com\/avatar\/d567d206cb92a682963201f296594da4?s=96&d=mm&r=g","0":null,"1":"","2":"","3":"","4":"","5":"","6":"","7":"","8":""}],"_links":{"self":[{"href":"https:\/\/www.ecinews.fr\/fr\/wp-json\/wp\/v2\/posts\/419194"}],"collection":[{"href":"https:\/\/www.ecinews.fr\/fr\/wp-json\/wp\/v2\/posts"}],"about":[{"href":"https:\/\/www.ecinews.fr\/fr\/wp-json\/wp\/v2\/types\/post"}],"author":[{"embeddable":true,"href":"https:\/\/www.ecinews.fr\/fr\/wp-json\/wp\/v2\/users\/34"}],"replies":[{"embeddable":true,"href":"https:\/\/www.ecinews.fr\/fr\/wp-json\/wp\/v2\/comments?post=419194"}],"version-history":[{"count":0,"href":"https:\/\/www.ecinews.fr\/fr\/wp-json\/wp\/v2\/posts\/419194\/revisions"}],"wp:featuredmedia":[{"embeddable":true,"href":"https:\/\/www.ecinews.fr\/fr\/wp-json\/wp\/v2\/media\/52100"}],"wp:attachment":[{"href":"https:\/\/www.ecinews.fr\/fr\/wp-json\/wp\/v2\/media?parent=419194"}],"wp:term":[{"taxonomy":"category","embeddable":true,"href":"https:\/\/www.ecinews.fr\/fr\/wp-json\/wp\/v2\/categories?post=419194"},{"taxonomy":"post_tag","embeddable":true,"href":"https:\/\/www.ecinews.fr\/fr\/wp-json\/wp\/v2\/tags?post=419194"},{"taxonomy":"domains","embeddable":true,"href":"https:\/\/www.ecinews.fr\/fr\/wp-json\/wp\/v2\/domains?post=419194"},{"taxonomy":"author","embeddable":true,"href":"https:\/\/www.ecinews.fr\/fr\/wp-json\/wp\/v2\/ppma_author?post=419194"}],"curies":[{"name":"wp","href":"https:\/\/api.w.org\/{rel}","templated":true}]}}