{"id":418985,"date":"2023-04-13T11:48:41","date_gmt":"2023-04-13T09:48:41","guid":{"rendered":"https:\/\/www.eenewseurope.com\/?p=418985"},"modified":"2023-04-13T12:03:51","modified_gmt":"2023-04-13T10:03:51","slug":"intel-deplace-les-coeurs-arm-vers-son-process-de-18-nm-pour-la-fonderie","status":"publish","type":"post","link":"https:\/\/www.ecinews.fr\/fr\/intel-deplace-les-coeurs-arm-vers-son-process-de-18-nm-pour-la-fonderie\/","title":{"rendered":"Intel d\u00e9place les c\u0153urs ARM vers son process de 1,8 nm pour la fonderie"},"content":{"rendered":"<h4><span class=\"HwtZe\" lang=\"fr\"><span class=\"jCAhz ChMk0b\"><span class=\"ryNqvb\">Intel Foundry Services (IFS) a sign\u00e9 un accord \u00e0 long terme avec ARM pour fabriquer les coeurs ARM sur le process Intel 18A \u00e0 1,8 nm.<\/span><\/span><\/span><\/h4>\n<p><span class=\"HwtZe\" lang=\"fr\"><span class=\"jCAhz ChMk0b\"><span class=\"ryNqvb\">La collaboration se concentrera d&rsquo;abord sur les conceptions de syst\u00e8mes mobiles sur puce (SoC), mais permettra une expansion potentielle dans des composants pour l&rsquo;automobile, l&rsquo;Internet des objets (IoT), les centres de donn\u00e9es, l&rsquo;a\u00e9rospatial et les applications gouvernementales.<\/span><\/span> <span class=\"jCAhz ChMk0b\"><span class=\"ryNqvb\">L&rsquo;accord concerne les c\u0153urs \u00ab\u00a0multig\u00e9n\u00e9rationnels\u00a0\u00bb, bien qu&rsquo;ARM n&rsquo;ait pas pr\u00e9cis\u00e9 quelles g\u00e9n\u00e9rations.<\/span><\/span> <span class=\"jCAhz ChMk0b\"><span class=\"ryNqvb\">Il concerne actuellement des c\u0153urs utilisant les g\u00e9n\u00e9rations ARMv7 et v8.<\/span><\/span> <\/span><\/p>\n<p><span class=\"HwtZe\" lang=\"fr\"><span class=\"jCAhz ChMk0b\"><span class=\"ryNqvb\">Intel met en \u00e9vidence \u00ab\u00a0son empreinte de fabrication robuste qui inclut des capacit\u00e9s de fabrication bas\u00e9es aux \u00c9tats-Unis et dans l&rsquo;UE\u00a0\u00bb, dans le but de tirer parti des incertitudes commerciales mondiales qui incitent \u00e0 une production locale.<\/span><\/span> <\/span><\/p>\n<p><span class=\"HwtZe\" lang=\"fr\"><span class=\"jCAhz ChMk0b\"><span class=\"ryNqvb\">IFS et ARM entreprendront la co-optimisation de la technologie de conception (DTCO) pour des c\u0153urs pouvant \u00eatre produits sur la technologie de process Intel 18A.<\/span><\/span> Cette process <span class=\"jCAhz ChMk0b\"><span class=\"ryNqvb\">dispose de deux nouvelles technologies, PowerVia pour l&rsquo;alimentation arri\u00e8re et l&rsquo;architecture de transistors RibbonFET gate all around (GAA) pour des performances et une efficacit\u00e9 \u00e9nerg\u00e9tique sup\u00e9rieures.<\/span><\/span> <span class=\"jCAhz ChMk0b\"><span class=\"ryNqvb\">IFS et ARM d\u00e9velopperont une conception de r\u00e9f\u00e9rence pour mobile, permettant la d\u00e9monstration du logiciel et un apprentissage du syst\u00e8me pour les clients de la fonderis.<\/span><\/span> <span class=\"jCAhz ChMk0b\"><span class=\"ryNqvb\">Les deux \u00e9tudient \u00e9galement la co-optimisation de la technologie syst\u00e8me (STCO) pour optimiser les plates-formes des applications et des logiciels ainsi que le packaging.<\/span><\/span><\/span><\/p>\n<p><span class=\"HwtZe\" lang=\"fr\"><span class=\"jCAhz ChMk0b\"><span class=\"ryNqvb\">Jusqu&rsquo;\u00e0 pr\u00e9sent, Intel ne s&rsquo;est pas engag\u00e9 dans le process 18A en Europe, bien qu&rsquo;il ait allum\u00e9 un scanner EUV de pointe dans son usine de Lexlip, en Irlande qui permettrait le process.<\/span><\/span> <span class=\"jCAhz ChMk0b\"><span class=\"ryNqvb\">Les discussions sur une usine de semiconducteurs \u00e0 Madgeburg, en Allemagne, se poursuivent mais n&rsquo;ont pas pr\u00e9cis\u00e9 la technologie de la fab.<\/span><\/span> Intel<span class=\"jCAhz ChMk0b\"><span class=\"ryNqvb\"> a \u00e9galement des plans pour une usine d&rsquo;assemblage de puces dans le nord de l&rsquo;Italie et a engag\u00e9 1 milliard de dollars dans son programme IP, notamment en soutenant l&rsquo;\u00e9cosyst\u00e8me concurrent RISC-V.<\/span><\/span> <\/span><\/p>\n<p class=\"title\"><a title=\"Intel demande \u20ac10 milliards de subventions pour sa Fab en Allemagne\" href=\"https:\/\/www.ecinews.fr\/fr\/intel-demande-e10-milliards-de-subventions-pour-sa-fab-en-allemagne\/\" target=\"_blank\" rel=\"noopener\">Intel demande \u20ac10 milliards de subventions pour sa Fab en Allemagne<\/a><\/p>\n<p><span class=\"HwtZe\" lang=\"fr\"><span class=\"jCAhz ChMk0b\"><span class=\"ryNqvb\">\u00ab\u00a0Cette collaboration permettra une cha\u00eene d&rsquo;approvisionnement mondiale plus \u00e9quilibr\u00e9e pour les clients de la fonderie travaillant dans la conception de SoC mobiles sur des c\u0153urs de processeur bas\u00e9s sur ARM\u00a0\u00bb, d\u00e9clare Intel, soulignant que les services de la fonderie IFS\u00a0 incluent le packaging, les logiciels et les chiplets.<\/span><\/span><\/span><\/p>\n<blockquote class=\"wp-embedded-content\" data-secret=\"jTepOkEZfi\"><p><a href=\"https:\/\/www.ecinews.fr\/fr\/intel-allume-son-scanner-4nm-euv-en-irlande\/\">Intel allume son scanner 4nm EUV en Irlande<\/a><\/p><\/blockquote>\n<p><iframe class=\"wp-embedded-content lazyload\" sandbox=\"allow-scripts\" security=\"restricted\" style=\"position: absolute; visibility: hidden;\" title=\"\u00ab\u00a0Intel allume son scanner 4nm EUV en Irlande\u00a0\u00bb &#8212; EENewsEurope\" data-src=\"https:\/\/www.ecinews.fr\/fr\/intel-allume-son-scanner-4nm-euv-en-irlande\/embed\/#?secret=Cjcd51cb13#?secret=jTepOkEZfi\" data-secret=\"jTepOkEZfi\" width=\"500\" height=\"282\" frameborder=\"0\" marginwidth=\"0\" marginheight=\"0\" scrolling=\"no\" src=\"data:image\/svg+xml;base64,PHN2ZyB3aWR0aD0iMSIgaGVpZ2h0PSIxIiB4bWxucz0iaHR0cDovL3d3dy53My5vcmcvMjAwMC9zdmciPjwvc3ZnPg==\" data-load-mode=\"1\"><\/iframe><\/p>\n<p>&nbsp;<\/p>\n<p><span class=\"HwtZe\" lang=\"fr\"><span class=\"jCAhz ChMk0b\"><span class=\"ryNqvb\">\u00ab\u00a0La demande de puissance de calcul est en forte croissante en raison de la num\u00e9risation de tout, mais jusqu&rsquo;\u00e0 pr\u00e9sent, les clients fabless disposaient d&rsquo;options limit\u00e9es pour faire des conceptions autour de la technologie mobile la plus avanc\u00e9e\u00a0\u00bb, a d\u00e9clar\u00e9 Pat Gelsinger, PDG d&rsquo;Intel.<\/span><\/span> <span class=\"jCAhz ChMk0b\"><span class=\"ryNqvb\">\u00ab\u00a0La collaboration d&rsquo;Intel avec ARM \u00e9largira les opportunit\u00e9s de march\u00e9 pour IFS et ouvrira de nouvelles options et approches pour toute entreprise fabless qui souhaite acc\u00e9der \u00e0 la meilleure IP de CPU de sa cat\u00e9gorie et \u00e0 la puissance d&rsquo;une fonderie \u00ab\u00a0open system\u00a0\u00bb avec une technologie de process de pointe.\u00a0\u00bb<\/span><\/span><\/span><\/p>\n<ul>\n<li><a href=\"https:\/\/www.eenewseurope.com\/en\/intel-renames-manufacturing-nodes-tips-ribbonfet-powervia\/\">Intel renames manufacturing nodes, tips RibbonFET<\/a><\/li>\n<\/ul>\n<p><span class=\"HwtZe\" lang=\"fr\"><span class=\"jCAhz ChMk0b\"><span class=\"ryNqvb\">\u00ab Les processeurs s\u00e9curis\u00e9s et \u00e9conomes en \u00e9nergie d&rsquo;ARM sont au c\u0153ur de centaines de milliards d&rsquo;appareils et des exp\u00e9riences num\u00e9riques de la plan\u00e8te \u00bb, a d\u00e9clar\u00e9 Ren\u00e9 Haas, PDG d&rsquo;ARM.<\/span><\/span> <span class=\"jCAhz ChMk0b\"><span class=\"ryNqvb\">\u00ab Alors que les demandes de calcul et d&rsquo;efficacit\u00e9 deviennent de plus en plus complexes, notre industrie doit innover \u00e0 de nombreux niveaux.<\/span><\/span> <span class=\"jCAhz ChMk0b\"><span class=\"ryNqvb\">La collaboration d&rsquo;ARM avec Intel permet \u00e0 IFS de devenir un partenaire de fonderie essentiel pour nos clients alors que nous fournissons la prochaine g\u00e9n\u00e9ration de produits r\u00e9volutionnaires bas\u00e9s sur ARM.<\/span><\/span><\/span><\/p>\n<p><a href=\"http:\/\/www.arm.com\">www.arm.com<\/a>; <a href=\"http:\/\/www.intel.com\">www.intel.com<\/a><\/p>\n<p>&nbsp;<\/p>\n","protected":false},"excerpt":{"rendered":"<p>Intel Foundry Services (IFS) a sign\u00e9 un accord \u00e0 long terme avec ARM pour fabriquer les coeurs ARM sur le process Intel 18A \u00e0 1,8 nm. La collaboration se concentrera d&rsquo;abord sur les conceptions de syst\u00e8mes mobiles sur puce (SoC), mais permettra une expansion potentielle dans des composants pour l&rsquo;automobile, l&rsquo;Internet des objets (IoT), les [&hellip;]<\/p>\n","protected":false},"author":34,"featured_media":398044,"comment_status":"closed","ping_status":"closed","sticky":false,"template":"","format":"standard","meta":{"_acf_changed":false,"footnotes":""},"categories":[883],"tags":[2456,1795,2721],"domains":[47],"ppma_author":[1153,1138],"class_list":["post-418985","post","type-post","status-publish","format-standard","has-post-thumbnail","hentry","category-technologies","tag-arm-fr","tag-fonderies","tag-intel-fr","domains-electronique-eci"],"acf":[],"yoast_head":"<title>Intel d\u00e9place les c\u0153urs ARM vers son process de 1,8 nm pour l...<\/title>\n<meta name=\"description\" content=\"Intel Foundry Services (IFS) a sign\u00e9 un accord \u00e0 long terme avec ARM pour fabriquer les coeurs ARM sur le process Intel 18A \u00e0 1,8 nm.\" \/>\n<meta name=\"robots\" content=\"index, follow, max-snippet:-1, max-image-preview:large, max-video-preview:-1\" \/>\n<link rel=\"canonical\" href=\"https:\/\/www.ecinews.fr\/fr\/wp-json\/wp\/v2\/posts\/418985\/\" \/>\n<meta property=\"og:locale\" content=\"fr_FR\" \/>\n<meta property=\"og:type\" content=\"article\" \/>\n<meta property=\"og:title\" content=\"Intel d\u00e9place les c\u0153urs ARM vers son process de 1,8 nm pour la fonderie\" \/>\n<meta property=\"og:description\" content=\"Intel Foundry Services (IFS) a sign\u00e9 un accord \u00e0 long terme avec ARM pour fabriquer les coeurs ARM sur le process Intel 18A \u00e0 1,8 nm.\" \/>\n<meta property=\"og:url\" content=\"https:\/\/www.ecinews.fr\/fr\/wp-json\/wp\/v2\/posts\/418985\/\" \/>\n<meta property=\"og:site_name\" content=\"EENewsEurope\" \/>\n<meta property=\"article:published_time\" content=\"2023-04-13T09:48:41+00:00\" \/>\n<meta property=\"article:modified_time\" content=\"2023-04-13T10:03:51+00:00\" \/>\n<meta property=\"og:image\" content=\"https:\/\/www.ecinews.fr\/wp-content\/uploads\/2022\/10\/Intel_process.jpg\" \/>\n\t<meta property=\"og:image:width\" content=\"678\" \/>\n\t<meta property=\"og:image:height\" content=\"284\" \/>\n\t<meta property=\"og:image:type\" content=\"image\/jpeg\" \/>\n<meta name=\"author\" content=\"A Delapalisse, Nick Flaherty\" \/>\n<meta name=\"twitter:card\" content=\"summary_large_image\" \/>\n<meta name=\"twitter:label1\" content=\"Written by\" \/>\n\t<meta name=\"twitter:data1\" content=\"A Delapalisse\" \/>\n\t<meta name=\"twitter:label2\" content=\"Est. reading time\" \/>\n\t<meta name=\"twitter:data2\" content=\"3 minutes\" \/>\n<script type=\"application\/ld+json\" class=\"yoast-schema-graph\">{\"@context\":\"https:\/\/schema.org\",\"@graph\":[{\"@type\":\"Article\",\"@id\":\"https:\/\/www.ecinews.fr\/fr\/intel-deplace-les-coeurs-arm-vers-son-process-de-18-nm-pour-la-fonderie\/#article\",\"isPartOf\":{\"@id\":\"https:\/\/www.ecinews.fr\/fr\/intel-deplace-les-coeurs-arm-vers-son-process-de-18-nm-pour-la-fonderie\/\"},\"author\":{\"name\":\"A Delapalisse\",\"@id\":\"https:\/\/www.ecinews.fr\/fr\/#\/schema\/person\/0aa2cfb0bd8949724a68cbac8d8321b4\"},\"headline\":\"Intel d\u00e9place les c\u0153urs ARM vers son process de 1,8 nm pour la fonderie\",\"datePublished\":\"2023-04-13T09:48:41+00:00\",\"dateModified\":\"2023-04-13T10:03:51+00:00\",\"mainEntityOfPage\":{\"@id\":\"https:\/\/www.ecinews.fr\/fr\/intel-deplace-les-coeurs-arm-vers-son-process-de-18-nm-pour-la-fonderie\/\"},\"wordCount\":651,\"publisher\":{\"@id\":\"https:\/\/www.ecinews.fr\/fr\/#organization\"},\"keywords\":[\"Arm\",\"Fonderies\",\"Intel\"],\"articleSection\":[\"Technologies\"],\"inLanguage\":\"fr-FR\"},{\"@type\":\"WebPage\",\"@id\":\"https:\/\/www.ecinews.fr\/fr\/intel-deplace-les-coeurs-arm-vers-son-process-de-18-nm-pour-la-fonderie\/\",\"url\":\"https:\/\/www.ecinews.fr\/fr\/intel-deplace-les-coeurs-arm-vers-son-process-de-18-nm-pour-la-fonderie\/\",\"name\":\"Intel d\u00e9place les c\u0153urs ARM vers son process de 1,8 nm pour la fonderie -\",\"isPartOf\":{\"@id\":\"https:\/\/www.ecinews.fr\/fr\/#website\"},\"datePublished\":\"2023-04-13T09:48:41+00:00\",\"dateModified\":\"2023-04-13T10:03:51+00:00\",\"description\":\"Intel Foundry Services (IFS) a sign\u00e9 un accord \u00e0 long terme avec ARM pour fabriquer les coeurs ARM sur le process Intel 18A \u00e0 1,8 nm.\",\"breadcrumb\":{\"@id\":\"https:\/\/www.ecinews.fr\/fr\/intel-deplace-les-coeurs-arm-vers-son-process-de-18-nm-pour-la-fonderie\/#breadcrumb\"},\"inLanguage\":\"fr-FR\",\"potentialAction\":[{\"@type\":\"ReadAction\",\"target\":[\"https:\/\/www.ecinews.fr\/fr\/intel-deplace-les-coeurs-arm-vers-son-process-de-18-nm-pour-la-fonderie\/\"]}]},{\"@type\":\"BreadcrumbList\",\"@id\":\"https:\/\/www.ecinews.fr\/fr\/intel-deplace-les-coeurs-arm-vers-son-process-de-18-nm-pour-la-fonderie\/#breadcrumb\",\"itemListElement\":[{\"@type\":\"ListItem\",\"position\":1,\"name\":\"Home\",\"item\":\"https:\/\/www.ecinews.fr\/fr\/\"},{\"@type\":\"ListItem\",\"position\":2,\"name\":\"Intel d\u00e9place les c\u0153urs ARM vers son process de 1,8 nm pour la fonderie\"}]},{\"@type\":\"WebSite\",\"@id\":\"https:\/\/www.ecinews.fr\/fr\/#website\",\"url\":\"https:\/\/www.ecinews.fr\/fr\/\",\"name\":\"EENewsEurope\",\"description\":\"Just another WordPress site\",\"publisher\":{\"@id\":\"https:\/\/www.ecinews.fr\/fr\/#organization\"},\"potentialAction\":[{\"@type\":\"SearchAction\",\"target\":{\"@type\":\"EntryPoint\",\"urlTemplate\":\"https:\/\/www.ecinews.fr\/fr\/?s={search_term_string}\"},\"query-input\":\"required name=search_term_string\"}],\"inLanguage\":\"fr-FR\"},{\"@type\":\"Organization\",\"@id\":\"https:\/\/www.ecinews.fr\/fr\/#organization\",\"name\":\"EENewsEurope\",\"url\":\"https:\/\/www.ecinews.fr\/fr\/\",\"logo\":{\"@type\":\"ImageObject\",\"inLanguage\":\"fr-FR\",\"@id\":\"https:\/\/www.ecinews.fr\/fr\/#\/schema\/logo\/image\/\",\"url\":\"https:\/\/www.ecinews.fr\/wp-content\/uploads\/2022\/02\/logo-1.jpg\",\"contentUrl\":\"https:\/\/www.ecinews.fr\/wp-content\/uploads\/2022\/02\/logo-1.jpg\",\"width\":283,\"height\":113,\"caption\":\"EENewsEurope\"},\"image\":{\"@id\":\"https:\/\/www.ecinews.fr\/fr\/#\/schema\/logo\/image\/\"}},{\"@type\":\"Person\",\"@id\":\"https:\/\/www.ecinews.fr\/fr\/#\/schema\/person\/0aa2cfb0bd8949724a68cbac8d8321b4\",\"name\":\"A Delapalisse\",\"image\":{\"@type\":\"ImageObject\",\"inLanguage\":\"fr-FR\",\"@id\":\"https:\/\/www.ecinews.fr\/fr\/#\/schema\/person\/image\/211ac42237c2e9683c0964086c393cb4\",\"url\":\"https:\/\/secure.gravatar.com\/avatar\/ad45a8c5da24bc9c7c4940dd1c48a695?s=96&d=mm&r=g\",\"contentUrl\":\"https:\/\/secure.gravatar.com\/avatar\/ad45a8c5da24bc9c7c4940dd1c48a695?s=96&d=mm&r=g\",\"caption\":\"A Delapalisse\"},\"sameAs\":[\"http:\/\/ECI\"]}]}<\/script>","yoast_head_json":{"title":"Intel d\u00e9place les c\u0153urs ARM vers son process de 1,8 nm pour l...","description":"Intel Foundry Services (IFS) a sign\u00e9 un accord \u00e0 long terme avec ARM pour fabriquer les coeurs ARM sur le process Intel 18A \u00e0 1,8 nm.","robots":{"index":"index","follow":"follow","max-snippet":"max-snippet:-1","max-image-preview":"max-image-preview:large","max-video-preview":"max-video-preview:-1"},"canonical":"https:\/\/www.ecinews.fr\/fr\/wp-json\/wp\/v2\/posts\/418985\/","og_locale":"fr_FR","og_type":"article","og_title":"Intel d\u00e9place les c\u0153urs ARM vers son process de 1,8 nm pour la fonderie","og_description":"Intel Foundry Services (IFS) a sign\u00e9 un accord \u00e0 long terme avec ARM pour fabriquer les coeurs ARM sur le process Intel 18A \u00e0 1,8 nm.","og_url":"https:\/\/www.ecinews.fr\/fr\/wp-json\/wp\/v2\/posts\/418985\/","og_site_name":"EENewsEurope","article_published_time":"2023-04-13T09:48:41+00:00","article_modified_time":"2023-04-13T10:03:51+00:00","og_image":[{"width":678,"height":284,"url":"https:\/\/www.ecinews.fr\/wp-content\/uploads\/2022\/10\/Intel_process.jpg","type":"image\/jpeg"}],"author":"A Delapalisse, Nick Flaherty","twitter_card":"summary_large_image","twitter_misc":{"Written by":"A Delapalisse","Est. reading time":"3 minutes"},"schema":{"@context":"https:\/\/schema.org","@graph":[{"@type":"Article","@id":"https:\/\/www.ecinews.fr\/fr\/intel-deplace-les-coeurs-arm-vers-son-process-de-18-nm-pour-la-fonderie\/#article","isPartOf":{"@id":"https:\/\/www.ecinews.fr\/fr\/intel-deplace-les-coeurs-arm-vers-son-process-de-18-nm-pour-la-fonderie\/"},"author":{"name":"A Delapalisse","@id":"https:\/\/www.ecinews.fr\/fr\/#\/schema\/person\/0aa2cfb0bd8949724a68cbac8d8321b4"},"headline":"Intel d\u00e9place les c\u0153urs ARM vers son process de 1,8 nm pour la fonderie","datePublished":"2023-04-13T09:48:41+00:00","dateModified":"2023-04-13T10:03:51+00:00","mainEntityOfPage":{"@id":"https:\/\/www.ecinews.fr\/fr\/intel-deplace-les-coeurs-arm-vers-son-process-de-18-nm-pour-la-fonderie\/"},"wordCount":651,"publisher":{"@id":"https:\/\/www.ecinews.fr\/fr\/#organization"},"keywords":["Arm","Fonderies","Intel"],"articleSection":["Technologies"],"inLanguage":"fr-FR"},{"@type":"WebPage","@id":"https:\/\/www.ecinews.fr\/fr\/intel-deplace-les-coeurs-arm-vers-son-process-de-18-nm-pour-la-fonderie\/","url":"https:\/\/www.ecinews.fr\/fr\/intel-deplace-les-coeurs-arm-vers-son-process-de-18-nm-pour-la-fonderie\/","name":"Intel d\u00e9place les c\u0153urs ARM vers son process de 1,8 nm pour la fonderie -","isPartOf":{"@id":"https:\/\/www.ecinews.fr\/fr\/#website"},"datePublished":"2023-04-13T09:48:41+00:00","dateModified":"2023-04-13T10:03:51+00:00","description":"Intel Foundry Services (IFS) a sign\u00e9 un accord \u00e0 long terme avec ARM pour fabriquer les coeurs ARM sur le process Intel 18A \u00e0 1,8 nm.","breadcrumb":{"@id":"https:\/\/www.ecinews.fr\/fr\/intel-deplace-les-coeurs-arm-vers-son-process-de-18-nm-pour-la-fonderie\/#breadcrumb"},"inLanguage":"fr-FR","potentialAction":[{"@type":"ReadAction","target":["https:\/\/www.ecinews.fr\/fr\/intel-deplace-les-coeurs-arm-vers-son-process-de-18-nm-pour-la-fonderie\/"]}]},{"@type":"BreadcrumbList","@id":"https:\/\/www.ecinews.fr\/fr\/intel-deplace-les-coeurs-arm-vers-son-process-de-18-nm-pour-la-fonderie\/#breadcrumb","itemListElement":[{"@type":"ListItem","position":1,"name":"Home","item":"https:\/\/www.ecinews.fr\/fr\/"},{"@type":"ListItem","position":2,"name":"Intel d\u00e9place les c\u0153urs ARM vers son process de 1,8 nm pour la fonderie"}]},{"@type":"WebSite","@id":"https:\/\/www.ecinews.fr\/fr\/#website","url":"https:\/\/www.ecinews.fr\/fr\/","name":"EENewsEurope","description":"Just another WordPress site","publisher":{"@id":"https:\/\/www.ecinews.fr\/fr\/#organization"},"potentialAction":[{"@type":"SearchAction","target":{"@type":"EntryPoint","urlTemplate":"https:\/\/www.ecinews.fr\/fr\/?s={search_term_string}"},"query-input":"required name=search_term_string"}],"inLanguage":"fr-FR"},{"@type":"Organization","@id":"https:\/\/www.ecinews.fr\/fr\/#organization","name":"EENewsEurope","url":"https:\/\/www.ecinews.fr\/fr\/","logo":{"@type":"ImageObject","inLanguage":"fr-FR","@id":"https:\/\/www.ecinews.fr\/fr\/#\/schema\/logo\/image\/","url":"https:\/\/www.ecinews.fr\/wp-content\/uploads\/2022\/02\/logo-1.jpg","contentUrl":"https:\/\/www.ecinews.fr\/wp-content\/uploads\/2022\/02\/logo-1.jpg","width":283,"height":113,"caption":"EENewsEurope"},"image":{"@id":"https:\/\/www.ecinews.fr\/fr\/#\/schema\/logo\/image\/"}},{"@type":"Person","@id":"https:\/\/www.ecinews.fr\/fr\/#\/schema\/person\/0aa2cfb0bd8949724a68cbac8d8321b4","name":"A Delapalisse","image":{"@type":"ImageObject","inLanguage":"fr-FR","@id":"https:\/\/www.ecinews.fr\/fr\/#\/schema\/person\/image\/211ac42237c2e9683c0964086c393cb4","url":"https:\/\/secure.gravatar.com\/avatar\/ad45a8c5da24bc9c7c4940dd1c48a695?s=96&d=mm&r=g","contentUrl":"https:\/\/secure.gravatar.com\/avatar\/ad45a8c5da24bc9c7c4940dd1c48a695?s=96&d=mm&r=g","caption":"A Delapalisse"},"sameAs":["http:\/\/ECI"]}]}},"authors":[{"term_id":1153,"user_id":34,"is_guest":0,"slug":"adelapalisse","display_name":"A Delapalisse","avatar_url":"https:\/\/secure.gravatar.com\/avatar\/ad45a8c5da24bc9c7c4940dd1c48a695?s=96&d=mm&r=g","0":null,"1":"","2":"","3":"","4":"","5":"","6":"","7":"","8":""},{"term_id":1138,"user_id":6,"is_guest":0,"slug":"flaherty","display_name":"Nick Flaherty","avatar_url":"https:\/\/secure.gravatar.com\/avatar\/49bd04ef46c3ee89575adaf950e76b64?s=96&d=mm&r=g","0":null,"1":"","2":"","3":"","4":"","5":"","6":"","7":"","8":""}],"_links":{"self":[{"href":"https:\/\/www.ecinews.fr\/fr\/wp-json\/wp\/v2\/posts\/418985"}],"collection":[{"href":"https:\/\/www.ecinews.fr\/fr\/wp-json\/wp\/v2\/posts"}],"about":[{"href":"https:\/\/www.ecinews.fr\/fr\/wp-json\/wp\/v2\/types\/post"}],"author":[{"embeddable":true,"href":"https:\/\/www.ecinews.fr\/fr\/wp-json\/wp\/v2\/users\/34"}],"replies":[{"embeddable":true,"href":"https:\/\/www.ecinews.fr\/fr\/wp-json\/wp\/v2\/comments?post=418985"}],"version-history":[{"count":0,"href":"https:\/\/www.ecinews.fr\/fr\/wp-json\/wp\/v2\/posts\/418985\/revisions"}],"wp:featuredmedia":[{"embeddable":true,"href":"https:\/\/www.ecinews.fr\/fr\/wp-json\/wp\/v2\/media\/398044"}],"wp:attachment":[{"href":"https:\/\/www.ecinews.fr\/fr\/wp-json\/wp\/v2\/media?parent=418985"}],"wp:term":[{"taxonomy":"category","embeddable":true,"href":"https:\/\/www.ecinews.fr\/fr\/wp-json\/wp\/v2\/categories?post=418985"},{"taxonomy":"post_tag","embeddable":true,"href":"https:\/\/www.ecinews.fr\/fr\/wp-json\/wp\/v2\/tags?post=418985"},{"taxonomy":"domains","embeddable":true,"href":"https:\/\/www.ecinews.fr\/fr\/wp-json\/wp\/v2\/domains?post=418985"},{"taxonomy":"author","embeddable":true,"href":"https:\/\/www.ecinews.fr\/fr\/wp-json\/wp\/v2\/ppma_author?post=418985"}],"curies":[{"name":"wp","href":"https:\/\/api.w.org\/{rel}","templated":true}]}}