{"id":418675,"date":"2023-04-10T21:04:39","date_gmt":"2023-04-10T19:04:39","guid":{"rendered":"https:\/\/www.eenewseurope.com\/?p=418675"},"modified":"2023-04-10T21:08:30","modified_gmt":"2023-04-10T19:08:30","slug":"le-marche-des-puces-en-chute-de-20-sur-un-an-en-fevrier","status":"publish","type":"post","link":"https:\/\/www.ecinews.fr\/fr\/le-marche-des-puces-en-chute-de-20-sur-un-an-en-fevrier\/","title":{"rendered":"Le march\u00e9 des puces en chute de 20% sur un an en f\u00e9vrier"},"content":{"rendered":"<h2><span class=\"HwtZe\" lang=\"fr\"><span class=\"jCAhz ChMk0b\"><span class=\"ryNqvb\">Les ventes de semi-conducteurs ont chut\u00e9 de 20 % en f\u00e9vrier par rapport \u00e0 la m\u00eame p\u00e9riode l&rsquo;an dernier, le march\u00e9 continuant de ralentir selon les derni\u00e8res donn\u00e9es de la Semiconductor Industry Association (SIA).<\/span><\/span> <\/span><\/h2>\n<p><span class=\"HwtZe\" lang=\"fr\"><span class=\"jCAhz ChMk0b\"><span class=\"ryNqvb\">Les ventes ont totalis\u00e9 39,7 milliards de dollars en f\u00e9vrier 2023, en baisse de 4 % par rapport \u00e0 41,3 milliards de dollars en janvier et 20,7 % de moins que le total de f\u00e9vrier 2022 qui \u00e9tait de 50,0 milliards de dollars.<\/span><\/span> <span class=\"jCAhz ChMk0b\"><span class=\"ryNqvb\">Le plus touch\u00e9 a \u00e9t\u00e9 le principal utilisateur de puces, la Chine, qui a chut\u00e9 de 34,2 % d&rsquo;une ann\u00e9e sur l&rsquo;autre, les \u00c9tats-Unis ayant chut\u00e9 de 14,8 % par rapport \u00e0 f\u00e9vrier dernier.<\/span><\/span> <span class=\"jCAhz ChMk0b\"><span class=\"ryNqvb\">Les ventes d&rsquo;un mois \u00e0 l&rsquo;autre ont baiss\u00e9 dans toutes les r\u00e9gions\u00a0: Europe (-0,3\u00a0%), Japon (-0,3\u00a0%), Asie-Pacifique\/Tous les autres (-3,6\u00a0%), Am\u00e9riques (-5,3\u00a0%) et Chine (-5,9\u00a0%).<\/span><\/span> <span class=\"jCAhz ChMk0b\"><span class=\"ryNqvb\">%).<\/span><\/span><\/span><\/p>\n<p>Semiconductor sales fell 20% in February compared to this time last year as the market continues to slow according to the latest data from the Semiconductor Industry Association (SIA).<\/p>\n<p><span class=\"HwtZe\" lang=\"fr\"><span class=\"jCAhz ChMk0b\"><span class=\"ryNqvb\">Cependant, l&rsquo;analyste de march\u00e9 Future Horizons voit le creux du march\u00e9 pour plus tard cette ann\u00e9e, alors que les stocks diminuent et que la demande augmente.<\/span><\/span> <\/span><\/p>\n<p><span class=\"HwtZe\" lang=\"fr\"><span class=\"jCAhz ChMk0b\"><span class=\"ryNqvb\">\u00ab\u00a0Les ventes mondiales de semi-conducteurs ont continu\u00e9 de ralentir en f\u00e9vrier, diminuant d&rsquo;ann\u00e9e en ann\u00e9e et de mois en mois pour le sixi\u00e8me mois cons\u00e9cutif\u00a0\u00bb, a d\u00e9clar\u00e9 John Neuffer, pr\u00e9sident et chef de la direction de SIA.<\/span><\/span> <span class=\"jCAhz ChMk0b\"><span class=\"ryNqvb\">\u00ab\u00a0La cyclicit\u00e9 du march\u00e9 \u00e0 court terme et les vents contraires macro\u00e9conomiques ont entra\u00een\u00e9 une baisse des ventes, mais les perspectives \u00e0 moyen et long terme du march\u00e9 restent prometteuses, gr\u00e2ce \u00e0 la demande croissante sur une gamme de march\u00e9s finaux.\u00a0\u00bb<\/span><\/span><\/span><\/p>\n<ul>\n<li><a href=\"https:\/\/www.eenewseurope.com\/en\/chip-market-growth-in-2023-will-be-deeply-negative-says-analyst\/\">Chip market growth in 2023 will be &lsquo;deeply negative&rsquo;<\/a><\/li>\n<li><a href=\"https:\/\/www.eenewseurope.com\/en\/semiconductor-market-heads-for-biggest-downturn-since-2000\/\">Semiconductor market heads for biggest downturn since 2000<\/a><\/li>\n<li><a href=\"https:\/\/www.eenewseurope.com\/en\/semiconductor-downturn-will-bottom-out-this-year-says-analyst\/\">Semiconductor downturn will bottom out this year<\/a><\/li>\n<\/ul>\n<p><span class=\"HwtZe\" lang=\"fr\"><span class=\"jCAhz ChMk0b\"><span class=\"ryNqvb\">\u00ab\u00a0Les ventes mondiales de semiconducteurs ont continu\u00e9 de ralentir en f\u00e9vrier 2023, diminuant d&rsquo;ann\u00e9e en ann\u00e9e et de mois en mois pour le sixi\u00e8me mois cons\u00e9cutif\u00a0\u00bb, a d\u00e9clar\u00e9 John Neuffer, pr\u00e9sident et chef de la direction de SIA.<\/span><\/span> <span class=\"jCAhz ChMk0b\"><span class=\"ryNqvb\">\u00ab\u00a0La cyclicit\u00e9 du march\u00e9 \u00e0 court terme et les vents contraires macro\u00e9conomiques ont entra\u00een\u00e9 une baisse des ventes, mais les perspectives \u00e0 moyen et long terme du march\u00e9 restent prometteuses, gr\u00e2ce \u00e0 la demande croissante sur une gamme de march\u00e9s finaux comme l&rsquo;automobile et l&rsquo;industrie.\u00a0\u00bb<\/span><\/span><\/span><\/p>\n<p><a href=\"http:\/\/www.semiconductors.org\">www.semiconductors.org<\/a><\/p>\n<p>&nbsp;<\/p>\n","protected":false},"excerpt":{"rendered":"<p>Le march\u00e9 des puces mondial en chute de 20% sur un an en f\u00e9vrier selon la Semiconductor Industry Association (SIA).<\/p>\n","protected":false},"author":6,"featured_media":418607,"comment_status":"closed","ping_status":"closed","sticky":true,"template":"","format":"standard","meta":{"_acf_changed":false,"footnotes":""},"categories":[880],"tags":[2327,1558],"domains":[47],"ppma_author":[1153,1138],"class_list":["post-418675","post","type-post","status-publish","format-standard","has-post-thumbnail","hentry","category-actualites-economiques","tag-marche","tag-semiconducteurs","domains-electronique-eci"],"acf":[],"yoast_head":"<title>Le march\u00e9 des puces en chute de 20% sur un an en f\u00e9vrier ...<\/title>\n<meta name=\"description\" content=\"Le march\u00e9 des puces mondial en chute de 20% sur un an en f\u00e9vrier selon la Semiconductor Industry Association (SIA).\" \/>\n<meta name=\"robots\" content=\"index, follow, max-snippet:-1, max-image-preview:large, max-video-preview:-1\" \/>\n<link rel=\"canonical\" href=\"https:\/\/www.ecinews.fr\/fr\/wp-json\/wp\/v2\/posts\/418675\/\" \/>\n<meta property=\"og:locale\" content=\"fr_FR\" \/>\n<meta property=\"og:type\" content=\"article\" \/>\n<meta property=\"og:title\" content=\"Le march\u00e9 des puces en chute de 20% sur un an en f\u00e9vrier\" \/>\n<meta property=\"og:description\" content=\"Le march\u00e9 des puces mondial en chute de 20% sur un an en f\u00e9vrier selon la Semiconductor Industry Association (SIA).\" \/>\n<meta property=\"og:url\" content=\"https:\/\/www.ecinews.fr\/fr\/wp-json\/wp\/v2\/posts\/418675\/\" \/>\n<meta property=\"og:site_name\" content=\"EENewsEurope\" \/>\n<meta property=\"article:published_time\" content=\"2023-04-10T19:04:39+00:00\" \/>\n<meta property=\"article:modified_time\" content=\"2023-04-10T19:08:30+00:00\" \/>\n<meta property=\"og:image\" content=\"https:\/\/www.eenewseurope.com\/wp-content\/uploads\/2023\/04\/SIA_February_2023.png\" \/>\n\t<meta property=\"og:image:width\" content=\"1080\" \/>\n\t<meta property=\"og:image:height\" content=\"907\" \/>\n\t<meta property=\"og:image:type\" content=\"image\/png\" \/>\n<meta name=\"author\" content=\"A Delapalisse, Nick Flaherty\" \/>\n<meta name=\"twitter:card\" content=\"summary_large_image\" \/>\n<meta name=\"twitter:label1\" content=\"Written by\" \/>\n\t<meta name=\"twitter:data1\" content=\"Nick Flaherty\" \/>\n\t<meta name=\"twitter:label2\" content=\"Est. reading time\" \/>\n\t<meta name=\"twitter:data2\" content=\"2 minutes\" \/>\n<script type=\"application\/ld+json\" class=\"yoast-schema-graph\">{\"@context\":\"https:\/\/schema.org\",\"@graph\":[{\"@type\":\"Article\",\"@id\":\"https:\/\/www.eenewseurope.com\/fr\/le-marche-des-puces-en-chute-de-20-sur-un-an-en-fevrier\/#article\",\"isPartOf\":{\"@id\":\"https:\/\/www.eenewseurope.com\/fr\/le-marche-des-puces-en-chute-de-20-sur-un-an-en-fevrier\/\"},\"author\":{\"name\":\"Nick Flaherty\",\"@id\":\"https:\/\/www.ecinews.fr\/fr\/#\/schema\/person\/e0ece0e066c16515540002c31cc7a3ff\"},\"headline\":\"Le march\u00e9 des puces en chute de 20% sur un an en f\u00e9vrier\",\"datePublished\":\"2023-04-10T19:04:39+00:00\",\"dateModified\":\"2023-04-10T19:08:30+00:00\",\"mainEntityOfPage\":{\"@id\":\"https:\/\/www.eenewseurope.com\/fr\/le-marche-des-puces-en-chute-de-20-sur-un-an-en-fevrier\/\"},\"wordCount\":409,\"publisher\":{\"@id\":\"https:\/\/www.ecinews.fr\/fr\/#organization\"},\"keywords\":[\"March\u00e9\",\"Semiconducteurs\"],\"articleSection\":[\"Actualit\u00e9s \u00e9conomiques\"],\"inLanguage\":\"fr-FR\"},{\"@type\":\"WebPage\",\"@id\":\"https:\/\/www.eenewseurope.com\/fr\/le-marche-des-puces-en-chute-de-20-sur-un-an-en-fevrier\/\",\"url\":\"https:\/\/www.eenewseurope.com\/fr\/le-marche-des-puces-en-chute-de-20-sur-un-an-en-fevrier\/\",\"name\":\"Le march\u00e9 des puces en chute de 20% sur un an en f\u00e9vrier -\",\"isPartOf\":{\"@id\":\"https:\/\/www.ecinews.fr\/fr\/#website\"},\"datePublished\":\"2023-04-10T19:04:39+00:00\",\"dateModified\":\"2023-04-10T19:08:30+00:00\",\"description\":\"Le march\u00e9 des puces mondial en chute de 20% sur un an en f\u00e9vrier selon la Semiconductor Industry Association (SIA).\",\"breadcrumb\":{\"@id\":\"https:\/\/www.eenewseurope.com\/fr\/le-marche-des-puces-en-chute-de-20-sur-un-an-en-fevrier\/#breadcrumb\"},\"inLanguage\":\"fr-FR\",\"potentialAction\":[{\"@type\":\"ReadAction\",\"target\":[\"https:\/\/www.eenewseurope.com\/fr\/le-marche-des-puces-en-chute-de-20-sur-un-an-en-fevrier\/\"]}]},{\"@type\":\"BreadcrumbList\",\"@id\":\"https:\/\/www.eenewseurope.com\/fr\/le-marche-des-puces-en-chute-de-20-sur-un-an-en-fevrier\/#breadcrumb\",\"itemListElement\":[{\"@type\":\"ListItem\",\"position\":1,\"name\":\"Home\",\"item\":\"https:\/\/www.ecinews.fr\/fr\/\"},{\"@type\":\"ListItem\",\"position\":2,\"name\":\"Le march\u00e9 des puces en chute de 20% sur un an en f\u00e9vrier\"}]},{\"@type\":\"WebSite\",\"@id\":\"https:\/\/www.ecinews.fr\/fr\/#website\",\"url\":\"https:\/\/www.ecinews.fr\/fr\/\",\"name\":\"EENewsEurope\",\"description\":\"Just another WordPress site\",\"publisher\":{\"@id\":\"https:\/\/www.ecinews.fr\/fr\/#organization\"},\"potentialAction\":[{\"@type\":\"SearchAction\",\"target\":{\"@type\":\"EntryPoint\",\"urlTemplate\":\"https:\/\/www.ecinews.fr\/fr\/?s={search_term_string}\"},\"query-input\":\"required name=search_term_string\"}],\"inLanguage\":\"fr-FR\"},{\"@type\":\"Organization\",\"@id\":\"https:\/\/www.ecinews.fr\/fr\/#organization\",\"name\":\"EENewsEurope\",\"url\":\"https:\/\/www.ecinews.fr\/fr\/\",\"logo\":{\"@type\":\"ImageObject\",\"inLanguage\":\"fr-FR\",\"@id\":\"https:\/\/www.ecinews.fr\/fr\/#\/schema\/logo\/image\/\",\"url\":\"https:\/\/www.ecinews.fr\/wp-content\/uploads\/2022\/02\/logo-1.jpg\",\"contentUrl\":\"https:\/\/www.ecinews.fr\/wp-content\/uploads\/2022\/02\/logo-1.jpg\",\"width\":283,\"height\":113,\"caption\":\"EENewsEurope\"},\"image\":{\"@id\":\"https:\/\/www.ecinews.fr\/fr\/#\/schema\/logo\/image\/\"}},{\"@type\":\"Person\",\"@id\":\"https:\/\/www.ecinews.fr\/fr\/#\/schema\/person\/e0ece0e066c16515540002c31cc7a3ff\",\"name\":\"Nick Flaherty\",\"image\":{\"@type\":\"ImageObject\",\"inLanguage\":\"fr-FR\",\"@id\":\"https:\/\/www.ecinews.fr\/fr\/#\/schema\/person\/image\/48b22ad20cb8c78130781b5e1f225c7b\",\"url\":\"https:\/\/secure.gravatar.com\/avatar\/49bd04ef46c3ee89575adaf950e76b64?s=96&d=mm&r=g\",\"contentUrl\":\"https:\/\/secure.gravatar.com\/avatar\/49bd04ef46c3ee89575adaf950e76b64?s=96&d=mm&r=g\",\"caption\":\"Nick Flaherty\"}}]}<\/script>","yoast_head_json":{"title":"Le march\u00e9 des puces en chute de 20% sur un an en f\u00e9vrier ...","description":"Le march\u00e9 des puces mondial en chute de 20% sur un an en f\u00e9vrier selon la Semiconductor Industry Association (SIA).","robots":{"index":"index","follow":"follow","max-snippet":"max-snippet:-1","max-image-preview":"max-image-preview:large","max-video-preview":"max-video-preview:-1"},"canonical":"https:\/\/www.ecinews.fr\/fr\/wp-json\/wp\/v2\/posts\/418675\/","og_locale":"fr_FR","og_type":"article","og_title":"Le march\u00e9 des puces en chute de 20% sur un an en f\u00e9vrier","og_description":"Le march\u00e9 des puces mondial en chute de 20% sur un an en f\u00e9vrier selon la Semiconductor Industry Association (SIA).","og_url":"https:\/\/www.ecinews.fr\/fr\/wp-json\/wp\/v2\/posts\/418675\/","og_site_name":"EENewsEurope","article_published_time":"2023-04-10T19:04:39+00:00","article_modified_time":"2023-04-10T19:08:30+00:00","og_image":[{"width":1080,"height":907,"url":"https:\/\/www.eenewseurope.com\/wp-content\/uploads\/2023\/04\/SIA_February_2023.png","type":"image\/png"}],"author":"A Delapalisse, Nick Flaherty","twitter_card":"summary_large_image","twitter_misc":{"Written by":"Nick Flaherty","Est. reading time":"2 minutes"},"schema":{"@context":"https:\/\/schema.org","@graph":[{"@type":"Article","@id":"https:\/\/www.eenewseurope.com\/fr\/le-marche-des-puces-en-chute-de-20-sur-un-an-en-fevrier\/#article","isPartOf":{"@id":"https:\/\/www.eenewseurope.com\/fr\/le-marche-des-puces-en-chute-de-20-sur-un-an-en-fevrier\/"},"author":{"name":"Nick Flaherty","@id":"https:\/\/www.ecinews.fr\/fr\/#\/schema\/person\/e0ece0e066c16515540002c31cc7a3ff"},"headline":"Le march\u00e9 des puces en chute de 20% sur un an en f\u00e9vrier","datePublished":"2023-04-10T19:04:39+00:00","dateModified":"2023-04-10T19:08:30+00:00","mainEntityOfPage":{"@id":"https:\/\/www.eenewseurope.com\/fr\/le-marche-des-puces-en-chute-de-20-sur-un-an-en-fevrier\/"},"wordCount":409,"publisher":{"@id":"https:\/\/www.ecinews.fr\/fr\/#organization"},"keywords":["March\u00e9","Semiconducteurs"],"articleSection":["Actualit\u00e9s \u00e9conomiques"],"inLanguage":"fr-FR"},{"@type":"WebPage","@id":"https:\/\/www.eenewseurope.com\/fr\/le-marche-des-puces-en-chute-de-20-sur-un-an-en-fevrier\/","url":"https:\/\/www.eenewseurope.com\/fr\/le-marche-des-puces-en-chute-de-20-sur-un-an-en-fevrier\/","name":"Le march\u00e9 des puces en chute de 20% sur un an en f\u00e9vrier -","isPartOf":{"@id":"https:\/\/www.ecinews.fr\/fr\/#website"},"datePublished":"2023-04-10T19:04:39+00:00","dateModified":"2023-04-10T19:08:30+00:00","description":"Le march\u00e9 des puces mondial en chute de 20% sur un an en f\u00e9vrier selon la Semiconductor Industry Association (SIA).","breadcrumb":{"@id":"https:\/\/www.eenewseurope.com\/fr\/le-marche-des-puces-en-chute-de-20-sur-un-an-en-fevrier\/#breadcrumb"},"inLanguage":"fr-FR","potentialAction":[{"@type":"ReadAction","target":["https:\/\/www.eenewseurope.com\/fr\/le-marche-des-puces-en-chute-de-20-sur-un-an-en-fevrier\/"]}]},{"@type":"BreadcrumbList","@id":"https:\/\/www.eenewseurope.com\/fr\/le-marche-des-puces-en-chute-de-20-sur-un-an-en-fevrier\/#breadcrumb","itemListElement":[{"@type":"ListItem","position":1,"name":"Home","item":"https:\/\/www.ecinews.fr\/fr\/"},{"@type":"ListItem","position":2,"name":"Le march\u00e9 des puces en chute de 20% sur un an en f\u00e9vrier"}]},{"@type":"WebSite","@id":"https:\/\/www.ecinews.fr\/fr\/#website","url":"https:\/\/www.ecinews.fr\/fr\/","name":"EENewsEurope","description":"Just another WordPress site","publisher":{"@id":"https:\/\/www.ecinews.fr\/fr\/#organization"},"potentialAction":[{"@type":"SearchAction","target":{"@type":"EntryPoint","urlTemplate":"https:\/\/www.ecinews.fr\/fr\/?s={search_term_string}"},"query-input":"required name=search_term_string"}],"inLanguage":"fr-FR"},{"@type":"Organization","@id":"https:\/\/www.ecinews.fr\/fr\/#organization","name":"EENewsEurope","url":"https:\/\/www.ecinews.fr\/fr\/","logo":{"@type":"ImageObject","inLanguage":"fr-FR","@id":"https:\/\/www.ecinews.fr\/fr\/#\/schema\/logo\/image\/","url":"https:\/\/www.ecinews.fr\/wp-content\/uploads\/2022\/02\/logo-1.jpg","contentUrl":"https:\/\/www.ecinews.fr\/wp-content\/uploads\/2022\/02\/logo-1.jpg","width":283,"height":113,"caption":"EENewsEurope"},"image":{"@id":"https:\/\/www.ecinews.fr\/fr\/#\/schema\/logo\/image\/"}},{"@type":"Person","@id":"https:\/\/www.ecinews.fr\/fr\/#\/schema\/person\/e0ece0e066c16515540002c31cc7a3ff","name":"Nick Flaherty","image":{"@type":"ImageObject","inLanguage":"fr-FR","@id":"https:\/\/www.ecinews.fr\/fr\/#\/schema\/person\/image\/48b22ad20cb8c78130781b5e1f225c7b","url":"https:\/\/secure.gravatar.com\/avatar\/49bd04ef46c3ee89575adaf950e76b64?s=96&d=mm&r=g","contentUrl":"https:\/\/secure.gravatar.com\/avatar\/49bd04ef46c3ee89575adaf950e76b64?s=96&d=mm&r=g","caption":"Nick Flaherty"}}]}},"authors":[{"term_id":1153,"user_id":34,"is_guest":0,"slug":"adelapalisse","display_name":"A Delapalisse","avatar_url":"https:\/\/secure.gravatar.com\/avatar\/ad45a8c5da24bc9c7c4940dd1c48a695?s=96&d=mm&r=g","0":null,"1":"","2":"","3":"","4":"","5":"","6":"","7":"","8":""},{"term_id":1138,"user_id":6,"is_guest":0,"slug":"flaherty","display_name":"Nick Flaherty","avatar_url":"https:\/\/secure.gravatar.com\/avatar\/49bd04ef46c3ee89575adaf950e76b64?s=96&d=mm&r=g","0":null,"1":"","2":"","3":"","4":"","5":"","6":"","7":"","8":""}],"_links":{"self":[{"href":"https:\/\/www.ecinews.fr\/fr\/wp-json\/wp\/v2\/posts\/418675"}],"collection":[{"href":"https:\/\/www.ecinews.fr\/fr\/wp-json\/wp\/v2\/posts"}],"about":[{"href":"https:\/\/www.ecinews.fr\/fr\/wp-json\/wp\/v2\/types\/post"}],"author":[{"embeddable":true,"href":"https:\/\/www.ecinews.fr\/fr\/wp-json\/wp\/v2\/users\/6"}],"replies":[{"embeddable":true,"href":"https:\/\/www.ecinews.fr\/fr\/wp-json\/wp\/v2\/comments?post=418675"}],"version-history":[{"count":0,"href":"https:\/\/www.ecinews.fr\/fr\/wp-json\/wp\/v2\/posts\/418675\/revisions"}],"wp:featuredmedia":[{"embeddable":true,"href":"https:\/\/www.ecinews.fr\/fr\/wp-json\/wp\/v2\/media\/418607"}],"wp:attachment":[{"href":"https:\/\/www.ecinews.fr\/fr\/wp-json\/wp\/v2\/media?parent=418675"}],"wp:term":[{"taxonomy":"category","embeddable":true,"href":"https:\/\/www.ecinews.fr\/fr\/wp-json\/wp\/v2\/categories?post=418675"},{"taxonomy":"post_tag","embeddable":true,"href":"https:\/\/www.ecinews.fr\/fr\/wp-json\/wp\/v2\/tags?post=418675"},{"taxonomy":"domains","embeddable":true,"href":"https:\/\/www.ecinews.fr\/fr\/wp-json\/wp\/v2\/domains?post=418675"},{"taxonomy":"author","embeddable":true,"href":"https:\/\/www.ecinews.fr\/fr\/wp-json\/wp\/v2\/ppma_author?post=418675"}],"curies":[{"name":"wp","href":"https:\/\/api.w.org\/{rel}","templated":true}]}}