{"id":417798,"date":"2023-03-29T18:26:52","date_gmt":"2023-03-29T16:26:52","guid":{"rendered":"https:\/\/www.eenewseurope.com\/?p=417798"},"modified":"2023-03-30T10:29:13","modified_gmt":"2023-03-30T08:29:13","slug":"le-rachat-de-tower-par-intel-bloque-par-la-chine","status":"publish","type":"post","link":"https:\/\/www.ecinews.fr\/fr\/le-rachat-de-tower-par-intel-bloque-par-la-chine\/","title":{"rendered":"Le rachat de Tower par Intel bloqu\u00e9 par la Chine?"},"content":{"rendered":"<h2><span class=\"HwtZe\" lang=\"fr\"><span class=\"jCAhz ChMk0b\"><span class=\"ryNqvb\">Intel s&rsquo;est donn\u00e9 encore un trimestre pour tenter de boucler son deal d&rsquo;acquisition de la fonderie sp\u00e9cialis\u00e9e Tower Semiconductor Ltd bas\u00e9e \u00e0 Migdal Haemek en Israel.<\/span><\/span><\/span><\/h2>\n<p>&nbsp;<\/p>\n<p><span class=\"HwtZe\" lang=\"fr\"><span class=\"jCAhz ChMk0b\"><span class=\"ryNqvb\">Intel a annonc\u00e9 un plan de 5,4 milliards de dollars am\u00e9ricains pour acqu\u00e9rir Tower \u00e0 53 dollars par action, \u00e0 la mi-f\u00e9vrier 2022, d\u00e9clarant qu&rsquo;il pr\u00e9voyait de conclure l&rsquo;accord dans environ 12 mois, sous r\u00e9serve des approbations r\u00e9glementaires.<\/span><\/span> Ce rachat<span class=\"jCAhz ChMk0b\"><span class=\"ryNqvb\"> a \u00e9t\u00e9 largement consid\u00e9r\u00e9 comme un bon moyen pour Intel d&rsquo;absorber le savoir-faire et la culture d&rsquo;entreprise de la fonderie.<\/span><\/span> <\/span><\/p>\n<p><span class=\"HwtZe\" lang=\"fr\"><span class=\"jCAhz ChMk0b\"><span class=\"ryNqvb\">Cependant, 13 mois plus tard, l&rsquo;accord semble \u00eatre au point mort.<\/span><\/span> <span class=\"jCAhz ChMk0b\"><span class=\"ryNqvb\">Il a \u00e9t\u00e9 signal\u00e9 que l&rsquo;Administration d&rsquo;\u00c9tat chinoise pour la r\u00e9glementation du march\u00e9 (SAMR) avait suspendu l&rsquo;horloge lors de son examen de la transaction en janvier.<\/span><\/span> <span class=\"jCAhz ChMk0b\"><span class=\"ryNqvb\">Il est rapport\u00e9 qu&rsquo;Intel et Tower avaient r\u00e9pondu aux questions du r\u00e9gulateur fin janvier.<\/span><\/span><\/span><\/p>\n<p><span class=\"HwtZe\" lang=\"fr\"><span class=\"jCAhz ChMk0b\"><span class=\"ryNqvb\">\u00ab\u00a0Alors que nous continuons \u00e0 travailler pour conclure la transaction avec Tower au cours du premier trimestre 2023, la transaction pourrait \u00eatre conclue au cours du premier semestre 2023, sous r\u00e9serve de certaines approbations r\u00e9glementaires et des conditions de cl\u00f4ture habituelles\u00a0\u00bb, aurait d\u00e9clar\u00e9 Intel dans un communiqu\u00e9.<\/span><\/span> <span class=\"jCAhz ChMk0b\"><span class=\"ryNqvb\">Intel a nomm\u00e9 Stuart Pann pour diriger Intel Foundry Services.<\/span><\/span><\/span><\/p>\n<h4>Related links and articles:<\/h4>\n<p><a href=\"http:\/\/www.intel.com\">www.intel.com<\/a><\/p>\n<h4>News articles:<\/h4>\n<p><a href=\"https:\/\/www.eenewsanalog.com\/en\/intel-set-to-buy-foundry-tower-for-5-4-billion\/\">Intel set to buy foundry Tower for $5.4 billion<\/a><\/p>\n<p><a href=\"https:\/\/www.eenewseurope.com\/en\/business-planner-pann-to-lead-intel-foundry-services\/\">Business planner Pann to lead Intel Foundry Services<\/a><\/p>\n<p><a href=\"https:\/\/www.eenewseurope.com\/en\/intels-foundry-boss-is-set-to-move-on\/\">Intel\u2019s foundry boss is set to move on<\/a><\/p>\n<p><a href=\"https:\/\/www.eenewseurope.com\/en\/tower-foundrys-growth-tapers-down-in-3q22\/\">Tower foundry\u2019s growth tapers down in 3Q22<\/a><\/p>\n<p><a href=\"https:\/\/www.eenewsanalog.com\/en\/tower-raises-revenue-profit-before-joining-intel\/\">Tower raises revenue, profit before joining Intel<\/a><\/p>\n","protected":false},"excerpt":{"rendered":"<p>Intel s&rsquo;est donn\u00e9 encore un trimestre pour tenter de boucler son deal d&rsquo;acquisition de la fonderie sp\u00e9cialis\u00e9e Tower Semiconductor Ltd bas\u00e9e \u00e0 Migdal Haemek en Israel.<\/p>\n","protected":false},"author":4,"featured_media":71357,"comment_status":"closed","ping_status":"closed","sticky":true,"template":"","format":"standard","meta":{"_acf_changed":false,"footnotes":""},"categories":[880],"tags":[1795,1558,2157],"domains":[47],"ppma_author":[1136],"class_list":["post-417798","post","type-post","status-publish","format-standard","has-post-thumbnail","hentry","category-actualites-economiques","tag-fonderies","tag-semiconducteurs","tag-wafers-2","domains-electronique-eci"],"acf":[],"yoast_head":"<title>Intel acknowledges Tower takeover delay ...<\/title>\n<meta name=\"description\" content=\"Intel s&#039;est donn\u00e9 encore un trimestre pour tenter de boucler son deal d&#039;acquisition de la fonderie sp\u00e9cialis\u00e9e Tower Semiconductor Ltd\" \/>\n<meta name=\"robots\" content=\"index, follow, max-snippet:-1, max-image-preview:large, max-video-preview:-1\" \/>\n<link rel=\"canonical\" href=\"https:\/\/www.ecinews.fr\/fr\/wp-json\/wp\/v2\/posts\/417798\/\" \/>\n<meta property=\"og:locale\" content=\"fr_FR\" \/>\n<meta property=\"og:type\" content=\"article\" \/>\n<meta property=\"og:title\" content=\"Le rachat de Tower par Intel bloqu\u00e9 par la Chine?\" \/>\n<meta property=\"og:description\" content=\"Intel s&#039;est donn\u00e9 encore un trimestre pour tenter de boucler son deal d&#039;acquisition de la fonderie sp\u00e9cialis\u00e9e Tower Semiconductor Ltd\" \/>\n<meta property=\"og:url\" content=\"https:\/\/www.ecinews.fr\/fr\/wp-json\/wp\/v2\/posts\/417798\/\" \/>\n<meta property=\"og:site_name\" content=\"EENewsEurope\" \/>\n<meta property=\"article:published_time\" content=\"2023-03-29T16:26:52+00:00\" \/>\n<meta property=\"article:modified_time\" content=\"2023-03-30T08:29:13+00:00\" \/>\n<meta property=\"og:image\" content=\"https:\/\/www.eenewseurope.com\/wp-content\/uploads\/import\/default\/files\/sites\/default\/files\/images\/delayed630.jpg\" \/>\n\t<meta property=\"og:image:width\" content=\"630\" \/>\n\t<meta property=\"og:image:height\" content=\"387\" \/>\n\t<meta property=\"og:image:type\" content=\"image\/jpeg\" \/>\n<meta name=\"author\" content=\"Peter Clarke\" \/>\n<meta name=\"twitter:card\" content=\"summary_large_image\" \/>\n<meta name=\"twitter:label1\" content=\"Written by\" \/>\n\t<meta name=\"twitter:data1\" content=\"Peter Clarke\" \/>\n\t<meta name=\"twitter:label2\" content=\"Est. reading time\" \/>\n\t<meta name=\"twitter:data2\" content=\"2 minutes\" \/>\n<script type=\"application\/ld+json\" class=\"yoast-schema-graph\">{\"@context\":\"https:\/\/schema.org\",\"@graph\":[{\"@type\":\"Article\",\"@id\":\"https:\/\/www.eenewseurope.com\/fr\/le-rachat-de-tower-par-intel-bloque-par-la-chine\/#article\",\"isPartOf\":{\"@id\":\"https:\/\/www.eenewseurope.com\/fr\/le-rachat-de-tower-par-intel-bloque-par-la-chine\/\"},\"author\":{\"name\":\"Peter Clarke\",\"@id\":\"https:\/\/www.ecinews.fr\/fr\/#\/schema\/person\/bb22de2055b3a18f1d32a11e52b4a304\"},\"headline\":\"Le rachat de Tower par Intel bloqu\u00e9 par la Chine?\",\"datePublished\":\"2023-03-29T16:26:52+00:00\",\"dateModified\":\"2023-03-30T08:29:13+00:00\",\"mainEntityOfPage\":{\"@id\":\"https:\/\/www.eenewseurope.com\/fr\/le-rachat-de-tower-par-intel-bloque-par-la-chine\/\"},\"wordCount\":272,\"publisher\":{\"@id\":\"https:\/\/www.ecinews.fr\/fr\/#organization\"},\"keywords\":[\"Fonderies\",\"Semiconducteurs\",\"wafers\"],\"articleSection\":[\"Actualit\u00e9s \u00e9conomiques\"],\"inLanguage\":\"fr-FR\"},{\"@type\":\"WebPage\",\"@id\":\"https:\/\/www.eenewseurope.com\/fr\/le-rachat-de-tower-par-intel-bloque-par-la-chine\/\",\"url\":\"https:\/\/www.eenewseurope.com\/fr\/le-rachat-de-tower-par-intel-bloque-par-la-chine\/\",\"name\":\"Intel acknowledges Tower takeover delay\",\"isPartOf\":{\"@id\":\"https:\/\/www.ecinews.fr\/fr\/#website\"},\"datePublished\":\"2023-03-29T16:26:52+00:00\",\"dateModified\":\"2023-03-30T08:29:13+00:00\",\"description\":\"Intel s'est donn\u00e9 encore un trimestre pour tenter de boucler son deal d'acquisition de la fonderie sp\u00e9cialis\u00e9e Tower Semiconductor Ltd\",\"breadcrumb\":{\"@id\":\"https:\/\/www.eenewseurope.com\/fr\/le-rachat-de-tower-par-intel-bloque-par-la-chine\/#breadcrumb\"},\"inLanguage\":\"fr-FR\",\"potentialAction\":[{\"@type\":\"ReadAction\",\"target\":[\"https:\/\/www.eenewseurope.com\/fr\/le-rachat-de-tower-par-intel-bloque-par-la-chine\/\"]}]},{\"@type\":\"BreadcrumbList\",\"@id\":\"https:\/\/www.eenewseurope.com\/fr\/le-rachat-de-tower-par-intel-bloque-par-la-chine\/#breadcrumb\",\"itemListElement\":[{\"@type\":\"ListItem\",\"position\":1,\"name\":\"Home\",\"item\":\"https:\/\/www.ecinews.fr\/fr\/\"},{\"@type\":\"ListItem\",\"position\":2,\"name\":\"Le rachat de Tower par Intel bloqu\u00e9 par la Chine?\"}]},{\"@type\":\"WebSite\",\"@id\":\"https:\/\/www.ecinews.fr\/fr\/#website\",\"url\":\"https:\/\/www.ecinews.fr\/fr\/\",\"name\":\"EENewsEurope\",\"description\":\"Just another WordPress site\",\"publisher\":{\"@id\":\"https:\/\/www.ecinews.fr\/fr\/#organization\"},\"potentialAction\":[{\"@type\":\"SearchAction\",\"target\":{\"@type\":\"EntryPoint\",\"urlTemplate\":\"https:\/\/www.ecinews.fr\/fr\/?s={search_term_string}\"},\"query-input\":\"required name=search_term_string\"}],\"inLanguage\":\"fr-FR\"},{\"@type\":\"Organization\",\"@id\":\"https:\/\/www.ecinews.fr\/fr\/#organization\",\"name\":\"EENewsEurope\",\"url\":\"https:\/\/www.ecinews.fr\/fr\/\",\"logo\":{\"@type\":\"ImageObject\",\"inLanguage\":\"fr-FR\",\"@id\":\"https:\/\/www.ecinews.fr\/fr\/#\/schema\/logo\/image\/\",\"url\":\"https:\/\/www.ecinews.fr\/wp-content\/uploads\/2022\/02\/logo-1.jpg\",\"contentUrl\":\"https:\/\/www.ecinews.fr\/wp-content\/uploads\/2022\/02\/logo-1.jpg\",\"width\":283,\"height\":113,\"caption\":\"EENewsEurope\"},\"image\":{\"@id\":\"https:\/\/www.ecinews.fr\/fr\/#\/schema\/logo\/image\/\"}},{\"@type\":\"Person\",\"@id\":\"https:\/\/www.ecinews.fr\/fr\/#\/schema\/person\/bb22de2055b3a18f1d32a11e52b4a304\",\"name\":\"Peter Clarke\",\"image\":{\"@type\":\"ImageObject\",\"inLanguage\":\"fr-FR\",\"@id\":\"https:\/\/www.ecinews.fr\/fr\/#\/schema\/person\/image\/4b5bba5d58c6f51f0a8ea21c3dda4274\",\"url\":\"https:\/\/secure.gravatar.com\/avatar\/d567d206cb92a682963201f296594da4?s=96&d=mm&r=g\",\"contentUrl\":\"https:\/\/secure.gravatar.com\/avatar\/d567d206cb92a682963201f296594da4?s=96&d=mm&r=g\",\"caption\":\"Peter Clarke\"}}]}<\/script>","yoast_head_json":{"title":"Intel acknowledges Tower takeover delay ...","description":"Intel s'est donn\u00e9 encore un trimestre pour tenter de boucler son deal d'acquisition de la fonderie sp\u00e9cialis\u00e9e Tower Semiconductor Ltd","robots":{"index":"index","follow":"follow","max-snippet":"max-snippet:-1","max-image-preview":"max-image-preview:large","max-video-preview":"max-video-preview:-1"},"canonical":"https:\/\/www.ecinews.fr\/fr\/wp-json\/wp\/v2\/posts\/417798\/","og_locale":"fr_FR","og_type":"article","og_title":"Le rachat de Tower par Intel bloqu\u00e9 par la Chine?","og_description":"Intel s'est donn\u00e9 encore un trimestre pour tenter de boucler son deal d'acquisition de la fonderie sp\u00e9cialis\u00e9e Tower Semiconductor Ltd","og_url":"https:\/\/www.ecinews.fr\/fr\/wp-json\/wp\/v2\/posts\/417798\/","og_site_name":"EENewsEurope","article_published_time":"2023-03-29T16:26:52+00:00","article_modified_time":"2023-03-30T08:29:13+00:00","og_image":[{"width":630,"height":387,"url":"https:\/\/www.eenewseurope.com\/wp-content\/uploads\/import\/default\/files\/sites\/default\/files\/images\/delayed630.jpg","type":"image\/jpeg"}],"author":"Peter Clarke","twitter_card":"summary_large_image","twitter_misc":{"Written by":"Peter Clarke","Est. reading time":"2 minutes"},"schema":{"@context":"https:\/\/schema.org","@graph":[{"@type":"Article","@id":"https:\/\/www.eenewseurope.com\/fr\/le-rachat-de-tower-par-intel-bloque-par-la-chine\/#article","isPartOf":{"@id":"https:\/\/www.eenewseurope.com\/fr\/le-rachat-de-tower-par-intel-bloque-par-la-chine\/"},"author":{"name":"Peter Clarke","@id":"https:\/\/www.ecinews.fr\/fr\/#\/schema\/person\/bb22de2055b3a18f1d32a11e52b4a304"},"headline":"Le rachat de Tower par Intel bloqu\u00e9 par la Chine?","datePublished":"2023-03-29T16:26:52+00:00","dateModified":"2023-03-30T08:29:13+00:00","mainEntityOfPage":{"@id":"https:\/\/www.eenewseurope.com\/fr\/le-rachat-de-tower-par-intel-bloque-par-la-chine\/"},"wordCount":272,"publisher":{"@id":"https:\/\/www.ecinews.fr\/fr\/#organization"},"keywords":["Fonderies","Semiconducteurs","wafers"],"articleSection":["Actualit\u00e9s \u00e9conomiques"],"inLanguage":"fr-FR"},{"@type":"WebPage","@id":"https:\/\/www.eenewseurope.com\/fr\/le-rachat-de-tower-par-intel-bloque-par-la-chine\/","url":"https:\/\/www.eenewseurope.com\/fr\/le-rachat-de-tower-par-intel-bloque-par-la-chine\/","name":"Intel acknowledges Tower takeover delay","isPartOf":{"@id":"https:\/\/www.ecinews.fr\/fr\/#website"},"datePublished":"2023-03-29T16:26:52+00:00","dateModified":"2023-03-30T08:29:13+00:00","description":"Intel s'est donn\u00e9 encore un trimestre pour tenter de boucler son deal d'acquisition de la fonderie sp\u00e9cialis\u00e9e Tower Semiconductor Ltd","breadcrumb":{"@id":"https:\/\/www.eenewseurope.com\/fr\/le-rachat-de-tower-par-intel-bloque-par-la-chine\/#breadcrumb"},"inLanguage":"fr-FR","potentialAction":[{"@type":"ReadAction","target":["https:\/\/www.eenewseurope.com\/fr\/le-rachat-de-tower-par-intel-bloque-par-la-chine\/"]}]},{"@type":"BreadcrumbList","@id":"https:\/\/www.eenewseurope.com\/fr\/le-rachat-de-tower-par-intel-bloque-par-la-chine\/#breadcrumb","itemListElement":[{"@type":"ListItem","position":1,"name":"Home","item":"https:\/\/www.ecinews.fr\/fr\/"},{"@type":"ListItem","position":2,"name":"Le rachat de Tower par Intel bloqu\u00e9 par la Chine?"}]},{"@type":"WebSite","@id":"https:\/\/www.ecinews.fr\/fr\/#website","url":"https:\/\/www.ecinews.fr\/fr\/","name":"EENewsEurope","description":"Just another WordPress site","publisher":{"@id":"https:\/\/www.ecinews.fr\/fr\/#organization"},"potentialAction":[{"@type":"SearchAction","target":{"@type":"EntryPoint","urlTemplate":"https:\/\/www.ecinews.fr\/fr\/?s={search_term_string}"},"query-input":"required name=search_term_string"}],"inLanguage":"fr-FR"},{"@type":"Organization","@id":"https:\/\/www.ecinews.fr\/fr\/#organization","name":"EENewsEurope","url":"https:\/\/www.ecinews.fr\/fr\/","logo":{"@type":"ImageObject","inLanguage":"fr-FR","@id":"https:\/\/www.ecinews.fr\/fr\/#\/schema\/logo\/image\/","url":"https:\/\/www.ecinews.fr\/wp-content\/uploads\/2022\/02\/logo-1.jpg","contentUrl":"https:\/\/www.ecinews.fr\/wp-content\/uploads\/2022\/02\/logo-1.jpg","width":283,"height":113,"caption":"EENewsEurope"},"image":{"@id":"https:\/\/www.ecinews.fr\/fr\/#\/schema\/logo\/image\/"}},{"@type":"Person","@id":"https:\/\/www.ecinews.fr\/fr\/#\/schema\/person\/bb22de2055b3a18f1d32a11e52b4a304","name":"Peter Clarke","image":{"@type":"ImageObject","inLanguage":"fr-FR","@id":"https:\/\/www.ecinews.fr\/fr\/#\/schema\/person\/image\/4b5bba5d58c6f51f0a8ea21c3dda4274","url":"https:\/\/secure.gravatar.com\/avatar\/d567d206cb92a682963201f296594da4?s=96&d=mm&r=g","contentUrl":"https:\/\/secure.gravatar.com\/avatar\/d567d206cb92a682963201f296594da4?s=96&d=mm&r=g","caption":"Peter Clarke"}}]}},"authors":[{"term_id":1136,"user_id":4,"is_guest":0,"slug":"clarke","display_name":"Peter Clarke","avatar_url":"https:\/\/secure.gravatar.com\/avatar\/d567d206cb92a682963201f296594da4?s=96&d=mm&r=g","0":null,"1":"","2":"","3":"","4":"","5":"","6":"","7":"","8":""}],"_links":{"self":[{"href":"https:\/\/www.ecinews.fr\/fr\/wp-json\/wp\/v2\/posts\/417798"}],"collection":[{"href":"https:\/\/www.ecinews.fr\/fr\/wp-json\/wp\/v2\/posts"}],"about":[{"href":"https:\/\/www.ecinews.fr\/fr\/wp-json\/wp\/v2\/types\/post"}],"author":[{"embeddable":true,"href":"https:\/\/www.ecinews.fr\/fr\/wp-json\/wp\/v2\/users\/4"}],"replies":[{"embeddable":true,"href":"https:\/\/www.ecinews.fr\/fr\/wp-json\/wp\/v2\/comments?post=417798"}],"version-history":[{"count":0,"href":"https:\/\/www.ecinews.fr\/fr\/wp-json\/wp\/v2\/posts\/417798\/revisions"}],"wp:featuredmedia":[{"embeddable":true,"href":"https:\/\/www.ecinews.fr\/fr\/wp-json\/wp\/v2\/media\/71357"}],"wp:attachment":[{"href":"https:\/\/www.ecinews.fr\/fr\/wp-json\/wp\/v2\/media?parent=417798"}],"wp:term":[{"taxonomy":"category","embeddable":true,"href":"https:\/\/www.ecinews.fr\/fr\/wp-json\/wp\/v2\/categories?post=417798"},{"taxonomy":"post_tag","embeddable":true,"href":"https:\/\/www.ecinews.fr\/fr\/wp-json\/wp\/v2\/tags?post=417798"},{"taxonomy":"domains","embeddable":true,"href":"https:\/\/www.ecinews.fr\/fr\/wp-json\/wp\/v2\/domains?post=417798"},{"taxonomy":"author","embeddable":true,"href":"https:\/\/www.ecinews.fr\/fr\/wp-json\/wp\/v2\/ppma_author?post=417798"}],"curies":[{"name":"wp","href":"https:\/\/api.w.org\/{rel}","templated":true}]}}