{"id":416819,"date":"2023-03-20T18:47:06","date_gmt":"2023-03-20T17:47:06","guid":{"rendered":"https:\/\/www.eenewseurope.com\/?p=416819"},"modified":"2023-03-20T21:08:24","modified_gmt":"2023-03-20T20:08:24","slug":"amd-apporte-la-puissance-des-processeurs-5nm-x86-aux-applications-edge","status":"publish","type":"post","link":"https:\/\/www.ecinews.fr\/fr\/amd-apporte-la-puissance-des-processeurs-5nm-x86-aux-applications-edge\/","title":{"rendered":"AMD apporte la puissance des processeurs 5nm x86 aux applications edge"},"content":{"rendered":"<h2><span class=\"HwtZe\" lang=\"fr\"><span class=\"jCAhz ChMk0b\"><span class=\"ryNqvb\">AMD a lanc\u00e9 une famille de processeurs x86 pour les conceptions de pointe utilisant une technologie de process de 5 nm.<\/span><\/span> <\/span><\/h2>\n<p><span class=\"HwtZe\" lang=\"fr\"><span class=\"jCAhz ChMk0b\"><span class=\"ryNqvb\">Bien qu&rsquo;ils soient pr\u00e9sent\u00e9s pour utilisation dans les conceptions embarqu\u00e9es avec le lancement \u00e0 Embedded World (EW2023), les processeurs AMD EPYC Embedded s\u00e9rie 9004 ont une dissipation thermique de 200 W \u00e0 400 W.<\/span><\/span> <span class=\"jCAhz ChMk0b\"><span class=\"ryNqvb\">Ils utilisent l&rsquo;architecture EPYC Zen 4 de 4e g\u00e9n\u00e9ration et sont destin\u00e9s aux syst\u00e8mes int\u00e9gr\u00e9s de mise en r\u00e9seau, de s\u00e9curit\u00e9\/pare-feu et de stockage dans le cloud et l&rsquo;informatique d&rsquo;entreprise, ainsi qu&rsquo;aux serveurs EDGE industriels pour ateliers de fabrication.<\/span><\/span> <\/span><\/p>\n<p><span class=\"HwtZe\" lang=\"fr\"><span class=\"jCAhz ChMk0b\"><span class=\"ryNqvb\">Les premiers clients de ces puces sont Siemens et Advantech pour les pare-feu et les routeurs d\u00e9finis par logiciel, ainsi que les syst\u00e8mes de stockage d&rsquo;entreprise et cloud.<\/span><\/span><\/span><\/p>\n<ul>\n<li>\n<div class=\"content-wrapper\">\n<div class=\"title-wrapper\">\n<div class=\"title\"><a title=\"Le nouveau processeur AMD MI300 va changer la donne dans le HPC\" href=\"https:\/\/www.ecinews.fr\/fr\/amd-mi300-va-changer-la-donne-dans-le-hpc\/\" target=\"_blank\" rel=\"noopener\">Le nouveau processeur AMD MI300 va changer la donne dans le HPC<\/a><\/div>\n<div>\u00a0<\/div>\n<\/div>\n<\/div>\n<\/li>\n<li><a href=\"https:\/\/www.eenewseurope.com\/en\/amd-embedded-processor-targets-always-on-storage-and-networking\/\">AMD V3000 embedded processor targets storage and networking<\/a><\/li>\n<\/ul>\n<p><span class=\"HwtZe\" lang=\"fr\"><span class=\"jCAhz ChMk0b\"><span class=\"ryNqvb\">Il existe 10 mod\u00e8les de processeurs avec des options de performances allant de 16 \u00e0 96 c\u0153urs et incluent des fonctionnalit\u00e9s de s\u00e9curit\u00e9 pour aider \u00e0 minimiser les menaces et \u00e0 maintenir un environnement de calcul s\u00e9curis\u00e9 de la mise sous tension \u00e0 l&rsquo;ex\u00e9cution, ce qui les rend bien adapt\u00e9s aux applications avec des performances et des besoins de s\u00e9curit\u00e9 de classe entreprise.<\/span><\/span> <span class=\"jCAhz ChMk0b\"><span class=\"ryNqvb\">.<\/span><\/span><\/span><\/p>\n<p><span class=\"HwtZe\" lang=\"fr\"><span class=\"jCAhz ChMk0b\"><span class=\"ryNqvb\">\u00ab Supportant la fiabilit\u00e9 de niveau entreprise, les processeurs AMD EPYC Embedded s\u00e9rie 9004 sont destin\u00e9s aux charges de travail \u00e9lev\u00e9es, aux syst\u00e8mes embarqu\u00e9s \u00ab toujours actifs \u00bb n\u00e9cessitant des performances de calcul exceptionnelles et une agilit\u00e9 d&rsquo;E\/S dans un profil optimis\u00e9 en termes de puissance \u00bb, a d\u00e9clar\u00e9 Rajneesh Gaur, vice-pr\u00e9sident <\/span><\/span><span class=\"jCAhz ChMk0b\"><span class=\"ryNqvb\">et directeur g\u00e9n\u00e9ral, Embedded Solutions Group, AMD.<\/span><\/span> <span class=\"jCAhz ChMk0b\"><span class=\"ryNqvb\">\u00ab\u00a0Avec le lancement des processeurs EPYC Embedded 9004 Series, nous apportons la puissance de l&rsquo;informatique au niveau du centre de donn\u00e9es aux applications embarqu\u00e9es de mise en r\u00e9seau, de s\u00e9curit\u00e9, de stockage et industrielles.\u00a0\u00bb<\/span><\/span> <\/span><\/p>\n<p><span class=\"HwtZe\" lang=\"fr\"><span class=\"jCAhz ChMk0b\"><span class=\"ryNqvb\">Le 9004 comprend des fonctionnalit\u00e9s de serveur, notamment le pontage non transparent (NTB), qui contribue \u00e0 am\u00e9liorer la fiabilit\u00e9 du syst\u00e8me en permettant l&rsquo;\u00e9change de donn\u00e9es entre deux processeurs redondants et un module de m\u00e9moire hybride non volatile double en ligne (NVDIMM) qui permet de conserver les donn\u00e9es apr\u00e8s une panne de courant du syst\u00e8me ou<\/span><\/span> <span class=\"jCAhz ChMk0b\"><span class=\"ryNqvb\">r\u00e9initialis\u00e9 en enregistrant le contenu de la DRAM dans une m\u00e9moire Flash, tandis que l&rsquo;interface p\u00e9riph\u00e9rique s\u00e9rie double (SPI) permet \u00e0 deux ROM hors puce d&rsquo;\u00eatre prises en charge pour un d\u00e9marrage s\u00e9curis\u00e9.<\/span><\/span><\/span><\/p>\n<p><span class=\"HwtZe\" lang=\"fr\"><span class=\"jCAhz ChMk0b\"><span class=\"ryNqvb\">Il y aura une disponibilit\u00e9 des produits pendant sept ans pour r\u00e9pondre aux exigences int\u00e9gr\u00e9es de longue dur\u00e9e de vie et de support.<\/span><\/span> <\/span><\/p>\n<p><span class=\"HwtZe\" lang=\"fr\"><span class=\"jCAhz ChMk0b\"><span class=\"ryNqvb\">Le nouveau serveur SIMATIC IPC RS-828A de Siemens est utilise des processeurs EPYC Embedded 9004 Series.<\/span><\/span> <span class=\"jCAhz ChMk0b\"><span class=\"ryNqvb\">Le syst\u00e8me est con\u00e7u pour les infrastructures hyperconvergentes desservant un large \u00e9ventail d&rsquo;applications, notamment la fabrication automobile, les stations de base 5G et les clouds publics IoT.<\/span><\/span> <span class=\"jCAhz ChMk0b\"><span class=\"ryNqvb\">Le serveur peut \u00e9galement \u00eatre utile pour les applications impliquant l&rsquo;IA ou des calculs lourds, comme le suivi visuel dans un environnement de vente au d\u00e9tail.<\/span><\/span> <\/span><\/p>\n<p><span class=\"HwtZe\" lang=\"fr\"><span class=\"jCAhz ChMk0b\"><span class=\"ryNqvb\">\u00ab\u00a0Nous avons s\u00e9lectionn\u00e9 les processeurs AMD EPYC Embedded 9004 Series pour notre nouveau serveur hautes performances de classe centre de donn\u00e9es, car les processeurs offrent de mani\u00e8re fiable des performances et une efficacit\u00e9 \u00e9nerg\u00e9tique tout en \u00e9tant capables de fonctionner de mani\u00e8re transparente \u00e0 des temp\u00e9ratures extr\u00eames, ainsi que dans des environnements soumis \u00e0 des vibrations ou \u00e0 des interf\u00e9rences \u00e9lectromagn\u00e9tiques<\/span><\/span><span class=\"jCAhz ChMk0b\"><span class=\"ryNqvb\"> \u00bb, a d\u00e9clar\u00e9 Thibault de Assi, responsable de la branche informatique industrielle de Siemens.<\/span><\/span> <span class=\"jCAhz ChMk0b\"><span class=\"ryNqvb\">\u00ab Avec le leadership d&rsquo;AMD dans les centres de donn\u00e9es, nous avons pu tirer parti de son expertise exceptionnelle pour nos produits de qualit\u00e9 industrielle, o\u00f9 la performance et l&rsquo;efficacit\u00e9 sont primordiales.<\/span><\/span> <span class=\"jCAhz ChMk0b\"><span class=\"ryNqvb\">Les nouveaux processeurs ouvriront de nouvelles opportunit\u00e9s pour le march\u00e9 industriel.<\/span><\/span><\/span><\/p>\n<p><span class=\"HwtZe\" lang=\"fr\"><span class=\"jCAhz ChMk0b\"><span class=\"ryNqvb\">La carte serveur ASMB-831 d&rsquo;Advantech, avec montage en rack HPC-7420 4U, comprend cinq emplacements PCIe Gen5 x16 et deux emplacements PCIe Gen5 x8 pour quatre cartes \u00e0 double pont avec DDR5 4800 MHz RDIMM et jusqu&rsquo;\u00e0 384 Go (6 DIMM).<\/span><\/span> <span class=\"jCAhz ChMk0b\"><span class=\"ryNqvb\">La carte serveur ASMB-831 est con\u00e7ue pour permettre l&rsquo;analyse d&rsquo;images dans divers cas d&rsquo;utilisation, y compris la vision industrielle sur des machines, l&rsquo;AOI et la reconnaissance faciale pour les applications de ville intelligente et la surveillance de s\u00e9curit\u00e9.<\/span><\/span> <\/span><\/p>\n<p><span class=\"HwtZe\" lang=\"fr\"><span class=\"jCAhz ChMk0b\"><span class=\"ryNqvb\">Pr\u00e9sentation du processeur AMD EPYC Embedded s\u00e9rie\u00a09004<\/span><\/span><\/span><\/p>\n<table width=\"804\">\n<tbody>\n<tr>\n<td>\n<p>OPN<\/p>\n<\/td>\n<td>\n<p>Model<\/p>\n<\/td>\n<td>\n<p>Cores<\/p>\n<\/td>\n<td>\n<p>Nominal TDP (W)<\/p>\n<\/td>\n<td>\n<p>cTDP (W)<\/p>\n<\/td>\n<td>\n<p>Base\u00a0<\/p>\n<p>Freq<\/p>\n<p>(GHz)<\/p>\n<\/td>\n<td>\n<p>Max Freq<\/p>\n<p>(GHz)<\/p>\n<\/td>\n<\/tr>\n<tr>\n<td>\n<p>100-000000921<\/p>\n<\/td>\n<td>\n<p>9654<\/p>\n<\/td>\n<td>\n<p>96<\/p>\n<\/td>\n<td>\n<p>360<\/p>\n<\/td>\n<td>\n<p>320-400<\/p>\n<\/td>\n<td>\n<p>2.4<\/p>\n<\/td>\n<td>\n<p>3.7<\/p>\n<\/td>\n<\/tr>\n<tr>\n<td>\n<p>100-000000912<\/p>\n<\/td>\n<td>\n<p>9554<\/p>\n<\/td>\n<td>\n<p>64<\/p>\n<\/td>\n<td>\n<p>360<\/p>\n<\/td>\n<td>\n<p>320-400<\/p>\n<\/td>\n<td>\n<p>3.1<\/p>\n<\/td>\n<td>\n<p>3.75<\/p>\n<\/td>\n<\/tr>\n<tr>\n<td>\n<p>100-000000913<\/p>\n<\/td>\n<td>\n<p>9454<\/p>\n<\/td>\n<td>\n<p>48<\/p>\n<\/td>\n<td>\n<p>290<\/p>\n<\/td>\n<td>\n<p>240-300<\/p>\n<\/td>\n<td>\n<p>2.75<\/p>\n<\/td>\n<td>\n<p>3.8<\/p>\n<\/td>\n<\/tr>\n<tr>\n<td>\n<p>100-000000914<\/p>\n<\/td>\n<td>\n<p>9354<\/p>\n<\/td>\n<td>\n<p>32<\/p>\n<\/td>\n<td>\n<p>280<\/p>\n<\/td>\n<td>\n<p>240-300<\/p>\n<\/td>\n<td>\n<p>3.25<\/p>\n<\/td>\n<td>\n<p>3.8<\/p>\n<\/td>\n<\/tr>\n<tr>\n<td>\n<p>100-000000915<\/p>\n<\/td>\n<td>\n<p>9254<\/p>\n<\/td>\n<td>\n<p>24<\/p>\n<\/td>\n<td>\n<p>200<\/p>\n<\/td>\n<td>\n<p>200-240<\/p>\n<\/td>\n<td>\n<p>2.9<\/p>\n<\/td>\n<td>\n<p>4.15<\/p>\n<\/td>\n<\/tr>\n<tr>\n<td>\n<p>100-000000916<\/p>\n<\/td>\n<td>\n<p>9124<\/p>\n<\/td>\n<td>\n<p>16<\/p>\n<\/td>\n<td>\n<p>200<\/p>\n<\/td>\n<td>\n<p>200-240<\/p>\n<\/td>\n<td>\n<p>3.0<\/p>\n<\/td>\n<td>\n<p>3.7<\/p>\n<\/td>\n<\/tr>\n<tr>\n<td>\n<p>100-000000917<\/p>\n<\/td>\n<td>\n<p>9654P<\/p>\n<\/td>\n<td>\n<p>96<\/p>\n<\/td>\n<td>\n<p>360<\/p>\n<\/td>\n<td>\n<p>320-400<\/p>\n<\/td>\n<td>\n<p>2.4<\/p>\n<\/td>\n<td>\n<p>3.7<\/p>\n<\/td>\n<\/tr>\n<tr>\n<td>\n<p>100-000000918<\/p>\n<\/td>\n<td>\n<p>9554P<\/p>\n<\/td>\n<td>\n<p>64<\/p>\n<\/td>\n<td>\n<p>360<\/p>\n<\/td>\n<td>\n<p>320-400<\/p>\n<\/td>\n<td>\n<p>3.1<\/p>\n<\/td>\n<td>\n<p>3.75<\/p>\n<\/td>\n<\/tr>\n<tr>\n<td>\n<p>100-000000919<\/p>\n<\/td>\n<td>\n<p>9454P<\/p>\n<\/td>\n<td>\n<p>48<\/p>\n<\/td>\n<td>\n<p>290<\/p>\n<\/td>\n<td>\n<p>240-300<\/p>\n<\/td>\n<td>\n<p>2.75<\/p>\n<\/td>\n<td>\n<p>3.8<\/p>\n<\/td>\n<\/tr>\n<tr>\n<td>\n<p>100-000000920<\/p>\n<\/td>\n<td>\n<p>9354P<\/p>\n<\/td>\n<td>\n<p>32<\/p>\n<\/td>\n<td>\n<p>280<\/p>\n<\/td>\n<td>\n<p>240-300<\/p>\n<\/td>\n<td>\n<p>3.25<\/p>\n<\/td>\n<td>\n<p>3.8<\/p>\n<\/td>\n<\/tr>\n<\/tbody>\n<\/table>\n<p>&nbsp;<\/p>\n<p><span class=\"HwtZe\" lang=\"fr\"><span class=\"jCAhz ChMk0b\"><span class=\"ryNqvb\">Les processeurs AMD EPYC Embedded s\u00e9rie 9004 sont en cours d&rsquo;\u00e9chantillonnage avec des exp\u00e9ditions de production pr\u00e9vues en avril 2023. Pour acc\u00e9l\u00e9rer le d\u00e9veloppement, des kits d&rsquo;\u00e9valuation comprenant une carte de r\u00e9f\u00e9rence, une documentation compl\u00e8te et les kits d&rsquo;outils de d\u00e9veloppement sont disponibles d\u00e8s maintenant.<\/span><\/span><\/span><\/p>\n<p><a href=\"http:\/\/www.amd.com\">www.amd.com<\/a><\/p>\n","protected":false},"excerpt":{"rendered":"<p>AMD apporte la puissance des processeurs 5nm x86 aux applications edge<\/p>\n","protected":false},"author":34,"featured_media":416556,"comment_status":"closed","ping_status":"closed","sticky":false,"template":"","format":"standard","meta":{"_acf_changed":false,"footnotes":""},"categories":[881],"tags":[2770,906,3079],"domains":[47],"ppma_author":[1153,1138],"class_list":["post-416819","post","type-post","status-publish","format-standard","has-post-thumbnail","hentry","category-nouveaux-produits","tag-edge-fr","tag-mpus-mcus-fr","tag-x86","domains-electronique-eci"],"acf":[],"yoast_head":"<title>AMD apporte la puissance des processeurs 5nm x86 aux applicatio...<\/title>\n<meta name=\"description\" content=\"AMD apporte la puissance des processeurs 5nm x86 aux applications edge dans l&#039;industrie, l&#039;automobile et l&#039;IoT\" \/>\n<meta name=\"robots\" content=\"index, follow, max-snippet:-1, max-image-preview:large, max-video-preview:-1\" \/>\n<link rel=\"canonical\" href=\"https:\/\/www.ecinews.fr\/fr\/wp-json\/wp\/v2\/posts\/416819\/\" \/>\n<meta property=\"og:locale\" content=\"fr_FR\" \/>\n<meta property=\"og:type\" content=\"article\" \/>\n<meta property=\"og:title\" content=\"AMD apporte la puissance des processeurs 5nm x86 aux applications edge\" \/>\n<meta property=\"og:description\" content=\"AMD apporte la puissance des processeurs 5nm x86 aux applications edge dans l&#039;industrie, l&#039;automobile et l&#039;IoT\" \/>\n<meta property=\"og:url\" content=\"https:\/\/www.ecinews.fr\/fr\/wp-json\/wp\/v2\/posts\/416819\/\" \/>\n<meta property=\"og:site_name\" content=\"EENewsEurope\" \/>\n<meta property=\"article:published_time\" content=\"2023-03-20T17:47:06+00:00\" \/>\n<meta property=\"article:modified_time\" content=\"2023-03-20T20:08:24+00:00\" \/>\n<meta property=\"og:image\" content=\"https:\/\/www.ecinews.fr\/wp-content\/uploads\/2023\/03\/AMD_embedded-scaled.jpg\" \/>\n\t<meta property=\"og:image:width\" content=\"1080\" \/>\n\t<meta property=\"og:image:height\" content=\"609\" \/>\n\t<meta property=\"og:image:type\" content=\"image\/jpeg\" \/>\n<meta name=\"author\" content=\"A Delapalisse, Nick Flaherty\" \/>\n<meta name=\"twitter:card\" content=\"summary_large_image\" \/>\n<meta name=\"twitter:label1\" content=\"Written by\" \/>\n\t<meta name=\"twitter:data1\" content=\"A Delapalisse\" \/>\n\t<meta name=\"twitter:label2\" content=\"Est. reading time\" \/>\n\t<meta name=\"twitter:data2\" content=\"4 minutes\" \/>\n<script type=\"application\/ld+json\" class=\"yoast-schema-graph\">{\"@context\":\"https:\/\/schema.org\",\"@graph\":[{\"@type\":\"Article\",\"@id\":\"https:\/\/www.ecinews.fr\/fr\/amd-apporte-la-puissance-des-processeurs-5nm-x86-aux-applications-edge\/#article\",\"isPartOf\":{\"@id\":\"https:\/\/www.ecinews.fr\/fr\/amd-apporte-la-puissance-des-processeurs-5nm-x86-aux-applications-edge\/\"},\"author\":{\"name\":\"A Delapalisse\",\"@id\":\"https:\/\/www.ecinews.fr\/fr\/#\/schema\/person\/0aa2cfb0bd8949724a68cbac8d8321b4\"},\"headline\":\"AMD apporte la puissance des processeurs 5nm x86 aux applications edge\",\"datePublished\":\"2023-03-20T17:47:06+00:00\",\"dateModified\":\"2023-03-20T20:08:24+00:00\",\"mainEntityOfPage\":{\"@id\":\"https:\/\/www.ecinews.fr\/fr\/amd-apporte-la-puissance-des-processeurs-5nm-x86-aux-applications-edge\/\"},\"wordCount\":856,\"publisher\":{\"@id\":\"https:\/\/www.ecinews.fr\/fr\/#organization\"},\"keywords\":[\"Edge\",\"MPUs\/MCUs\",\"x86\"],\"articleSection\":[\"Nouveaux produits\"],\"inLanguage\":\"fr-FR\"},{\"@type\":\"WebPage\",\"@id\":\"https:\/\/www.ecinews.fr\/fr\/amd-apporte-la-puissance-des-processeurs-5nm-x86-aux-applications-edge\/\",\"url\":\"https:\/\/www.ecinews.fr\/fr\/amd-apporte-la-puissance-des-processeurs-5nm-x86-aux-applications-edge\/\",\"name\":\"AMD apporte la puissance des processeurs 5nm x86 aux applications edge -\",\"isPartOf\":{\"@id\":\"https:\/\/www.ecinews.fr\/fr\/#website\"},\"datePublished\":\"2023-03-20T17:47:06+00:00\",\"dateModified\":\"2023-03-20T20:08:24+00:00\",\"description\":\"AMD apporte la puissance des processeurs 5nm x86 aux applications edge dans l'industrie, l'automobile et l'IoT\",\"breadcrumb\":{\"@id\":\"https:\/\/www.ecinews.fr\/fr\/amd-apporte-la-puissance-des-processeurs-5nm-x86-aux-applications-edge\/#breadcrumb\"},\"inLanguage\":\"fr-FR\",\"potentialAction\":[{\"@type\":\"ReadAction\",\"target\":[\"https:\/\/www.ecinews.fr\/fr\/amd-apporte-la-puissance-des-processeurs-5nm-x86-aux-applications-edge\/\"]}]},{\"@type\":\"BreadcrumbList\",\"@id\":\"https:\/\/www.ecinews.fr\/fr\/amd-apporte-la-puissance-des-processeurs-5nm-x86-aux-applications-edge\/#breadcrumb\",\"itemListElement\":[{\"@type\":\"ListItem\",\"position\":1,\"name\":\"Home\",\"item\":\"https:\/\/www.ecinews.fr\/fr\/\"},{\"@type\":\"ListItem\",\"position\":2,\"name\":\"AMD apporte la puissance des processeurs 5nm x86 aux applications edge\"}]},{\"@type\":\"WebSite\",\"@id\":\"https:\/\/www.ecinews.fr\/fr\/#website\",\"url\":\"https:\/\/www.ecinews.fr\/fr\/\",\"name\":\"EENewsEurope\",\"description\":\"Just another WordPress site\",\"publisher\":{\"@id\":\"https:\/\/www.ecinews.fr\/fr\/#organization\"},\"potentialAction\":[{\"@type\":\"SearchAction\",\"target\":{\"@type\":\"EntryPoint\",\"urlTemplate\":\"https:\/\/www.ecinews.fr\/fr\/?s={search_term_string}\"},\"query-input\":\"required name=search_term_string\"}],\"inLanguage\":\"fr-FR\"},{\"@type\":\"Organization\",\"@id\":\"https:\/\/www.ecinews.fr\/fr\/#organization\",\"name\":\"EENewsEurope\",\"url\":\"https:\/\/www.ecinews.fr\/fr\/\",\"logo\":{\"@type\":\"ImageObject\",\"inLanguage\":\"fr-FR\",\"@id\":\"https:\/\/www.ecinews.fr\/fr\/#\/schema\/logo\/image\/\",\"url\":\"https:\/\/www.ecinews.fr\/wp-content\/uploads\/2022\/02\/logo-1.jpg\",\"contentUrl\":\"https:\/\/www.ecinews.fr\/wp-content\/uploads\/2022\/02\/logo-1.jpg\",\"width\":283,\"height\":113,\"caption\":\"EENewsEurope\"},\"image\":{\"@id\":\"https:\/\/www.ecinews.fr\/fr\/#\/schema\/logo\/image\/\"}},{\"@type\":\"Person\",\"@id\":\"https:\/\/www.ecinews.fr\/fr\/#\/schema\/person\/0aa2cfb0bd8949724a68cbac8d8321b4\",\"name\":\"A Delapalisse\",\"image\":{\"@type\":\"ImageObject\",\"inLanguage\":\"fr-FR\",\"@id\":\"https:\/\/www.ecinews.fr\/fr\/#\/schema\/person\/image\/211ac42237c2e9683c0964086c393cb4\",\"url\":\"https:\/\/secure.gravatar.com\/avatar\/ad45a8c5da24bc9c7c4940dd1c48a695?s=96&d=mm&r=g\",\"contentUrl\":\"https:\/\/secure.gravatar.com\/avatar\/ad45a8c5da24bc9c7c4940dd1c48a695?s=96&d=mm&r=g\",\"caption\":\"A Delapalisse\"},\"sameAs\":[\"http:\/\/ECI\"]}]}<\/script>","yoast_head_json":{"title":"AMD apporte la puissance des processeurs 5nm x86 aux applicatio...","description":"AMD apporte la puissance des processeurs 5nm x86 aux applications edge dans l'industrie, l'automobile et l'IoT","robots":{"index":"index","follow":"follow","max-snippet":"max-snippet:-1","max-image-preview":"max-image-preview:large","max-video-preview":"max-video-preview:-1"},"canonical":"https:\/\/www.ecinews.fr\/fr\/wp-json\/wp\/v2\/posts\/416819\/","og_locale":"fr_FR","og_type":"article","og_title":"AMD apporte la puissance des processeurs 5nm x86 aux applications edge","og_description":"AMD apporte la puissance des processeurs 5nm x86 aux applications edge dans l'industrie, l'automobile et l'IoT","og_url":"https:\/\/www.ecinews.fr\/fr\/wp-json\/wp\/v2\/posts\/416819\/","og_site_name":"EENewsEurope","article_published_time":"2023-03-20T17:47:06+00:00","article_modified_time":"2023-03-20T20:08:24+00:00","og_image":[{"width":1080,"height":609,"url":"https:\/\/www.ecinews.fr\/wp-content\/uploads\/2023\/03\/AMD_embedded-scaled.jpg","type":"image\/jpeg"}],"author":"A Delapalisse, Nick Flaherty","twitter_card":"summary_large_image","twitter_misc":{"Written by":"A Delapalisse","Est. reading time":"4 minutes"},"schema":{"@context":"https:\/\/schema.org","@graph":[{"@type":"Article","@id":"https:\/\/www.ecinews.fr\/fr\/amd-apporte-la-puissance-des-processeurs-5nm-x86-aux-applications-edge\/#article","isPartOf":{"@id":"https:\/\/www.ecinews.fr\/fr\/amd-apporte-la-puissance-des-processeurs-5nm-x86-aux-applications-edge\/"},"author":{"name":"A Delapalisse","@id":"https:\/\/www.ecinews.fr\/fr\/#\/schema\/person\/0aa2cfb0bd8949724a68cbac8d8321b4"},"headline":"AMD apporte la puissance des processeurs 5nm x86 aux applications edge","datePublished":"2023-03-20T17:47:06+00:00","dateModified":"2023-03-20T20:08:24+00:00","mainEntityOfPage":{"@id":"https:\/\/www.ecinews.fr\/fr\/amd-apporte-la-puissance-des-processeurs-5nm-x86-aux-applications-edge\/"},"wordCount":856,"publisher":{"@id":"https:\/\/www.ecinews.fr\/fr\/#organization"},"keywords":["Edge","MPUs\/MCUs","x86"],"articleSection":["Nouveaux produits"],"inLanguage":"fr-FR"},{"@type":"WebPage","@id":"https:\/\/www.ecinews.fr\/fr\/amd-apporte-la-puissance-des-processeurs-5nm-x86-aux-applications-edge\/","url":"https:\/\/www.ecinews.fr\/fr\/amd-apporte-la-puissance-des-processeurs-5nm-x86-aux-applications-edge\/","name":"AMD apporte la puissance des processeurs 5nm x86 aux applications edge -","isPartOf":{"@id":"https:\/\/www.ecinews.fr\/fr\/#website"},"datePublished":"2023-03-20T17:47:06+00:00","dateModified":"2023-03-20T20:08:24+00:00","description":"AMD apporte la puissance des processeurs 5nm x86 aux applications edge dans l'industrie, l'automobile et l'IoT","breadcrumb":{"@id":"https:\/\/www.ecinews.fr\/fr\/amd-apporte-la-puissance-des-processeurs-5nm-x86-aux-applications-edge\/#breadcrumb"},"inLanguage":"fr-FR","potentialAction":[{"@type":"ReadAction","target":["https:\/\/www.ecinews.fr\/fr\/amd-apporte-la-puissance-des-processeurs-5nm-x86-aux-applications-edge\/"]}]},{"@type":"BreadcrumbList","@id":"https:\/\/www.ecinews.fr\/fr\/amd-apporte-la-puissance-des-processeurs-5nm-x86-aux-applications-edge\/#breadcrumb","itemListElement":[{"@type":"ListItem","position":1,"name":"Home","item":"https:\/\/www.ecinews.fr\/fr\/"},{"@type":"ListItem","position":2,"name":"AMD apporte la puissance des processeurs 5nm x86 aux applications edge"}]},{"@type":"WebSite","@id":"https:\/\/www.ecinews.fr\/fr\/#website","url":"https:\/\/www.ecinews.fr\/fr\/","name":"EENewsEurope","description":"Just another WordPress site","publisher":{"@id":"https:\/\/www.ecinews.fr\/fr\/#organization"},"potentialAction":[{"@type":"SearchAction","target":{"@type":"EntryPoint","urlTemplate":"https:\/\/www.ecinews.fr\/fr\/?s={search_term_string}"},"query-input":"required name=search_term_string"}],"inLanguage":"fr-FR"},{"@type":"Organization","@id":"https:\/\/www.ecinews.fr\/fr\/#organization","name":"EENewsEurope","url":"https:\/\/www.ecinews.fr\/fr\/","logo":{"@type":"ImageObject","inLanguage":"fr-FR","@id":"https:\/\/www.ecinews.fr\/fr\/#\/schema\/logo\/image\/","url":"https:\/\/www.ecinews.fr\/wp-content\/uploads\/2022\/02\/logo-1.jpg","contentUrl":"https:\/\/www.ecinews.fr\/wp-content\/uploads\/2022\/02\/logo-1.jpg","width":283,"height":113,"caption":"EENewsEurope"},"image":{"@id":"https:\/\/www.ecinews.fr\/fr\/#\/schema\/logo\/image\/"}},{"@type":"Person","@id":"https:\/\/www.ecinews.fr\/fr\/#\/schema\/person\/0aa2cfb0bd8949724a68cbac8d8321b4","name":"A Delapalisse","image":{"@type":"ImageObject","inLanguage":"fr-FR","@id":"https:\/\/www.ecinews.fr\/fr\/#\/schema\/person\/image\/211ac42237c2e9683c0964086c393cb4","url":"https:\/\/secure.gravatar.com\/avatar\/ad45a8c5da24bc9c7c4940dd1c48a695?s=96&d=mm&r=g","contentUrl":"https:\/\/secure.gravatar.com\/avatar\/ad45a8c5da24bc9c7c4940dd1c48a695?s=96&d=mm&r=g","caption":"A Delapalisse"},"sameAs":["http:\/\/ECI"]}]}},"authors":[{"term_id":1153,"user_id":34,"is_guest":0,"slug":"adelapalisse","display_name":"A Delapalisse","avatar_url":"https:\/\/secure.gravatar.com\/avatar\/ad45a8c5da24bc9c7c4940dd1c48a695?s=96&d=mm&r=g","0":null,"1":"","2":"","3":"","4":"","5":"","6":"","7":"","8":""},{"term_id":1138,"user_id":6,"is_guest":0,"slug":"flaherty","display_name":"Nick Flaherty","avatar_url":"https:\/\/secure.gravatar.com\/avatar\/49bd04ef46c3ee89575adaf950e76b64?s=96&d=mm&r=g","0":null,"1":"","2":"","3":"","4":"","5":"","6":"","7":"","8":""}],"_links":{"self":[{"href":"https:\/\/www.ecinews.fr\/fr\/wp-json\/wp\/v2\/posts\/416819"}],"collection":[{"href":"https:\/\/www.ecinews.fr\/fr\/wp-json\/wp\/v2\/posts"}],"about":[{"href":"https:\/\/www.ecinews.fr\/fr\/wp-json\/wp\/v2\/types\/post"}],"author":[{"embeddable":true,"href":"https:\/\/www.ecinews.fr\/fr\/wp-json\/wp\/v2\/users\/34"}],"replies":[{"embeddable":true,"href":"https:\/\/www.ecinews.fr\/fr\/wp-json\/wp\/v2\/comments?post=416819"}],"version-history":[{"count":0,"href":"https:\/\/www.ecinews.fr\/fr\/wp-json\/wp\/v2\/posts\/416819\/revisions"}],"wp:featuredmedia":[{"embeddable":true,"href":"https:\/\/www.ecinews.fr\/fr\/wp-json\/wp\/v2\/media\/416556"}],"wp:attachment":[{"href":"https:\/\/www.ecinews.fr\/fr\/wp-json\/wp\/v2\/media?parent=416819"}],"wp:term":[{"taxonomy":"category","embeddable":true,"href":"https:\/\/www.ecinews.fr\/fr\/wp-json\/wp\/v2\/categories?post=416819"},{"taxonomy":"post_tag","embeddable":true,"href":"https:\/\/www.ecinews.fr\/fr\/wp-json\/wp\/v2\/tags?post=416819"},{"taxonomy":"domains","embeddable":true,"href":"https:\/\/www.ecinews.fr\/fr\/wp-json\/wp\/v2\/domains?post=416819"},{"taxonomy":"author","embeddable":true,"href":"https:\/\/www.ecinews.fr\/fr\/wp-json\/wp\/v2\/ppma_author?post=416819"}],"curies":[{"name":"wp","href":"https:\/\/api.w.org\/{rel}","templated":true}]}}