{"id":416795,"date":"2023-03-20T15:13:59","date_gmt":"2023-03-20T14:13:59","guid":{"rendered":"https:\/\/www.eenewseurope.com\/?p=416795"},"modified":"2023-03-23T11:06:20","modified_gmt":"2023-03-23T10:06:20","slug":"le-projet-de-fab-de-tsmc-a-dresde-avance","status":"publish","type":"post","link":"https:\/\/www.ecinews.fr\/fr\/le-projet-de-fab-de-tsmc-a-dresde-avance\/","title":{"rendered":"Le projet de Fab de TSMC \u00e0 Dresde avance mais Ta\u00efwan veut des contreparties"},"content":{"rendered":"<h2><span class=\"HwtZe\" lang=\"fr\"><span class=\"jCAhz ChMk0b\"><span class=\"ryNqvb\">Les discussions entre la fonderie ta\u00efwanaise TSMC et l&rsquo;\u00c9tat allemand de Saxe sur la construction d&rsquo;une Fab \u00e0 Dresde portent sur le montant des subventions, selon un rapport de Reuters.<\/span><\/span><\/span><\/h2>\n<p>&nbsp;<\/p>\n<p><span class=\"HwtZe\" lang=\"fr\">\u00a0<span class=\"jCAhz ChMk0b\"><span class=\"ryNqvb\">Alors que les gouvernements f\u00e9d\u00e9ral et des \u00c9tats allemands sont pr\u00eats \u00e0 apporter des fonds, un soutien suppl\u00e9mentaire de l&rsquo;Union europ\u00e9enne pourrait \u00eatre n\u00e9cessaire pour atteindre les niveaux de subvention demand\u00e9s par TSMC, indique le rapport en faisant r\u00e9f\u00e9rence \u00e0 une source anonyme.<\/span><\/span> <span class=\"jCAhz ChMk0b\"><span class=\"ryNqvb\">Une question secondaire est de savoir si Ta\u00efwan essaiera de lier la cr\u00e9ation d&rsquo;une Fab en Europe \u00e0 une reconnaissance du pays insulaire par le biais d&rsquo;un accord commercial.<\/span><\/span> <\/span><\/p>\n<p><span class=\"HwtZe\" lang=\"fr\"><span class=\"jCAhz ChMk0b\"><span class=\"ryNqvb\">L&rsquo;Union europ\u00e9enne semble h\u00e9siter \u00e0 entamer des n\u00e9gociations commerciales avec Ta\u00efwan de peur de contrarier la R\u00e9publique populaire de Chine (RPC).<\/span><\/span> <span class=\"jCAhz ChMk0b\"><span class=\"ryNqvb\">Pendant ce temps, Ta\u00efwan fait face \u00e0 la menace d&rsquo;une invasion de la RPC, qui consid\u00e8re Ta\u00efwan comme un territoire ren\u00e9gat dont elle prendra le contr\u00f4le \u00e0 un moment de son choix.<\/span><\/span><\/span><\/p>\n<p><span class=\"HwtZe\" lang=\"fr\"><span class=\"jCAhz ChMk0b\"><span class=\"ryNqvb\">TSMC a reconnu avoir ouvert des discussions avec des clients et le gouvernement allemand en 2021 (voir <a href=\"https:\/\/www.eenewseurope.com\/en\/tsmc-opens-wafer-fab-talks-with-german-government\/\">TSMC opens wafer fab talks with German government<\/a> et <a href=\"https:\/\/www.eenewsanalog.com\/news\/tsmc-confirms-german-fab-talks\">TSMC confirms German fab talks<\/a> ).<\/span><\/span> <span class=\"jCAhz ChMk0b\"><span class=\"ryNqvb\">Jusque-l\u00e0, la soci\u00e9t\u00e9 avait refus\u00e9 d&rsquo;envisager une fabrication en Europe, affirmant qu&rsquo;elle pr\u00e9f\u00e9rait regrouper ses usines \u00e0 Ta\u00efwan pour des \u00e9conomies d&rsquo;\u00e9chelle.<\/span><\/span> <\/span><\/p>\n<p><span class=\"HwtZe\" lang=\"fr\"><span class=\"jCAhz ChMk0b\"><span class=\"ryNqvb\">L&rsquo;Union europ\u00e9enne a fait passer la loi sur les puces (European Chips Act) qui, en th\u00e9orie, assouplira les r\u00e8gles de financement des gouvernements nationaux pour les Fabs de semiconducteurs.<\/span><\/span> <span class=\"jCAhz ChMk0b\"><span class=\"ryNqvb\">Les grands pays et les blocs r\u00e9gionaux tentent de garantir l&rsquo;approvisionnement en puces de leurs industries nationales apr\u00e8s la rupture des cha\u00eenes d&rsquo;approvisionnement en 2020 et 2021. Les investissements \u00e9trangers dans les Fabs ont obtenu pendant de nombreuses ann\u00e9es des niveaux de subvention d&rsquo;environ un tiers des d\u00e9penses d&rsquo;investissement, mais dans la plupart des cas<\/span><\/span> <span class=\"jCAhz ChMk0b\"><span class=\"ryNqvb\">la r\u00e9cente s\u00e9rie d&rsquo;annonces d&rsquo;investissements, les subventions ont atteint 40 \u00e0 50 % (voir <a href=\"https:\/\/www.eenewseurope.com\/en\/intel-delays-german-fab-wants-more-subsidy\/\">Intel delays German fab, wants more subsidy<\/a>) <br \/>\n<\/span><\/span><\/span><\/p>\n<p><span class=\"HwtZe\" lang=\"fr\"><span class=\"jCAhz ChMk0b\"><span class=\"ryNqvb\">Les m\u00eames nations et blocs r\u00e9gionaux qui recherchent le soutien de leaders dans la production de puces tels que TSMC, Samsung, Intel et Globalfoundries sont \u00e9galement d\u00e9sireux d&rsquo;\u00e9viter l&rsquo;escalade des niveaux de subvention.<\/span><\/span> <\/span><\/p>\n<p><span class=\"HwtZe\" lang=\"fr\"><span class=\"jCAhz ChMk0b\"><span class=\"ryNqvb\">Des d\u00e9l\u00e9gations de Saxe se sont rendues \u00e0 Ta\u00efwan pour des entretiens avec TSMC, a d\u00e9clar\u00e9 Reuters faisant r\u00e9f\u00e9rence \u00e0 des sources anonymes.<\/span><\/span> <span class=\"jCAhz ChMk0b\"><span class=\"ryNqvb\">Le Commercial Times en chinois a d\u00e9clar\u00e9 qu&rsquo;une date de d\u00e9but de production de 2025 avait \u00e9t\u00e9 fix\u00e9e pour une usine de Dresde qui soutiendrait les entreprises automobiles et les clients industriels avec des processus sp\u00e9cialis\u00e9s.<\/span><\/span> <\/span><\/p>\n<p><span class=\"HwtZe\" lang=\"fr\"><span class=\"jCAhz ChMk0b\"><span class=\"ryNqvb\">TSMC est d\u00e9j\u00e0 en train de construire un cluster de m\u00e9ga-Fabs en Arizona et une Fab au Japon en r\u00e9ponse \u00e0 des int\u00e9r\u00eats nationaux similaires en mati\u00e8re de cha\u00eene d&rsquo;approvisionnement ( voir <a href=\"https:\/\/www.eenewseurope.com\/en\/tsmc-mulls-second-japanese-wafer-fab\/\">TSMC mulls second Japanese wafer fab<\/a>).<\/span><\/span> <span class=\"jCAhz ChMk0b\"><span class=\"ryNqvb\">La Fab am\u00e9ricaine devrait commencer la production en 2024 en utilisant un process nominal de 4 nm.<\/span><\/span> <\/span><\/p>\n<p><span class=\"HwtZe\" lang=\"fr\"><span class=\"jCAhz ChMk0b\"><span class=\"ryNqvb\">Cependant, l&rsquo;agence de presse centrale de Taiwan, contr\u00f4l\u00e9e par l&rsquo;\u00c9tat, a \u00e9galement contribu\u00e9 au d\u00e9bat par le biais d&rsquo;un article d&rsquo;opinion publi\u00e9 plus t\u00f4t cette semaine.<\/span><\/span> <span class=\"jCAhz ChMk0b\"><span class=\"ryNqvb\">Il a dit ( selon la traduction obtenue) : \u00ab\u00a0L&rsquo;UE veut que Ta\u00efwan&#8230; investisse dans l&rsquo;\u00e9tablissement de Fabs en Europe. Pour Ta\u00efwan, ce n&rsquo;est pas n\u00e9cessaire du point de vue commercial\u00a0\u00bb.<\/span><\/span> <span class=\"jCAhz ChMk0b\"><span class=\"ryNqvb\">Il a ajout\u00e9 : \u00ab Par contre un accord \u00e9conomique et commercial formel\u2026 aiderait \u00e0 am\u00e9liorer le statut international de Taiwan et \u00e0 dissuader la Chine de toute agression.<\/span><\/span><\/span><\/p>\n<p><a title=\"https:\/\/news.google.com\/publications\/CAAqBwgKMJbcwQswuPfYAw?hl=fr&amp;gl=BE&amp;ceid=BE:fr\" href=\"https:\/\/news.google.com\/publications\/CAAqBwgKMJbcwQswuPfYAw?hl=fr&amp;gl=BE&amp;ceid=BE:fr\" target=\"news.google.com\" rel=\"noopener\">Suivre ECInews sur Google news<\/a><\/p>\n<h4>Related links and articles:<\/h4>\n<p><a href=\"https:\/\/www.eenewseurope.com\/en\/tsmc-mulls-second-japanese-wafer-fab\/\">TSMC mulls second Japanese wafer fab<\/a><\/p>\n<p><a href=\"https:\/\/www.eenewseurope.com\/en\/st-looks-at-joint-european-wafer-fab-with-globalfoundries\/\">ST looks at joint European wafer fab with GlobalFoundries<\/a><\/p>\n<p><a href=\"https:\/\/www.eenewseurope.com\/en\/germany-has-e14-billion-for-chipmakers-says-minister\/\">Germany has \u20ac14 billion for chipmakers, says minister<\/a><\/p>\n<p><a href=\"https:\/\/www.eenewseurope.com\/en\/tsmc-opens-wafer-fab-talks-with-german-government\/\">TSMC opens wafer fab talks with German government<\/a><\/p>\n<p><a href=\"https:\/\/www.eenewsanalog.com\/news\/tsmc-confirms-german-fab-talks\">TSMC confirms German fab talks<\/a><\/p>\n<p>&nbsp;<\/p>\n","protected":false},"excerpt":{"rendered":"<p>Le projet de Fab de TSMC \u00e0 Dresde avance mais Ta\u00efwan veut des contre-parties<\/p>\n","protected":false},"author":34,"featured_media":57190,"comment_status":"closed","ping_status":"closed","sticky":true,"template":"","format":"standard","meta":{"_acf_changed":false,"footnotes":""},"categories":[886],"tags":[1795,1558,2541],"domains":[47],"ppma_author":[1153,1136],"class_list":["post-416795","post","type-post","status-publish","format-standard","has-post-thumbnail","hentry","category-news-fr","tag-fonderies","tag-semiconducteurs","tag-tsmc","domains-electronique-eci"],"acf":[],"yoast_head":"<title>Le projet de Fab de TSMC \u00e0 Dresde avance ...<\/title>\n<meta name=\"description\" content=\"Les discussions entre la fonderie TSMC et l&#039;\u00c9tat allemand de Saxe sur la construction d&#039;une Fab \u00e0 Dresde portent sur les subventions.\" \/>\n<meta name=\"robots\" content=\"index, follow, max-snippet:-1, max-image-preview:large, max-video-preview:-1\" \/>\n<link rel=\"canonical\" href=\"https:\/\/www.ecinews.fr\/fr\/wp-json\/wp\/v2\/posts\/416795\/\" \/>\n<meta property=\"og:locale\" content=\"fr_FR\" \/>\n<meta property=\"og:type\" content=\"article\" \/>\n<meta property=\"og:title\" content=\"Le projet de Fab de TSMC \u00e0 Dresde avance mais Ta\u00efwan veut des contreparties\" \/>\n<meta property=\"og:description\" content=\"Les discussions entre la fonderie TSMC et l&#039;\u00c9tat allemand de Saxe sur la construction d&#039;une Fab \u00e0 Dresde portent sur les subventions.\" \/>\n<meta property=\"og:url\" content=\"https:\/\/www.ecinews.fr\/fr\/wp-json\/wp\/v2\/posts\/416795\/\" \/>\n<meta property=\"og:site_name\" content=\"EENewsEurope\" \/>\n<meta property=\"article:published_time\" content=\"2023-03-20T14:13:59+00:00\" \/>\n<meta property=\"article:modified_time\" content=\"2023-03-23T10:06:20+00:00\" \/>\n<meta property=\"og:image\" content=\"https:\/\/www.ecinews.fr\/wp-content\/uploads\/import\/default\/files\/sites\/default\/files\/images\/dresden630_1.jpg\" \/>\n\t<meta property=\"og:image:width\" content=\"630\" \/>\n\t<meta property=\"og:image:height\" content=\"400\" \/>\n\t<meta property=\"og:image:type\" content=\"image\/jpeg\" \/>\n<meta name=\"author\" content=\"A Delapalisse, Peter Clarke\" \/>\n<meta name=\"twitter:card\" content=\"summary_large_image\" \/>\n<meta name=\"twitter:label1\" content=\"Written by\" \/>\n\t<meta name=\"twitter:data1\" content=\"A Delapalisse\" \/>\n\t<meta name=\"twitter:label2\" content=\"Est. reading time\" \/>\n\t<meta name=\"twitter:data2\" content=\"3 minutes\" \/>\n<script type=\"application\/ld+json\" class=\"yoast-schema-graph\">{\"@context\":\"https:\/\/schema.org\",\"@graph\":[{\"@type\":\"Article\",\"@id\":\"https:\/\/www.ecinews.fr\/fr\/le-projet-de-fab-de-tsmc-a-dresde-avance\/#article\",\"isPartOf\":{\"@id\":\"https:\/\/www.ecinews.fr\/fr\/le-projet-de-fab-de-tsmc-a-dresde-avance\/\"},\"author\":{\"name\":\"A Delapalisse\",\"@id\":\"https:\/\/www.ecinews.fr\/fr\/#\/schema\/person\/0aa2cfb0bd8949724a68cbac8d8321b4\"},\"headline\":\"Le projet de Fab de TSMC \u00e0 Dresde avance mais Ta\u00efwan veut des contreparties\",\"datePublished\":\"2023-03-20T14:13:59+00:00\",\"dateModified\":\"2023-03-23T10:06:20+00:00\",\"mainEntityOfPage\":{\"@id\":\"https:\/\/www.ecinews.fr\/fr\/le-projet-de-fab-de-tsmc-a-dresde-avance\/\"},\"wordCount\":672,\"publisher\":{\"@id\":\"https:\/\/www.ecinews.fr\/fr\/#organization\"},\"keywords\":[\"Fonderies\",\"Semiconducteurs\",\"TSMC\"],\"articleSection\":[\"Actualit\u00e9 g\u00e9n\u00e9rale\"],\"inLanguage\":\"fr-FR\"},{\"@type\":\"WebPage\",\"@id\":\"https:\/\/www.ecinews.fr\/fr\/le-projet-de-fab-de-tsmc-a-dresde-avance\/\",\"url\":\"https:\/\/www.ecinews.fr\/fr\/le-projet-de-fab-de-tsmc-a-dresde-avance\/\",\"name\":\"Le projet de Fab de TSMC \u00e0 Dresde avance\",\"isPartOf\":{\"@id\":\"https:\/\/www.ecinews.fr\/fr\/#website\"},\"datePublished\":\"2023-03-20T14:13:59+00:00\",\"dateModified\":\"2023-03-23T10:06:20+00:00\",\"description\":\"Les discussions entre la fonderie TSMC et l'\u00c9tat allemand de Saxe sur la construction d'une Fab \u00e0 Dresde portent sur les subventions.\",\"breadcrumb\":{\"@id\":\"https:\/\/www.ecinews.fr\/fr\/le-projet-de-fab-de-tsmc-a-dresde-avance\/#breadcrumb\"},\"inLanguage\":\"fr-FR\",\"potentialAction\":[{\"@type\":\"ReadAction\",\"target\":[\"https:\/\/www.ecinews.fr\/fr\/le-projet-de-fab-de-tsmc-a-dresde-avance\/\"]}]},{\"@type\":\"BreadcrumbList\",\"@id\":\"https:\/\/www.ecinews.fr\/fr\/le-projet-de-fab-de-tsmc-a-dresde-avance\/#breadcrumb\",\"itemListElement\":[{\"@type\":\"ListItem\",\"position\":1,\"name\":\"Home\",\"item\":\"https:\/\/www.ecinews.fr\/fr\/\"},{\"@type\":\"ListItem\",\"position\":2,\"name\":\"Le projet de Fab de TSMC \u00e0 Dresde avance mais Ta\u00efwan veut des contreparties\"}]},{\"@type\":\"WebSite\",\"@id\":\"https:\/\/www.ecinews.fr\/fr\/#website\",\"url\":\"https:\/\/www.ecinews.fr\/fr\/\",\"name\":\"EENewsEurope\",\"description\":\"Just another WordPress site\",\"publisher\":{\"@id\":\"https:\/\/www.ecinews.fr\/fr\/#organization\"},\"potentialAction\":[{\"@type\":\"SearchAction\",\"target\":{\"@type\":\"EntryPoint\",\"urlTemplate\":\"https:\/\/www.ecinews.fr\/fr\/?s={search_term_string}\"},\"query-input\":\"required name=search_term_string\"}],\"inLanguage\":\"fr-FR\"},{\"@type\":\"Organization\",\"@id\":\"https:\/\/www.ecinews.fr\/fr\/#organization\",\"name\":\"EENewsEurope\",\"url\":\"https:\/\/www.ecinews.fr\/fr\/\",\"logo\":{\"@type\":\"ImageObject\",\"inLanguage\":\"fr-FR\",\"@id\":\"https:\/\/www.ecinews.fr\/fr\/#\/schema\/logo\/image\/\",\"url\":\"https:\/\/www.ecinews.fr\/wp-content\/uploads\/2022\/02\/logo-1.jpg\",\"contentUrl\":\"https:\/\/www.ecinews.fr\/wp-content\/uploads\/2022\/02\/logo-1.jpg\",\"width\":283,\"height\":113,\"caption\":\"EENewsEurope\"},\"image\":{\"@id\":\"https:\/\/www.ecinews.fr\/fr\/#\/schema\/logo\/image\/\"}},{\"@type\":\"Person\",\"@id\":\"https:\/\/www.ecinews.fr\/fr\/#\/schema\/person\/0aa2cfb0bd8949724a68cbac8d8321b4\",\"name\":\"A Delapalisse\",\"image\":{\"@type\":\"ImageObject\",\"inLanguage\":\"fr-FR\",\"@id\":\"https:\/\/www.ecinews.fr\/fr\/#\/schema\/person\/image\/211ac42237c2e9683c0964086c393cb4\",\"url\":\"https:\/\/secure.gravatar.com\/avatar\/ad45a8c5da24bc9c7c4940dd1c48a695?s=96&d=mm&r=g\",\"contentUrl\":\"https:\/\/secure.gravatar.com\/avatar\/ad45a8c5da24bc9c7c4940dd1c48a695?s=96&d=mm&r=g\",\"caption\":\"A Delapalisse\"},\"sameAs\":[\"http:\/\/ECI\"]}]}<\/script>","yoast_head_json":{"title":"Le projet de Fab de TSMC \u00e0 Dresde avance ...","description":"Les discussions entre la fonderie TSMC et l'\u00c9tat allemand de Saxe sur la construction d'une Fab \u00e0 Dresde portent sur les subventions.","robots":{"index":"index","follow":"follow","max-snippet":"max-snippet:-1","max-image-preview":"max-image-preview:large","max-video-preview":"max-video-preview:-1"},"canonical":"https:\/\/www.ecinews.fr\/fr\/wp-json\/wp\/v2\/posts\/416795\/","og_locale":"fr_FR","og_type":"article","og_title":"Le projet de Fab de TSMC \u00e0 Dresde avance mais Ta\u00efwan veut des contreparties","og_description":"Les discussions entre la fonderie TSMC et l'\u00c9tat allemand de Saxe sur la construction d'une Fab \u00e0 Dresde portent sur les subventions.","og_url":"https:\/\/www.ecinews.fr\/fr\/wp-json\/wp\/v2\/posts\/416795\/","og_site_name":"EENewsEurope","article_published_time":"2023-03-20T14:13:59+00:00","article_modified_time":"2023-03-23T10:06:20+00:00","og_image":[{"width":630,"height":400,"url":"https:\/\/www.ecinews.fr\/wp-content\/uploads\/import\/default\/files\/sites\/default\/files\/images\/dresden630_1.jpg","type":"image\/jpeg"}],"author":"A Delapalisse, Peter Clarke","twitter_card":"summary_large_image","twitter_misc":{"Written by":"A Delapalisse","Est. reading time":"3 minutes"},"schema":{"@context":"https:\/\/schema.org","@graph":[{"@type":"Article","@id":"https:\/\/www.ecinews.fr\/fr\/le-projet-de-fab-de-tsmc-a-dresde-avance\/#article","isPartOf":{"@id":"https:\/\/www.ecinews.fr\/fr\/le-projet-de-fab-de-tsmc-a-dresde-avance\/"},"author":{"name":"A Delapalisse","@id":"https:\/\/www.ecinews.fr\/fr\/#\/schema\/person\/0aa2cfb0bd8949724a68cbac8d8321b4"},"headline":"Le projet de Fab de TSMC \u00e0 Dresde avance mais Ta\u00efwan veut des contreparties","datePublished":"2023-03-20T14:13:59+00:00","dateModified":"2023-03-23T10:06:20+00:00","mainEntityOfPage":{"@id":"https:\/\/www.ecinews.fr\/fr\/le-projet-de-fab-de-tsmc-a-dresde-avance\/"},"wordCount":672,"publisher":{"@id":"https:\/\/www.ecinews.fr\/fr\/#organization"},"keywords":["Fonderies","Semiconducteurs","TSMC"],"articleSection":["Actualit\u00e9 g\u00e9n\u00e9rale"],"inLanguage":"fr-FR"},{"@type":"WebPage","@id":"https:\/\/www.ecinews.fr\/fr\/le-projet-de-fab-de-tsmc-a-dresde-avance\/","url":"https:\/\/www.ecinews.fr\/fr\/le-projet-de-fab-de-tsmc-a-dresde-avance\/","name":"Le projet de Fab de TSMC \u00e0 Dresde avance","isPartOf":{"@id":"https:\/\/www.ecinews.fr\/fr\/#website"},"datePublished":"2023-03-20T14:13:59+00:00","dateModified":"2023-03-23T10:06:20+00:00","description":"Les discussions entre la fonderie TSMC et l'\u00c9tat allemand de Saxe sur la construction d'une Fab \u00e0 Dresde portent sur les subventions.","breadcrumb":{"@id":"https:\/\/www.ecinews.fr\/fr\/le-projet-de-fab-de-tsmc-a-dresde-avance\/#breadcrumb"},"inLanguage":"fr-FR","potentialAction":[{"@type":"ReadAction","target":["https:\/\/www.ecinews.fr\/fr\/le-projet-de-fab-de-tsmc-a-dresde-avance\/"]}]},{"@type":"BreadcrumbList","@id":"https:\/\/www.ecinews.fr\/fr\/le-projet-de-fab-de-tsmc-a-dresde-avance\/#breadcrumb","itemListElement":[{"@type":"ListItem","position":1,"name":"Home","item":"https:\/\/www.ecinews.fr\/fr\/"},{"@type":"ListItem","position":2,"name":"Le projet de Fab de TSMC \u00e0 Dresde avance mais Ta\u00efwan veut des contreparties"}]},{"@type":"WebSite","@id":"https:\/\/www.ecinews.fr\/fr\/#website","url":"https:\/\/www.ecinews.fr\/fr\/","name":"EENewsEurope","description":"Just another WordPress site","publisher":{"@id":"https:\/\/www.ecinews.fr\/fr\/#organization"},"potentialAction":[{"@type":"SearchAction","target":{"@type":"EntryPoint","urlTemplate":"https:\/\/www.ecinews.fr\/fr\/?s={search_term_string}"},"query-input":"required name=search_term_string"}],"inLanguage":"fr-FR"},{"@type":"Organization","@id":"https:\/\/www.ecinews.fr\/fr\/#organization","name":"EENewsEurope","url":"https:\/\/www.ecinews.fr\/fr\/","logo":{"@type":"ImageObject","inLanguage":"fr-FR","@id":"https:\/\/www.ecinews.fr\/fr\/#\/schema\/logo\/image\/","url":"https:\/\/www.ecinews.fr\/wp-content\/uploads\/2022\/02\/logo-1.jpg","contentUrl":"https:\/\/www.ecinews.fr\/wp-content\/uploads\/2022\/02\/logo-1.jpg","width":283,"height":113,"caption":"EENewsEurope"},"image":{"@id":"https:\/\/www.ecinews.fr\/fr\/#\/schema\/logo\/image\/"}},{"@type":"Person","@id":"https:\/\/www.ecinews.fr\/fr\/#\/schema\/person\/0aa2cfb0bd8949724a68cbac8d8321b4","name":"A Delapalisse","image":{"@type":"ImageObject","inLanguage":"fr-FR","@id":"https:\/\/www.ecinews.fr\/fr\/#\/schema\/person\/image\/211ac42237c2e9683c0964086c393cb4","url":"https:\/\/secure.gravatar.com\/avatar\/ad45a8c5da24bc9c7c4940dd1c48a695?s=96&d=mm&r=g","contentUrl":"https:\/\/secure.gravatar.com\/avatar\/ad45a8c5da24bc9c7c4940dd1c48a695?s=96&d=mm&r=g","caption":"A Delapalisse"},"sameAs":["http:\/\/ECI"]}]}},"authors":[{"term_id":1153,"user_id":34,"is_guest":0,"slug":"adelapalisse","display_name":"A Delapalisse","avatar_url":"https:\/\/secure.gravatar.com\/avatar\/ad45a8c5da24bc9c7c4940dd1c48a695?s=96&d=mm&r=g","0":null,"1":"","2":"","3":"","4":"","5":"","6":"","7":"","8":""},{"term_id":1136,"user_id":4,"is_guest":0,"slug":"clarke","display_name":"Peter Clarke","avatar_url":"https:\/\/secure.gravatar.com\/avatar\/d567d206cb92a682963201f296594da4?s=96&d=mm&r=g","0":null,"1":"","2":"","3":"","4":"","5":"","6":"","7":"","8":""}],"_links":{"self":[{"href":"https:\/\/www.ecinews.fr\/fr\/wp-json\/wp\/v2\/posts\/416795"}],"collection":[{"href":"https:\/\/www.ecinews.fr\/fr\/wp-json\/wp\/v2\/posts"}],"about":[{"href":"https:\/\/www.ecinews.fr\/fr\/wp-json\/wp\/v2\/types\/post"}],"author":[{"embeddable":true,"href":"https:\/\/www.ecinews.fr\/fr\/wp-json\/wp\/v2\/users\/34"}],"replies":[{"embeddable":true,"href":"https:\/\/www.ecinews.fr\/fr\/wp-json\/wp\/v2\/comments?post=416795"}],"version-history":[{"count":0,"href":"https:\/\/www.ecinews.fr\/fr\/wp-json\/wp\/v2\/posts\/416795\/revisions"}],"wp:featuredmedia":[{"embeddable":true,"href":"https:\/\/www.ecinews.fr\/fr\/wp-json\/wp\/v2\/media\/57190"}],"wp:attachment":[{"href":"https:\/\/www.ecinews.fr\/fr\/wp-json\/wp\/v2\/media?parent=416795"}],"wp:term":[{"taxonomy":"category","embeddable":true,"href":"https:\/\/www.ecinews.fr\/fr\/wp-json\/wp\/v2\/categories?post=416795"},{"taxonomy":"post_tag","embeddable":true,"href":"https:\/\/www.ecinews.fr\/fr\/wp-json\/wp\/v2\/tags?post=416795"},{"taxonomy":"domains","embeddable":true,"href":"https:\/\/www.ecinews.fr\/fr\/wp-json\/wp\/v2\/domains?post=416795"},{"taxonomy":"author","embeddable":true,"href":"https:\/\/www.ecinews.fr\/fr\/wp-json\/wp\/v2\/ppma_author?post=416795"}],"curies":[{"name":"wp","href":"https:\/\/api.w.org\/{rel}","templated":true}]}}