{"id":416574,"date":"2023-03-16T15:03:45","date_gmt":"2023-03-16T14:03:45","guid":{"rendered":"https:\/\/www.ecinews.fr\/?p=416574"},"modified":"2023-03-16T15:03:45","modified_gmt":"2023-03-16T14:03:45","slug":"digi-key-lance-la-saison-2-de-sa-serie-de-videos-supply-chain-transformed","status":"publish","type":"post","link":"https:\/\/www.ecinews.fr\/fr\/digi-key-lance-la-saison-2-de-sa-serie-de-videos-supply-chain-transformed\/","title":{"rendered":"Digi-Key lance la saison 2 de sa s\u00e9rie de vid\u00e9os Supply Chain Transformed"},"content":{"rendered":"<h2><a href=\"https:\/\/www.digikey.fr\/?utm_source=referral&amp;utm_medium=pressrelease&amp;utm_campaign=pressrelease\">Digi-Key\u00a0Electronics<\/a> a lanc\u00e9 le premier \u00e9pisode de la saison\u00a02 de sa\u00a0<a href=\"https:\/\/www.digikey.fr\/fr\/resources\/iot-resource-center\/supply-chain-transformed?utm_source=online&amp;utm_medium=vanity&amp;utm_campaign=supplychaintransformed\">s\u00e9rie de vid\u00e9os<\/a>\u00a0\u00ab\u00a0Supply Chain Transformed\u00a0\u00bb, ciblant les avanc\u00e9es en mati\u00e8re d&rsquo;IoT, de connectivit\u00e9, de capteurs et de suivi des actifs au sein de la cha\u00eene d&rsquo;approvisionnement.<\/h2>\n<p>Sponsoris\u00e9e par\u00a0<a href=\"https:\/\/www.digikey.fr\/fr\/supplier-centers\/nordic-semiconductor\/?utm_source=referral&amp;utm_medium=pressrelease&amp;utm_campaign=pressrelease\">Nordic\u00a0Semiconductor<\/a>, la s\u00e9rie en trois \u00e9pisodes se penche sur la fa\u00e7on dont le monde aborde les nouveaux d\u00e9fis omnipr\u00e9sents dans la logistique mondiale, et explore comment la technologie est positionn\u00e9e pour fournir une visibilit\u00e9 et un aper\u00e7u des risques li\u00e9s \u00e0 la cha\u00eene d&rsquo;approvisionnement.<br \/>\n\u00ab\u00a0Ces derni\u00e8res ann\u00e9es ont montr\u00e9 \u00e0 quel point le risque existe r\u00e9ellement entre les points\u00a0A et\u00a0B de la cha\u00eene d&rsquo;approvisionnement\u00a0\u00bb, a indiqu\u00e9 Josh\u00a0Mickolio, responsable du d\u00e9veloppement commercial des fournisseurs pour le secteur sans fil chez Digi-Key. \u00ab\u00a0Avec une telle attention continue sur la logistique mondiale, il est plus important que jamais d&rsquo;avoir des solutions de surveillance et de suivi accessibles et automatis\u00e9es. Chez Digi-Key, nous nous engageons \u00e0 faire en sorte que les produits les plus demand\u00e9s soient facilement disponibles pour les ing\u00e9nieurs et les concepteurs qui en d\u00e9pendent.\u00a0\u00bb<\/p>\n<h3>Gagner du temps et de l&rsquo;argent<\/h3>\n<p>\u00ab\u00a0L&rsquo;automatisation est essentielle pour pouvoir faire \u00e9voluer et optimiser les cha\u00eenes d&rsquo;approvisionnement mondiales\u00a0\u00bb, a d\u00e9clar\u00e9 Magnus\u00a0Pedersen, vice-pr\u00e9sident des ventes pour la zone EMEA chez Nordic\u00a0Semiconductor. \u00ab\u00a0Il n&rsquo;y a que des avantages \u00e0 rendre la cha\u00eene d&rsquo;approvisionnement plus efficace. Cela permettra de stocker temporairement moins de composants et de garantir aux clients une livraison plus pr\u00e9cise. Cela devrait permettre de gagner du temps et de l&rsquo;argent, de la production des plaquettes jusqu&rsquo;\u00e0 la r\u00e9ception du produit final par le client.\u00a0\u00bb<\/p>\n<p>La premi\u00e8re des trois vid\u00e9os de la s\u00e9rie, \u00ab\u00a0Le chemin vers la reprise\u00a0\u00bb, est maintenant\u00a0<a href=\"https:\/\/www.digikey.fr\/fr\/resources\/iot-resource-center\/supply-chain-transformed?utm_source=online&amp;utm_medium=vanity&amp;utm_campaign=supplychaintransformed\">disponible sur le site Web de Digi-Key<\/a>\u00a0et explore la mani\u00e8re dont les cha\u00eenes d&rsquo;approvisionnement ont \u00e9volu\u00e9 depuis les \u00e9v\u00e9nements de 2020 et ce que les fournisseurs font diff\u00e9remment pour s&rsquo;assurer que les produits les plus demand\u00e9s sont facilement disponibles pour les ing\u00e9nieurs et les concepteurs qui en d\u00e9pendent.<\/p>\n<p>La deuxi\u00e8me vid\u00e9o, intitul\u00e9e \u00ab\u00a0Les premiers acteurs de la cha\u00eene d&rsquo;approvisionnement\u00a0\u00bb, \u00e9tudie la mani\u00e8re dont les fournisseurs s&rsquo;approvisionnent en mati\u00e8res premi\u00e8res et en composants qui constituent les \u00e9l\u00e9ments fonctionnels des conceptions modernes d&rsquo;aujourd&rsquo;hui. Quant \u00e0 la troisi\u00e8me vid\u00e9o, intitul\u00e9e \u00ab\u00a0Des cha\u00eenes d&rsquo;approvisionnement p\u00e9rennes\u00a0?\u00a0\u00bb, elle explore les \u00e9tapes requises pour garantir que les cha\u00eenes d&rsquo;approvisionnement futures sont pr\u00eates \u00e0 r\u00e9pondre aux hausses inattendues de la demande.<\/p>\n<p>&nbsp;<\/p>\n<h3>\u00c0 propos de Nordic\u00a0Semiconductor<\/h3>\n<p>Nordic\u00a0Semiconductor est une soci\u00e9t\u00e9 norv\u00e9gienne de semi-conducteurs sans usine, sp\u00e9cialis\u00e9e dans les technologies de communication sans fil alimentant l&rsquo;Internet des objets (IoT). Nordic a \u00e9t\u00e9 fond\u00e9e en 1983 et compte plus de 1300\u00a0employ\u00e9s \u00e0 travers le monde. Les solutions Bluetooth Low\u00a0Energy prim\u00e9es de l&rsquo;entreprise ont \u00e9t\u00e9 les pionni\u00e8res des technologies sans fil ultrabasse consommation, faisant de Nordic le leader mondial du march\u00e9. Leur offre de technologies a ensuite \u00e9t\u00e9 compl\u00e9t\u00e9e par ANT+, Thread et Zigbee, et 2018 a vu l&rsquo;introduction de solutions IoT cellulaires LTE-M\/NB-IoT basse consommation compactes pour \u00e9tendre le d\u00e9ploiement IoT. Le portefeuille de produits de Nordic s&rsquo;est encore enrichi de la technologie Wi-Fi en 2021.<\/p>\n<p><a href=\"https:\/\/www.digikey.fr\/\">digikey.fr<\/a>\u00a0<\/p>\n<p><a href=\"https:\/\/news.google.com\/publications\/CAAqBwgKMJbcwQswuPfYAw?hl=fr&amp;gl=BE&amp;ceid=BE:fr\">Suivre ECInews sur Google news<\/a><\/p>\n<p>&nbsp;<\/p>\n","protected":false},"excerpt":{"rendered":"<p>Digi-Key\u00a0Electronics a lanc\u00e9 le premier \u00e9pisode de la saison\u00a02 de sa\u00a0s\u00e9rie de vid\u00e9os\u00a0\u00ab\u00a0Supply Chain Transformed\u00a0\u00bb, ciblant les avanc\u00e9es en mati\u00e8re d&rsquo;IoT, de connectivit\u00e9, de capteurs et de suivi des actifs au sein de la cha\u00eene d&rsquo;approvisionnement. Sponsoris\u00e9e par\u00a0Nordic\u00a0Semiconductor, la s\u00e9rie en trois \u00e9pisodes se penche sur la fa\u00e7on dont le monde aborde les nouveaux d\u00e9fis [&hellip;]<\/p>\n","protected":false},"author":36,"featured_media":416575,"comment_status":"closed","ping_status":"closed","sticky":false,"template":"","format":"standard","meta":{"_acf_changed":false,"footnotes":""},"categories":[886],"tags":[],"domains":[47],"ppma_author":[1154],"class_list":["post-416574","post","type-post","status-publish","format-standard","has-post-thumbnail","hentry","category-news-fr","domains-electronique-eci"],"acf":[],"yoast_head":"<title>Digi-Key lance la saison 2 de sa s\u00e9rie de vid\u00e9os Supply Chain...<\/title>\n<meta name=\"description\" content=\"Digi-Key lance la saison 2 de sa s\u00e9rie de vid\u00e9os Supply Chain Transformed\" \/>\n<meta name=\"robots\" content=\"index, follow, max-snippet:-1, max-image-preview:large, max-video-preview:-1\" \/>\n<link rel=\"canonical\" href=\"https:\/\/www.ecinews.fr\/fr\/wp-json\/wp\/v2\/posts\/416574\/\" \/>\n<meta property=\"og:locale\" content=\"fr_FR\" \/>\n<meta property=\"og:type\" content=\"article\" \/>\n<meta property=\"og:title\" content=\"Digi-Key lance la saison 2 de sa s\u00e9rie de vid\u00e9os Supply Chain Transformed\" \/>\n<meta property=\"og:description\" content=\"Digi-Key lance la saison 2 de sa s\u00e9rie de vid\u00e9os Supply Chain Transformed\" \/>\n<meta property=\"og:url\" content=\"https:\/\/www.ecinews.fr\/fr\/wp-json\/wp\/v2\/posts\/416574\/\" \/>\n<meta property=\"og:site_name\" content=\"EENewsEurope\" \/>\n<meta property=\"article:published_time\" content=\"2023-03-16T14:03:45+00:00\" \/>\n<meta property=\"og:image\" content=\"https:\/\/www.ecinews.fr\/wp-content\/uploads\/2023\/03\/ECI1744_DK-actu.jpg\" \/>\n\t<meta property=\"og:image:width\" content=\"970\" \/>\n\t<meta property=\"og:image:height\" content=\"250\" \/>\n\t<meta property=\"og:image:type\" content=\"image\/jpeg\" \/>\n<meta name=\"author\" content=\"Alain Dieul\" \/>\n<meta name=\"twitter:card\" content=\"summary_large_image\" \/>\n<meta name=\"twitter:label1\" content=\"Written by\" \/>\n\t<meta name=\"twitter:data1\" content=\"Alain Dieul\" \/>\n\t<meta name=\"twitter:label2\" content=\"Est. reading time\" \/>\n\t<meta name=\"twitter:data2\" content=\"3 minutes\" \/>\n<script type=\"application\/ld+json\" class=\"yoast-schema-graph\">{\"@context\":\"https:\/\/schema.org\",\"@graph\":[{\"@type\":\"Article\",\"@id\":\"https:\/\/www.ecinews.fr\/fr\/digi-key-lance-la-saison-2-de-sa-serie-de-videos-supply-chain-transformed\/#article\",\"isPartOf\":{\"@id\":\"https:\/\/www.ecinews.fr\/fr\/digi-key-lance-la-saison-2-de-sa-serie-de-videos-supply-chain-transformed\/\"},\"author\":{\"name\":\"Alain Dieul\",\"@id\":\"https:\/\/www.eenewseurope.com\/en\/#\/schema\/person\/e4387676ad67ce722325c7832f3c3762\"},\"headline\":\"Digi-Key lance la saison 2 de sa s\u00e9rie de vid\u00e9os Supply Chain Transformed\",\"datePublished\":\"2023-03-16T14:03:45+00:00\",\"dateModified\":\"2023-03-16T14:03:45+00:00\",\"mainEntityOfPage\":{\"@id\":\"https:\/\/www.ecinews.fr\/fr\/digi-key-lance-la-saison-2-de-sa-serie-de-videos-supply-chain-transformed\/\"},\"wordCount\":610,\"publisher\":{\"@id\":\"https:\/\/www.eenewseurope.com\/en\/#organization\"},\"articleSection\":[\"Actualit\u00e9 g\u00e9n\u00e9rale\"],\"inLanguage\":\"fr-FR\"},{\"@type\":\"WebPage\",\"@id\":\"https:\/\/www.ecinews.fr\/fr\/digi-key-lance-la-saison-2-de-sa-serie-de-videos-supply-chain-transformed\/\",\"url\":\"https:\/\/www.ecinews.fr\/fr\/digi-key-lance-la-saison-2-de-sa-serie-de-videos-supply-chain-transformed\/\",\"name\":\"Digi-Key lance la saison 2 de sa s\u00e9rie de vid\u00e9os Supply Chain Transformed -\",\"isPartOf\":{\"@id\":\"https:\/\/www.eenewseurope.com\/en\/#website\"},\"datePublished\":\"2023-03-16T14:03:45+00:00\",\"dateModified\":\"2023-03-16T14:03:45+00:00\",\"description\":\"Digi-Key lance la saison 2 de sa s\u00e9rie de vid\u00e9os Supply Chain Transformed\",\"breadcrumb\":{\"@id\":\"https:\/\/www.ecinews.fr\/fr\/digi-key-lance-la-saison-2-de-sa-serie-de-videos-supply-chain-transformed\/#breadcrumb\"},\"inLanguage\":\"fr-FR\",\"potentialAction\":[{\"@type\":\"ReadAction\",\"target\":[\"https:\/\/www.ecinews.fr\/fr\/digi-key-lance-la-saison-2-de-sa-serie-de-videos-supply-chain-transformed\/\"]}]},{\"@type\":\"BreadcrumbList\",\"@id\":\"https:\/\/www.ecinews.fr\/fr\/digi-key-lance-la-saison-2-de-sa-serie-de-videos-supply-chain-transformed\/#breadcrumb\",\"itemListElement\":[{\"@type\":\"ListItem\",\"position\":1,\"name\":\"Home\",\"item\":\"https:\/\/www.ecinews.fr\/fr\/\"},{\"@type\":\"ListItem\",\"position\":2,\"name\":\"Digi-Key lance la saison 2 de sa s\u00e9rie de vid\u00e9os Supply Chain Transformed\"}]},{\"@type\":\"WebSite\",\"@id\":\"https:\/\/www.eenewseurope.com\/en\/#website\",\"url\":\"https:\/\/www.eenewseurope.com\/en\/\",\"name\":\"EENewsEurope\",\"description\":\"Just another WordPress site\",\"publisher\":{\"@id\":\"https:\/\/www.eenewseurope.com\/en\/#organization\"},\"potentialAction\":[{\"@type\":\"SearchAction\",\"target\":{\"@type\":\"EntryPoint\",\"urlTemplate\":\"https:\/\/www.eenewseurope.com\/en\/?s={search_term_string}\"},\"query-input\":\"required name=search_term_string\"}],\"inLanguage\":\"fr-FR\"},{\"@type\":\"Organization\",\"@id\":\"https:\/\/www.eenewseurope.com\/en\/#organization\",\"name\":\"EENewsEurope\",\"url\":\"https:\/\/www.eenewseurope.com\/en\/\",\"logo\":{\"@type\":\"ImageObject\",\"inLanguage\":\"fr-FR\",\"@id\":\"https:\/\/www.eenewseurope.com\/en\/#\/schema\/logo\/image\/\",\"url\":\"https:\/\/www.ecinews.fr\/wp-content\/uploads\/2022\/02\/logo-1.jpg\",\"contentUrl\":\"https:\/\/www.ecinews.fr\/wp-content\/uploads\/2022\/02\/logo-1.jpg\",\"width\":283,\"height\":113,\"caption\":\"EENewsEurope\"},\"image\":{\"@id\":\"https:\/\/www.eenewseurope.com\/en\/#\/schema\/logo\/image\/\"}},{\"@type\":\"Person\",\"@id\":\"https:\/\/www.eenewseurope.com\/en\/#\/schema\/person\/e4387676ad67ce722325c7832f3c3762\",\"name\":\"Alain Dieul\",\"image\":{\"@type\":\"ImageObject\",\"inLanguage\":\"fr-FR\",\"@id\":\"https:\/\/www.eenewseurope.com\/en\/#\/schema\/person\/image\/736120675699dbbf0f0f282b9a9cfb75\",\"url\":\"https:\/\/secure.gravatar.com\/avatar\/bc93b056d07515be5b8eecd4acf49c5c?s=96&d=mm&r=g\",\"contentUrl\":\"https:\/\/secure.gravatar.com\/avatar\/bc93b056d07515be5b8eecd4acf49c5c?s=96&d=mm&r=g\",\"caption\":\"Alain Dieul\"},\"sameAs\":[\"http:\/\/ECINews\"]}]}<\/script>","yoast_head_json":{"title":"Digi-Key lance la saison 2 de sa s\u00e9rie de vid\u00e9os Supply Chain...","description":"Digi-Key lance la saison 2 de sa s\u00e9rie de vid\u00e9os Supply Chain Transformed","robots":{"index":"index","follow":"follow","max-snippet":"max-snippet:-1","max-image-preview":"max-image-preview:large","max-video-preview":"max-video-preview:-1"},"canonical":"https:\/\/www.ecinews.fr\/fr\/wp-json\/wp\/v2\/posts\/416574\/","og_locale":"fr_FR","og_type":"article","og_title":"Digi-Key lance la saison 2 de sa s\u00e9rie de vid\u00e9os Supply Chain Transformed","og_description":"Digi-Key lance la saison 2 de sa s\u00e9rie de vid\u00e9os Supply Chain Transformed","og_url":"https:\/\/www.ecinews.fr\/fr\/wp-json\/wp\/v2\/posts\/416574\/","og_site_name":"EENewsEurope","article_published_time":"2023-03-16T14:03:45+00:00","og_image":[{"width":970,"height":250,"url":"https:\/\/www.ecinews.fr\/wp-content\/uploads\/2023\/03\/ECI1744_DK-actu.jpg","type":"image\/jpeg"}],"author":"Alain Dieul","twitter_card":"summary_large_image","twitter_misc":{"Written by":"Alain Dieul","Est. reading time":"3 minutes"},"schema":{"@context":"https:\/\/schema.org","@graph":[{"@type":"Article","@id":"https:\/\/www.ecinews.fr\/fr\/digi-key-lance-la-saison-2-de-sa-serie-de-videos-supply-chain-transformed\/#article","isPartOf":{"@id":"https:\/\/www.ecinews.fr\/fr\/digi-key-lance-la-saison-2-de-sa-serie-de-videos-supply-chain-transformed\/"},"author":{"name":"Alain Dieul","@id":"https:\/\/www.eenewseurope.com\/en\/#\/schema\/person\/e4387676ad67ce722325c7832f3c3762"},"headline":"Digi-Key lance la saison 2 de sa s\u00e9rie de vid\u00e9os Supply Chain Transformed","datePublished":"2023-03-16T14:03:45+00:00","dateModified":"2023-03-16T14:03:45+00:00","mainEntityOfPage":{"@id":"https:\/\/www.ecinews.fr\/fr\/digi-key-lance-la-saison-2-de-sa-serie-de-videos-supply-chain-transformed\/"},"wordCount":610,"publisher":{"@id":"https:\/\/www.eenewseurope.com\/en\/#organization"},"articleSection":["Actualit\u00e9 g\u00e9n\u00e9rale"],"inLanguage":"fr-FR"},{"@type":"WebPage","@id":"https:\/\/www.ecinews.fr\/fr\/digi-key-lance-la-saison-2-de-sa-serie-de-videos-supply-chain-transformed\/","url":"https:\/\/www.ecinews.fr\/fr\/digi-key-lance-la-saison-2-de-sa-serie-de-videos-supply-chain-transformed\/","name":"Digi-Key lance la saison 2 de sa s\u00e9rie de vid\u00e9os Supply Chain Transformed -","isPartOf":{"@id":"https:\/\/www.eenewseurope.com\/en\/#website"},"datePublished":"2023-03-16T14:03:45+00:00","dateModified":"2023-03-16T14:03:45+00:00","description":"Digi-Key lance la saison 2 de sa s\u00e9rie de vid\u00e9os Supply Chain Transformed","breadcrumb":{"@id":"https:\/\/www.ecinews.fr\/fr\/digi-key-lance-la-saison-2-de-sa-serie-de-videos-supply-chain-transformed\/#breadcrumb"},"inLanguage":"fr-FR","potentialAction":[{"@type":"ReadAction","target":["https:\/\/www.ecinews.fr\/fr\/digi-key-lance-la-saison-2-de-sa-serie-de-videos-supply-chain-transformed\/"]}]},{"@type":"BreadcrumbList","@id":"https:\/\/www.ecinews.fr\/fr\/digi-key-lance-la-saison-2-de-sa-serie-de-videos-supply-chain-transformed\/#breadcrumb","itemListElement":[{"@type":"ListItem","position":1,"name":"Home","item":"https:\/\/www.ecinews.fr\/fr\/"},{"@type":"ListItem","position":2,"name":"Digi-Key lance la saison 2 de sa s\u00e9rie de vid\u00e9os Supply Chain Transformed"}]},{"@type":"WebSite","@id":"https:\/\/www.eenewseurope.com\/en\/#website","url":"https:\/\/www.eenewseurope.com\/en\/","name":"EENewsEurope","description":"Just another WordPress site","publisher":{"@id":"https:\/\/www.eenewseurope.com\/en\/#organization"},"potentialAction":[{"@type":"SearchAction","target":{"@type":"EntryPoint","urlTemplate":"https:\/\/www.eenewseurope.com\/en\/?s={search_term_string}"},"query-input":"required name=search_term_string"}],"inLanguage":"fr-FR"},{"@type":"Organization","@id":"https:\/\/www.eenewseurope.com\/en\/#organization","name":"EENewsEurope","url":"https:\/\/www.eenewseurope.com\/en\/","logo":{"@type":"ImageObject","inLanguage":"fr-FR","@id":"https:\/\/www.eenewseurope.com\/en\/#\/schema\/logo\/image\/","url":"https:\/\/www.ecinews.fr\/wp-content\/uploads\/2022\/02\/logo-1.jpg","contentUrl":"https:\/\/www.ecinews.fr\/wp-content\/uploads\/2022\/02\/logo-1.jpg","width":283,"height":113,"caption":"EENewsEurope"},"image":{"@id":"https:\/\/www.eenewseurope.com\/en\/#\/schema\/logo\/image\/"}},{"@type":"Person","@id":"https:\/\/www.eenewseurope.com\/en\/#\/schema\/person\/e4387676ad67ce722325c7832f3c3762","name":"Alain Dieul","image":{"@type":"ImageObject","inLanguage":"fr-FR","@id":"https:\/\/www.eenewseurope.com\/en\/#\/schema\/person\/image\/736120675699dbbf0f0f282b9a9cfb75","url":"https:\/\/secure.gravatar.com\/avatar\/bc93b056d07515be5b8eecd4acf49c5c?s=96&d=mm&r=g","contentUrl":"https:\/\/secure.gravatar.com\/avatar\/bc93b056d07515be5b8eecd4acf49c5c?s=96&d=mm&r=g","caption":"Alain Dieul"},"sameAs":["http:\/\/ECINews"]}]}},"authors":[{"term_id":1154,"user_id":36,"is_guest":0,"slug":"alain-dieul","display_name":"Alain Dieul","avatar_url":"https:\/\/secure.gravatar.com\/avatar\/bc93b056d07515be5b8eecd4acf49c5c?s=96&d=mm&r=g","0":null,"1":"","2":"","3":"","4":"","5":"","6":"","7":"","8":""}],"_links":{"self":[{"href":"https:\/\/www.ecinews.fr\/fr\/wp-json\/wp\/v2\/posts\/416574"}],"collection":[{"href":"https:\/\/www.ecinews.fr\/fr\/wp-json\/wp\/v2\/posts"}],"about":[{"href":"https:\/\/www.ecinews.fr\/fr\/wp-json\/wp\/v2\/types\/post"}],"author":[{"embeddable":true,"href":"https:\/\/www.ecinews.fr\/fr\/wp-json\/wp\/v2\/users\/36"}],"replies":[{"embeddable":true,"href":"https:\/\/www.ecinews.fr\/fr\/wp-json\/wp\/v2\/comments?post=416574"}],"version-history":[{"count":0,"href":"https:\/\/www.ecinews.fr\/fr\/wp-json\/wp\/v2\/posts\/416574\/revisions"}],"wp:featuredmedia":[{"embeddable":true,"href":"https:\/\/www.ecinews.fr\/fr\/wp-json\/wp\/v2\/media\/416575"}],"wp:attachment":[{"href":"https:\/\/www.ecinews.fr\/fr\/wp-json\/wp\/v2\/media?parent=416574"}],"wp:term":[{"taxonomy":"category","embeddable":true,"href":"https:\/\/www.ecinews.fr\/fr\/wp-json\/wp\/v2\/categories?post=416574"},{"taxonomy":"post_tag","embeddable":true,"href":"https:\/\/www.ecinews.fr\/fr\/wp-json\/wp\/v2\/tags?post=416574"},{"taxonomy":"domains","embeddable":true,"href":"https:\/\/www.ecinews.fr\/fr\/wp-json\/wp\/v2\/domains?post=416574"},{"taxonomy":"author","embeddable":true,"href":"https:\/\/www.ecinews.fr\/fr\/wp-json\/wp\/v2\/ppma_author?post=416574"}],"curies":[{"name":"wp","href":"https:\/\/api.w.org\/{rel}","templated":true}]}}