{"id":415990,"date":"2023-03-09T17:23:43","date_gmt":"2023-03-09T16:23:43","guid":{"rendered":"https:\/\/www.eenewseurope.com\/?p=415990"},"modified":"2023-03-09T18:05:14","modified_gmt":"2023-03-09T17:05:14","slug":"les-pays-bas-mettent-la-lithographie-duv-sous-controle-a-lexportation","status":"publish","type":"post","link":"https:\/\/www.ecinews.fr\/fr\/les-pays-bas-mettent-la-lithographie-duv-sous-controle-a-lexportation\/","title":{"rendered":"Les Pays Bas mettent la lithographie DUV sous contr\u00f4le \u00e0 l&rsquo;exportation"},"content":{"rendered":"<h2><span class=\"HwtZe\" lang=\"fr\"><span class=\"jCAhz ChMk0b\"><span class=\"ryNqvb\">Comme attendu, les Pays-Bas se sont align\u00e9s sur les \u00c9tats-Unis en ajoutant les \u00e9quipements de lithographie ultraviolet profond aux contr\u00f4les \u00e0 l&rsquo;exportation dans le but d&rsquo;entraver la capacit\u00e9 de la Chine \u00e0 fabriquer des circuits int\u00e9gr\u00e9s avanc\u00e9s.<\/span><\/span> <\/span><\/h2>\n<p><span class=\"HwtZe\" lang=\"fr\"><span class=\"jCAhz ChMk0b\"><span class=\"ryNqvb\">Liesje Schreinemacher, ministre n\u00e9erlandaise du Commerce, a \u00e9crit mercredi au parlement n\u00e9erlandais pour annoncer de nouvelles mesures, bien que la part de la classe d&rsquo;outils de lithographie DUV incluse n&rsquo;ait pas \u00e9t\u00e9 pr\u00e9cis\u00e9e.<\/span><\/span> <span class=\"jCAhz ChMk0b\"><span class=\"ryNqvb\">Une possibilit\u00e9 est que tous les outils lithographiques DUV soient soumis \u00e0 une licence de contr\u00f4le des exportations, mais que des licences puissent \u00eatre accord\u00e9es pour les outils moins avanc\u00e9s et refus\u00e9es pour les plus avanc\u00e9s.<\/span><\/span><\/span><\/p>\n<p><span class=\"HwtZe\" lang=\"fr\"><span class=\"jCAhz ChMk0b\"><span class=\"ryNqvb\">Il a \u00e9t\u00e9 rapport\u00e9 qu&rsquo;un accord intergouvernemental entre les \u00c9tats-Unis, le Japon et les Pays-Bas a \u00e9t\u00e9 conclu en janvier (voir <a href=\"https:\/\/www.eenewseurope.com\/en\/japan-netherlands-agree-to-help-us-limit-exports-to-china\/\">Japan, Netherlands agree to help US limit exports to China<\/a>), mais il s&rsquo;agit de la premi\u00e8re annonce officielle du r\u00e9gime de sanctions \u00e9largi.<\/span><\/span> <\/span><\/p>\n<p><span class=\"HwtZe\" lang=\"fr\"><span class=\"jCAhz ChMk0b\"><span class=\"ryNqvb\">\u00ab\u00a0Compte tenu des d\u00e9veloppements technologiques et du contexte g\u00e9opolitique, le cabinet a conclu qu&rsquo;il est n\u00e9cessaire pour la s\u00e9curit\u00e9 nationale d&rsquo;\u00e9largir le contr\u00f4le des exportations existant d&rsquo;\u00e9quipements de production de semiconducteurs sp\u00e9cifiques\u00a0\u00bb, a \u00e9crit Schreinemacher, selon des informations.<\/span><\/span> <span class=\"jCAhz ChMk0b\"><span class=\"ryNqvb\">Le Japon devrait publier une mise \u00e0 jour de sa politique sur l&rsquo;exportation des \u00e9quipements de fabrication de semiconducteurs dans les prochains jours.<\/span><\/span> <\/span><\/p>\n<p><span class=\"HwtZe\" lang=\"fr\"><span class=\"jCAhz ChMk0b\"><span class=\"ryNqvb\">L&rsquo;\u00e9quipement de lithographie le plus avanc\u00e9, qui fonctionne avec la lumi\u00e8re ultraviolette extr\u00eame (EUV) et pour lequel ASML Holding NV est le seul fournisseur, fait l&rsquo;objet d&rsquo;un contr\u00f4le des exportations depuis 2019.<\/span><\/span> <span class=\"jCAhz ChMk0b\"><span class=\"ryNqvb\">Cet \u00e9quipement est n\u00e9cessaire pour une production \u00e9conomique en 7 nm et pour acc\u00e9der \u00e0 des g\u00e9om\u00e9tries inf\u00e9rieures et est de fait interdit d&rsquo;exportation vers la Chine.<\/span><\/span> <\/span><\/p>\n<blockquote class=\"wp-embedded-content\" data-secret=\"TNyZ2aT1Po\"><p><a href=\"https:\/\/www.ecinews.fr\/fr\/la-chine-voit-rouge-concernant-le-blocage-de-leuv-de-asml\/\">La Chine voit rouge concernant le blocage de l&rsquo;EUV de ASML<\/a><\/p><\/blockquote>\n<p><iframe class=\"wp-embedded-content lazyload\" sandbox=\"allow-scripts\" security=\"restricted\" style=\"position: absolute; visibility: hidden;\" title=\"\u00ab\u00a0La Chine voit rouge concernant le blocage de l&rsquo;EUV de ASML\u00a0\u00bb &#8212; EENewsEurope\" data-src=\"https:\/\/www.ecinews.fr\/fr\/la-chine-voit-rouge-concernant-le-blocage-de-leuv-de-asml\/embed\/#?secret=hZieJ9mcmX#?secret=TNyZ2aT1Po\" data-secret=\"TNyZ2aT1Po\" width=\"500\" height=\"282\" frameborder=\"0\" marginwidth=\"0\" marginheight=\"0\" scrolling=\"no\" src=\"data:image\/svg+xml;base64,PHN2ZyB3aWR0aD0iMSIgaGVpZ2h0PSIxIiB4bWxucz0iaHR0cDovL3d3dy53My5vcmcvMjAwMC9zdmciPjwvc3ZnPg==\" data-load-mode=\"1\"><\/iframe><\/p>\n<p><span class=\"HwtZe\" lang=\"fr\"><span class=\"jCAhz ChMk0b\"><span class=\"ryNqvb\">Mais les \u00c9tats-Unis ont \u00e9tendu ce r\u00e9gime aupr\u00e8s des entreprises am\u00e9ricaines op\u00e9rant autour de la lithographie DUV et ont demand\u00e9 le soutien du Japon et des Pays-Bas. Les entreprises am\u00e9ricaines concern\u00e9es incluent Applied Materials, Lam Research, KLA Corp. Cependant, des fournisseurs japonais tels que Canon et Nikon et Tokyo Electron op\u00e8rent<\/span><\/span> <span class=\"jCAhz ChMk0b\"><span class=\"ryNqvb\">juste derri\u00e8re la pointe de la technologie et sont leader du march\u00e9 de la lithographie DUV, notamment en immersion et multi-passes, et cette technologie est n\u00e9cessaire pour la fabrication de puces sous le n\u0153ud de fabrication 28nm.<\/span><\/span><\/span><\/p>\n<p><span class=\"HwtZe\" lang=\"fr\"><span class=\"jCAhz ChMk0b\"><span class=\"ryNqvb\">Dans un communiqu\u00e9, ASML a d\u00e9clar\u00e9: \u00ab\u00a0En raison de ces r\u00e9glementations \u00e0 venir, ASML devra demander des licences d&rsquo;exportation pour l&rsquo;exp\u00e9dition des syst\u00e8mes DUV \u00e0 immersion les plus avanc\u00e9s.\u00a0\u00bb<\/span><\/span> <span class=\"jCAhz ChMk0b\"><span class=\"ryNqvb\">La soci\u00e9t\u00e9 a ajout\u00e9: \u00ab\u00a0Bien qu&rsquo;ASML n&rsquo;ait re\u00e7u aucune information suppl\u00e9mentaire sur la d\u00e9finition exacte de\u00a0\u00bb la plus avanc\u00e9e \u00ab\u00a0, ASML interpr\u00e8te cela comme la technologie\u00a0 \u00a0\u00bb immersion critique \u00a0\u00bb qu&rsquo;ASML a d\u00e9finie lors de son Capital Markets Day comme le Twinscan NXT: 2000i et les syst\u00e8mes d&rsquo;immersion ult\u00e9rieurs.<\/span><\/span> <span class=\"jCAhz ChMk0b\"><span class=\"ryNqvb\">En outre, ASML note que les clients qui se concentrent principalement sur les n\u0153uds matures sont bien servis avec des outils de lithographie par immersion moins avanc\u00e9s.\u00a0\u00bb<\/span><\/span> <\/span><\/p>\n<blockquote class=\"wp-embedded-content\" data-secret=\"i7gvjtkdLv\"><p><a href=\"https:\/\/www.ecinews.fr\/fr\/asml-admet-des-vols-de-donnees-par-un-ex-employe-chinois\/\">ASML admet des vols de donn\u00e9es par un ex employ\u00e9 chinois<\/a><\/p><\/blockquote>\n<p><iframe class=\"wp-embedded-content lazyload\" sandbox=\"allow-scripts\" security=\"restricted\" style=\"position: absolute; visibility: hidden;\" title=\"\u00ab\u00a0ASML admet des vols de donn\u00e9es par un ex employ\u00e9 chinois\u00a0\u00bb &#8212; EENewsEurope\" data-src=\"https:\/\/www.ecinews.fr\/fr\/asml-admet-des-vols-de-donnees-par-un-ex-employe-chinois\/embed\/#?secret=oD7dV5bl2o#?secret=i7gvjtkdLv\" data-secret=\"i7gvjtkdLv\" width=\"500\" height=\"282\" frameborder=\"0\" marginwidth=\"0\" marginheight=\"0\" scrolling=\"no\" src=\"data:image\/svg+xml;base64,PHN2ZyB3aWR0aD0iMSIgaGVpZ2h0PSIxIiB4bWxucz0iaHR0cDovL3d3dy53My5vcmcvMjAwMC9zdmciPjwvc3ZnPg==\" data-load-mode=\"1\"><\/iframe><\/p>\n<p><span class=\"HwtZe\" lang=\"fr\"><span class=\"jCAhz ChMk0b\"><span class=\"ryNqvb\">La porte-parole du minist\u00e8re chinois des Affaires \u00e9trang\u00e8res, Ming Nao, s&rsquo;est prononc\u00e9e contre cette d\u00e9cision et a d\u00e9clar\u00e9 qu&rsquo;elle esp\u00e9rait que les Pays-Bas ne suivraient pas d&rsquo;autres pays en abusant des mesures de contr\u00f4le des exportations.<\/span><\/span><\/span><\/p>\n<h4>Related links and articles:<\/h4>\n<p><a href=\"https:\/\/www.asml.com\">www.asml.com<\/a><\/p>\n<p>&nbsp;<\/p>\n","protected":false},"excerpt":{"rendered":"<p>Comme attendu, les Pays-Bas se sont align\u00e9s sur les \u00c9tats-Unis en ajoutant les \u00e9quipements de lithographie ultraviolet profond aux contr\u00f4les \u00e0 l&rsquo;exportation dans le but d&rsquo;entraver la capacit\u00e9 de la Chine \u00e0 fabriquer des circuits int\u00e9gr\u00e9s avanc\u00e9s. Liesje Schreinemacher, ministre n\u00e9erlandaise du Commerce, a \u00e9crit mercredi au parlement n\u00e9erlandais pour annoncer de nouvelles mesures, bien [&hellip;]<\/p>\n","protected":false},"author":34,"featured_media":386216,"comment_status":"closed","ping_status":"closed","sticky":true,"template":"","format":"standard","meta":{"_acf_changed":false,"footnotes":""},"categories":[880,883],"tags":[2933,3018,2934,1558],"domains":[47],"ppma_author":[1153,1136],"class_list":["post-415990","post","type-post","status-publish","format-standard","has-post-thumbnail","hentry","category-actualites-economiques","category-technologies","tag-asml","tag-duv","tag-euv","tag-semiconducteurs","domains-electronique-eci"],"acf":[],"yoast_head":"<title>Netherlands adds DUV lithography equipment to export controls ...<\/title>\n<meta name=\"description\" content=\"Les Pays-Bas ont ajout\u00e9 la lithographie DUV aux contr\u00f4les des exportations, ce qui entravera la capacit\u00e9 de la Chine \u00e0 fabriquer des puces de pointe.\" \/>\n<meta name=\"robots\" content=\"index, follow, max-snippet:-1, max-image-preview:large, max-video-preview:-1\" \/>\n<link rel=\"canonical\" href=\"https:\/\/www.ecinews.fr\/fr\/wp-json\/wp\/v2\/posts\/415990\/\" \/>\n<meta property=\"og:locale\" content=\"fr_FR\" \/>\n<meta property=\"og:type\" content=\"article\" \/>\n<meta property=\"og:title\" content=\"Les Pays Bas mettent la lithographie DUV sous contr\u00f4le \u00e0 l&#039;exportation\" \/>\n<meta property=\"og:description\" content=\"Les Pays-Bas ont ajout\u00e9 la lithographie DUV aux contr\u00f4les des exportations, ce qui entravera la capacit\u00e9 de la Chine \u00e0 fabriquer des puces de pointe.\" \/>\n<meta property=\"og:url\" content=\"https:\/\/www.ecinews.fr\/fr\/wp-json\/wp\/v2\/posts\/415990\/\" \/>\n<meta property=\"og:site_name\" content=\"EENewsEurope\" \/>\n<meta property=\"article:published_time\" content=\"2023-03-09T16:23:43+00:00\" \/>\n<meta property=\"article:modified_time\" content=\"2023-03-09T17:05:14+00:00\" \/>\n<meta property=\"og:image\" content=\"https:\/\/www.ecinews.fr\/wp-content\/uploads\/2022\/06\/SUSchina630.jpg\" \/>\n\t<meta property=\"og:image:width\" content=\"630\" \/>\n\t<meta property=\"og:image:height\" content=\"400\" \/>\n\t<meta property=\"og:image:type\" content=\"image\/jpeg\" \/>\n<meta name=\"author\" content=\"A Delapalisse, Peter Clarke\" \/>\n<meta name=\"twitter:card\" content=\"summary_large_image\" \/>\n<meta name=\"twitter:label1\" content=\"Written by\" \/>\n\t<meta name=\"twitter:data1\" content=\"A Delapalisse\" \/>\n\t<meta name=\"twitter:label2\" content=\"Est. reading time\" \/>\n\t<meta name=\"twitter:data2\" content=\"3 minutes\" \/>\n<script type=\"application\/ld+json\" class=\"yoast-schema-graph\">{\"@context\":\"https:\/\/schema.org\",\"@graph\":[{\"@type\":\"Article\",\"@id\":\"https:\/\/www.ecinews.fr\/fr\/les-pays-bas-mettent-la-lithographie-duv-sous-controle-a-lexportation\/#article\",\"isPartOf\":{\"@id\":\"https:\/\/www.ecinews.fr\/fr\/les-pays-bas-mettent-la-lithographie-duv-sous-controle-a-lexportation\/\"},\"author\":{\"name\":\"A Delapalisse\",\"@id\":\"https:\/\/www.ecinews.fr\/fr\/#\/schema\/person\/0aa2cfb0bd8949724a68cbac8d8321b4\"},\"headline\":\"Les Pays Bas mettent la lithographie DUV sous contr\u00f4le \u00e0 l&rsquo;exportation\",\"datePublished\":\"2023-03-09T16:23:43+00:00\",\"dateModified\":\"2023-03-09T17:05:14+00:00\",\"mainEntityOfPage\":{\"@id\":\"https:\/\/www.ecinews.fr\/fr\/les-pays-bas-mettent-la-lithographie-duv-sous-controle-a-lexportation\/\"},\"wordCount\":605,\"publisher\":{\"@id\":\"https:\/\/www.ecinews.fr\/fr\/#organization\"},\"keywords\":[\"ASML\",\"DUV\",\"EUV\",\"Semiconducteurs\"],\"articleSection\":[\"Actualit\u00e9s \u00e9conomiques\",\"Technologies\"],\"inLanguage\":\"fr-FR\"},{\"@type\":\"WebPage\",\"@id\":\"https:\/\/www.ecinews.fr\/fr\/les-pays-bas-mettent-la-lithographie-duv-sous-controle-a-lexportation\/\",\"url\":\"https:\/\/www.ecinews.fr\/fr\/les-pays-bas-mettent-la-lithographie-duv-sous-controle-a-lexportation\/\",\"name\":\"Netherlands adds DUV lithography equipment to export controls\",\"isPartOf\":{\"@id\":\"https:\/\/www.ecinews.fr\/fr\/#website\"},\"datePublished\":\"2023-03-09T16:23:43+00:00\",\"dateModified\":\"2023-03-09T17:05:14+00:00\",\"description\":\"Les Pays-Bas ont ajout\u00e9 la lithographie DUV aux contr\u00f4les des exportations, ce qui entravera la capacit\u00e9 de la Chine \u00e0 fabriquer des puces de pointe.\",\"breadcrumb\":{\"@id\":\"https:\/\/www.ecinews.fr\/fr\/les-pays-bas-mettent-la-lithographie-duv-sous-controle-a-lexportation\/#breadcrumb\"},\"inLanguage\":\"fr-FR\",\"potentialAction\":[{\"@type\":\"ReadAction\",\"target\":[\"https:\/\/www.ecinews.fr\/fr\/les-pays-bas-mettent-la-lithographie-duv-sous-controle-a-lexportation\/\"]}]},{\"@type\":\"BreadcrumbList\",\"@id\":\"https:\/\/www.ecinews.fr\/fr\/les-pays-bas-mettent-la-lithographie-duv-sous-controle-a-lexportation\/#breadcrumb\",\"itemListElement\":[{\"@type\":\"ListItem\",\"position\":1,\"name\":\"Home\",\"item\":\"https:\/\/www.ecinews.fr\/fr\/\"},{\"@type\":\"ListItem\",\"position\":2,\"name\":\"Les Pays Bas mettent la lithographie DUV sous contr\u00f4le \u00e0 l&rsquo;exportation\"}]},{\"@type\":\"WebSite\",\"@id\":\"https:\/\/www.ecinews.fr\/fr\/#website\",\"url\":\"https:\/\/www.ecinews.fr\/fr\/\",\"name\":\"EENewsEurope\",\"description\":\"Just another WordPress site\",\"publisher\":{\"@id\":\"https:\/\/www.ecinews.fr\/fr\/#organization\"},\"potentialAction\":[{\"@type\":\"SearchAction\",\"target\":{\"@type\":\"EntryPoint\",\"urlTemplate\":\"https:\/\/www.ecinews.fr\/fr\/?s={search_term_string}\"},\"query-input\":\"required name=search_term_string\"}],\"inLanguage\":\"fr-FR\"},{\"@type\":\"Organization\",\"@id\":\"https:\/\/www.ecinews.fr\/fr\/#organization\",\"name\":\"EENewsEurope\",\"url\":\"https:\/\/www.ecinews.fr\/fr\/\",\"logo\":{\"@type\":\"ImageObject\",\"inLanguage\":\"fr-FR\",\"@id\":\"https:\/\/www.ecinews.fr\/fr\/#\/schema\/logo\/image\/\",\"url\":\"https:\/\/www.ecinews.fr\/wp-content\/uploads\/2022\/02\/logo-1.jpg\",\"contentUrl\":\"https:\/\/www.ecinews.fr\/wp-content\/uploads\/2022\/02\/logo-1.jpg\",\"width\":283,\"height\":113,\"caption\":\"EENewsEurope\"},\"image\":{\"@id\":\"https:\/\/www.ecinews.fr\/fr\/#\/schema\/logo\/image\/\"}},{\"@type\":\"Person\",\"@id\":\"https:\/\/www.ecinews.fr\/fr\/#\/schema\/person\/0aa2cfb0bd8949724a68cbac8d8321b4\",\"name\":\"A Delapalisse\",\"image\":{\"@type\":\"ImageObject\",\"inLanguage\":\"fr-FR\",\"@id\":\"https:\/\/www.ecinews.fr\/fr\/#\/schema\/person\/image\/211ac42237c2e9683c0964086c393cb4\",\"url\":\"https:\/\/secure.gravatar.com\/avatar\/ad45a8c5da24bc9c7c4940dd1c48a695?s=96&d=mm&r=g\",\"contentUrl\":\"https:\/\/secure.gravatar.com\/avatar\/ad45a8c5da24bc9c7c4940dd1c48a695?s=96&d=mm&r=g\",\"caption\":\"A Delapalisse\"},\"sameAs\":[\"http:\/\/ECI\"]}]}<\/script>","yoast_head_json":{"title":"Netherlands adds DUV lithography equipment to export controls ...","description":"Les Pays-Bas ont ajout\u00e9 la lithographie DUV aux contr\u00f4les des exportations, ce qui entravera la capacit\u00e9 de la Chine \u00e0 fabriquer des puces de pointe.","robots":{"index":"index","follow":"follow","max-snippet":"max-snippet:-1","max-image-preview":"max-image-preview:large","max-video-preview":"max-video-preview:-1"},"canonical":"https:\/\/www.ecinews.fr\/fr\/wp-json\/wp\/v2\/posts\/415990\/","og_locale":"fr_FR","og_type":"article","og_title":"Les Pays Bas mettent la lithographie DUV sous contr\u00f4le \u00e0 l'exportation","og_description":"Les Pays-Bas ont ajout\u00e9 la lithographie DUV aux contr\u00f4les des exportations, ce qui entravera la capacit\u00e9 de la Chine \u00e0 fabriquer des puces de pointe.","og_url":"https:\/\/www.ecinews.fr\/fr\/wp-json\/wp\/v2\/posts\/415990\/","og_site_name":"EENewsEurope","article_published_time":"2023-03-09T16:23:43+00:00","article_modified_time":"2023-03-09T17:05:14+00:00","og_image":[{"width":630,"height":400,"url":"https:\/\/www.ecinews.fr\/wp-content\/uploads\/2022\/06\/SUSchina630.jpg","type":"image\/jpeg"}],"author":"A Delapalisse, Peter Clarke","twitter_card":"summary_large_image","twitter_misc":{"Written by":"A Delapalisse","Est. reading time":"3 minutes"},"schema":{"@context":"https:\/\/schema.org","@graph":[{"@type":"Article","@id":"https:\/\/www.ecinews.fr\/fr\/les-pays-bas-mettent-la-lithographie-duv-sous-controle-a-lexportation\/#article","isPartOf":{"@id":"https:\/\/www.ecinews.fr\/fr\/les-pays-bas-mettent-la-lithographie-duv-sous-controle-a-lexportation\/"},"author":{"name":"A Delapalisse","@id":"https:\/\/www.ecinews.fr\/fr\/#\/schema\/person\/0aa2cfb0bd8949724a68cbac8d8321b4"},"headline":"Les Pays Bas mettent la lithographie DUV sous contr\u00f4le \u00e0 l&rsquo;exportation","datePublished":"2023-03-09T16:23:43+00:00","dateModified":"2023-03-09T17:05:14+00:00","mainEntityOfPage":{"@id":"https:\/\/www.ecinews.fr\/fr\/les-pays-bas-mettent-la-lithographie-duv-sous-controle-a-lexportation\/"},"wordCount":605,"publisher":{"@id":"https:\/\/www.ecinews.fr\/fr\/#organization"},"keywords":["ASML","DUV","EUV","Semiconducteurs"],"articleSection":["Actualit\u00e9s \u00e9conomiques","Technologies"],"inLanguage":"fr-FR"},{"@type":"WebPage","@id":"https:\/\/www.ecinews.fr\/fr\/les-pays-bas-mettent-la-lithographie-duv-sous-controle-a-lexportation\/","url":"https:\/\/www.ecinews.fr\/fr\/les-pays-bas-mettent-la-lithographie-duv-sous-controle-a-lexportation\/","name":"Netherlands adds DUV lithography equipment to export controls","isPartOf":{"@id":"https:\/\/www.ecinews.fr\/fr\/#website"},"datePublished":"2023-03-09T16:23:43+00:00","dateModified":"2023-03-09T17:05:14+00:00","description":"Les Pays-Bas ont ajout\u00e9 la lithographie DUV aux contr\u00f4les des exportations, ce qui entravera la capacit\u00e9 de la Chine \u00e0 fabriquer des puces de pointe.","breadcrumb":{"@id":"https:\/\/www.ecinews.fr\/fr\/les-pays-bas-mettent-la-lithographie-duv-sous-controle-a-lexportation\/#breadcrumb"},"inLanguage":"fr-FR","potentialAction":[{"@type":"ReadAction","target":["https:\/\/www.ecinews.fr\/fr\/les-pays-bas-mettent-la-lithographie-duv-sous-controle-a-lexportation\/"]}]},{"@type":"BreadcrumbList","@id":"https:\/\/www.ecinews.fr\/fr\/les-pays-bas-mettent-la-lithographie-duv-sous-controle-a-lexportation\/#breadcrumb","itemListElement":[{"@type":"ListItem","position":1,"name":"Home","item":"https:\/\/www.ecinews.fr\/fr\/"},{"@type":"ListItem","position":2,"name":"Les Pays Bas mettent la lithographie DUV sous contr\u00f4le \u00e0 l&rsquo;exportation"}]},{"@type":"WebSite","@id":"https:\/\/www.ecinews.fr\/fr\/#website","url":"https:\/\/www.ecinews.fr\/fr\/","name":"EENewsEurope","description":"Just another WordPress site","publisher":{"@id":"https:\/\/www.ecinews.fr\/fr\/#organization"},"potentialAction":[{"@type":"SearchAction","target":{"@type":"EntryPoint","urlTemplate":"https:\/\/www.ecinews.fr\/fr\/?s={search_term_string}"},"query-input":"required name=search_term_string"}],"inLanguage":"fr-FR"},{"@type":"Organization","@id":"https:\/\/www.ecinews.fr\/fr\/#organization","name":"EENewsEurope","url":"https:\/\/www.ecinews.fr\/fr\/","logo":{"@type":"ImageObject","inLanguage":"fr-FR","@id":"https:\/\/www.ecinews.fr\/fr\/#\/schema\/logo\/image\/","url":"https:\/\/www.ecinews.fr\/wp-content\/uploads\/2022\/02\/logo-1.jpg","contentUrl":"https:\/\/www.ecinews.fr\/wp-content\/uploads\/2022\/02\/logo-1.jpg","width":283,"height":113,"caption":"EENewsEurope"},"image":{"@id":"https:\/\/www.ecinews.fr\/fr\/#\/schema\/logo\/image\/"}},{"@type":"Person","@id":"https:\/\/www.ecinews.fr\/fr\/#\/schema\/person\/0aa2cfb0bd8949724a68cbac8d8321b4","name":"A Delapalisse","image":{"@type":"ImageObject","inLanguage":"fr-FR","@id":"https:\/\/www.ecinews.fr\/fr\/#\/schema\/person\/image\/211ac42237c2e9683c0964086c393cb4","url":"https:\/\/secure.gravatar.com\/avatar\/ad45a8c5da24bc9c7c4940dd1c48a695?s=96&d=mm&r=g","contentUrl":"https:\/\/secure.gravatar.com\/avatar\/ad45a8c5da24bc9c7c4940dd1c48a695?s=96&d=mm&r=g","caption":"A Delapalisse"},"sameAs":["http:\/\/ECI"]}]}},"authors":[{"term_id":1153,"user_id":34,"is_guest":0,"slug":"adelapalisse","display_name":"A Delapalisse","avatar_url":"https:\/\/secure.gravatar.com\/avatar\/ad45a8c5da24bc9c7c4940dd1c48a695?s=96&d=mm&r=g","0":null,"1":"","2":"","3":"","4":"","5":"","6":"","7":"","8":""},{"term_id":1136,"user_id":4,"is_guest":0,"slug":"clarke","display_name":"Peter Clarke","avatar_url":"https:\/\/secure.gravatar.com\/avatar\/d567d206cb92a682963201f296594da4?s=96&d=mm&r=g","0":null,"1":"","2":"","3":"","4":"","5":"","6":"","7":"","8":""}],"_links":{"self":[{"href":"https:\/\/www.ecinews.fr\/fr\/wp-json\/wp\/v2\/posts\/415990"}],"collection":[{"href":"https:\/\/www.ecinews.fr\/fr\/wp-json\/wp\/v2\/posts"}],"about":[{"href":"https:\/\/www.ecinews.fr\/fr\/wp-json\/wp\/v2\/types\/post"}],"author":[{"embeddable":true,"href":"https:\/\/www.ecinews.fr\/fr\/wp-json\/wp\/v2\/users\/34"}],"replies":[{"embeddable":true,"href":"https:\/\/www.ecinews.fr\/fr\/wp-json\/wp\/v2\/comments?post=415990"}],"version-history":[{"count":0,"href":"https:\/\/www.ecinews.fr\/fr\/wp-json\/wp\/v2\/posts\/415990\/revisions"}],"wp:featuredmedia":[{"embeddable":true,"href":"https:\/\/www.ecinews.fr\/fr\/wp-json\/wp\/v2\/media\/386216"}],"wp:attachment":[{"href":"https:\/\/www.ecinews.fr\/fr\/wp-json\/wp\/v2\/media?parent=415990"}],"wp:term":[{"taxonomy":"category","embeddable":true,"href":"https:\/\/www.ecinews.fr\/fr\/wp-json\/wp\/v2\/categories?post=415990"},{"taxonomy":"post_tag","embeddable":true,"href":"https:\/\/www.ecinews.fr\/fr\/wp-json\/wp\/v2\/tags?post=415990"},{"taxonomy":"domains","embeddable":true,"href":"https:\/\/www.ecinews.fr\/fr\/wp-json\/wp\/v2\/domains?post=415990"},{"taxonomy":"author","embeddable":true,"href":"https:\/\/www.ecinews.fr\/fr\/wp-json\/wp\/v2\/ppma_author?post=415990"}],"curies":[{"name":"wp","href":"https:\/\/api.w.org\/{rel}","templated":true}]}}