{"id":415588,"date":"2023-03-06T17:53:21","date_gmt":"2023-03-06T16:53:21","guid":{"rendered":"https:\/\/www.eenewseurope.com\/?p=415588"},"modified":"2023-03-07T15:06:48","modified_gmt":"2023-03-07T14:06:48","slug":"le-marche-chinois-des-semiconducteurs-en-chute-de-31-pourcent","status":"publish","type":"post","link":"https:\/\/www.ecinews.fr\/fr\/le-marche-chinois-des-semiconducteurs-en-chute-de-31-pourcent\/","title":{"rendered":"Le march\u00e9 chinois des semiconducteurs en chute de 31,6%"},"content":{"rendered":"<h2><span class=\"HwtZe\" lang=\"fr\"><span class=\"jCAhz ChMk0b\"><span class=\"ryNqvb\">La valeur du march\u00e9 mondial des puces a continu\u00e9 de baisser en janvier, le march\u00e9 chinois perdant 31,6% de sa valeur sur une base annuelle, selon les chiffres de la Semiconductor Industry Association (SIA).<\/span><\/span><\/span><\/h2>\n<p><span class=\"HwtZe\" lang=\"fr\"><span class=\"jCAhz ChMk0b\"><span class=\"ryNqvb\">La SIA rapporte les chiffres sous forme de moyenne mobile sur trois mois bas\u00e9e sur les donn\u00e9es collect\u00e9es par l&rsquo;organisation World Semiconductor Trade Statistics.<\/span><\/span> <span class=\"jCAhz ChMk0b\"><span class=\"ryNqvb\">Le march\u00e9 mondial des puces au cours des trois mois pr\u00e9c\u00e9dant la fin janvier 2023 \u00e9tait inf\u00e9rieur de 18,5 % \u00e0 ce qu&rsquo;il \u00e9tait au cours de la m\u00eame p\u00e9riode un an auparavant.<\/span><\/span> <span class=\"jCAhz ChMk0b\"><span class=\"ryNqvb\">Cela se compare \u00e0 une chute de 14,7% le mois pr\u00e9c\u00e9dent et \u00e0 9,2% le mois pr\u00e9c\u00e9dent et on voit donc une nette d\u00e9t\u00e9rioration de mois en mois.<\/span><\/span> <span class=\"jCAhz ChMk0b\"><span class=\"ryNqvb\">Il y a des indices pour un ralentissement du rythme de la contraction du march\u00e9, mais il n&rsquo;y a pas encore de signe clair que le march\u00e9 ait atteint le point bas ni combien de temps il pourrait y rester.<\/span><\/span><\/span><\/p>\n<p><span class=\"HwtZe\" lang=\"fr\"><span class=\"jCAhz ChMk0b\"><span class=\"ryNqvb\">La Chine m\u00e8ne la chute du march\u00e9 avec un \u00e9ffondrement de 31,6%, mais le sentiment de naufrage \u00e9tait presque aussi important aux \u00c9tats-Unis et ailleurs en Asie.<\/span><\/span> <span class=\"jCAhz ChMk0b\"><span class=\"ryNqvb\">Le march\u00e9 des puces des Am\u00e9riques \u00e9tait en baisse de 12,4% en janvier par rapport \u00e0 l&rsquo;ann\u00e9e pr\u00e9c\u00e9dente et la r\u00e9gion Asie-Pacifique, \u00e0 l&rsquo;exclusion du Japon et de la Chine, \u00e9tait en baisse de 19,5%.<\/span><\/span> <\/span><\/p>\n<p><span class=\"HwtZe\" lang=\"fr\"><span class=\"jCAhz ChMk0b\"><span class=\"ryNqvb\">Une lueur d&rsquo;espoir dans un march\u00e9 par ailleurs morose est que les march\u00e9s europ\u00e9en et japonais des puces ont continu\u00e9 de cro\u00eetre.<\/span><\/span> <span class=\"jCAhz ChMk0b\"><span class=\"ryNqvb\">Le march\u00e9 europ\u00e9en a augment\u00e9 de 0,9% en glissement annuel, tandis que celui du Japon a augment\u00e9 de 0,7%.<\/span><\/span> <span class=\"jCAhz ChMk0b\"><span class=\"ryNqvb\">Les Am\u00e9riques, l&rsquo;Asie-Pacifique et la Chine sont les plus grands march\u00e9s de puces avec un peu plus d&rsquo;un quart du total mondial chacun.<\/span><\/span> <span class=\"jCAhz ChMk0b\"><span class=\"ryNqvb\">L&rsquo;Europe et le Japon repr\u00e9sentent chacun environ 10 % du march\u00e9.<\/span><\/span><\/span><\/p>\n<blockquote class=\"wp-embedded-content\" data-secret=\"AjGq1dx0FB\"><p><a href=\"https:\/\/www.ecinews.fr\/fr\/le-marche-des-semiconducteurs-en-chute-de-plus-de-20-en-2023-selon-penn\/\">Le march\u00e9 des semiconducteurs en chute de plus de 20% en 2023 selon Penn<\/a><\/p><\/blockquote>\n<p><iframe class=\"wp-embedded-content lazyload\" sandbox=\"allow-scripts\" security=\"restricted\" style=\"position: absolute; visibility: hidden;\" title=\"\u00ab\u00a0Le march\u00e9 des semiconducteurs en chute de plus de 20% en 2023 selon Penn\u00a0\u00bb &#8212; EENewsEurope\" data-src=\"https:\/\/www.ecinews.fr\/fr\/le-marche-des-semiconducteurs-en-chute-de-plus-de-20-en-2023-selon-penn\/embed\/#?secret=mPaW1WmWtq#?secret=AjGq1dx0FB\" data-secret=\"AjGq1dx0FB\" width=\"500\" height=\"282\" frameborder=\"0\" marginwidth=\"0\" marginheight=\"0\" scrolling=\"no\" src=\"data:image\/svg+xml;base64,PHN2ZyB3aWR0aD0iMSIgaGVpZ2h0PSIxIiB4bWxucz0iaHR0cDovL3d3dy53My5vcmcvMjAwMC9zdmciPjwvc3ZnPg==\" data-load-mode=\"1\"><\/iframe><\/p>\n<div id=\"attachment_415542\" style=\"width: 610px\" class=\"wp-caption alignleft\"><img decoding=\"async\" aria-describedby=\"caption-attachment-415542\" class=\"size-full wp-image-415542 lazyload\" data-src=\"https:\/\/www.eenewseurope.com\/wp-content\/uploads\/2023\/03\/SIAjan23_630.jpg\" alt=\"\" width=\"600\" height=\"742\" data-srcset=\"https:\/\/www.ecinews.fr\/wp-content\/uploads\/2023\/03\/SIAjan23_630.jpg 600w, https:\/\/www.ecinews.fr\/wp-content\/uploads\/2023\/03\/SIAjan23_630-243x300.jpg 243w\" data-sizes=\"(max-width: 600px) 100vw, 600px\" src=\"data:image\/svg+xml;base64,PHN2ZyB3aWR0aD0iMSIgaGVpZ2h0PSIxIiB4bWxucz0iaHR0cDovL3d3dy53My5vcmcvMjAwMC9zdmciPjwvc3ZnPg==\" style=\"--smush-placeholder-width: 600px; --smush-placeholder-aspect-ratio: 600\/742;\" \/><p id=\"caption-attachment-415542\" class=\"wp-caption-text\"><em><strong><span class=\"HwtZe\" lang=\"fr\"><span class=\"jCAhz ChMk0b\"><span class=\"ryNqvb\">Moyenne sur trois mois des ventes de puces par zone g\u00e9ographique pour janvier 2023 et d\u00e9cembre 2022. Source : SIA\/WSTS.<\/span><\/span><\/span><\/strong><\/em><\/p><\/div>\n<p><span class=\"HwtZe\" lang=\"fr\"><span class=\"jCAhz ChMk0b\"><span class=\"ryNqvb\">Un an avant la Chine ach\u00e8tait plus d&rsquo;un tiers des puces du monde, mais son march\u00e9 a chut\u00e9 plus rapidement que d&rsquo;autres r\u00e9gions, probablement en raison d&rsquo;un m\u00e9lange de mesures de lockout covid prises en 2022 et de sanctions am\u00e9ricaines.<\/span><\/span> <span class=\"jCAhz ChMk0b\"><span class=\"ryNqvb\">Il est toujours possible que les march\u00e9s europ\u00e9ens et japonais basculent vers une contraction plus tard en 2023. Les analystes du march\u00e9 pr\u00e9voient g\u00e9n\u00e9ralement un retour \u00e0 la croissance annuelle pour le march\u00e9 des puces au 2S23.<\/span><\/span>\u00a0<\/span><\/p>\n<p><span class=\"HwtZe\" lang=\"fr\"><span class=\"jCAhz ChMk0b\"><span class=\"ryNqvb\">Selon les donn\u00e9es des ventes en moyennes 3MMA de janvier, le march\u00e9 chinois valait 11,66 milliards de dollars, en baisse de 31,6% par rapport \u00e0 la m\u00eame p\u00e9riode un an plus t\u00f4t.<\/span><\/span> <span class=\"jCAhz ChMk0b\"><span class=\"ryNqvb\">Le march\u00e9 de l&rsquo;Asie-Pacifique, hors Chine et Japon, \u00e9tait \u00e9valu\u00e9 \u00e0 10,77 milliards de dollars, en baisse de 19,5 %.<\/span><\/span> <span class=\"jCAhz ChMk0b\"><span class=\"ryNqvb\">La r\u00e9gion des Am\u00e9riques a baiss\u00e9 de 12,4 % par an, l&rsquo;Europe de 0,9 % et le Japon de 0,7 %.<\/span><\/span> <\/span><\/p>\n<p><span class=\"HwtZe\" lang=\"fr\"><span class=\"jCAhz ChMk0b\"><span class=\"ryNqvb\">\u00ab\u00a0Malgr\u00e9 des ventes record en 2022, le march\u00e9 mondial des semiconducteurs s&rsquo;est consid\u00e9rablement refroidi au cours du second semestre, et cette tendance s&rsquo;est poursuivie au cours du premier mois de 2023\u00a0\u00bb, a d\u00e9clar\u00e9 John Neuffer, PDG de la SIA, dans un communiqu\u00e9.<\/span><\/span><\/span><\/p>\n<p>&nbsp;<\/p>\n<p><span class=\"HwtZe\" lang=\"fr\"><span class=\"jCAhz ChMk0b\"><span class=\"ryNqvb\">Selon les donn\u00e9es de ventes de 3MMA de janvier, le march\u00e9 chinois valait 11,66 milliards de dollars, en baisse de 31,6% par rapport \u00e0 la m\u00eame p\u00e9riode un an plus t\u00f4t.<\/span><\/span> <span class=\"jCAhz ChMk0b\"><span class=\"ryNqvb\">Le march\u00e9 de l&rsquo;Asie-Pacifique, hors Chine et Japon, \u00e9tait \u00e9valu\u00e9 \u00e0 10,77 milliards de dollars, en baisse de 19,5 %.<\/span><\/span> <span class=\"jCAhz ChMk0b\"><span class=\"ryNqvb\">La r\u00e9gion des Am\u00e9riques a baiss\u00e9 de 12,4 % par an, l&rsquo;Europe de 0,9 % et le Japon de 0,7 %.<\/span><\/span> <span class=\"jCAhz ChMk0b\"><span class=\"ryNqvb\">\u00ab\u00a0Malgr\u00e9 des ventes record en 2022, le march\u00e9 mondial des semi-conducteurs s&rsquo;est consid\u00e9rablement refroidi au cours du second semestre, et cette tendance s&rsquo;est poursuivie au cours du premier mois de 2023\u00a0\u00bb, a d\u00e9clar\u00e9 John Neuffer, PDG de la SIA, dans un communiqu\u00e9.<\/span><\/span><\/span><\/p>\n<p><span class=\"HwtZe\" lang=\"fr\"><span class=\"jCAhz ChMk0b\"><span class=\"ryNqvb\">Les donn\u00e9es mensuelles sont fournies par la SIA sous la forme d&rsquo;une moyenne sur trois mois (3MMA), bien que la source des donn\u00e9es, World Semiconductor Trade Statistics, suive les donn\u00e9es mensuelles. La SIA et d&rsquo;autres organismes r\u00e9gionaux de l&rsquo;industrie des semiconducteurs choisissent d&rsquo;utiliser des donn\u00e9es moyennes car elles \u00e9galisent les donn\u00e9es r\u00e9elles qui montrent g\u00e9n\u00e9ralement des creux au d\u00e9but des trimestres et des pics \u00e0 la fin des trimestres. <\/span><\/span><\/span><\/p>\n<p><span class=\"HwtZe\" lang=\"fr\"><span class=\"jCAhz ChMk0b\"><span class=\"ryNqvb\">Liens et articles associ\u00e9s\u00a0:<\/span><\/span><\/span><\/p>\n<p><a href=\"https:\/\/www.semiconductors.org\">www.semiconductors.org<\/a><\/p>\n<p><a href=\"https:\/\/www.eusemiconductors.eu\">www.eusemiconductors.eu<\/a><\/p>\n<h4><strong>News articles:<\/strong><\/h4>\n<p class=\"title\"><a title=\"Future Horizons pr\u00e9voit une baisse du march\u00e9 de 22% en 2023 contre 4% selon le WSTS. Qui a raison?\" href=\"https:\/\/www.ecinews.fr\/fr\/future-horizons-prevoit-une-baisse-du-marche-de-22-en-2023-contre-4-selon-le-wsts-qui-a-raison\/\" target=\"_blank\" rel=\"noopener\">Future Horizons pr\u00e9voit une baisse du march\u00e9 de 22% en 2023 contre 4% selon le WSTS. Qui a raison?<\/a><\/p>\n<p><a title=\"Les r\u00e9sultats financiers montrent la faiblesse du march\u00e9 des semiconducteurs\" href=\"https:\/\/www.ecinews.fr\/fr\/les-resultats-financiers-montrent-la-faiblesse-du-marche-des-semiconducteurs\/\" target=\"_blank\" rel=\"noopener\">Les r\u00e9sultats financiers montrent la faiblesse du march\u00e9 des semiconducteurs<\/a><\/p>\n<p>&nbsp;<\/p>\n","protected":false},"excerpt":{"rendered":"<p>La valeur du march\u00e9 mondial des puces a continu\u00e9 de baisser en janvier, le march\u00e9 chinois perdant 31,6% de sa valeur sur une base annuelle, selon les chiffres de la Semiconductor Industry Association (SIA).<\/p>\n","protected":false},"author":4,"featured_media":379769,"comment_status":"closed","ping_status":"closed","sticky":true,"template":"","format":"standard","meta":{"_acf_changed":false,"footnotes":""},"categories":[888],"tags":[2128,2327,1558],"domains":[47],"ppma_author":[1136],"class_list":["post-415588","post","type-post","status-publish","format-standard","has-post-thumbnail","hentry","category-marche","tag-china-fr","tag-marche","tag-semiconducteurs","domains-electronique-eci"],"acf":[],"yoast_head":"<title>Le march\u00e9 chinois des semiconducteurs en chute de 31,6 % ...<\/title>\n<meta name=\"description\" content=\"La valeur du march\u00e9 mondial des puces a continu\u00e9 de baisser en janvier, le march\u00e9 chinois perdant 31,6% sur une base annuelle, selon la SIA.\" \/>\n<meta name=\"robots\" content=\"index, follow, max-snippet:-1, max-image-preview:large, max-video-preview:-1\" \/>\n<link rel=\"canonical\" href=\"https:\/\/www.ecinews.fr\/fr\/wp-json\/wp\/v2\/posts\/415588\/\" \/>\n<meta property=\"og:locale\" content=\"fr_FR\" \/>\n<meta property=\"og:type\" content=\"article\" \/>\n<meta property=\"og:title\" content=\"Le march\u00e9 chinois des semiconducteurs en chute de 31,6%\" \/>\n<meta property=\"og:description\" content=\"La valeur du march\u00e9 mondial des puces a continu\u00e9 de baisser en janvier, le march\u00e9 chinois perdant 31,6% sur une base annuelle, selon la SIA.\" \/>\n<meta property=\"og:url\" content=\"https:\/\/www.ecinews.fr\/fr\/wp-json\/wp\/v2\/posts\/415588\/\" \/>\n<meta property=\"og:site_name\" content=\"EENewsEurope\" \/>\n<meta property=\"article:published_time\" content=\"2023-03-06T16:53:21+00:00\" \/>\n<meta property=\"article:modified_time\" content=\"2023-03-07T14:06:48+00:00\" \/>\n<meta property=\"og:image\" content=\"https:\/\/www.ecinews.fr\/wp-content\/uploads\/2022\/04\/ChinaDown630.jpg\" \/>\n\t<meta property=\"og:image:width\" content=\"630\" \/>\n\t<meta property=\"og:image:height\" content=\"354\" \/>\n\t<meta property=\"og:image:type\" content=\"image\/jpeg\" \/>\n<meta name=\"author\" content=\"Peter Clarke\" \/>\n<meta name=\"twitter:card\" content=\"summary_large_image\" \/>\n<meta name=\"twitter:label1\" content=\"Written by\" \/>\n\t<meta name=\"twitter:data1\" content=\"Peter Clarke\" \/>\n\t<meta name=\"twitter:label2\" content=\"Est. reading time\" \/>\n\t<meta name=\"twitter:data2\" content=\"4 minutes\" \/>\n<script type=\"application\/ld+json\" class=\"yoast-schema-graph\">{\"@context\":\"https:\/\/schema.org\",\"@graph\":[{\"@type\":\"Article\",\"@id\":\"https:\/\/www.ecinews.fr\/fr\/le-marche-chinois-des-semiconducteurs-en-chute-de-31-pourcent\/#article\",\"isPartOf\":{\"@id\":\"https:\/\/www.ecinews.fr\/fr\/le-marche-chinois-des-semiconducteurs-en-chute-de-31-pourcent\/\"},\"author\":{\"name\":\"Peter Clarke\",\"@id\":\"https:\/\/www.ecinews.fr\/fr\/#\/schema\/person\/bb22de2055b3a18f1d32a11e52b4a304\"},\"headline\":\"Le march\u00e9 chinois des semiconducteurs en chute de 31,6%\",\"datePublished\":\"2023-03-06T16:53:21+00:00\",\"dateModified\":\"2023-03-07T14:06:48+00:00\",\"mainEntityOfPage\":{\"@id\":\"https:\/\/www.ecinews.fr\/fr\/le-marche-chinois-des-semiconducteurs-en-chute-de-31-pourcent\/\"},\"wordCount\":791,\"publisher\":{\"@id\":\"https:\/\/www.ecinews.fr\/fr\/#organization\"},\"keywords\":[\"Chine\",\"March\u00e9\",\"Semiconducteurs\"],\"articleSection\":[\"March\u00e9\"],\"inLanguage\":\"fr-FR\"},{\"@type\":\"WebPage\",\"@id\":\"https:\/\/www.ecinews.fr\/fr\/le-marche-chinois-des-semiconducteurs-en-chute-de-31-pourcent\/\",\"url\":\"https:\/\/www.ecinews.fr\/fr\/le-marche-chinois-des-semiconducteurs-en-chute-de-31-pourcent\/\",\"name\":\"Le march\u00e9 chinois des semiconducteurs en chute de 31,6 %\",\"isPartOf\":{\"@id\":\"https:\/\/www.ecinews.fr\/fr\/#website\"},\"datePublished\":\"2023-03-06T16:53:21+00:00\",\"dateModified\":\"2023-03-07T14:06:48+00:00\",\"description\":\"La valeur du march\u00e9 mondial des puces a continu\u00e9 de baisser en janvier, le march\u00e9 chinois perdant 31,6% sur une base annuelle, selon la SIA.\",\"breadcrumb\":{\"@id\":\"https:\/\/www.ecinews.fr\/fr\/le-marche-chinois-des-semiconducteurs-en-chute-de-31-pourcent\/#breadcrumb\"},\"inLanguage\":\"fr-FR\",\"potentialAction\":[{\"@type\":\"ReadAction\",\"target\":[\"https:\/\/www.ecinews.fr\/fr\/le-marche-chinois-des-semiconducteurs-en-chute-de-31-pourcent\/\"]}]},{\"@type\":\"BreadcrumbList\",\"@id\":\"https:\/\/www.ecinews.fr\/fr\/le-marche-chinois-des-semiconducteurs-en-chute-de-31-pourcent\/#breadcrumb\",\"itemListElement\":[{\"@type\":\"ListItem\",\"position\":1,\"name\":\"Home\",\"item\":\"https:\/\/www.ecinews.fr\/fr\/\"},{\"@type\":\"ListItem\",\"position\":2,\"name\":\"Le march\u00e9 chinois des semiconducteurs en chute de 31,6%\"}]},{\"@type\":\"WebSite\",\"@id\":\"https:\/\/www.ecinews.fr\/fr\/#website\",\"url\":\"https:\/\/www.ecinews.fr\/fr\/\",\"name\":\"EENewsEurope\",\"description\":\"Just another WordPress site\",\"publisher\":{\"@id\":\"https:\/\/www.ecinews.fr\/fr\/#organization\"},\"potentialAction\":[{\"@type\":\"SearchAction\",\"target\":{\"@type\":\"EntryPoint\",\"urlTemplate\":\"https:\/\/www.ecinews.fr\/fr\/?s={search_term_string}\"},\"query-input\":\"required name=search_term_string\"}],\"inLanguage\":\"fr-FR\"},{\"@type\":\"Organization\",\"@id\":\"https:\/\/www.ecinews.fr\/fr\/#organization\",\"name\":\"EENewsEurope\",\"url\":\"https:\/\/www.ecinews.fr\/fr\/\",\"logo\":{\"@type\":\"ImageObject\",\"inLanguage\":\"fr-FR\",\"@id\":\"https:\/\/www.ecinews.fr\/fr\/#\/schema\/logo\/image\/\",\"url\":\"https:\/\/www.ecinews.fr\/wp-content\/uploads\/2022\/02\/logo-1.jpg\",\"contentUrl\":\"https:\/\/www.ecinews.fr\/wp-content\/uploads\/2022\/02\/logo-1.jpg\",\"width\":283,\"height\":113,\"caption\":\"EENewsEurope\"},\"image\":{\"@id\":\"https:\/\/www.ecinews.fr\/fr\/#\/schema\/logo\/image\/\"}},{\"@type\":\"Person\",\"@id\":\"https:\/\/www.ecinews.fr\/fr\/#\/schema\/person\/bb22de2055b3a18f1d32a11e52b4a304\",\"name\":\"Peter Clarke\",\"image\":{\"@type\":\"ImageObject\",\"inLanguage\":\"fr-FR\",\"@id\":\"https:\/\/www.ecinews.fr\/fr\/#\/schema\/person\/image\/4b5bba5d58c6f51f0a8ea21c3dda4274\",\"url\":\"https:\/\/secure.gravatar.com\/avatar\/d567d206cb92a682963201f296594da4?s=96&d=mm&r=g\",\"contentUrl\":\"https:\/\/secure.gravatar.com\/avatar\/d567d206cb92a682963201f296594da4?s=96&d=mm&r=g\",\"caption\":\"Peter Clarke\"}}]}<\/script>","yoast_head_json":{"title":"Le march\u00e9 chinois des semiconducteurs en chute de 31,6 % ...","description":"La valeur du march\u00e9 mondial des puces a continu\u00e9 de baisser en janvier, le march\u00e9 chinois perdant 31,6% sur une base annuelle, selon la SIA.","robots":{"index":"index","follow":"follow","max-snippet":"max-snippet:-1","max-image-preview":"max-image-preview:large","max-video-preview":"max-video-preview:-1"},"canonical":"https:\/\/www.ecinews.fr\/fr\/wp-json\/wp\/v2\/posts\/415588\/","og_locale":"fr_FR","og_type":"article","og_title":"Le march\u00e9 chinois des semiconducteurs en chute de 31,6%","og_description":"La valeur du march\u00e9 mondial des puces a continu\u00e9 de baisser en janvier, le march\u00e9 chinois perdant 31,6% sur une base annuelle, selon la SIA.","og_url":"https:\/\/www.ecinews.fr\/fr\/wp-json\/wp\/v2\/posts\/415588\/","og_site_name":"EENewsEurope","article_published_time":"2023-03-06T16:53:21+00:00","article_modified_time":"2023-03-07T14:06:48+00:00","og_image":[{"width":630,"height":354,"url":"https:\/\/www.ecinews.fr\/wp-content\/uploads\/2022\/04\/ChinaDown630.jpg","type":"image\/jpeg"}],"author":"Peter Clarke","twitter_card":"summary_large_image","twitter_misc":{"Written by":"Peter Clarke","Est. reading time":"4 minutes"},"schema":{"@context":"https:\/\/schema.org","@graph":[{"@type":"Article","@id":"https:\/\/www.ecinews.fr\/fr\/le-marche-chinois-des-semiconducteurs-en-chute-de-31-pourcent\/#article","isPartOf":{"@id":"https:\/\/www.ecinews.fr\/fr\/le-marche-chinois-des-semiconducteurs-en-chute-de-31-pourcent\/"},"author":{"name":"Peter Clarke","@id":"https:\/\/www.ecinews.fr\/fr\/#\/schema\/person\/bb22de2055b3a18f1d32a11e52b4a304"},"headline":"Le march\u00e9 chinois des semiconducteurs en chute de 31,6%","datePublished":"2023-03-06T16:53:21+00:00","dateModified":"2023-03-07T14:06:48+00:00","mainEntityOfPage":{"@id":"https:\/\/www.ecinews.fr\/fr\/le-marche-chinois-des-semiconducteurs-en-chute-de-31-pourcent\/"},"wordCount":791,"publisher":{"@id":"https:\/\/www.ecinews.fr\/fr\/#organization"},"keywords":["Chine","March\u00e9","Semiconducteurs"],"articleSection":["March\u00e9"],"inLanguage":"fr-FR"},{"@type":"WebPage","@id":"https:\/\/www.ecinews.fr\/fr\/le-marche-chinois-des-semiconducteurs-en-chute-de-31-pourcent\/","url":"https:\/\/www.ecinews.fr\/fr\/le-marche-chinois-des-semiconducteurs-en-chute-de-31-pourcent\/","name":"Le march\u00e9 chinois des semiconducteurs en chute de 31,6 %","isPartOf":{"@id":"https:\/\/www.ecinews.fr\/fr\/#website"},"datePublished":"2023-03-06T16:53:21+00:00","dateModified":"2023-03-07T14:06:48+00:00","description":"La valeur du march\u00e9 mondial des puces a continu\u00e9 de baisser en janvier, le march\u00e9 chinois perdant 31,6% sur une base annuelle, selon la SIA.","breadcrumb":{"@id":"https:\/\/www.ecinews.fr\/fr\/le-marche-chinois-des-semiconducteurs-en-chute-de-31-pourcent\/#breadcrumb"},"inLanguage":"fr-FR","potentialAction":[{"@type":"ReadAction","target":["https:\/\/www.ecinews.fr\/fr\/le-marche-chinois-des-semiconducteurs-en-chute-de-31-pourcent\/"]}]},{"@type":"BreadcrumbList","@id":"https:\/\/www.ecinews.fr\/fr\/le-marche-chinois-des-semiconducteurs-en-chute-de-31-pourcent\/#breadcrumb","itemListElement":[{"@type":"ListItem","position":1,"name":"Home","item":"https:\/\/www.ecinews.fr\/fr\/"},{"@type":"ListItem","position":2,"name":"Le march\u00e9 chinois des semiconducteurs en chute de 31,6%"}]},{"@type":"WebSite","@id":"https:\/\/www.ecinews.fr\/fr\/#website","url":"https:\/\/www.ecinews.fr\/fr\/","name":"EENewsEurope","description":"Just another WordPress site","publisher":{"@id":"https:\/\/www.ecinews.fr\/fr\/#organization"},"potentialAction":[{"@type":"SearchAction","target":{"@type":"EntryPoint","urlTemplate":"https:\/\/www.ecinews.fr\/fr\/?s={search_term_string}"},"query-input":"required name=search_term_string"}],"inLanguage":"fr-FR"},{"@type":"Organization","@id":"https:\/\/www.ecinews.fr\/fr\/#organization","name":"EENewsEurope","url":"https:\/\/www.ecinews.fr\/fr\/","logo":{"@type":"ImageObject","inLanguage":"fr-FR","@id":"https:\/\/www.ecinews.fr\/fr\/#\/schema\/logo\/image\/","url":"https:\/\/www.ecinews.fr\/wp-content\/uploads\/2022\/02\/logo-1.jpg","contentUrl":"https:\/\/www.ecinews.fr\/wp-content\/uploads\/2022\/02\/logo-1.jpg","width":283,"height":113,"caption":"EENewsEurope"},"image":{"@id":"https:\/\/www.ecinews.fr\/fr\/#\/schema\/logo\/image\/"}},{"@type":"Person","@id":"https:\/\/www.ecinews.fr\/fr\/#\/schema\/person\/bb22de2055b3a18f1d32a11e52b4a304","name":"Peter Clarke","image":{"@type":"ImageObject","inLanguage":"fr-FR","@id":"https:\/\/www.ecinews.fr\/fr\/#\/schema\/person\/image\/4b5bba5d58c6f51f0a8ea21c3dda4274","url":"https:\/\/secure.gravatar.com\/avatar\/d567d206cb92a682963201f296594da4?s=96&d=mm&r=g","contentUrl":"https:\/\/secure.gravatar.com\/avatar\/d567d206cb92a682963201f296594da4?s=96&d=mm&r=g","caption":"Peter Clarke"}}]}},"authors":[{"term_id":1136,"user_id":4,"is_guest":0,"slug":"clarke","display_name":"Peter Clarke","avatar_url":"https:\/\/secure.gravatar.com\/avatar\/d567d206cb92a682963201f296594da4?s=96&d=mm&r=g","0":null,"1":"","2":"","3":"","4":"","5":"","6":"","7":"","8":""}],"_links":{"self":[{"href":"https:\/\/www.ecinews.fr\/fr\/wp-json\/wp\/v2\/posts\/415588"}],"collection":[{"href":"https:\/\/www.ecinews.fr\/fr\/wp-json\/wp\/v2\/posts"}],"about":[{"href":"https:\/\/www.ecinews.fr\/fr\/wp-json\/wp\/v2\/types\/post"}],"author":[{"embeddable":true,"href":"https:\/\/www.ecinews.fr\/fr\/wp-json\/wp\/v2\/users\/4"}],"replies":[{"embeddable":true,"href":"https:\/\/www.ecinews.fr\/fr\/wp-json\/wp\/v2\/comments?post=415588"}],"version-history":[{"count":0,"href":"https:\/\/www.ecinews.fr\/fr\/wp-json\/wp\/v2\/posts\/415588\/revisions"}],"wp:featuredmedia":[{"embeddable":true,"href":"https:\/\/www.ecinews.fr\/fr\/wp-json\/wp\/v2\/media\/379769"}],"wp:attachment":[{"href":"https:\/\/www.ecinews.fr\/fr\/wp-json\/wp\/v2\/media?parent=415588"}],"wp:term":[{"taxonomy":"category","embeddable":true,"href":"https:\/\/www.ecinews.fr\/fr\/wp-json\/wp\/v2\/categories?post=415588"},{"taxonomy":"post_tag","embeddable":true,"href":"https:\/\/www.ecinews.fr\/fr\/wp-json\/wp\/v2\/tags?post=415588"},{"taxonomy":"domains","embeddable":true,"href":"https:\/\/www.ecinews.fr\/fr\/wp-json\/wp\/v2\/domains?post=415588"},{"taxonomy":"author","embeddable":true,"href":"https:\/\/www.ecinews.fr\/fr\/wp-json\/wp\/v2\/ppma_author?post=415588"}],"curies":[{"name":"wp","href":"https:\/\/api.w.org\/{rel}","templated":true}]}}