{"id":413880,"date":"2023-02-15T10:30:15","date_gmt":"2023-02-15T09:30:15","guid":{"rendered":"https:\/\/www.ecinews.fr\/?p=413880"},"modified":"2023-02-15T10:30:15","modified_gmt":"2023-02-15T09:30:15","slug":"supercondensateurs-qualifies-pour-lautomobile","status":"publish","type":"post","link":"https:\/\/www.ecinews.fr\/fr\/supercondensateurs-qualifies-pour-lautomobile\/","title":{"rendered":"Supercondensateurs qualifi\u00e9s pour l\u2019automobile"},"content":{"rendered":"<p>Kyocera annonce ses premiers supercondensateurs qualifi\u00e9s pour l&rsquo;automobile, \u00e9galement connus sous le nom de condensateurs cylindriques, \u00e9lectrochimiques \u00e0 double couche. Les cinq nouveaux\u00a0supercondensateurs de la s\u00e9rie SCC sont test\u00e9s et qualifi\u00e9s selon la norme rigoureuse AEC-Q200, ce qui prouve leur capacit\u00e9 \u00e0 r\u00e9sister de mani\u00e8re fiable aux conditions d&rsquo;essai con\u00e7ues pour reproduire les conditions m\u00e9caniques et \u00e9lectriques difficiles courantes dans les applications automobiles.<\/p>\n<p>Les supercondensateurs de la s\u00e9rie SCC ont un facteur de forme robuste, offrent des performances de haute fiabilit\u00e9 et pr\u00e9sentent une capacit\u00e9 tr\u00e8s \u00e9lev\u00e9e, une ESR tr\u00e8s faible et d&rsquo;excellentes caract\u00e9ristiques de gestion de la puissance d&rsquo;impulsion. Ils peuvent \u00eatre utilis\u00e9s seuls ou en conjonction avec des batteries primaires ou secondaires, pour prolonger les temps de sauvegarde et la dur\u00e9e de vie de la batterie et tirer parti de la puissance d&rsquo;impulsion instantan\u00e9e. Les applications id\u00e9ales pour les cinq nouveaux supercondensateurs qualifi\u00e9s pour l&rsquo;automobile comprennent le verrouillage m\u00e9canique \u00e9lectronique, les appels d&rsquo;urgence, l&rsquo;enregistrement \u00e9lectronique, le freinage par r\u00e9cup\u00e9ration, l&rsquo;alimentation et les syst\u00e8mes d&rsquo;alimentation de secours.<\/p>\n<p>Les cinq nouveaux supercondensateurs de la s\u00e9rie SCC qualifi\u00e9s pour l&rsquo;automobile sont con\u00e7us pour 25F et 2,7 V, 100 F et 2,7 V, 10 F et 3 V, 35 F et 3 V, et 100 F et 3 V. Ils sont \u00e9galement conformes aux exigences UL 810A, RoHS et REACH.<\/p>\n<p>\u00ab Nous sommes tr\u00e8s fiers de pr\u00e9senter nos premiers supercondensateurs qualifi\u00e9s pour l&rsquo;automobile\u00a0\u00bb,\u00a0a d\u00e9clar\u00e9\u00a0Mamoon Abedraboh, chef de produit mondial supercondensateurs chez Kyocera AVX.\u00a0\u00ab Nous avons lanc\u00e9 les premiers\u00a0supercondensateurs de la s\u00e9rie SCC en octobre 2016 et, dans les ann\u00e9es qui ont suivi, ils ont prouv\u00e9 qu&rsquo;ils offraient des performances de haute qualit\u00e9 et de haute fiabilit\u00e9, des caract\u00e9ristiques optimales de gestion de la puissance des impulsions et un rapport qualit\u00e9-prix impressionnant dans les applications industrielles et grand public du monde entier. Nous sommes donc tr\u00e8s heureux d&rsquo;offrir des solutions pr\u00e9sentant les m\u00eames caract\u00e9ristiques exceptionnelles \u00e0 nos clients du secteur automobile. \u00bb<\/p>\n<p>&nbsp;<\/p>\n<p><a href=\"https:\/\/u7061146.ct.sendgrid.net\/ls\/click?upn=4tNED-2FM8iDZJQyQ53jATUVCJSDHym3iwavccYyVPHH4i-2FO7mtWoYvhkY51jmVeS4TQPumgLXS0wQYawWsRewjXx-2BNwAtY0mNQFszMoREHWQfn6DQgfDC7QRE3Ez-2BwqAx0u9q_Ja9eihoKTgbB96k3kty92bnR6BVapATlpdIkGl0V0T7KuGkvwFv-2FK64JbK0yk1ieUtnoqV8EtkFxkYhyMgwytCARvQl6UGtWZhgoBYmbNTwCAhWhrSB23-2FN817wMmc7Ex7hwlZL8jjdWjWyMGBYAdY9SBf46fIly1pBH4-2FEPOu0m4llNEfGOSS65WPYIQU-2FsGRxmOw959PY4yd4pbscoFpDaQqE5jRDCLoFlEFz-2BJzKbQxXxHeu3WydSZw9VjWORSlIuDux90PkklIN1XK4m32hNdR5UVguD4SLSFNW36PoF8N1s-2BGQUrHztq4umjqns013aHlxMJK9MjlhdeYXUIy-2Fq1TCt-2B9kgp-2FQ8N5Zrx1o-3D\">www.kyocera-avx.com\/products\/supercapacitors\/scc-series-automotive-grade\/<\/a><\/p>\n<p>&nbsp;<\/p>\n","protected":false},"excerpt":{"rendered":"<p>Kyocera annonce ses premiers supercondensateurs qualifi\u00e9s pour l&rsquo;automobile, \u00e9galement connus sous le nom de condensateurs cylindriques, \u00e9lectrochimiques \u00e0 double couche. Les cinq nouveaux\u00a0supercondensateurs de la s\u00e9rie SCC sont test\u00e9s et qualifi\u00e9s selon la norme rigoureuse AEC-Q200, ce qui prouve leur capacit\u00e9 \u00e0 r\u00e9sister de mani\u00e8re fiable aux conditions d&rsquo;essai con\u00e7ues pour reproduire les conditions m\u00e9caniques [&hellip;]<\/p>\n","protected":false},"author":36,"featured_media":413881,"comment_status":"closed","ping_status":"closed","sticky":false,"template":"","format":"standard","meta":{"_acf_changed":false,"footnotes":""},"categories":[881],"tags":[1640,1905],"domains":[47],"ppma_author":[1154],"class_list":["post-413880","post","type-post","status-publish","format-standard","has-post-thumbnail","hentry","category-nouveaux-produits","tag-automobile","tag-super-condensateurs","domains-electronique-eci"],"acf":[],"yoast_head":"<title>Supercondensateurs qualifi\u00e9s pour l\u2019automobile ...<\/title>\n<meta name=\"description\" content=\"Kyocera annonce ses premiers supercondensateurs qualifi\u00e9s pour l&rsquo;automobile, \u00e9galement connus sous le nom de condensateurs cylindriques,...\" \/>\n<meta name=\"robots\" content=\"index, follow, max-snippet:-1, max-image-preview:large, max-video-preview:-1\" \/>\n<link rel=\"canonical\" href=\"https:\/\/www.ecinews.fr\/fr\/wp-json\/wp\/v2\/posts\/413880\/\" \/>\n<meta property=\"og:locale\" content=\"fr_FR\" \/>\n<meta property=\"og:type\" content=\"article\" \/>\n<meta property=\"og:title\" content=\"Supercondensateurs qualifi\u00e9s pour l\u2019automobile\" \/>\n<meta property=\"og:description\" content=\"Kyocera annonce ses premiers supercondensateurs qualifi\u00e9s pour l&rsquo;automobile, \u00e9galement connus sous le nom de condensateurs cylindriques, \u00e9lectrochimiques \u00e0 double couche. Les cinq nouveaux\u00a0supercondensateurs de la s\u00e9rie SCC sont test\u00e9s et qualifi\u00e9s selon la norme rigoureuse AEC-Q200, ce qui prouve leur capacit\u00e9 \u00e0 r\u00e9sister de mani\u00e8re fiable aux conditions d&rsquo;essai con\u00e7ues pour reproduire les conditions m\u00e9caniques [&hellip;]\" \/>\n<meta property=\"og:url\" content=\"https:\/\/www.ecinews.fr\/fr\/wp-json\/wp\/v2\/posts\/413880\/\" \/>\n<meta property=\"og:site_name\" content=\"EENewsEurope\" \/>\n<meta property=\"article:published_time\" content=\"2023-02-15T09:30:15+00:00\" \/>\n<meta property=\"og:image\" content=\"https:\/\/www.ecinews.fr\/wp-content\/uploads\/2023\/02\/ECI1673_Kyocera_auto-scaled.jpg\" \/>\n\t<meta property=\"og:image:width\" content=\"1080\" \/>\n\t<meta property=\"og:image:height\" content=\"567\" \/>\n\t<meta property=\"og:image:type\" content=\"image\/jpeg\" \/>\n<meta name=\"author\" content=\"Alain Dieul\" \/>\n<meta name=\"twitter:card\" content=\"summary_large_image\" \/>\n<meta name=\"twitter:label1\" content=\"Written by\" \/>\n\t<meta name=\"twitter:data1\" content=\"Alain Dieul\" \/>\n\t<meta name=\"twitter:label2\" content=\"Est. reading time\" \/>\n\t<meta name=\"twitter:data2\" content=\"2 minutes\" \/>\n<script type=\"application\/ld+json\" class=\"yoast-schema-graph\">{\"@context\":\"https:\/\/schema.org\",\"@graph\":[{\"@type\":\"Article\",\"@id\":\"https:\/\/www.ecinews.fr\/fr\/supercondensateurs-qualifies-pour-lautomobile\/#article\",\"isPartOf\":{\"@id\":\"https:\/\/www.ecinews.fr\/fr\/supercondensateurs-qualifies-pour-lautomobile\/\"},\"author\":{\"name\":\"Alain Dieul\",\"@id\":\"https:\/\/www.eenewseurope.com\/en\/#\/schema\/person\/e4387676ad67ce722325c7832f3c3762\"},\"headline\":\"Supercondensateurs qualifi\u00e9s pour l\u2019automobile\",\"datePublished\":\"2023-02-15T09:30:15+00:00\",\"dateModified\":\"2023-02-15T09:30:15+00:00\",\"mainEntityOfPage\":{\"@id\":\"https:\/\/www.ecinews.fr\/fr\/supercondensateurs-qualifies-pour-lautomobile\/\"},\"wordCount\":374,\"publisher\":{\"@id\":\"https:\/\/www.eenewseurope.com\/en\/#organization\"},\"keywords\":[\"Automobile\",\"super-condensateurs\"],\"articleSection\":[\"Nouveaux produits\"],\"inLanguage\":\"fr-FR\"},{\"@type\":\"WebPage\",\"@id\":\"https:\/\/www.ecinews.fr\/fr\/supercondensateurs-qualifies-pour-lautomobile\/\",\"url\":\"https:\/\/www.ecinews.fr\/fr\/supercondensateurs-qualifies-pour-lautomobile\/\",\"name\":\"Supercondensateurs qualifi\u00e9s pour l\u2019automobile -\",\"isPartOf\":{\"@id\":\"https:\/\/www.eenewseurope.com\/en\/#website\"},\"datePublished\":\"2023-02-15T09:30:15+00:00\",\"dateModified\":\"2023-02-15T09:30:15+00:00\",\"breadcrumb\":{\"@id\":\"https:\/\/www.ecinews.fr\/fr\/supercondensateurs-qualifies-pour-lautomobile\/#breadcrumb\"},\"inLanguage\":\"fr-FR\",\"potentialAction\":[{\"@type\":\"ReadAction\",\"target\":[\"https:\/\/www.ecinews.fr\/fr\/supercondensateurs-qualifies-pour-lautomobile\/\"]}]},{\"@type\":\"BreadcrumbList\",\"@id\":\"https:\/\/www.ecinews.fr\/fr\/supercondensateurs-qualifies-pour-lautomobile\/#breadcrumb\",\"itemListElement\":[{\"@type\":\"ListItem\",\"position\":1,\"name\":\"Home\",\"item\":\"https:\/\/www.ecinews.fr\/fr\/\"},{\"@type\":\"ListItem\",\"position\":2,\"name\":\"Supercondensateurs qualifi\u00e9s pour l\u2019automobile\"}]},{\"@type\":\"WebSite\",\"@id\":\"https:\/\/www.eenewseurope.com\/en\/#website\",\"url\":\"https:\/\/www.eenewseurope.com\/en\/\",\"name\":\"EENewsEurope\",\"description\":\"Just another WordPress site\",\"publisher\":{\"@id\":\"https:\/\/www.eenewseurope.com\/en\/#organization\"},\"potentialAction\":[{\"@type\":\"SearchAction\",\"target\":{\"@type\":\"EntryPoint\",\"urlTemplate\":\"https:\/\/www.eenewseurope.com\/en\/?s={search_term_string}\"},\"query-input\":\"required name=search_term_string\"}],\"inLanguage\":\"fr-FR\"},{\"@type\":\"Organization\",\"@id\":\"https:\/\/www.eenewseurope.com\/en\/#organization\",\"name\":\"EENewsEurope\",\"url\":\"https:\/\/www.eenewseurope.com\/en\/\",\"logo\":{\"@type\":\"ImageObject\",\"inLanguage\":\"fr-FR\",\"@id\":\"https:\/\/www.eenewseurope.com\/en\/#\/schema\/logo\/image\/\",\"url\":\"https:\/\/www.ecinews.fr\/wp-content\/uploads\/2022\/02\/logo-1.jpg\",\"contentUrl\":\"https:\/\/www.ecinews.fr\/wp-content\/uploads\/2022\/02\/logo-1.jpg\",\"width\":283,\"height\":113,\"caption\":\"EENewsEurope\"},\"image\":{\"@id\":\"https:\/\/www.eenewseurope.com\/en\/#\/schema\/logo\/image\/\"}},{\"@type\":\"Person\",\"@id\":\"https:\/\/www.eenewseurope.com\/en\/#\/schema\/person\/e4387676ad67ce722325c7832f3c3762\",\"name\":\"Alain Dieul\",\"image\":{\"@type\":\"ImageObject\",\"inLanguage\":\"fr-FR\",\"@id\":\"https:\/\/www.eenewseurope.com\/en\/#\/schema\/person\/image\/736120675699dbbf0f0f282b9a9cfb75\",\"url\":\"https:\/\/secure.gravatar.com\/avatar\/bc93b056d07515be5b8eecd4acf49c5c?s=96&d=mm&r=g\",\"contentUrl\":\"https:\/\/secure.gravatar.com\/avatar\/bc93b056d07515be5b8eecd4acf49c5c?s=96&d=mm&r=g\",\"caption\":\"Alain Dieul\"},\"sameAs\":[\"http:\/\/ECINews\"]}]}<\/script>","yoast_head_json":{"title":"Supercondensateurs qualifi\u00e9s pour l\u2019automobile ...","description":"Kyocera annonce ses premiers supercondensateurs qualifi\u00e9s pour l&rsquo;automobile, \u00e9galement connus sous le nom de condensateurs cylindriques,...","robots":{"index":"index","follow":"follow","max-snippet":"max-snippet:-1","max-image-preview":"max-image-preview:large","max-video-preview":"max-video-preview:-1"},"canonical":"https:\/\/www.ecinews.fr\/fr\/wp-json\/wp\/v2\/posts\/413880\/","og_locale":"fr_FR","og_type":"article","og_title":"Supercondensateurs qualifi\u00e9s pour l\u2019automobile","og_description":"Kyocera annonce ses premiers supercondensateurs qualifi\u00e9s pour l&rsquo;automobile, \u00e9galement connus sous le nom de condensateurs cylindriques, \u00e9lectrochimiques \u00e0 double couche. Les cinq nouveaux\u00a0supercondensateurs de la s\u00e9rie SCC sont test\u00e9s et qualifi\u00e9s selon la norme rigoureuse AEC-Q200, ce qui prouve leur capacit\u00e9 \u00e0 r\u00e9sister de mani\u00e8re fiable aux conditions d&rsquo;essai con\u00e7ues pour reproduire les conditions m\u00e9caniques [&hellip;]","og_url":"https:\/\/www.ecinews.fr\/fr\/wp-json\/wp\/v2\/posts\/413880\/","og_site_name":"EENewsEurope","article_published_time":"2023-02-15T09:30:15+00:00","og_image":[{"width":1080,"height":567,"url":"https:\/\/www.ecinews.fr\/wp-content\/uploads\/2023\/02\/ECI1673_Kyocera_auto-scaled.jpg","type":"image\/jpeg"}],"author":"Alain Dieul","twitter_card":"summary_large_image","twitter_misc":{"Written by":"Alain Dieul","Est. reading time":"2 minutes"},"schema":{"@context":"https:\/\/schema.org","@graph":[{"@type":"Article","@id":"https:\/\/www.ecinews.fr\/fr\/supercondensateurs-qualifies-pour-lautomobile\/#article","isPartOf":{"@id":"https:\/\/www.ecinews.fr\/fr\/supercondensateurs-qualifies-pour-lautomobile\/"},"author":{"name":"Alain Dieul","@id":"https:\/\/www.eenewseurope.com\/en\/#\/schema\/person\/e4387676ad67ce722325c7832f3c3762"},"headline":"Supercondensateurs qualifi\u00e9s pour l\u2019automobile","datePublished":"2023-02-15T09:30:15+00:00","dateModified":"2023-02-15T09:30:15+00:00","mainEntityOfPage":{"@id":"https:\/\/www.ecinews.fr\/fr\/supercondensateurs-qualifies-pour-lautomobile\/"},"wordCount":374,"publisher":{"@id":"https:\/\/www.eenewseurope.com\/en\/#organization"},"keywords":["Automobile","super-condensateurs"],"articleSection":["Nouveaux produits"],"inLanguage":"fr-FR"},{"@type":"WebPage","@id":"https:\/\/www.ecinews.fr\/fr\/supercondensateurs-qualifies-pour-lautomobile\/","url":"https:\/\/www.ecinews.fr\/fr\/supercondensateurs-qualifies-pour-lautomobile\/","name":"Supercondensateurs qualifi\u00e9s pour l\u2019automobile -","isPartOf":{"@id":"https:\/\/www.eenewseurope.com\/en\/#website"},"datePublished":"2023-02-15T09:30:15+00:00","dateModified":"2023-02-15T09:30:15+00:00","breadcrumb":{"@id":"https:\/\/www.ecinews.fr\/fr\/supercondensateurs-qualifies-pour-lautomobile\/#breadcrumb"},"inLanguage":"fr-FR","potentialAction":[{"@type":"ReadAction","target":["https:\/\/www.ecinews.fr\/fr\/supercondensateurs-qualifies-pour-lautomobile\/"]}]},{"@type":"BreadcrumbList","@id":"https:\/\/www.ecinews.fr\/fr\/supercondensateurs-qualifies-pour-lautomobile\/#breadcrumb","itemListElement":[{"@type":"ListItem","position":1,"name":"Home","item":"https:\/\/www.ecinews.fr\/fr\/"},{"@type":"ListItem","position":2,"name":"Supercondensateurs qualifi\u00e9s pour l\u2019automobile"}]},{"@type":"WebSite","@id":"https:\/\/www.eenewseurope.com\/en\/#website","url":"https:\/\/www.eenewseurope.com\/en\/","name":"EENewsEurope","description":"Just another WordPress site","publisher":{"@id":"https:\/\/www.eenewseurope.com\/en\/#organization"},"potentialAction":[{"@type":"SearchAction","target":{"@type":"EntryPoint","urlTemplate":"https:\/\/www.eenewseurope.com\/en\/?s={search_term_string}"},"query-input":"required name=search_term_string"}],"inLanguage":"fr-FR"},{"@type":"Organization","@id":"https:\/\/www.eenewseurope.com\/en\/#organization","name":"EENewsEurope","url":"https:\/\/www.eenewseurope.com\/en\/","logo":{"@type":"ImageObject","inLanguage":"fr-FR","@id":"https:\/\/www.eenewseurope.com\/en\/#\/schema\/logo\/image\/","url":"https:\/\/www.ecinews.fr\/wp-content\/uploads\/2022\/02\/logo-1.jpg","contentUrl":"https:\/\/www.ecinews.fr\/wp-content\/uploads\/2022\/02\/logo-1.jpg","width":283,"height":113,"caption":"EENewsEurope"},"image":{"@id":"https:\/\/www.eenewseurope.com\/en\/#\/schema\/logo\/image\/"}},{"@type":"Person","@id":"https:\/\/www.eenewseurope.com\/en\/#\/schema\/person\/e4387676ad67ce722325c7832f3c3762","name":"Alain Dieul","image":{"@type":"ImageObject","inLanguage":"fr-FR","@id":"https:\/\/www.eenewseurope.com\/en\/#\/schema\/person\/image\/736120675699dbbf0f0f282b9a9cfb75","url":"https:\/\/secure.gravatar.com\/avatar\/bc93b056d07515be5b8eecd4acf49c5c?s=96&d=mm&r=g","contentUrl":"https:\/\/secure.gravatar.com\/avatar\/bc93b056d07515be5b8eecd4acf49c5c?s=96&d=mm&r=g","caption":"Alain Dieul"},"sameAs":["http:\/\/ECINews"]}]}},"authors":[{"term_id":1154,"user_id":36,"is_guest":0,"slug":"alain-dieul","display_name":"Alain Dieul","avatar_url":"https:\/\/secure.gravatar.com\/avatar\/bc93b056d07515be5b8eecd4acf49c5c?s=96&d=mm&r=g","0":null,"1":"","2":"","3":"","4":"","5":"","6":"","7":"","8":""}],"_links":{"self":[{"href":"https:\/\/www.ecinews.fr\/fr\/wp-json\/wp\/v2\/posts\/413880"}],"collection":[{"href":"https:\/\/www.ecinews.fr\/fr\/wp-json\/wp\/v2\/posts"}],"about":[{"href":"https:\/\/www.ecinews.fr\/fr\/wp-json\/wp\/v2\/types\/post"}],"author":[{"embeddable":true,"href":"https:\/\/www.ecinews.fr\/fr\/wp-json\/wp\/v2\/users\/36"}],"replies":[{"embeddable":true,"href":"https:\/\/www.ecinews.fr\/fr\/wp-json\/wp\/v2\/comments?post=413880"}],"version-history":[{"count":0,"href":"https:\/\/www.ecinews.fr\/fr\/wp-json\/wp\/v2\/posts\/413880\/revisions"}],"wp:featuredmedia":[{"embeddable":true,"href":"https:\/\/www.ecinews.fr\/fr\/wp-json\/wp\/v2\/media\/413881"}],"wp:attachment":[{"href":"https:\/\/www.ecinews.fr\/fr\/wp-json\/wp\/v2\/media?parent=413880"}],"wp:term":[{"taxonomy":"category","embeddable":true,"href":"https:\/\/www.ecinews.fr\/fr\/wp-json\/wp\/v2\/categories?post=413880"},{"taxonomy":"post_tag","embeddable":true,"href":"https:\/\/www.ecinews.fr\/fr\/wp-json\/wp\/v2\/tags?post=413880"},{"taxonomy":"domains","embeddable":true,"href":"https:\/\/www.ecinews.fr\/fr\/wp-json\/wp\/v2\/domains?post=413880"},{"taxonomy":"author","embeddable":true,"href":"https:\/\/www.ecinews.fr\/fr\/wp-json\/wp\/v2\/ppma_author?post=413880"}],"curies":[{"name":"wp","href":"https:\/\/api.w.org\/{rel}","templated":true}]}}