{"id":413755,"date":"2023-02-14T10:33:50","date_gmt":"2023-02-14T09:33:50","guid":{"rendered":"https:\/\/www.ecinews.fr\/?p=413755"},"modified":"2023-02-14T10:33:50","modified_gmt":"2023-02-14T09:33:50","slug":"farnell-va-distribuer-les-capteurs-de-particules-fiables-et-a-faible-cout-de-piera-systems","status":"publish","type":"post","link":"https:\/\/www.ecinews.fr\/fr\/farnell-va-distribuer-les-capteurs-de-particules-fiables-et-a-faible-cout-de-piera-systems\/","title":{"rendered":"Farnell va distribuer les capteurs de particules fiables et \u00e0 faible co\u00fbt de Piera Systems"},"content":{"rendered":"<p><a href=\"https:\/\/fr.farnell.com\/\">Farnell<\/a> a sign\u00e9 un nouvel accord de distribution avec Piera\u00a0Systems pour proposer la famille de capteurs de particules tr\u00e8s pr\u00e9cis Intelligent Particle Sensor (\u00ab\u00a0IPS\u00a0\u00bb). Ces capteurs polyvalents offrent une pr\u00e9cision exceptionnelle \u00e0 faible co\u00fbt et sont con\u00e7us pour une int\u00e9gration facile, ce qui en fait une option viable pour un d\u00e9ploiement \u00e9tendu dans divers environnements tels que les bureaux, les h\u00f4pitaux, les \u00e9coles et plus encore.<\/p>\n<p>L\u2019accent mis sur la surveillance de la qualit\u00e9 de l\u2019air s\u2019est accru alors que le monde continue de faire face aux impacts de la pand\u00e9mie et \u00e0 l\u2019urgence de la lutte contre le changement climatique. La qualit\u00e9 de l\u2019air int\u00e9rieur a des effets directs et tr\u00e8s importants sur la sant\u00e9 humaine, de la perte de productivit\u00e9 \u00e0 l\u2019apparition de maladies graves. Les particules les plus petites, d\u2019une taille inf\u00e9rieure \u00e0 1\u00a0micron, sont les plus dangereuses, car elles sont facilement absorb\u00e9es par la circulation sanguine. Les capteurs IPS de Piera sont certifi\u00e9s de mani\u00e8re ind\u00e9pendante pour d\u00e9tecter avec pr\u00e9cision ces particules submicroniques jusqu\u2019\u00e0 PM.01, alors que la plupart des autres capteurs ne fournissent que des estimations.<\/p>\n<p>Ces capteurs de particules opto\u00e9lectroniques tr\u00e8s sensibles utilisent la technologie de lecture par comptage de photons. Avec sa conception compacte et sa faible consommation d\u2019\u00e9nergie, le capteur IPS est capable d\u2019acqu\u00e9rir et de lire rapidement des donn\u00e9es tout en identifiant les particules en fonction de leur taille. Il se d\u00e9cline en trois mod\u00e8les (s\u00e9ries 3, 5 et 7), chacun avec un nombre diff\u00e9rent de bacs de sortie. Le contr\u00f4le de sensibilit\u00e9 r\u00e9glable permet une pr\u00e9cision et une polyvalence sup\u00e9rieures.<\/p>\n<p>\u00ab\u00a0La pand\u00e9mie a mis l\u2019accent sur la qualit\u00e9 de l\u2019air int\u00e9rieur et nous sommes ravis de nous associer \u00e0 Piera pour fournir des donn\u00e9es pr\u00e9cises sur la qualit\u00e9 de l\u2019air aux clients du monde entier\u00a0\u00bb, a d\u00e9clar\u00e9 Sarah Priebe, Product Segment Leader, Global Sensors chez Farnell. \u00ab\u00a0Notre partenariat avec Piera nous permettra de cibler et de d\u00e9couvrir de nouveaux march\u00e9s et de nouvelles applications gr\u00e2ce au faible co\u00fbt et \u00e0 la haute pr\u00e9cision des capteurs IPS.\u00a0\u00bb<\/p>\n<p>\u00ab\u00a0Cet accord avec Farnell repr\u00e9sente une \u00e9tape importante dans notre parcours pour fournir des solutions de qualit\u00e9 de l\u2019air plus compl\u00e8tes et de meilleurs r\u00e9sultats pour la sant\u00e9\u00a0\u00bb, a d\u00e9clar\u00e9 Vin Ratford, PDG de Piera\u00a0Systems. \u00ab\u00a0Nous sommes ravis de tirer parti de la pr\u00e9sence mondiale de Farnell pour apporter cette technologie novatrice de la qualit\u00e9 de l\u2019air aux clients du monde entier\u00a0\u00bb.<\/p>\n<p>&nbsp;<\/p>\n<p><a title=\"www.farnell.com\" href=\"http:\/\/www.farnell.com\">www.farnell.com<\/a><\/p>\n","protected":false},"excerpt":{"rendered":"<p>Farnell a sign\u00e9 un nouvel accord de distribution avec Piera\u00a0Systems pour proposer la famille de capteurs de particules tr\u00e8s pr\u00e9cis Intelligent Particle Sensor (\u00ab\u00a0IPS\u00a0\u00bb). Ces capteurs polyvalents offrent une pr\u00e9cision exceptionnelle \u00e0 faible co\u00fbt et sont con\u00e7us pour une int\u00e9gration facile, ce qui en fait une option viable pour un d\u00e9ploiement \u00e9tendu dans divers environnements [&hellip;]<\/p>\n","protected":false},"author":36,"featured_media":413756,"comment_status":"closed","ping_status":"closed","sticky":false,"template":"","format":"standard","meta":{"_acf_changed":false,"footnotes":""},"categories":[886],"tags":[937],"domains":[47],"ppma_author":[1154],"class_list":["post-413755","post","type-post","status-publish","format-standard","has-post-thumbnail","hentry","category-news-fr","tag-capteur","domains-electronique-eci"],"acf":[],"yoast_head":"<title>Farnell va distribuer les capteurs de particules fiables et \u00e0 ...<\/title>\n<meta name=\"description\" content=\"Farnell a sign\u00e9 un nouvel accord de distribution avec Piera\u00a0Systems pour proposer la famille de capteurs de particules tr\u00e8s pr\u00e9cis Intelligent Particle...\" \/>\n<meta name=\"robots\" content=\"index, follow, max-snippet:-1, max-image-preview:large, max-video-preview:-1\" \/>\n<link rel=\"canonical\" href=\"https:\/\/www.ecinews.fr\/fr\/wp-json\/wp\/v2\/posts\/413755\/\" \/>\n<meta property=\"og:locale\" content=\"fr_FR\" \/>\n<meta property=\"og:type\" content=\"article\" \/>\n<meta property=\"og:title\" content=\"Farnell va distribuer les capteurs de particules fiables et \u00e0 faible co\u00fbt de Piera Systems\" \/>\n<meta property=\"og:description\" content=\"Farnell a sign\u00e9 un nouvel accord de distribution avec Piera\u00a0Systems pour proposer la famille de capteurs de particules tr\u00e8s pr\u00e9cis Intelligent Particle Sensor (\u00ab\u00a0IPS\u00a0\u00bb). Ces capteurs polyvalents offrent une pr\u00e9cision exceptionnelle \u00e0 faible co\u00fbt et sont con\u00e7us pour une int\u00e9gration facile, ce qui en fait une option viable pour un d\u00e9ploiement \u00e9tendu dans divers environnements [&hellip;]\" \/>\n<meta property=\"og:url\" content=\"https:\/\/www.ecinews.fr\/fr\/wp-json\/wp\/v2\/posts\/413755\/\" \/>\n<meta property=\"og:site_name\" content=\"EENewsEurope\" \/>\n<meta property=\"article:published_time\" content=\"2023-02-14T09:33:50+00:00\" \/>\n<meta property=\"og:image\" content=\"https:\/\/www.ecinews.fr\/wp-content\/uploads\/2023\/02\/ECI1689_Farnell-actu-scaled.jpg\" \/>\n\t<meta property=\"og:image:width\" content=\"1080\" \/>\n\t<meta property=\"og:image:height\" content=\"876\" \/>\n\t<meta property=\"og:image:type\" content=\"image\/jpeg\" \/>\n<meta name=\"author\" content=\"Alain Dieul\" \/>\n<meta name=\"twitter:card\" content=\"summary_large_image\" \/>\n<meta name=\"twitter:label1\" content=\"Written by\" \/>\n\t<meta name=\"twitter:data1\" content=\"Alain Dieul\" \/>\n\t<meta name=\"twitter:label2\" content=\"Est. reading time\" \/>\n\t<meta name=\"twitter:data2\" content=\"2 minutes\" \/>\n<script type=\"application\/ld+json\" class=\"yoast-schema-graph\">{\"@context\":\"https:\/\/schema.org\",\"@graph\":[{\"@type\":\"Article\",\"@id\":\"https:\/\/www.ecinews.fr\/fr\/farnell-va-distribuer-les-capteurs-de-particules-fiables-et-a-faible-cout-de-piera-systems\/#article\",\"isPartOf\":{\"@id\":\"https:\/\/www.ecinews.fr\/fr\/farnell-va-distribuer-les-capteurs-de-particules-fiables-et-a-faible-cout-de-piera-systems\/\"},\"author\":{\"name\":\"Alain Dieul\",\"@id\":\"https:\/\/www.ecinews.fr\/fr\/#\/schema\/person\/e4387676ad67ce722325c7832f3c3762\"},\"headline\":\"Farnell va distribuer les capteurs de particules fiables et \u00e0 faible co\u00fbt de Piera Systems\",\"datePublished\":\"2023-02-14T09:33:50+00:00\",\"dateModified\":\"2023-02-14T09:33:50+00:00\",\"mainEntityOfPage\":{\"@id\":\"https:\/\/www.ecinews.fr\/fr\/farnell-va-distribuer-les-capteurs-de-particules-fiables-et-a-faible-cout-de-piera-systems\/\"},\"wordCount\":469,\"publisher\":{\"@id\":\"https:\/\/www.ecinews.fr\/fr\/#organization\"},\"keywords\":[\"Capteur\"],\"articleSection\":[\"Actualit\u00e9 g\u00e9n\u00e9rale\"],\"inLanguage\":\"fr-FR\"},{\"@type\":\"WebPage\",\"@id\":\"https:\/\/www.ecinews.fr\/fr\/farnell-va-distribuer-les-capteurs-de-particules-fiables-et-a-faible-cout-de-piera-systems\/\",\"url\":\"https:\/\/www.ecinews.fr\/fr\/farnell-va-distribuer-les-capteurs-de-particules-fiables-et-a-faible-cout-de-piera-systems\/\",\"name\":\"Farnell va distribuer les capteurs de particules fiables et \u00e0 faible co\u00fbt de Piera Systems -\",\"isPartOf\":{\"@id\":\"https:\/\/www.ecinews.fr\/fr\/#website\"},\"datePublished\":\"2023-02-14T09:33:50+00:00\",\"dateModified\":\"2023-02-14T09:33:50+00:00\",\"breadcrumb\":{\"@id\":\"https:\/\/www.ecinews.fr\/fr\/farnell-va-distribuer-les-capteurs-de-particules-fiables-et-a-faible-cout-de-piera-systems\/#breadcrumb\"},\"inLanguage\":\"fr-FR\",\"potentialAction\":[{\"@type\":\"ReadAction\",\"target\":[\"https:\/\/www.ecinews.fr\/fr\/farnell-va-distribuer-les-capteurs-de-particules-fiables-et-a-faible-cout-de-piera-systems\/\"]}]},{\"@type\":\"BreadcrumbList\",\"@id\":\"https:\/\/www.ecinews.fr\/fr\/farnell-va-distribuer-les-capteurs-de-particules-fiables-et-a-faible-cout-de-piera-systems\/#breadcrumb\",\"itemListElement\":[{\"@type\":\"ListItem\",\"position\":1,\"name\":\"Home\",\"item\":\"https:\/\/www.ecinews.fr\/fr\/\"},{\"@type\":\"ListItem\",\"position\":2,\"name\":\"Farnell va distribuer les capteurs de particules fiables et \u00e0 faible co\u00fbt de Piera Systems\"}]},{\"@type\":\"WebSite\",\"@id\":\"https:\/\/www.ecinews.fr\/fr\/#website\",\"url\":\"https:\/\/www.ecinews.fr\/fr\/\",\"name\":\"EENewsEurope\",\"description\":\"Just another WordPress site\",\"publisher\":{\"@id\":\"https:\/\/www.ecinews.fr\/fr\/#organization\"},\"potentialAction\":[{\"@type\":\"SearchAction\",\"target\":{\"@type\":\"EntryPoint\",\"urlTemplate\":\"https:\/\/www.ecinews.fr\/fr\/?s={search_term_string}\"},\"query-input\":\"required name=search_term_string\"}],\"inLanguage\":\"fr-FR\"},{\"@type\":\"Organization\",\"@id\":\"https:\/\/www.ecinews.fr\/fr\/#organization\",\"name\":\"EENewsEurope\",\"url\":\"https:\/\/www.ecinews.fr\/fr\/\",\"logo\":{\"@type\":\"ImageObject\",\"inLanguage\":\"fr-FR\",\"@id\":\"https:\/\/www.ecinews.fr\/fr\/#\/schema\/logo\/image\/\",\"url\":\"https:\/\/www.ecinews.fr\/wp-content\/uploads\/2022\/02\/logo-1.jpg\",\"contentUrl\":\"https:\/\/www.ecinews.fr\/wp-content\/uploads\/2022\/02\/logo-1.jpg\",\"width\":283,\"height\":113,\"caption\":\"EENewsEurope\"},\"image\":{\"@id\":\"https:\/\/www.ecinews.fr\/fr\/#\/schema\/logo\/image\/\"}},{\"@type\":\"Person\",\"@id\":\"https:\/\/www.ecinews.fr\/fr\/#\/schema\/person\/e4387676ad67ce722325c7832f3c3762\",\"name\":\"Alain Dieul\",\"image\":{\"@type\":\"ImageObject\",\"inLanguage\":\"fr-FR\",\"@id\":\"https:\/\/www.ecinews.fr\/fr\/#\/schema\/person\/image\/736120675699dbbf0f0f282b9a9cfb75\",\"url\":\"https:\/\/secure.gravatar.com\/avatar\/bc93b056d07515be5b8eecd4acf49c5c?s=96&d=mm&r=g\",\"contentUrl\":\"https:\/\/secure.gravatar.com\/avatar\/bc93b056d07515be5b8eecd4acf49c5c?s=96&d=mm&r=g\",\"caption\":\"Alain Dieul\"},\"sameAs\":[\"http:\/\/ECINews\"]}]}<\/script>","yoast_head_json":{"title":"Farnell va distribuer les capteurs de particules fiables et \u00e0 ...","description":"Farnell a sign\u00e9 un nouvel accord de distribution avec Piera\u00a0Systems pour proposer la famille de capteurs de particules tr\u00e8s pr\u00e9cis Intelligent Particle...","robots":{"index":"index","follow":"follow","max-snippet":"max-snippet:-1","max-image-preview":"max-image-preview:large","max-video-preview":"max-video-preview:-1"},"canonical":"https:\/\/www.ecinews.fr\/fr\/wp-json\/wp\/v2\/posts\/413755\/","og_locale":"fr_FR","og_type":"article","og_title":"Farnell va distribuer les capteurs de particules fiables et \u00e0 faible co\u00fbt de Piera Systems","og_description":"Farnell a sign\u00e9 un nouvel accord de distribution avec Piera\u00a0Systems pour proposer la famille de capteurs de particules tr\u00e8s pr\u00e9cis Intelligent Particle Sensor (\u00ab\u00a0IPS\u00a0\u00bb). Ces capteurs polyvalents offrent une pr\u00e9cision exceptionnelle \u00e0 faible co\u00fbt et sont con\u00e7us pour une int\u00e9gration facile, ce qui en fait une option viable pour un d\u00e9ploiement \u00e9tendu dans divers environnements [&hellip;]","og_url":"https:\/\/www.ecinews.fr\/fr\/wp-json\/wp\/v2\/posts\/413755\/","og_site_name":"EENewsEurope","article_published_time":"2023-02-14T09:33:50+00:00","og_image":[{"width":1080,"height":876,"url":"https:\/\/www.ecinews.fr\/wp-content\/uploads\/2023\/02\/ECI1689_Farnell-actu-scaled.jpg","type":"image\/jpeg"}],"author":"Alain Dieul","twitter_card":"summary_large_image","twitter_misc":{"Written by":"Alain Dieul","Est. reading time":"2 minutes"},"schema":{"@context":"https:\/\/schema.org","@graph":[{"@type":"Article","@id":"https:\/\/www.ecinews.fr\/fr\/farnell-va-distribuer-les-capteurs-de-particules-fiables-et-a-faible-cout-de-piera-systems\/#article","isPartOf":{"@id":"https:\/\/www.ecinews.fr\/fr\/farnell-va-distribuer-les-capteurs-de-particules-fiables-et-a-faible-cout-de-piera-systems\/"},"author":{"name":"Alain Dieul","@id":"https:\/\/www.ecinews.fr\/fr\/#\/schema\/person\/e4387676ad67ce722325c7832f3c3762"},"headline":"Farnell va distribuer les capteurs de particules fiables et \u00e0 faible co\u00fbt de Piera Systems","datePublished":"2023-02-14T09:33:50+00:00","dateModified":"2023-02-14T09:33:50+00:00","mainEntityOfPage":{"@id":"https:\/\/www.ecinews.fr\/fr\/farnell-va-distribuer-les-capteurs-de-particules-fiables-et-a-faible-cout-de-piera-systems\/"},"wordCount":469,"publisher":{"@id":"https:\/\/www.ecinews.fr\/fr\/#organization"},"keywords":["Capteur"],"articleSection":["Actualit\u00e9 g\u00e9n\u00e9rale"],"inLanguage":"fr-FR"},{"@type":"WebPage","@id":"https:\/\/www.ecinews.fr\/fr\/farnell-va-distribuer-les-capteurs-de-particules-fiables-et-a-faible-cout-de-piera-systems\/","url":"https:\/\/www.ecinews.fr\/fr\/farnell-va-distribuer-les-capteurs-de-particules-fiables-et-a-faible-cout-de-piera-systems\/","name":"Farnell va distribuer les capteurs de particules fiables et \u00e0 faible co\u00fbt de Piera Systems -","isPartOf":{"@id":"https:\/\/www.ecinews.fr\/fr\/#website"},"datePublished":"2023-02-14T09:33:50+00:00","dateModified":"2023-02-14T09:33:50+00:00","breadcrumb":{"@id":"https:\/\/www.ecinews.fr\/fr\/farnell-va-distribuer-les-capteurs-de-particules-fiables-et-a-faible-cout-de-piera-systems\/#breadcrumb"},"inLanguage":"fr-FR","potentialAction":[{"@type":"ReadAction","target":["https:\/\/www.ecinews.fr\/fr\/farnell-va-distribuer-les-capteurs-de-particules-fiables-et-a-faible-cout-de-piera-systems\/"]}]},{"@type":"BreadcrumbList","@id":"https:\/\/www.ecinews.fr\/fr\/farnell-va-distribuer-les-capteurs-de-particules-fiables-et-a-faible-cout-de-piera-systems\/#breadcrumb","itemListElement":[{"@type":"ListItem","position":1,"name":"Home","item":"https:\/\/www.ecinews.fr\/fr\/"},{"@type":"ListItem","position":2,"name":"Farnell va distribuer les capteurs de particules fiables et \u00e0 faible co\u00fbt de Piera Systems"}]},{"@type":"WebSite","@id":"https:\/\/www.ecinews.fr\/fr\/#website","url":"https:\/\/www.ecinews.fr\/fr\/","name":"EENewsEurope","description":"Just another WordPress site","publisher":{"@id":"https:\/\/www.ecinews.fr\/fr\/#organization"},"potentialAction":[{"@type":"SearchAction","target":{"@type":"EntryPoint","urlTemplate":"https:\/\/www.ecinews.fr\/fr\/?s={search_term_string}"},"query-input":"required name=search_term_string"}],"inLanguage":"fr-FR"},{"@type":"Organization","@id":"https:\/\/www.ecinews.fr\/fr\/#organization","name":"EENewsEurope","url":"https:\/\/www.ecinews.fr\/fr\/","logo":{"@type":"ImageObject","inLanguage":"fr-FR","@id":"https:\/\/www.ecinews.fr\/fr\/#\/schema\/logo\/image\/","url":"https:\/\/www.ecinews.fr\/wp-content\/uploads\/2022\/02\/logo-1.jpg","contentUrl":"https:\/\/www.ecinews.fr\/wp-content\/uploads\/2022\/02\/logo-1.jpg","width":283,"height":113,"caption":"EENewsEurope"},"image":{"@id":"https:\/\/www.ecinews.fr\/fr\/#\/schema\/logo\/image\/"}},{"@type":"Person","@id":"https:\/\/www.ecinews.fr\/fr\/#\/schema\/person\/e4387676ad67ce722325c7832f3c3762","name":"Alain Dieul","image":{"@type":"ImageObject","inLanguage":"fr-FR","@id":"https:\/\/www.ecinews.fr\/fr\/#\/schema\/person\/image\/736120675699dbbf0f0f282b9a9cfb75","url":"https:\/\/secure.gravatar.com\/avatar\/bc93b056d07515be5b8eecd4acf49c5c?s=96&d=mm&r=g","contentUrl":"https:\/\/secure.gravatar.com\/avatar\/bc93b056d07515be5b8eecd4acf49c5c?s=96&d=mm&r=g","caption":"Alain Dieul"},"sameAs":["http:\/\/ECINews"]}]}},"authors":[{"term_id":1154,"user_id":36,"is_guest":0,"slug":"alain-dieul","display_name":"Alain Dieul","avatar_url":"https:\/\/secure.gravatar.com\/avatar\/bc93b056d07515be5b8eecd4acf49c5c?s=96&d=mm&r=g","0":null,"1":"","2":"","3":"","4":"","5":"","6":"","7":"","8":""}],"_links":{"self":[{"href":"https:\/\/www.ecinews.fr\/fr\/wp-json\/wp\/v2\/posts\/413755"}],"collection":[{"href":"https:\/\/www.ecinews.fr\/fr\/wp-json\/wp\/v2\/posts"}],"about":[{"href":"https:\/\/www.ecinews.fr\/fr\/wp-json\/wp\/v2\/types\/post"}],"author":[{"embeddable":true,"href":"https:\/\/www.ecinews.fr\/fr\/wp-json\/wp\/v2\/users\/36"}],"replies":[{"embeddable":true,"href":"https:\/\/www.ecinews.fr\/fr\/wp-json\/wp\/v2\/comments?post=413755"}],"version-history":[{"count":0,"href":"https:\/\/www.ecinews.fr\/fr\/wp-json\/wp\/v2\/posts\/413755\/revisions"}],"wp:featuredmedia":[{"embeddable":true,"href":"https:\/\/www.ecinews.fr\/fr\/wp-json\/wp\/v2\/media\/413756"}],"wp:attachment":[{"href":"https:\/\/www.ecinews.fr\/fr\/wp-json\/wp\/v2\/media?parent=413755"}],"wp:term":[{"taxonomy":"category","embeddable":true,"href":"https:\/\/www.ecinews.fr\/fr\/wp-json\/wp\/v2\/categories?post=413755"},{"taxonomy":"post_tag","embeddable":true,"href":"https:\/\/www.ecinews.fr\/fr\/wp-json\/wp\/v2\/tags?post=413755"},{"taxonomy":"domains","embeddable":true,"href":"https:\/\/www.ecinews.fr\/fr\/wp-json\/wp\/v2\/domains?post=413755"},{"taxonomy":"author","embeddable":true,"href":"https:\/\/www.ecinews.fr\/fr\/wp-json\/wp\/v2\/ppma_author?post=413755"}],"curies":[{"name":"wp","href":"https:\/\/api.w.org\/{rel}","templated":true}]}}