{"id":413689,"date":"2023-02-13T18:22:25","date_gmt":"2023-02-13T17:22:25","guid":{"rendered":"https:\/\/www.eenewseurope.com\/?p=413689"},"modified":"2023-02-14T18:45:44","modified_gmt":"2023-02-14T17:45:44","slug":"intel-demande-e10-milliards-de-subventions-pour-sa-fab-en-allemagne","status":"publish","type":"post","link":"https:\/\/www.ecinews.fr\/fr\/intel-demande-e10-milliards-de-subventions-pour-sa-fab-en-allemagne\/","title":{"rendered":"Intel demande \u20ac10 milliards de subventions pour sa Fab en Allemagne"},"content":{"rendered":"<h2><span class=\"HwtZe\" lang=\"fr\"><span class=\"jCAhz ChMk0b\"><span class=\"ryNqvb\">Intel a d\u00e9clar\u00e9 que 10 milliards d&rsquo;euros de subventions sont d\u00e9sormais n\u00e9cessaires pour aller de l&rsquo;avant avec son projet de fab de wafers \u00e0 Magdebourg, en Allemagne, selon un rapport du Handelsblatt.<\/span><\/span><\/span><\/h2>\n<p><span class=\"HwtZe\" lang=\"fr\"><span class=\"jCAhz ChMk0b\"><span class=\"ryNqvb\">On savait d\u00e9j\u00e0 que le projet avait un \u00ab\u00a0d\u00e9ficit de financement\u00a0\u00bb qui devait \u00eatre combl\u00e9 (voir <\/span><\/span><\/span><a title=\"Intel reporte la construction sa fab en Allemagne et r\u00e9clame plus de subventions\" href=\"https:\/\/www.ecinews.fr\/fr\/intel-reporte-sa-fab-en-allemagne-et-demande-plus-de-subsides\/\" target=\"_blank\" rel=\"noopener\">Intel reporte la construction sa fab en Allemagne et r\u00e9clame plus de subventions<\/a><span class=\"HwtZe\" lang=\"fr\"><span class=\"jCAhz ChMk0b\"><span class=\"ryNqvb\">).<\/span><\/span> <span class=\"jCAhz ChMk0b\"><span class=\"ryNqvb\">Cependant, 10 milliards d&rsquo;euros repr\u00e9senteraient pr\u00e8s de 50 % du co\u00fbt actualis\u00e9 du projet qui est d\u00e9sormais de 20 milliards d&rsquo;euros.<\/span><\/span> <\/span><\/p>\n<p><span class=\"HwtZe\" lang=\"fr\"><span class=\"jCAhz ChMk0b\"><span class=\"ryNqvb\">Au d\u00e9but de 2022, Intel a annonc\u00e9 qu&rsquo;il construirait une fab de semiconducteurs \u00e0 Magdebourg, en Allemagne, pour un co\u00fbt initial de 17 milliards d&rsquo;euros, dont 6,8 milliards d&rsquo;euros \u00e0 couvrir par un financement gouvernemental.<\/span><\/span><\/span><\/p>\n<p><span class=\"HwtZe\" lang=\"fr\"><span class=\"jCAhz ChMk0b\"><span class=\"ryNqvb\">Intel a approch\u00e9 le gouvernement allemand pour plus de financements en raison de la hausse des co\u00fbts de l&rsquo;\u00e9nergie et parce que l&rsquo;entreprise aimerait installer un process de fabrication plus avanc\u00e9 ( mais plus co\u00fbteux) dans l&rsquo;usine, selon le Handelsblatt citant des sources gouvernementales.\u00a0<\/span><\/span><\/span><\/p>\n<p><span class=\"HwtZe\" lang=\"fr\"> <span class=\"jCAhz ChMk0b\"><span class=\"ryNqvb\">Intel a r\u00e9cemment publi\u00e9 de mauvais r\u00e9sultats financiers au 4T22.<\/span><\/span><\/span><\/p>\n<p class=\"title\"><a title=\"March\u00e9 mondial des puces en 2022: Intel chute de 20%\" href=\"https:\/\/www.ecinews.fr\/fr\/marche-mondial-des-puces-plat-en-2022-intel-chute-de-20-pourcent\/\" target=\"_blank\" rel=\"noopener\">March\u00e9 mondial des puces en 2022: Intel chute de 20%<\/a><\/p>\n<p>&nbsp;<\/p>\n<h4>Related links and articles:<\/h4>\n<p><a href=\"https:\/\/www.handelsblatt.com\/politik\/deutschland\/staatliche-foerderung-chipfabrik-in-magdeburg-intel-haelt-knapp-zehn-milliarden-euro-subventionen-fuer-notwendig\/28969886.html\"><em>Handelsblatt<\/em> article<\/a><\/p>\n<p><a href=\"http:\/\/www.intel.com\">www.intel.com<\/a><\/p>\n<h4>News articles:<\/h4>\n<p><a title=\"Intel reporte la construction sa fab en Allemagne et r\u00e9clame plus de subventions\" href=\"https:\/\/www.ecinews.fr\/fr\/intel-reporte-sa-fab-en-allemagne-et-demande-plus-de-subsides\/\" target=\"_blank\" rel=\"noopener\">Intel reporte la construction sa fab en Allemagne et r\u00e9clame plus de subventions<\/a><\/p>\n<p><a href=\"https:\/\/www.eenewseurope.com\/en\/intel-goes-slow-casts-doubt-on-italian-chiplet-fab\/\">Intel goes slow, casts doubt on Italian chiplet fab<\/a><\/p>\n<p><a href=\"https:\/\/www.eenewseurope.com\/en\/opinion-full-fat-finance-is-missing-from-intels-european-plan\/\">Opinion: Full-fat finance is missing from Intel\u2019s European plan<\/a><\/p>\n<p>&nbsp;<\/p>\n","protected":false},"excerpt":{"rendered":"<p>Intel a d\u00e9clar\u00e9 que 10 milliards d&rsquo;euros de subventions sont d\u00e9sormais n\u00e9cessaires pour aller de l&rsquo;avant avec son projet de fab de wafers \u00e0 Magdebourg<\/p>\n","protected":false},"author":34,"featured_media":413652,"comment_status":"closed","ping_status":"closed","sticky":false,"template":"","format":"standard","meta":{"_acf_changed":false,"footnotes":""},"categories":[880],"tags":[2264,2721,1558],"domains":[47],"ppma_author":[1153,1136],"class_list":["post-413689","post","type-post","status-publish","format-standard","has-post-thumbnail","hentry","category-actualites-economiques","tag-fabs","tag-intel-fr","tag-semiconducteurs","domains-electronique-eci"],"acf":[],"yoast_head":"<title>Intel demande \u20ac10 milliards pour sa Fab en Allemagne ...<\/title>\n<meta name=\"description\" content=\"Intel a d\u00e9clar\u00e9 que 10 milliards d&#039;euros de subventions sont d\u00e9sormais n\u00e9cessaires pour son projet de fab de wafers \u00e0 Magdebourg\" \/>\n<meta name=\"robots\" content=\"index, follow, max-snippet:-1, max-image-preview:large, max-video-preview:-1\" \/>\n<link rel=\"canonical\" href=\"https:\/\/www.ecinews.fr\/fr\/wp-json\/wp\/v2\/posts\/413689\/\" \/>\n<meta property=\"og:locale\" content=\"fr_FR\" \/>\n<meta property=\"og:type\" content=\"article\" \/>\n<meta property=\"og:title\" content=\"Intel demande \u20ac10 milliards de subventions pour sa Fab en Allemagne\" \/>\n<meta property=\"og:description\" content=\"Intel a d\u00e9clar\u00e9 que 10 milliards d&#039;euros de subventions sont d\u00e9sormais n\u00e9cessaires pour son projet de fab de wafers \u00e0 Magdebourg\" \/>\n<meta property=\"og:url\" content=\"https:\/\/www.ecinews.fr\/fr\/wp-json\/wp\/v2\/posts\/413689\/\" \/>\n<meta property=\"og:site_name\" content=\"EENewsEurope\" \/>\n<meta property=\"article:published_time\" content=\"2023-02-13T17:22:25+00:00\" \/>\n<meta property=\"article:modified_time\" content=\"2023-02-14T17:45:44+00:00\" \/>\n<meta property=\"og:image\" content=\"https:\/\/www.ecinews.fr\/wp-content\/uploads\/2023\/02\/Screenshot-2023-02-13-at-14.31.11-e1676295193397.png\" \/>\n\t<meta property=\"og:image:width\" content=\"600\" \/>\n\t<meta property=\"og:image:height\" content=\"341\" \/>\n\t<meta property=\"og:image:type\" content=\"image\/png\" \/>\n<meta name=\"author\" content=\"A Delapalisse, Peter Clarke\" \/>\n<meta name=\"twitter:card\" content=\"summary_large_image\" \/>\n<meta name=\"twitter:label1\" content=\"Written by\" \/>\n\t<meta name=\"twitter:data1\" content=\"A Delapalisse\" \/>\n\t<meta name=\"twitter:label2\" content=\"Est. reading time\" \/>\n\t<meta name=\"twitter:data2\" content=\"1 minute\" \/>\n<script type=\"application\/ld+json\" class=\"yoast-schema-graph\">{\"@context\":\"https:\/\/schema.org\",\"@graph\":[{\"@type\":\"Article\",\"@id\":\"https:\/\/www.ecinews.fr\/fr\/intel-demande-e10-milliards-de-subventions-pour-sa-fab-en-allemagne\/#article\",\"isPartOf\":{\"@id\":\"https:\/\/www.ecinews.fr\/fr\/intel-demande-e10-milliards-de-subventions-pour-sa-fab-en-allemagne\/\"},\"author\":{\"name\":\"A Delapalisse\",\"@id\":\"https:\/\/www.ecinews.fr\/fr\/#\/schema\/person\/0aa2cfb0bd8949724a68cbac8d8321b4\"},\"headline\":\"Intel demande \u20ac10 milliards de subventions pour sa Fab en Allemagne\",\"datePublished\":\"2023-02-13T17:22:25+00:00\",\"dateModified\":\"2023-02-14T17:45:44+00:00\",\"mainEntityOfPage\":{\"@id\":\"https:\/\/www.ecinews.fr\/fr\/intel-demande-e10-milliards-de-subventions-pour-sa-fab-en-allemagne\/\"},\"wordCount\":249,\"publisher\":{\"@id\":\"https:\/\/www.ecinews.fr\/fr\/#organization\"},\"keywords\":[\"Fabs\",\"Intel\",\"Semiconducteurs\"],\"articleSection\":[\"Actualit\u00e9s \u00e9conomiques\"],\"inLanguage\":\"fr-FR\"},{\"@type\":\"WebPage\",\"@id\":\"https:\/\/www.ecinews.fr\/fr\/intel-demande-e10-milliards-de-subventions-pour-sa-fab-en-allemagne\/\",\"url\":\"https:\/\/www.ecinews.fr\/fr\/intel-demande-e10-milliards-de-subventions-pour-sa-fab-en-allemagne\/\",\"name\":\"Intel demande \u20ac10 milliards pour sa Fab en Allemagne\",\"isPartOf\":{\"@id\":\"https:\/\/www.ecinews.fr\/fr\/#website\"},\"datePublished\":\"2023-02-13T17:22:25+00:00\",\"dateModified\":\"2023-02-14T17:45:44+00:00\",\"description\":\"Intel a d\u00e9clar\u00e9 que 10 milliards d'euros de subventions sont d\u00e9sormais n\u00e9cessaires pour son projet de fab de wafers \u00e0 Magdebourg\",\"breadcrumb\":{\"@id\":\"https:\/\/www.ecinews.fr\/fr\/intel-demande-e10-milliards-de-subventions-pour-sa-fab-en-allemagne\/#breadcrumb\"},\"inLanguage\":\"fr-FR\",\"potentialAction\":[{\"@type\":\"ReadAction\",\"target\":[\"https:\/\/www.ecinews.fr\/fr\/intel-demande-e10-milliards-de-subventions-pour-sa-fab-en-allemagne\/\"]}]},{\"@type\":\"BreadcrumbList\",\"@id\":\"https:\/\/www.ecinews.fr\/fr\/intel-demande-e10-milliards-de-subventions-pour-sa-fab-en-allemagne\/#breadcrumb\",\"itemListElement\":[{\"@type\":\"ListItem\",\"position\":1,\"name\":\"Home\",\"item\":\"https:\/\/www.ecinews.fr\/fr\/\"},{\"@type\":\"ListItem\",\"position\":2,\"name\":\"Intel demande \u20ac10 milliards de subventions pour sa Fab en Allemagne\"}]},{\"@type\":\"WebSite\",\"@id\":\"https:\/\/www.ecinews.fr\/fr\/#website\",\"url\":\"https:\/\/www.ecinews.fr\/fr\/\",\"name\":\"EENewsEurope\",\"description\":\"Just another WordPress site\",\"publisher\":{\"@id\":\"https:\/\/www.ecinews.fr\/fr\/#organization\"},\"potentialAction\":[{\"@type\":\"SearchAction\",\"target\":{\"@type\":\"EntryPoint\",\"urlTemplate\":\"https:\/\/www.ecinews.fr\/fr\/?s={search_term_string}\"},\"query-input\":\"required name=search_term_string\"}],\"inLanguage\":\"fr-FR\"},{\"@type\":\"Organization\",\"@id\":\"https:\/\/www.ecinews.fr\/fr\/#organization\",\"name\":\"EENewsEurope\",\"url\":\"https:\/\/www.ecinews.fr\/fr\/\",\"logo\":{\"@type\":\"ImageObject\",\"inLanguage\":\"fr-FR\",\"@id\":\"https:\/\/www.ecinews.fr\/fr\/#\/schema\/logo\/image\/\",\"url\":\"https:\/\/www.ecinews.fr\/wp-content\/uploads\/2022\/02\/logo-1.jpg\",\"contentUrl\":\"https:\/\/www.ecinews.fr\/wp-content\/uploads\/2022\/02\/logo-1.jpg\",\"width\":283,\"height\":113,\"caption\":\"EENewsEurope\"},\"image\":{\"@id\":\"https:\/\/www.ecinews.fr\/fr\/#\/schema\/logo\/image\/\"}},{\"@type\":\"Person\",\"@id\":\"https:\/\/www.ecinews.fr\/fr\/#\/schema\/person\/0aa2cfb0bd8949724a68cbac8d8321b4\",\"name\":\"A Delapalisse\",\"image\":{\"@type\":\"ImageObject\",\"inLanguage\":\"fr-FR\",\"@id\":\"https:\/\/www.ecinews.fr\/fr\/#\/schema\/person\/image\/211ac42237c2e9683c0964086c393cb4\",\"url\":\"https:\/\/secure.gravatar.com\/avatar\/ad45a8c5da24bc9c7c4940dd1c48a695?s=96&d=mm&r=g\",\"contentUrl\":\"https:\/\/secure.gravatar.com\/avatar\/ad45a8c5da24bc9c7c4940dd1c48a695?s=96&d=mm&r=g\",\"caption\":\"A Delapalisse\"},\"sameAs\":[\"http:\/\/ECI\"]}]}<\/script>","yoast_head_json":{"title":"Intel demande \u20ac10 milliards pour sa Fab en Allemagne ...","description":"Intel a d\u00e9clar\u00e9 que 10 milliards d'euros de subventions sont d\u00e9sormais n\u00e9cessaires pour son projet de fab de wafers \u00e0 Magdebourg","robots":{"index":"index","follow":"follow","max-snippet":"max-snippet:-1","max-image-preview":"max-image-preview:large","max-video-preview":"max-video-preview:-1"},"canonical":"https:\/\/www.ecinews.fr\/fr\/wp-json\/wp\/v2\/posts\/413689\/","og_locale":"fr_FR","og_type":"article","og_title":"Intel demande \u20ac10 milliards de subventions pour sa Fab en Allemagne","og_description":"Intel a d\u00e9clar\u00e9 que 10 milliards d'euros de subventions sont d\u00e9sormais n\u00e9cessaires pour son projet de fab de wafers \u00e0 Magdebourg","og_url":"https:\/\/www.ecinews.fr\/fr\/wp-json\/wp\/v2\/posts\/413689\/","og_site_name":"EENewsEurope","article_published_time":"2023-02-13T17:22:25+00:00","article_modified_time":"2023-02-14T17:45:44+00:00","og_image":[{"width":600,"height":341,"url":"https:\/\/www.ecinews.fr\/wp-content\/uploads\/2023\/02\/Screenshot-2023-02-13-at-14.31.11-e1676295193397.png","type":"image\/png"}],"author":"A Delapalisse, Peter Clarke","twitter_card":"summary_large_image","twitter_misc":{"Written by":"A Delapalisse","Est. reading time":"1 minute"},"schema":{"@context":"https:\/\/schema.org","@graph":[{"@type":"Article","@id":"https:\/\/www.ecinews.fr\/fr\/intel-demande-e10-milliards-de-subventions-pour-sa-fab-en-allemagne\/#article","isPartOf":{"@id":"https:\/\/www.ecinews.fr\/fr\/intel-demande-e10-milliards-de-subventions-pour-sa-fab-en-allemagne\/"},"author":{"name":"A Delapalisse","@id":"https:\/\/www.ecinews.fr\/fr\/#\/schema\/person\/0aa2cfb0bd8949724a68cbac8d8321b4"},"headline":"Intel demande \u20ac10 milliards de subventions pour sa Fab en Allemagne","datePublished":"2023-02-13T17:22:25+00:00","dateModified":"2023-02-14T17:45:44+00:00","mainEntityOfPage":{"@id":"https:\/\/www.ecinews.fr\/fr\/intel-demande-e10-milliards-de-subventions-pour-sa-fab-en-allemagne\/"},"wordCount":249,"publisher":{"@id":"https:\/\/www.ecinews.fr\/fr\/#organization"},"keywords":["Fabs","Intel","Semiconducteurs"],"articleSection":["Actualit\u00e9s \u00e9conomiques"],"inLanguage":"fr-FR"},{"@type":"WebPage","@id":"https:\/\/www.ecinews.fr\/fr\/intel-demande-e10-milliards-de-subventions-pour-sa-fab-en-allemagne\/","url":"https:\/\/www.ecinews.fr\/fr\/intel-demande-e10-milliards-de-subventions-pour-sa-fab-en-allemagne\/","name":"Intel demande \u20ac10 milliards pour sa Fab en Allemagne","isPartOf":{"@id":"https:\/\/www.ecinews.fr\/fr\/#website"},"datePublished":"2023-02-13T17:22:25+00:00","dateModified":"2023-02-14T17:45:44+00:00","description":"Intel a d\u00e9clar\u00e9 que 10 milliards d'euros de subventions sont d\u00e9sormais n\u00e9cessaires pour son projet de fab de wafers \u00e0 Magdebourg","breadcrumb":{"@id":"https:\/\/www.ecinews.fr\/fr\/intel-demande-e10-milliards-de-subventions-pour-sa-fab-en-allemagne\/#breadcrumb"},"inLanguage":"fr-FR","potentialAction":[{"@type":"ReadAction","target":["https:\/\/www.ecinews.fr\/fr\/intel-demande-e10-milliards-de-subventions-pour-sa-fab-en-allemagne\/"]}]},{"@type":"BreadcrumbList","@id":"https:\/\/www.ecinews.fr\/fr\/intel-demande-e10-milliards-de-subventions-pour-sa-fab-en-allemagne\/#breadcrumb","itemListElement":[{"@type":"ListItem","position":1,"name":"Home","item":"https:\/\/www.ecinews.fr\/fr\/"},{"@type":"ListItem","position":2,"name":"Intel demande \u20ac10 milliards de subventions pour sa Fab en Allemagne"}]},{"@type":"WebSite","@id":"https:\/\/www.ecinews.fr\/fr\/#website","url":"https:\/\/www.ecinews.fr\/fr\/","name":"EENewsEurope","description":"Just another WordPress site","publisher":{"@id":"https:\/\/www.ecinews.fr\/fr\/#organization"},"potentialAction":[{"@type":"SearchAction","target":{"@type":"EntryPoint","urlTemplate":"https:\/\/www.ecinews.fr\/fr\/?s={search_term_string}"},"query-input":"required name=search_term_string"}],"inLanguage":"fr-FR"},{"@type":"Organization","@id":"https:\/\/www.ecinews.fr\/fr\/#organization","name":"EENewsEurope","url":"https:\/\/www.ecinews.fr\/fr\/","logo":{"@type":"ImageObject","inLanguage":"fr-FR","@id":"https:\/\/www.ecinews.fr\/fr\/#\/schema\/logo\/image\/","url":"https:\/\/www.ecinews.fr\/wp-content\/uploads\/2022\/02\/logo-1.jpg","contentUrl":"https:\/\/www.ecinews.fr\/wp-content\/uploads\/2022\/02\/logo-1.jpg","width":283,"height":113,"caption":"EENewsEurope"},"image":{"@id":"https:\/\/www.ecinews.fr\/fr\/#\/schema\/logo\/image\/"}},{"@type":"Person","@id":"https:\/\/www.ecinews.fr\/fr\/#\/schema\/person\/0aa2cfb0bd8949724a68cbac8d8321b4","name":"A Delapalisse","image":{"@type":"ImageObject","inLanguage":"fr-FR","@id":"https:\/\/www.ecinews.fr\/fr\/#\/schema\/person\/image\/211ac42237c2e9683c0964086c393cb4","url":"https:\/\/secure.gravatar.com\/avatar\/ad45a8c5da24bc9c7c4940dd1c48a695?s=96&d=mm&r=g","contentUrl":"https:\/\/secure.gravatar.com\/avatar\/ad45a8c5da24bc9c7c4940dd1c48a695?s=96&d=mm&r=g","caption":"A Delapalisse"},"sameAs":["http:\/\/ECI"]}]}},"authors":[{"term_id":1153,"user_id":34,"is_guest":0,"slug":"adelapalisse","display_name":"A Delapalisse","avatar_url":"https:\/\/secure.gravatar.com\/avatar\/ad45a8c5da24bc9c7c4940dd1c48a695?s=96&d=mm&r=g","0":null,"1":"","2":"","3":"","4":"","5":"","6":"","7":"","8":""},{"term_id":1136,"user_id":4,"is_guest":0,"slug":"clarke","display_name":"Peter Clarke","avatar_url":"https:\/\/secure.gravatar.com\/avatar\/d567d206cb92a682963201f296594da4?s=96&d=mm&r=g","0":null,"1":"","2":"","3":"","4":"","5":"","6":"","7":"","8":""}],"_links":{"self":[{"href":"https:\/\/www.ecinews.fr\/fr\/wp-json\/wp\/v2\/posts\/413689"}],"collection":[{"href":"https:\/\/www.ecinews.fr\/fr\/wp-json\/wp\/v2\/posts"}],"about":[{"href":"https:\/\/www.ecinews.fr\/fr\/wp-json\/wp\/v2\/types\/post"}],"author":[{"embeddable":true,"href":"https:\/\/www.ecinews.fr\/fr\/wp-json\/wp\/v2\/users\/34"}],"replies":[{"embeddable":true,"href":"https:\/\/www.ecinews.fr\/fr\/wp-json\/wp\/v2\/comments?post=413689"}],"version-history":[{"count":0,"href":"https:\/\/www.ecinews.fr\/fr\/wp-json\/wp\/v2\/posts\/413689\/revisions"}],"wp:featuredmedia":[{"embeddable":true,"href":"https:\/\/www.ecinews.fr\/fr\/wp-json\/wp\/v2\/media\/413652"}],"wp:attachment":[{"href":"https:\/\/www.ecinews.fr\/fr\/wp-json\/wp\/v2\/media?parent=413689"}],"wp:term":[{"taxonomy":"category","embeddable":true,"href":"https:\/\/www.ecinews.fr\/fr\/wp-json\/wp\/v2\/categories?post=413689"},{"taxonomy":"post_tag","embeddable":true,"href":"https:\/\/www.ecinews.fr\/fr\/wp-json\/wp\/v2\/tags?post=413689"},{"taxonomy":"domains","embeddable":true,"href":"https:\/\/www.ecinews.fr\/fr\/wp-json\/wp\/v2\/domains?post=413689"},{"taxonomy":"author","embeddable":true,"href":"https:\/\/www.ecinews.fr\/fr\/wp-json\/wp\/v2\/ppma_author?post=413689"}],"curies":[{"name":"wp","href":"https:\/\/api.w.org\/{rel}","templated":true}]}}