{"id":412983,"date":"2023-02-06T19:15:15","date_gmt":"2023-02-06T18:15:15","guid":{"rendered":"https:\/\/www.eenewseurope.com\/?p=412983"},"modified":"2023-02-07T11:28:37","modified_gmt":"2023-02-07T10:28:37","slug":"un-microphone-mems-infineon-a-faible-consommation-et-petit-boitier","status":"publish","type":"post","link":"https:\/\/www.ecinews.fr\/fr\/un-microphone-mems-infineon-a-faible-consommation-et-petit-boitier\/","title":{"rendered":"Un microphone MEMS Infineon \u00e0 faible consommation et petit bo\u00eetier"},"content":{"rendered":"<p><strong>Fort de son savoir-faire, Infineon a pr\u00e9sent\u00e9 son dernier n\u00e9 de la gamme de microphones MEMS XENSIV\u2122, le microphone num\u00e9rique IM69D128S \u00e0 tr\u00e8s faible consommation.<\/strong><\/p>\n<p>Ce microphone MEMS est con\u00e7u pour les applications qui demandent un rapport signal\/bruit (SNR) \u00e9lev\u00e9 ainsi qu&rsquo;un faible bruit propre du microphone, une longue dur\u00e9e de vie de la batterie et une grande fiabilit\u00e9. Le SNR in\u00e9gal\u00e9 de 69 dB(A) permet une qualit\u00e9 audio tr\u00e8s claire sans nuire \u00e0 l&rsquo;autonomie de la batterie. Bas\u00e9 sur un ASIC de microphone num\u00e9rique, l&rsquo;IM69D128S devient la nouvelle r\u00e9f\u00e9rence en mati\u00e8re de consommation de courant avec 520 \u03bcA. Soit la moiti\u00e9 de la consommation des mod\u00e8les disponibles sur le march\u00e9, \u00e0 performance \u00e9quivalente. De plus, l&rsquo;IM69D128S ma\u00eetrise le difficile passage d&rsquo;un profil de puissance et de performance \u00e0 un autre sans artefacts audibles, c&rsquo;est-\u00e0-dire des accrocs audible par l&rsquo;utilisateur. Le microphone PDM (modulation de densit\u00e9 d&rsquo;impulsion) est bas\u00e9 sur la toute derni\u00e8re technologie MEMS \u00e0 double membrane scell\u00e9e d&rsquo;Infineon qui offre une protection IP57 au niveau du microphone.<\/p>\n<p>Pour la troisi\u00e8me ann\u00e9e cons\u00e9cutive, Infineon Technologies AG s&rsquo;affirme comme le leader des fournisseur de microphones MEMS. En outre, en 2021, sa part de march\u00e9 a atteint le 45 % en tant que fabricant, selon une \u00e9tude r\u00e9cente publi\u00e9e par l&rsquo;expert en technologie Omdia.\u00a0<\/p>\n<p>Gr\u00e2ce \u00e0 sa consommation d&rsquo;\u00e9nergie ultra-faible, le micropone MEMS IM69D128S sont parfaitement adapt\u00e9s aux appareils \u00e9lectroniques grand public dot\u00e9s d&rsquo;excellentes fonctionnalit\u00e9s de capture audio, telles que les dispositifs d&rsquo;am\u00e9lioration de l&rsquo;audition pour lesquels la dur\u00e9e de vie de la batterie est essentielle. De plus, sa petite taille et ses performances \u00e9lev\u00e9es permettent d&rsquo;autres applications critiques en termes d&rsquo;espace comme les smartphones et les appareils IoT, les casques avec micro et dans les applications industrielles a maintenance pr\u00e9dictive et la s\u00e9curit\u00e9<\/p>\n<p><a href=\"http:\/\/www.infineon.com\/mems\">Infineon mems<\/a><\/p>\n<p>&nbsp;<\/p>\n<p>&nbsp;<\/p>\n","protected":false},"excerpt":{"rendered":"<p>Fort de son savoir-faire, Infineon a pr\u00e9sent\u00e9 son dernier n\u00e9 de la gamme de microphones MEMS XENSIV\u2122, le microphone num\u00e9rique IM69D128S \u00e0 tr\u00e8s faible consommation. Ce microphone MEMS est con\u00e7u pour les applications qui demandent un rapport signal\/bruit (SNR) \u00e9lev\u00e9 ainsi qu&rsquo;un faible bruit propre du microphone, une longue dur\u00e9e de vie de la batterie [&hellip;]<\/p>\n","protected":false},"author":11,"featured_media":412990,"comment_status":"closed","ping_status":"closed","sticky":true,"template":"","format":"standard","meta":{"_acf_changed":false,"footnotes":""},"categories":[881],"tags":[2224,2761],"domains":[47],"ppma_author":[1143,1137],"class_list":["post-412983","post","type-post","status-publish","format-standard","has-post-thumbnail","hentry","category-nouveaux-produits","tag-mems-fr","tag-microphone-fr","domains-electronique-eci"],"acf":[],"yoast_head":"<title><\/title>\n<meta name=\"description\" content=\"Fort de son savoir-faire, Infineon a pr\u00e9sent\u00e9 son dernier n\u00e9 de la gamme de microphones MEMS XENSIV\u2122, le microphone num\u00e9rique IM69D128S \u00e0 tr\u00e8s faible...\" \/>\n<meta name=\"robots\" content=\"index, follow, max-snippet:-1, max-image-preview:large, max-video-preview:-1\" \/>\n<link rel=\"canonical\" href=\"https:\/\/www.ecinews.fr\/fr\/wp-json\/wp\/v2\/posts\/412983\/\" \/>\n<meta property=\"og:locale\" content=\"fr_FR\" \/>\n<meta property=\"og:type\" content=\"article\" \/>\n<meta property=\"og:title\" content=\"Un microphone MEMS Infineon \u00e0 faible consommation et petit bo\u00eetier\" \/>\n<meta property=\"og:description\" content=\"Fort de son savoir-faire, Infineon a pr\u00e9sent\u00e9 son dernier n\u00e9 de la gamme de microphones MEMS XENSIV\u2122, le microphone num\u00e9rique IM69D128S \u00e0 tr\u00e8s faible consommation. Ce microphone MEMS est con\u00e7u pour les applications qui demandent un rapport signal\/bruit (SNR) \u00e9lev\u00e9 ainsi qu&rsquo;un faible bruit propre du microphone, une longue dur\u00e9e de vie de la batterie [&hellip;]\" \/>\n<meta property=\"og:url\" content=\"https:\/\/www.ecinews.fr\/fr\/wp-json\/wp\/v2\/posts\/412983\/\" \/>\n<meta property=\"og:site_name\" content=\"EENewsEurope\" \/>\n<meta property=\"article:published_time\" content=\"2023-02-06T18:15:15+00:00\" \/>\n<meta property=\"article:modified_time\" content=\"2023-02-07T10:28:37+00:00\" \/>\n<meta property=\"og:image\" content=\"https:\/\/test.ecinews.fr\/wp-content\/uploads\/2023\/02\/Infineon-mems-micros.webp\" \/>\n\t<meta property=\"og:image:width\" content=\"600\" \/>\n\t<meta property=\"og:image:height\" content=\"400\" \/>\n\t<meta property=\"og:image:type\" content=\"image\/webp\" \/>\n<meta name=\"author\" content=\"Daniel Cardon, Jean-Pierre Joosting\" \/>\n<meta name=\"twitter:card\" content=\"summary_large_image\" \/>\n<meta name=\"twitter:label1\" content=\"Written by\" \/>\n\t<meta name=\"twitter:data1\" content=\"Daniel Cardon\" \/>\n\t<meta name=\"twitter:label2\" content=\"Est. reading time\" \/>\n\t<meta name=\"twitter:data2\" content=\"2 minutes\" \/>\n<script type=\"application\/ld+json\" class=\"yoast-schema-graph\">{\"@context\":\"https:\/\/schema.org\",\"@graph\":[{\"@type\":\"Article\",\"@id\":\"https:\/\/test.ecinews.fr\/fr\/un-microphone-mems-infineon-a-faible-consommation-et-petit-boitier\/#article\",\"isPartOf\":{\"@id\":\"https:\/\/test.ecinews.fr\/fr\/un-microphone-mems-infineon-a-faible-consommation-et-petit-boitier\/\"},\"author\":{\"name\":\"Daniel Cardon\",\"@id\":\"https:\/\/www.ecinews.fr\/fr\/#\/schema\/person\/93c44cde463762f40a8236eaa44c1c17\"},\"headline\":\"Un microphone MEMS Infineon \u00e0 faible consommation et petit bo\u00eetier\",\"datePublished\":\"2023-02-06T18:15:15+00:00\",\"dateModified\":\"2023-02-07T10:28:37+00:00\",\"mainEntityOfPage\":{\"@id\":\"https:\/\/test.ecinews.fr\/fr\/un-microphone-mems-infineon-a-faible-consommation-et-petit-boitier\/\"},\"wordCount\":353,\"publisher\":{\"@id\":\"https:\/\/www.ecinews.fr\/fr\/#organization\"},\"keywords\":[\"MEMS\",\"Microphone\"],\"articleSection\":[\"Nouveaux produits\"],\"inLanguage\":\"fr-FR\"},{\"@type\":\"WebPage\",\"@id\":\"https:\/\/test.ecinews.fr\/fr\/un-microphone-mems-infineon-a-faible-consommation-et-petit-boitier\/\",\"url\":\"https:\/\/test.ecinews.fr\/fr\/un-microphone-mems-infineon-a-faible-consommation-et-petit-boitier\/\",\"name\":\"Un microphone MEMS Infineon \u00e0 faible consommation et petit bo\u00eetier -\",\"isPartOf\":{\"@id\":\"https:\/\/www.ecinews.fr\/fr\/#website\"},\"datePublished\":\"2023-02-06T18:15:15+00:00\",\"dateModified\":\"2023-02-07T10:28:37+00:00\",\"breadcrumb\":{\"@id\":\"https:\/\/test.ecinews.fr\/fr\/un-microphone-mems-infineon-a-faible-consommation-et-petit-boitier\/#breadcrumb\"},\"inLanguage\":\"fr-FR\",\"potentialAction\":[{\"@type\":\"ReadAction\",\"target\":[\"https:\/\/test.ecinews.fr\/fr\/un-microphone-mems-infineon-a-faible-consommation-et-petit-boitier\/\"]}]},{\"@type\":\"BreadcrumbList\",\"@id\":\"https:\/\/test.ecinews.fr\/fr\/un-microphone-mems-infineon-a-faible-consommation-et-petit-boitier\/#breadcrumb\",\"itemListElement\":[{\"@type\":\"ListItem\",\"position\":1,\"name\":\"Home\",\"item\":\"https:\/\/www.ecinews.fr\/fr\/\"},{\"@type\":\"ListItem\",\"position\":2,\"name\":\"Un microphone MEMS Infineon \u00e0 faible consommation et petit bo\u00eetier\"}]},{\"@type\":\"WebSite\",\"@id\":\"https:\/\/www.ecinews.fr\/fr\/#website\",\"url\":\"https:\/\/www.ecinews.fr\/fr\/\",\"name\":\"EENewsEurope\",\"description\":\"Just another WordPress site\",\"publisher\":{\"@id\":\"https:\/\/www.ecinews.fr\/fr\/#organization\"},\"potentialAction\":[{\"@type\":\"SearchAction\",\"target\":{\"@type\":\"EntryPoint\",\"urlTemplate\":\"https:\/\/www.ecinews.fr\/fr\/?s={search_term_string}\"},\"query-input\":\"required name=search_term_string\"}],\"inLanguage\":\"fr-FR\"},{\"@type\":\"Organization\",\"@id\":\"https:\/\/www.ecinews.fr\/fr\/#organization\",\"name\":\"EENewsEurope\",\"url\":\"https:\/\/www.ecinews.fr\/fr\/\",\"logo\":{\"@type\":\"ImageObject\",\"inLanguage\":\"fr-FR\",\"@id\":\"https:\/\/www.ecinews.fr\/fr\/#\/schema\/logo\/image\/\",\"url\":\"https:\/\/www.ecinews.fr\/wp-content\/uploads\/2022\/02\/logo-1.jpg\",\"contentUrl\":\"https:\/\/www.ecinews.fr\/wp-content\/uploads\/2022\/02\/logo-1.jpg\",\"width\":283,\"height\":113,\"caption\":\"EENewsEurope\"},\"image\":{\"@id\":\"https:\/\/www.ecinews.fr\/fr\/#\/schema\/logo\/image\/\"}},{\"@type\":\"Person\",\"@id\":\"https:\/\/www.ecinews.fr\/fr\/#\/schema\/person\/93c44cde463762f40a8236eaa44c1c17\",\"name\":\"Daniel Cardon\",\"image\":{\"@type\":\"ImageObject\",\"inLanguage\":\"fr-FR\",\"@id\":\"https:\/\/www.ecinews.fr\/fr\/#\/schema\/person\/image\/2b243f6bcc1cff7d86aadfb2cd0bd870\",\"url\":\"https:\/\/secure.gravatar.com\/avatar\/de9edc136dfc061ad4778e04635baefa?s=96&d=mm&r=g\",\"contentUrl\":\"https:\/\/secure.gravatar.com\/avatar\/de9edc136dfc061ad4778e04635baefa?s=96&d=mm&r=g\",\"caption\":\"Daniel Cardon\"}}]}<\/script>","yoast_head_json":{"title":"Un microphone MEMS Infineon \u00e0 faible consommation et petit bo?...","description":"Fort de son savoir-faire, Infineon a pr\u00e9sent\u00e9 son dernier n\u00e9 de la gamme de microphones MEMS XENSIV\u2122, le microphone num\u00e9rique IM69D128S \u00e0 tr\u00e8s faible...","robots":{"index":"index","follow":"follow","max-snippet":"max-snippet:-1","max-image-preview":"max-image-preview:large","max-video-preview":"max-video-preview:-1"},"canonical":"https:\/\/www.ecinews.fr\/fr\/wp-json\/wp\/v2\/posts\/412983\/","og_locale":"fr_FR","og_type":"article","og_title":"Un microphone MEMS Infineon \u00e0 faible consommation et petit bo\u00eetier","og_description":"Fort de son savoir-faire, Infineon a pr\u00e9sent\u00e9 son dernier n\u00e9 de la gamme de microphones MEMS XENSIV\u2122, le microphone num\u00e9rique IM69D128S \u00e0 tr\u00e8s faible consommation. Ce microphone MEMS est con\u00e7u pour les applications qui demandent un rapport signal\/bruit (SNR) \u00e9lev\u00e9 ainsi qu&rsquo;un faible bruit propre du microphone, une longue dur\u00e9e de vie de la batterie [&hellip;]","og_url":"https:\/\/www.ecinews.fr\/fr\/wp-json\/wp\/v2\/posts\/412983\/","og_site_name":"EENewsEurope","article_published_time":"2023-02-06T18:15:15+00:00","article_modified_time":"2023-02-07T10:28:37+00:00","og_image":[{"width":600,"height":400,"url":"https:\/\/test.ecinews.fr\/wp-content\/uploads\/2023\/02\/Infineon-mems-micros.webp","type":"image\/webp"}],"author":"Daniel Cardon, Jean-Pierre Joosting","twitter_card":"summary_large_image","twitter_misc":{"Written by":"Daniel Cardon","Est. reading time":"2 minutes"},"schema":{"@context":"https:\/\/schema.org","@graph":[{"@type":"Article","@id":"https:\/\/test.ecinews.fr\/fr\/un-microphone-mems-infineon-a-faible-consommation-et-petit-boitier\/#article","isPartOf":{"@id":"https:\/\/test.ecinews.fr\/fr\/un-microphone-mems-infineon-a-faible-consommation-et-petit-boitier\/"},"author":{"name":"Daniel Cardon","@id":"https:\/\/www.ecinews.fr\/fr\/#\/schema\/person\/93c44cde463762f40a8236eaa44c1c17"},"headline":"Un microphone MEMS Infineon \u00e0 faible consommation et petit bo\u00eetier","datePublished":"2023-02-06T18:15:15+00:00","dateModified":"2023-02-07T10:28:37+00:00","mainEntityOfPage":{"@id":"https:\/\/test.ecinews.fr\/fr\/un-microphone-mems-infineon-a-faible-consommation-et-petit-boitier\/"},"wordCount":353,"publisher":{"@id":"https:\/\/www.ecinews.fr\/fr\/#organization"},"keywords":["MEMS","Microphone"],"articleSection":["Nouveaux produits"],"inLanguage":"fr-FR"},{"@type":"WebPage","@id":"https:\/\/test.ecinews.fr\/fr\/un-microphone-mems-infineon-a-faible-consommation-et-petit-boitier\/","url":"https:\/\/test.ecinews.fr\/fr\/un-microphone-mems-infineon-a-faible-consommation-et-petit-boitier\/","name":"Un microphone MEMS Infineon \u00e0 faible consommation et petit bo\u00eetier -","isPartOf":{"@id":"https:\/\/www.ecinews.fr\/fr\/#website"},"datePublished":"2023-02-06T18:15:15+00:00","dateModified":"2023-02-07T10:28:37+00:00","breadcrumb":{"@id":"https:\/\/test.ecinews.fr\/fr\/un-microphone-mems-infineon-a-faible-consommation-et-petit-boitier\/#breadcrumb"},"inLanguage":"fr-FR","potentialAction":[{"@type":"ReadAction","target":["https:\/\/test.ecinews.fr\/fr\/un-microphone-mems-infineon-a-faible-consommation-et-petit-boitier\/"]}]},{"@type":"BreadcrumbList","@id":"https:\/\/test.ecinews.fr\/fr\/un-microphone-mems-infineon-a-faible-consommation-et-petit-boitier\/#breadcrumb","itemListElement":[{"@type":"ListItem","position":1,"name":"Home","item":"https:\/\/www.ecinews.fr\/fr\/"},{"@type":"ListItem","position":2,"name":"Un microphone MEMS Infineon \u00e0 faible consommation et petit bo\u00eetier"}]},{"@type":"WebSite","@id":"https:\/\/www.ecinews.fr\/fr\/#website","url":"https:\/\/www.ecinews.fr\/fr\/","name":"EENewsEurope","description":"Just another WordPress site","publisher":{"@id":"https:\/\/www.ecinews.fr\/fr\/#organization"},"potentialAction":[{"@type":"SearchAction","target":{"@type":"EntryPoint","urlTemplate":"https:\/\/www.ecinews.fr\/fr\/?s={search_term_string}"},"query-input":"required name=search_term_string"}],"inLanguage":"fr-FR"},{"@type":"Organization","@id":"https:\/\/www.ecinews.fr\/fr\/#organization","name":"EENewsEurope","url":"https:\/\/www.ecinews.fr\/fr\/","logo":{"@type":"ImageObject","inLanguage":"fr-FR","@id":"https:\/\/www.ecinews.fr\/fr\/#\/schema\/logo\/image\/","url":"https:\/\/www.ecinews.fr\/wp-content\/uploads\/2022\/02\/logo-1.jpg","contentUrl":"https:\/\/www.ecinews.fr\/wp-content\/uploads\/2022\/02\/logo-1.jpg","width":283,"height":113,"caption":"EENewsEurope"},"image":{"@id":"https:\/\/www.ecinews.fr\/fr\/#\/schema\/logo\/image\/"}},{"@type":"Person","@id":"https:\/\/www.ecinews.fr\/fr\/#\/schema\/person\/93c44cde463762f40a8236eaa44c1c17","name":"Daniel Cardon","image":{"@type":"ImageObject","inLanguage":"fr-FR","@id":"https:\/\/www.ecinews.fr\/fr\/#\/schema\/person\/image\/2b243f6bcc1cff7d86aadfb2cd0bd870","url":"https:\/\/secure.gravatar.com\/avatar\/de9edc136dfc061ad4778e04635baefa?s=96&d=mm&r=g","contentUrl":"https:\/\/secure.gravatar.com\/avatar\/de9edc136dfc061ad4778e04635baefa?s=96&d=mm&r=g","caption":"Daniel Cardon"}}]}},"authors":[{"term_id":1143,"user_id":11,"is_guest":0,"slug":"danielcardon","display_name":"Daniel Cardon","avatar_url":"https:\/\/secure.gravatar.com\/avatar\/de9edc136dfc061ad4778e04635baefa?s=96&d=mm&r=g","0":null,"1":"","2":"","3":"","4":"","5":"","6":"","7":"","8":""},{"term_id":1137,"user_id":5,"is_guest":0,"slug":"joosting","display_name":"Jean-Pierre Joosting","avatar_url":"https:\/\/secure.gravatar.com\/avatar\/561023ae53c6abb322e45e9f687dfdfd?s=96&d=mm&r=g","0":null,"1":"","2":"","3":"","4":"","5":"","6":"","7":"","8":""}],"_links":{"self":[{"href":"https:\/\/www.ecinews.fr\/fr\/wp-json\/wp\/v2\/posts\/412983"}],"collection":[{"href":"https:\/\/www.ecinews.fr\/fr\/wp-json\/wp\/v2\/posts"}],"about":[{"href":"https:\/\/www.ecinews.fr\/fr\/wp-json\/wp\/v2\/types\/post"}],"author":[{"embeddable":true,"href":"https:\/\/www.ecinews.fr\/fr\/wp-json\/wp\/v2\/users\/11"}],"replies":[{"embeddable":true,"href":"https:\/\/www.ecinews.fr\/fr\/wp-json\/wp\/v2\/comments?post=412983"}],"version-history":[{"count":0,"href":"https:\/\/www.ecinews.fr\/fr\/wp-json\/wp\/v2\/posts\/412983\/revisions"}],"wp:featuredmedia":[{"embeddable":true,"href":"https:\/\/www.ecinews.fr\/fr\/wp-json\/wp\/v2\/media\/412990"}],"wp:attachment":[{"href":"https:\/\/www.ecinews.fr\/fr\/wp-json\/wp\/v2\/media?parent=412983"}],"wp:term":[{"taxonomy":"category","embeddable":true,"href":"https:\/\/www.ecinews.fr\/fr\/wp-json\/wp\/v2\/categories?post=412983"},{"taxonomy":"post_tag","embeddable":true,"href":"https:\/\/www.ecinews.fr\/fr\/wp-json\/wp\/v2\/tags?post=412983"},{"taxonomy":"domains","embeddable":true,"href":"https:\/\/www.ecinews.fr\/fr\/wp-json\/wp\/v2\/domains?post=412983"},{"taxonomy":"author","embeddable":true,"href":"https:\/\/www.ecinews.fr\/fr\/wp-json\/wp\/v2\/ppma_author?post=412983"}],"curies":[{"name":"wp","href":"https:\/\/api.w.org\/{rel}","templated":true}]}}