{"id":412894,"date":"2023-02-06T10:41:05","date_gmt":"2023-02-06T09:41:05","guid":{"rendered":"https:\/\/www.ecinews.fr\/?p=412894"},"modified":"2023-02-06T10:41:05","modified_gmt":"2023-02-06T09:41:05","slug":"vincent-roche-president-et-ceo-danalog-devices-a-rejoint-lalliance-des-pdg-leaders-du-climat","status":"publish","type":"post","link":"https:\/\/www.ecinews.fr\/fr\/vincent-roche-president-et-ceo-danalog-devices-a-rejoint-lalliance-des-pdg-leaders-du-climat\/","title":{"rendered":"Vincent Roche, pr\u00e9sident et CEO d\u2019Analog Devices, a rejoint l\u2019Alliance des PDG Leaders du Climat"},"content":{"rendered":"<p><a href=\"http:\/\/www.analog.com\/\">Analog Devices, Inc<\/a>.\u00a0annonce\u00a0que\u00a0Vincent Roche,\u00a0CEO et\u00a0pr\u00e9sident du conseil d\u2019administration\u00a0de la Soci\u00e9t\u00e9, est devenu membre de l\u2019Alliance\u00a0des PDG Leaders du Climat (<a href=\"https:\/\/initiatives.weforum.org\/alliance-of-ceo-climate-leaders\/home\">Alliance of\u00a0CEO Climate Leaders<\/a>), une initiative\u00a0r\u00e9unie\u00a0sous la banni\u00e8re\u00a0du\u00a0Forum \u00e9conomique mondial. Analog Devices est\u00a0le\u00a0premier fabricant\u00a0de semiconducteurs \u00e0 rejoindre l\u2019Alliance, une communaut\u00e9\u00a0qui\u00a0rassemble\u00a0plus de 120\u00a0PDG\u00a0et hauts dirigeants\u00a0d\u2019entreprises\u00a0multinationales\u00a0du monde entier dans le but d\u2019acc\u00e9l\u00e9rer les\u00a0actions men\u00e9es\u00a0contre le changement climatique\u00a0au sein de\u00a0leur cha\u00eene de valeur.<\/p>\n<p>\u00ab\u00a0La vocation\u00a0d\u2019Analog Devices est de\u00a0collaborer avec ses\u00a0clients pour cr\u00e9er les perc\u00e9es technologiques qui enrichissent\u00a0le quotidien\u00a0et le monde qui nous entoure\u00a0\u00bb, a d\u00e9clar\u00e9\u00a0Vincent\u00a0Roche, pr\u00e9sident et CEO d\u2019Analog Devices.\u00a0\u00ab\u00a0De l\u2019\u00e9lectrification \u00e0 la gestion de l\u2019\u00e9nergie en passant par l\u2019efficience\u00a0industrielle, la lutte contre le changement climatique est au c\u0153ur de notre\u00a0activit\u00e9 et de nos op\u00e9rations. Rejoindre l\u2019Alliance\u00a0des PDG Leaders du Climat\u00a0est la traduction\u00a0logique\u00a0de notre ambition et des actions\u00a0que nous menons\u00a0pour faire progresser les solutions durables au niveau mondial\u00a0afin de\u00a0rendre possible\u00a0et\u00a0d\u2019acc\u00e9l\u00e9rer la transition vers la neutralit\u00e9 carbone. Nous\u00a0nous r\u00e9jouissons\u00a0de travailler au c\u00f4t\u00e9 des membres de l\u2019Alliance, tous secteurs\u00a0industriels confondus.\u00a0\u00bb<\/p>\n<p>Fond\u00e9e en 2014\u00a0sous la forme d\u2019une\u00a0initiative du Forum \u00e9conomique mondial, l\u2019Alliance\u00a0des PDG Leaders du Climat\u00a0a pour ambition d\u2019impliquer les d\u00e9cideurs politiques dans les\u00a0engagements\u00a0pris\u00a0par ses membres en vue de\u00a0r\u00e9duire les \u00e9missions\u00a0de plus d\u2019une gigatonne par an d\u2019ici\u00a0\u00e0\u00a02030 et \u00e0 atteindre\u00a0le\u00a0z\u00e9ro\u00a0\u00e9mission\u00a0nette \u00e0 l\u2019horizon\u00a02050.\u00a0Outre la\u00a0publication de\u00a0livres blancs et d\u2019\u00e9tudes qui\u00a0guident\u00a0les\u00a0hauts\u00a0dirigeants\u00a0vers\u00a0l\u2019\u00e9limination du carbone,\u00a0l\u2019Alliance\u00a0entend contribuer \u00e0\u00a0la collaboration et\u00a0au\u00a0partage des connaissances\u00a0entre les diff\u00e9rents secteurs industriels.\u00a0<\/p>\n<p>\u00ab\u00a0Nous sommes ravis\u00a0d\u2019accueillir\u00a0Vince\u00a0parmi les\u00a0membres\u00a0de l\u2019Alliance\u00a0des PDG Leaders du Climat\u00a0\u00bb, a d\u00e9clar\u00e9\u00a0Pim Valdre, responsable des initiatives Climate Ambition\u00a0au sein\u00a0du Forum \u00e9conomique mondial.\u00a0\u00ab\u00a0Son\u00a0engagement \u00e0 atteindre la neutralit\u00e9 carbone au plus tard en\u00a02050\u00a0n\u2019est qu\u2019un exemple de\u00a0l\u2019excellence\u00a0d\u2019Analog Devices\u00a0dans le domaine\u00a0des crit\u00e8res environnementaux, sociaux et de gouvernance (ESG)\u00a0et constitue un v\u00e9ritable\u00a0exemple\u00a0pour\u00a0d\u2019autres acteurs du secteur de\u00a0la micro-\u00e9lectronique. Nous sommes impatients d\u2019int\u00e9grer \u00e0 nos travaux\u00a0l\u2019exp\u00e9rience et la vision\u00a0apport\u00e9es\u00a0par Vince et\u00a0toute\u00a0l\u2019\u00e9quipe d\u2019Analog Devices.\u00a0\u00bb<\/p>\n<p>&nbsp;<\/p>\n<p><a title=\"www.analog.com\" href=\"http:\/\/www.analog.com\">www.analog.com<\/a><\/p>\n<p>&nbsp;<\/p>\n","protected":false},"excerpt":{"rendered":"<p>Analog Devices, Inc.\u00a0annonce\u00a0que\u00a0Vincent Roche,\u00a0CEO et\u00a0pr\u00e9sident du conseil d\u2019administration\u00a0de la Soci\u00e9t\u00e9, est devenu membre de l\u2019Alliance\u00a0des PDG Leaders du Climat (Alliance of\u00a0CEO Climate Leaders), une initiative\u00a0r\u00e9unie\u00a0sous la banni\u00e8re\u00a0du\u00a0Forum \u00e9conomique mondial. Analog Devices est\u00a0le\u00a0premier fabricant\u00a0de semiconducteurs \u00e0 rejoindre l\u2019Alliance, une communaut\u00e9\u00a0qui\u00a0rassemble\u00a0plus de 120\u00a0PDG\u00a0et hauts dirigeants\u00a0d\u2019entreprises\u00a0multinationales\u00a0du monde entier dans le but d\u2019acc\u00e9l\u00e9rer les\u00a0actions men\u00e9es\u00a0contre le changement climatique\u00a0au sein [&hellip;]<\/p>\n","protected":false},"author":36,"featured_media":412897,"comment_status":"closed","ping_status":"closed","sticky":false,"template":"","format":"standard","meta":{"_acf_changed":false,"footnotes":""},"categories":[886],"tags":[],"domains":[47],"ppma_author":[1154],"class_list":["post-412894","post","type-post","status-publish","format-standard","has-post-thumbnail","hentry","category-news-fr","domains-electronique-eci"],"acf":[],"yoast_head":"<title>Vincent Roche, pr\u00e9sident et CEO d\u2019Analog Devices, a rejoint ...<\/title>\n<meta name=\"description\" content=\"Analog Devices, Inc.\u00a0annonce\u00a0que\u00a0Vincent Roche,\u00a0CEO et\u00a0pr\u00e9sident du conseil d\u2019administration\u00a0de la Soci\u00e9t\u00e9, est devenu membre de l\u2019Alliance\u00a0des...\" \/>\n<meta name=\"robots\" content=\"index, follow, max-snippet:-1, max-image-preview:large, max-video-preview:-1\" \/>\n<link rel=\"canonical\" href=\"https:\/\/www.ecinews.fr\/fr\/wp-json\/wp\/v2\/posts\/412894\/\" \/>\n<meta property=\"og:locale\" content=\"fr_FR\" \/>\n<meta property=\"og:type\" content=\"article\" \/>\n<meta property=\"og:title\" content=\"Vincent Roche, pr\u00e9sident et CEO d\u2019Analog Devices, a rejoint l\u2019Alliance des PDG Leaders du Climat\" \/>\n<meta property=\"og:description\" content=\"Analog Devices, Inc.\u00a0annonce\u00a0que\u00a0Vincent Roche,\u00a0CEO et\u00a0pr\u00e9sident du conseil d\u2019administration\u00a0de la Soci\u00e9t\u00e9, est devenu membre de l\u2019Alliance\u00a0des PDG Leaders du Climat (Alliance of\u00a0CEO Climate Leaders), une initiative\u00a0r\u00e9unie\u00a0sous la banni\u00e8re\u00a0du\u00a0Forum \u00e9conomique mondial. Analog Devices est\u00a0le\u00a0premier fabricant\u00a0de semiconducteurs \u00e0 rejoindre l\u2019Alliance, une communaut\u00e9\u00a0qui\u00a0rassemble\u00a0plus de 120\u00a0PDG\u00a0et hauts dirigeants\u00a0d\u2019entreprises\u00a0multinationales\u00a0du monde entier dans le but d\u2019acc\u00e9l\u00e9rer les\u00a0actions men\u00e9es\u00a0contre le changement climatique\u00a0au sein [&hellip;]\" \/>\n<meta property=\"og:url\" content=\"https:\/\/www.ecinews.fr\/fr\/wp-json\/wp\/v2\/posts\/412894\/\" \/>\n<meta property=\"og:site_name\" content=\"EENewsEurope\" \/>\n<meta property=\"article:published_time\" content=\"2023-02-06T09:41:05+00:00\" \/>\n<meta property=\"og:image\" content=\"https:\/\/www.ecinews.fr\/wp-content\/uploads\/2023\/02\/ECI1676_ADI_actu.jpg\" \/>\n\t<meta property=\"og:image:width\" content=\"381\" \/>\n\t<meta property=\"og:image:height\" content=\"251\" \/>\n\t<meta property=\"og:image:type\" content=\"image\/jpeg\" \/>\n<meta name=\"author\" content=\"Alain Dieul\" \/>\n<meta name=\"twitter:card\" content=\"summary_large_image\" \/>\n<meta name=\"twitter:label1\" content=\"Written by\" \/>\n\t<meta name=\"twitter:data1\" content=\"Alain Dieul\" \/>\n\t<meta name=\"twitter:label2\" content=\"Est. reading time\" \/>\n\t<meta name=\"twitter:data2\" content=\"2 minutes\" \/>\n<script type=\"application\/ld+json\" class=\"yoast-schema-graph\">{\"@context\":\"https:\/\/schema.org\",\"@graph\":[{\"@type\":\"Article\",\"@id\":\"https:\/\/www.ecinews.fr\/fr\/vincent-roche-president-et-ceo-danalog-devices-a-rejoint-lalliance-des-pdg-leaders-du-climat\/#article\",\"isPartOf\":{\"@id\":\"https:\/\/www.ecinews.fr\/fr\/vincent-roche-president-et-ceo-danalog-devices-a-rejoint-lalliance-des-pdg-leaders-du-climat\/\"},\"author\":{\"name\":\"Alain Dieul\",\"@id\":\"https:\/\/www.eenewseurope.com\/en\/#\/schema\/person\/e4387676ad67ce722325c7832f3c3762\"},\"headline\":\"Vincent Roche, pr\u00e9sident et CEO d\u2019Analog Devices, a rejoint l\u2019Alliance des PDG Leaders du Climat\",\"datePublished\":\"2023-02-06T09:41:05+00:00\",\"dateModified\":\"2023-02-06T09:41:05+00:00\",\"mainEntityOfPage\":{\"@id\":\"https:\/\/www.ecinews.fr\/fr\/vincent-roche-president-et-ceo-danalog-devices-a-rejoint-lalliance-des-pdg-leaders-du-climat\/\"},\"wordCount\":459,\"publisher\":{\"@id\":\"https:\/\/www.eenewseurope.com\/en\/#organization\"},\"articleSection\":[\"Actualit\u00e9 g\u00e9n\u00e9rale\"],\"inLanguage\":\"fr-FR\"},{\"@type\":\"WebPage\",\"@id\":\"https:\/\/www.ecinews.fr\/fr\/vincent-roche-president-et-ceo-danalog-devices-a-rejoint-lalliance-des-pdg-leaders-du-climat\/\",\"url\":\"https:\/\/www.ecinews.fr\/fr\/vincent-roche-president-et-ceo-danalog-devices-a-rejoint-lalliance-des-pdg-leaders-du-climat\/\",\"name\":\"Vincent Roche, pr\u00e9sident et CEO d\u2019Analog Devices, a rejoint l\u2019Alliance des PDG Leaders du Climat -\",\"isPartOf\":{\"@id\":\"https:\/\/www.eenewseurope.com\/en\/#website\"},\"datePublished\":\"2023-02-06T09:41:05+00:00\",\"dateModified\":\"2023-02-06T09:41:05+00:00\",\"breadcrumb\":{\"@id\":\"https:\/\/www.ecinews.fr\/fr\/vincent-roche-president-et-ceo-danalog-devices-a-rejoint-lalliance-des-pdg-leaders-du-climat\/#breadcrumb\"},\"inLanguage\":\"fr-FR\",\"potentialAction\":[{\"@type\":\"ReadAction\",\"target\":[\"https:\/\/www.ecinews.fr\/fr\/vincent-roche-president-et-ceo-danalog-devices-a-rejoint-lalliance-des-pdg-leaders-du-climat\/\"]}]},{\"@type\":\"BreadcrumbList\",\"@id\":\"https:\/\/www.ecinews.fr\/fr\/vincent-roche-president-et-ceo-danalog-devices-a-rejoint-lalliance-des-pdg-leaders-du-climat\/#breadcrumb\",\"itemListElement\":[{\"@type\":\"ListItem\",\"position\":1,\"name\":\"Home\",\"item\":\"https:\/\/www.ecinews.fr\/fr\/\"},{\"@type\":\"ListItem\",\"position\":2,\"name\":\"Vincent Roche, pr\u00e9sident et CEO d\u2019Analog Devices, a rejoint l\u2019Alliance des PDG Leaders du Climat\"}]},{\"@type\":\"WebSite\",\"@id\":\"https:\/\/www.eenewseurope.com\/en\/#website\",\"url\":\"https:\/\/www.eenewseurope.com\/en\/\",\"name\":\"EENewsEurope\",\"description\":\"Just another WordPress site\",\"publisher\":{\"@id\":\"https:\/\/www.eenewseurope.com\/en\/#organization\"},\"potentialAction\":[{\"@type\":\"SearchAction\",\"target\":{\"@type\":\"EntryPoint\",\"urlTemplate\":\"https:\/\/www.eenewseurope.com\/en\/?s={search_term_string}\"},\"query-input\":\"required name=search_term_string\"}],\"inLanguage\":\"fr-FR\"},{\"@type\":\"Organization\",\"@id\":\"https:\/\/www.eenewseurope.com\/en\/#organization\",\"name\":\"EENewsEurope\",\"url\":\"https:\/\/www.eenewseurope.com\/en\/\",\"logo\":{\"@type\":\"ImageObject\",\"inLanguage\":\"fr-FR\",\"@id\":\"https:\/\/www.eenewseurope.com\/en\/#\/schema\/logo\/image\/\",\"url\":\"https:\/\/www.ecinews.fr\/wp-content\/uploads\/2022\/02\/logo-1.jpg\",\"contentUrl\":\"https:\/\/www.ecinews.fr\/wp-content\/uploads\/2022\/02\/logo-1.jpg\",\"width\":283,\"height\":113,\"caption\":\"EENewsEurope\"},\"image\":{\"@id\":\"https:\/\/www.eenewseurope.com\/en\/#\/schema\/logo\/image\/\"}},{\"@type\":\"Person\",\"@id\":\"https:\/\/www.eenewseurope.com\/en\/#\/schema\/person\/e4387676ad67ce722325c7832f3c3762\",\"name\":\"Alain Dieul\",\"image\":{\"@type\":\"ImageObject\",\"inLanguage\":\"fr-FR\",\"@id\":\"https:\/\/www.eenewseurope.com\/en\/#\/schema\/person\/image\/736120675699dbbf0f0f282b9a9cfb75\",\"url\":\"https:\/\/secure.gravatar.com\/avatar\/bc93b056d07515be5b8eecd4acf49c5c?s=96&d=mm&r=g\",\"contentUrl\":\"https:\/\/secure.gravatar.com\/avatar\/bc93b056d07515be5b8eecd4acf49c5c?s=96&d=mm&r=g\",\"caption\":\"Alain Dieul\"},\"sameAs\":[\"http:\/\/ECINews\"]}]}<\/script>","yoast_head_json":{"title":"Vincent Roche, pr\u00e9sident et CEO d\u2019Analog Devices, a rejoint ...","description":"Analog Devices, Inc.\u00a0annonce\u00a0que\u00a0Vincent Roche,\u00a0CEO et\u00a0pr\u00e9sident du conseil d\u2019administration\u00a0de la Soci\u00e9t\u00e9, est devenu membre de l\u2019Alliance\u00a0des...","robots":{"index":"index","follow":"follow","max-snippet":"max-snippet:-1","max-image-preview":"max-image-preview:large","max-video-preview":"max-video-preview:-1"},"canonical":"https:\/\/www.ecinews.fr\/fr\/wp-json\/wp\/v2\/posts\/412894\/","og_locale":"fr_FR","og_type":"article","og_title":"Vincent Roche, pr\u00e9sident et CEO d\u2019Analog Devices, a rejoint l\u2019Alliance des PDG Leaders du Climat","og_description":"Analog Devices, Inc.\u00a0annonce\u00a0que\u00a0Vincent Roche,\u00a0CEO et\u00a0pr\u00e9sident du conseil d\u2019administration\u00a0de la Soci\u00e9t\u00e9, est devenu membre de l\u2019Alliance\u00a0des PDG Leaders du Climat (Alliance of\u00a0CEO Climate Leaders), une initiative\u00a0r\u00e9unie\u00a0sous la banni\u00e8re\u00a0du\u00a0Forum \u00e9conomique mondial. Analog Devices est\u00a0le\u00a0premier fabricant\u00a0de semiconducteurs \u00e0 rejoindre l\u2019Alliance, une communaut\u00e9\u00a0qui\u00a0rassemble\u00a0plus de 120\u00a0PDG\u00a0et hauts dirigeants\u00a0d\u2019entreprises\u00a0multinationales\u00a0du monde entier dans le but d\u2019acc\u00e9l\u00e9rer les\u00a0actions men\u00e9es\u00a0contre le changement climatique\u00a0au sein [&hellip;]","og_url":"https:\/\/www.ecinews.fr\/fr\/wp-json\/wp\/v2\/posts\/412894\/","og_site_name":"EENewsEurope","article_published_time":"2023-02-06T09:41:05+00:00","og_image":[{"width":381,"height":251,"url":"https:\/\/www.ecinews.fr\/wp-content\/uploads\/2023\/02\/ECI1676_ADI_actu.jpg","type":"image\/jpeg"}],"author":"Alain Dieul","twitter_card":"summary_large_image","twitter_misc":{"Written by":"Alain Dieul","Est. reading time":"2 minutes"},"schema":{"@context":"https:\/\/schema.org","@graph":[{"@type":"Article","@id":"https:\/\/www.ecinews.fr\/fr\/vincent-roche-president-et-ceo-danalog-devices-a-rejoint-lalliance-des-pdg-leaders-du-climat\/#article","isPartOf":{"@id":"https:\/\/www.ecinews.fr\/fr\/vincent-roche-president-et-ceo-danalog-devices-a-rejoint-lalliance-des-pdg-leaders-du-climat\/"},"author":{"name":"Alain Dieul","@id":"https:\/\/www.eenewseurope.com\/en\/#\/schema\/person\/e4387676ad67ce722325c7832f3c3762"},"headline":"Vincent Roche, pr\u00e9sident et CEO d\u2019Analog Devices, a rejoint l\u2019Alliance des PDG Leaders du Climat","datePublished":"2023-02-06T09:41:05+00:00","dateModified":"2023-02-06T09:41:05+00:00","mainEntityOfPage":{"@id":"https:\/\/www.ecinews.fr\/fr\/vincent-roche-president-et-ceo-danalog-devices-a-rejoint-lalliance-des-pdg-leaders-du-climat\/"},"wordCount":459,"publisher":{"@id":"https:\/\/www.eenewseurope.com\/en\/#organization"},"articleSection":["Actualit\u00e9 g\u00e9n\u00e9rale"],"inLanguage":"fr-FR"},{"@type":"WebPage","@id":"https:\/\/www.ecinews.fr\/fr\/vincent-roche-president-et-ceo-danalog-devices-a-rejoint-lalliance-des-pdg-leaders-du-climat\/","url":"https:\/\/www.ecinews.fr\/fr\/vincent-roche-president-et-ceo-danalog-devices-a-rejoint-lalliance-des-pdg-leaders-du-climat\/","name":"Vincent Roche, pr\u00e9sident et CEO d\u2019Analog Devices, a rejoint l\u2019Alliance des PDG Leaders du Climat -","isPartOf":{"@id":"https:\/\/www.eenewseurope.com\/en\/#website"},"datePublished":"2023-02-06T09:41:05+00:00","dateModified":"2023-02-06T09:41:05+00:00","breadcrumb":{"@id":"https:\/\/www.ecinews.fr\/fr\/vincent-roche-president-et-ceo-danalog-devices-a-rejoint-lalliance-des-pdg-leaders-du-climat\/#breadcrumb"},"inLanguage":"fr-FR","potentialAction":[{"@type":"ReadAction","target":["https:\/\/www.ecinews.fr\/fr\/vincent-roche-president-et-ceo-danalog-devices-a-rejoint-lalliance-des-pdg-leaders-du-climat\/"]}]},{"@type":"BreadcrumbList","@id":"https:\/\/www.ecinews.fr\/fr\/vincent-roche-president-et-ceo-danalog-devices-a-rejoint-lalliance-des-pdg-leaders-du-climat\/#breadcrumb","itemListElement":[{"@type":"ListItem","position":1,"name":"Home","item":"https:\/\/www.ecinews.fr\/fr\/"},{"@type":"ListItem","position":2,"name":"Vincent Roche, pr\u00e9sident et CEO d\u2019Analog Devices, a rejoint l\u2019Alliance des PDG Leaders du Climat"}]},{"@type":"WebSite","@id":"https:\/\/www.eenewseurope.com\/en\/#website","url":"https:\/\/www.eenewseurope.com\/en\/","name":"EENewsEurope","description":"Just another WordPress site","publisher":{"@id":"https:\/\/www.eenewseurope.com\/en\/#organization"},"potentialAction":[{"@type":"SearchAction","target":{"@type":"EntryPoint","urlTemplate":"https:\/\/www.eenewseurope.com\/en\/?s={search_term_string}"},"query-input":"required name=search_term_string"}],"inLanguage":"fr-FR"},{"@type":"Organization","@id":"https:\/\/www.eenewseurope.com\/en\/#organization","name":"EENewsEurope","url":"https:\/\/www.eenewseurope.com\/en\/","logo":{"@type":"ImageObject","inLanguage":"fr-FR","@id":"https:\/\/www.eenewseurope.com\/en\/#\/schema\/logo\/image\/","url":"https:\/\/www.ecinews.fr\/wp-content\/uploads\/2022\/02\/logo-1.jpg","contentUrl":"https:\/\/www.ecinews.fr\/wp-content\/uploads\/2022\/02\/logo-1.jpg","width":283,"height":113,"caption":"EENewsEurope"},"image":{"@id":"https:\/\/www.eenewseurope.com\/en\/#\/schema\/logo\/image\/"}},{"@type":"Person","@id":"https:\/\/www.eenewseurope.com\/en\/#\/schema\/person\/e4387676ad67ce722325c7832f3c3762","name":"Alain Dieul","image":{"@type":"ImageObject","inLanguage":"fr-FR","@id":"https:\/\/www.eenewseurope.com\/en\/#\/schema\/person\/image\/736120675699dbbf0f0f282b9a9cfb75","url":"https:\/\/secure.gravatar.com\/avatar\/bc93b056d07515be5b8eecd4acf49c5c?s=96&d=mm&r=g","contentUrl":"https:\/\/secure.gravatar.com\/avatar\/bc93b056d07515be5b8eecd4acf49c5c?s=96&d=mm&r=g","caption":"Alain Dieul"},"sameAs":["http:\/\/ECINews"]}]}},"authors":[{"term_id":1154,"user_id":36,"is_guest":0,"slug":"alain-dieul","display_name":"Alain Dieul","avatar_url":"https:\/\/secure.gravatar.com\/avatar\/bc93b056d07515be5b8eecd4acf49c5c?s=96&d=mm&r=g","0":null,"1":"","2":"","3":"","4":"","5":"","6":"","7":"","8":""}],"_links":{"self":[{"href":"https:\/\/www.ecinews.fr\/fr\/wp-json\/wp\/v2\/posts\/412894"}],"collection":[{"href":"https:\/\/www.ecinews.fr\/fr\/wp-json\/wp\/v2\/posts"}],"about":[{"href":"https:\/\/www.ecinews.fr\/fr\/wp-json\/wp\/v2\/types\/post"}],"author":[{"embeddable":true,"href":"https:\/\/www.ecinews.fr\/fr\/wp-json\/wp\/v2\/users\/36"}],"replies":[{"embeddable":true,"href":"https:\/\/www.ecinews.fr\/fr\/wp-json\/wp\/v2\/comments?post=412894"}],"version-history":[{"count":0,"href":"https:\/\/www.ecinews.fr\/fr\/wp-json\/wp\/v2\/posts\/412894\/revisions"}],"wp:featuredmedia":[{"embeddable":true,"href":"https:\/\/www.ecinews.fr\/fr\/wp-json\/wp\/v2\/media\/412897"}],"wp:attachment":[{"href":"https:\/\/www.ecinews.fr\/fr\/wp-json\/wp\/v2\/media?parent=412894"}],"wp:term":[{"taxonomy":"category","embeddable":true,"href":"https:\/\/www.ecinews.fr\/fr\/wp-json\/wp\/v2\/categories?post=412894"},{"taxonomy":"post_tag","embeddable":true,"href":"https:\/\/www.ecinews.fr\/fr\/wp-json\/wp\/v2\/tags?post=412894"},{"taxonomy":"domains","embeddable":true,"href":"https:\/\/www.ecinews.fr\/fr\/wp-json\/wp\/v2\/domains?post=412894"},{"taxonomy":"author","embeddable":true,"href":"https:\/\/www.ecinews.fr\/fr\/wp-json\/wp\/v2\/ppma_author?post=412894"}],"curies":[{"name":"wp","href":"https:\/\/api.w.org\/{rel}","templated":true}]}}