{"id":412843,"date":"2023-02-04T08:48:43","date_gmt":"2023-02-04T07:48:43","guid":{"rendered":"https:\/\/www.eenewseurope.com\/?p=412843"},"modified":"2023-02-04T08:51:55","modified_gmt":"2023-02-04T07:51:55","slug":"le-francais-ommic-rachete-par-macom-pour-continuer-son-expansion-en-europe","status":"publish","type":"post","link":"https:\/\/www.ecinews.fr\/fr\/le-francais-ommic-rachete-par-macom-pour-continuer-son-expansion-en-europe\/","title":{"rendered":"Le fran\u00e7ais OMMIC rachet\u00e9 par Macom pour continuer son expansion en Europe"},"content":{"rendered":"<h2><span class=\"HwtZe\" lang=\"fr\"><span class=\"jCAhz ChMk0b\"><span class=\"ryNqvb\">Macom Technology Solutions aux \u00c9tats-Unis va acqu\u00e9rir les actifs et les activit\u00e9s de fabrication de wafers d&rsquo;Ommic \u00e0 Paris pour seulement 38,5 millions d&rsquo;euros.<\/span><\/span>\u00a0<\/span><\/h2>\n<p><span class=\"HwtZe\" lang=\"fr\"><span class=\"jCAhz ChMk0b\"><span class=\"ryNqvb\">La soci\u00e9t\u00e9 exploite actuellement une ligne de production de wafers de 3 pouces et a r\u00e9cemment install\u00e9, mais n&rsquo;utilise pas actuellement, une ligne de 6 pouces pour les semiconducteurs compos\u00e9s d&rsquo;ars\u00e9niure de gallium (GaAs) et de nitrure de gallium (GaN).<\/span><\/span> <\/span><\/p>\n<ul>\n<li><a href=\"https:\/\/www.eenewseurope.com\/en\/epigan-to-supply-ommic-with-gan-on-si-technology\/\">EpiGaN to supply OMMIC with GaN-on-Si technology<\/a><\/li>\n<li><a href=\"https:\/\/www.eenewseurope.com\/en\/eu-looks-to-sovereign-power-gan-supply-chain-for-space\/\">EU looks to sovereign power GaN supply chain for space<\/a><\/li>\n<li><a href=\"https:\/\/www.eenewseurope.com\/en\/st-moves-into-gan-on-silicon-with-macom\/\">ST moves into GaN-on-silicon with Macom<\/a><\/li>\n<\/ul>\n<p><span class=\"HwtZe\" lang=\"fr\"><span class=\"jCAhz ChMk0b\"><span class=\"ryNqvb\">Ommic poss\u00e8de une expertise dans la fabrication de wafers, la croissance \u00e9pitaxiale et le traitement et la conception de circuits int\u00e9gr\u00e9s micro-ondes monolithiques (MMIC).<\/span><\/span> <span class=\"jCAhz ChMk0b\"><span class=\"ryNqvb\">Elle poss\u00e8de un h\u00e9ritage de 40 ans dans la science des mat\u00e9riaux, le traitement des wafers de semiconducteurs et la conception MMIC.<\/span><\/span> <span class=\"jCAhz ChMk0b\"><span class=\"ryNqvb\">Les capacit\u00e9s de fabrication prennent en charge plusieurs process et produits semiconducteurs qualifi\u00e9s par l&rsquo;Agence spatiale europ\u00e9enne (ESA).<\/span><\/span> <\/span><\/p>\n<p><span class=\"HwtZe\" lang=\"fr\"><span class=\"jCAhz ChMk0b\"><span class=\"ryNqvb\">Macom voit le portefeuille de produits MMIC haute fr\u00e9quence d&rsquo;Ommic et sa capacit\u00e9 de conception comme une aide pour r\u00e9pondre aux applications micro-ondes sur les march\u00e9s des t\u00e9l\u00e9communications, de l&rsquo;industrie, de l&rsquo;a\u00e9rospatiale et de la d\u00e9fense.<\/span><\/span><\/span><\/p>\n<p><span class=\"HwtZe\" lang=\"fr\"> <span class=\"jCAhz ChMk0b\"><span class=\"ryNqvb\">\u00ab Nous sommes ravis d&rsquo;acqu\u00e9rir une nouvelle usine d&rsquo;ing\u00e9nierie et de fabrication situ\u00e9e en France \u00bb, a d\u00e9clar\u00e9 Stephen G. Daly, pr\u00e9sident et chef de la direction.<\/span><\/span><\/span><\/p>\n<p><span class=\"HwtZe\" lang=\"fr\"><span class=\"jCAhz ChMk0b\"><span class=\"ryNqvb\">\u00ab L&rsquo;acquisition d&rsquo;Ommic devrait nous permettre de nous concentrer davantage sur les march\u00e9s europ\u00e9ens, d&rsquo;\u00e9tendre notre capacit\u00e9 de production de wafers et d&rsquo;\u00e9tendre nos offres de produits \u00e0 des fr\u00e9quences d&rsquo;ondes millim\u00e9triques plus \u00e9lev\u00e9es, qui sont toutes conformes \u00e0 notre strat\u00e9gie \u00e0 long terme.<\/span><\/span> <span class=\"jCAhz ChMk0b\"><span class=\"ryNqvb\">Nous pensons que la combinaison de la technologie et de la capacit\u00e9 de fabrication d&rsquo;Ommic avec l&rsquo;\u00e9chelle et la pr\u00e9sence sur le march\u00e9 de Macom sera un moteur de croissance et de rentabilit\u00e9 \u00e0 long terme.<\/span><\/span> <\/span><\/p>\n<p><span class=\"HwtZe\" lang=\"fr\"><span class=\"jCAhz ChMk0b\"><span class=\"ryNqvb\">Le prix d&rsquo;achat d&rsquo;environ <\/span><\/span><\/span><span class=\"HwtZe\" lang=\"fr\"><span class=\"jCAhz ChMk0b\"><span class=\"ryNqvb\">38,5 millions d&rsquo;euros <\/span><\/span><\/span><span class=\"HwtZe\" lang=\"fr\"><span class=\"jCAhz ChMk0b\"><span class=\"ryNqvb\">sera financ\u00e9 avec des liquidit\u00e9s et comprend l&rsquo;immobilier et toutes les installations associ\u00e9es.<\/span><\/span> <span class=\"jCAhz ChMk0b\"><span class=\"ryNqvb\">La transaction devrait \u00eatre finalis\u00e9e au cours du deuxi\u00e8me trimestre fiscal 2023 de MACOM.<\/span><\/span><\/span><\/p>\n<p><a href=\"https:\/\/cts.businesswire.com\/ct\/CT?id=smartlink&amp;url=https%3A%2F%2Fwww.macom.com%2F&amp;esheet=53299252&amp;newsitemid=20230202005261&amp;lan=en-US&amp;anchor=www.macom.com&amp;index=1&amp;md5=9903236795a86927a8be1be9ecd4ec29\">www.macom.com<\/a><\/p>\n","protected":false},"excerpt":{"rendered":"<p>Macom Technology Solutions aux \u00c9tats-Unis va acqu\u00e9rir les actifs et les activit\u00e9s de fabrication de wafers d&rsquo;Ommic \u00e0 Paris pour seulement 38,5 millions d&rsquo;euros.\u00a0 La soci\u00e9t\u00e9 exploite actuellement une ligne de production de wafers de 3 pouces et a r\u00e9cemment install\u00e9, mais n&rsquo;utilise pas actuellement, une ligne de 6 pouces pour les semiconducteurs compos\u00e9s d&rsquo;ars\u00e9niure [&hellip;]<\/p>\n","protected":false},"author":6,"featured_media":412834,"comment_status":"closed","ping_status":"closed","sticky":false,"template":"","format":"standard","meta":{"_acf_changed":false,"footnotes":""},"categories":[880],"tags":[2742,1104,913,2743,915],"domains":[47],"ppma_author":[1138],"class_list":["post-412843","post","type-post","status-publish","format-standard","has-post-thumbnail","hentry","category-actualites-economiques","tag-gaas","tag-gan-fr","tag-materials-processes-fr","tag-mmic-fr","tag-wireless-communications-fr","domains-electronique-eci"],"acf":[],"yoast_head":"<title>Le fran\u00e7ais OMMIC rachet\u00e9 par Macom pour continuer son expans...<\/title>\n<meta name=\"description\" content=\"Macom aux \u00c9tats-Unis va acqu\u00e9rir les actifs et les activit\u00e9s de fabrication de wafers d&#039;Ommic \u00e0 Paris pour seulement 38,5 millions d&#039;euros.\u00a0\" \/>\n<meta name=\"robots\" content=\"index, follow, max-snippet:-1, max-image-preview:large, max-video-preview:-1\" \/>\n<link rel=\"canonical\" href=\"https:\/\/www.ecinews.fr\/fr\/wp-json\/wp\/v2\/posts\/412843\/\" \/>\n<meta property=\"og:locale\" content=\"fr_FR\" \/>\n<meta property=\"og:type\" content=\"article\" \/>\n<meta property=\"og:title\" content=\"Le fran\u00e7ais OMMIC rachet\u00e9 par Macom pour continuer son expansion en Europe\" \/>\n<meta property=\"og:description\" content=\"Macom aux \u00c9tats-Unis va acqu\u00e9rir les actifs et les activit\u00e9s de fabrication de wafers d&#039;Ommic \u00e0 Paris pour seulement 38,5 millions d&#039;euros.\u00a0\" \/>\n<meta property=\"og:url\" content=\"https:\/\/www.ecinews.fr\/fr\/wp-json\/wp\/v2\/posts\/412843\/\" \/>\n<meta property=\"og:site_name\" content=\"EENewsEurope\" \/>\n<meta property=\"article:published_time\" content=\"2023-02-04T07:48:43+00:00\" \/>\n<meta property=\"article:modified_time\" content=\"2023-02-04T07:51:55+00:00\" \/>\n<meta property=\"og:image\" content=\"https:\/\/www.ecinews.fr\/wp-content\/uploads\/2023\/02\/ommic_Stepper_room4-scaled.jpg\" \/>\n\t<meta property=\"og:image:width\" content=\"1080\" \/>\n\t<meta property=\"og:image:height\" content=\"587\" \/>\n\t<meta property=\"og:image:type\" content=\"image\/jpeg\" \/>\n<meta name=\"author\" content=\"Nick Flaherty\" \/>\n<meta name=\"twitter:card\" content=\"summary_large_image\" \/>\n<meta name=\"twitter:label1\" content=\"Written by\" \/>\n\t<meta name=\"twitter:data1\" content=\"Nick Flaherty\" \/>\n\t<meta name=\"twitter:label2\" content=\"Est. reading time\" \/>\n\t<meta name=\"twitter:data2\" content=\"2 minutes\" \/>\n<script type=\"application\/ld+json\" class=\"yoast-schema-graph\">{\"@context\":\"https:\/\/schema.org\",\"@graph\":[{\"@type\":\"Article\",\"@id\":\"https:\/\/www.ecinews.fr\/fr\/le-francais-ommic-rachete-par-macom-pour-continuer-son-expansion-en-europe\/#article\",\"isPartOf\":{\"@id\":\"https:\/\/www.ecinews.fr\/fr\/le-francais-ommic-rachete-par-macom-pour-continuer-son-expansion-en-europe\/\"},\"author\":{\"name\":\"Nick Flaherty\",\"@id\":\"https:\/\/www.eenewseurope.com\/en\/#\/schema\/person\/e0ece0e066c16515540002c31cc7a3ff\"},\"headline\":\"Le fran\u00e7ais OMMIC rachet\u00e9 par Macom pour continuer son expansion en Europe\",\"datePublished\":\"2023-02-04T07:48:43+00:00\",\"dateModified\":\"2023-02-04T07:51:55+00:00\",\"mainEntityOfPage\":{\"@id\":\"https:\/\/www.ecinews.fr\/fr\/le-francais-ommic-rachete-par-macom-pour-continuer-son-expansion-en-europe\/\"},\"wordCount\":389,\"publisher\":{\"@id\":\"https:\/\/www.eenewseurope.com\/en\/#organization\"},\"keywords\":[\"GaAS\",\"GaN\",\"Materials &amp; processes\",\"MMIC\",\"Wireless Communications\"],\"articleSection\":[\"Actualit\u00e9s \u00e9conomiques\"],\"inLanguage\":\"fr-FR\"},{\"@type\":\"WebPage\",\"@id\":\"https:\/\/www.ecinews.fr\/fr\/le-francais-ommic-rachete-par-macom-pour-continuer-son-expansion-en-europe\/\",\"url\":\"https:\/\/www.ecinews.fr\/fr\/le-francais-ommic-rachete-par-macom-pour-continuer-son-expansion-en-europe\/\",\"name\":\"Le fran\u00e7ais OMMIC rachet\u00e9 par Macom pour continuer son expansion en Europe -\",\"isPartOf\":{\"@id\":\"https:\/\/www.eenewseurope.com\/en\/#website\"},\"datePublished\":\"2023-02-04T07:48:43+00:00\",\"dateModified\":\"2023-02-04T07:51:55+00:00\",\"description\":\"Macom aux \u00c9tats-Unis va acqu\u00e9rir les actifs et les activit\u00e9s de fabrication de wafers d'Ommic \u00e0 Paris pour seulement 38,5 millions d'euros.\u00a0\",\"breadcrumb\":{\"@id\":\"https:\/\/www.ecinews.fr\/fr\/le-francais-ommic-rachete-par-macom-pour-continuer-son-expansion-en-europe\/#breadcrumb\"},\"inLanguage\":\"fr-FR\",\"potentialAction\":[{\"@type\":\"ReadAction\",\"target\":[\"https:\/\/www.ecinews.fr\/fr\/le-francais-ommic-rachete-par-macom-pour-continuer-son-expansion-en-europe\/\"]}]},{\"@type\":\"BreadcrumbList\",\"@id\":\"https:\/\/www.ecinews.fr\/fr\/le-francais-ommic-rachete-par-macom-pour-continuer-son-expansion-en-europe\/#breadcrumb\",\"itemListElement\":[{\"@type\":\"ListItem\",\"position\":1,\"name\":\"Home\",\"item\":\"https:\/\/www.ecinews.fr\/fr\/\"},{\"@type\":\"ListItem\",\"position\":2,\"name\":\"Le fran\u00e7ais OMMIC rachet\u00e9 par Macom pour continuer son expansion en Europe\"}]},{\"@type\":\"WebSite\",\"@id\":\"https:\/\/www.eenewseurope.com\/en\/#website\",\"url\":\"https:\/\/www.eenewseurope.com\/en\/\",\"name\":\"EENewsEurope\",\"description\":\"Just another WordPress site\",\"publisher\":{\"@id\":\"https:\/\/www.eenewseurope.com\/en\/#organization\"},\"potentialAction\":[{\"@type\":\"SearchAction\",\"target\":{\"@type\":\"EntryPoint\",\"urlTemplate\":\"https:\/\/www.eenewseurope.com\/en\/?s={search_term_string}\"},\"query-input\":\"required name=search_term_string\"}],\"inLanguage\":\"fr-FR\"},{\"@type\":\"Organization\",\"@id\":\"https:\/\/www.eenewseurope.com\/en\/#organization\",\"name\":\"EENewsEurope\",\"url\":\"https:\/\/www.eenewseurope.com\/en\/\",\"logo\":{\"@type\":\"ImageObject\",\"inLanguage\":\"fr-FR\",\"@id\":\"https:\/\/www.eenewseurope.com\/en\/#\/schema\/logo\/image\/\",\"url\":\"https:\/\/www.ecinews.fr\/wp-content\/uploads\/2022\/02\/logo-1.jpg\",\"contentUrl\":\"https:\/\/www.ecinews.fr\/wp-content\/uploads\/2022\/02\/logo-1.jpg\",\"width\":283,\"height\":113,\"caption\":\"EENewsEurope\"},\"image\":{\"@id\":\"https:\/\/www.eenewseurope.com\/en\/#\/schema\/logo\/image\/\"}},{\"@type\":\"Person\",\"@id\":\"https:\/\/www.eenewseurope.com\/en\/#\/schema\/person\/e0ece0e066c16515540002c31cc7a3ff\",\"name\":\"Nick Flaherty\",\"image\":{\"@type\":\"ImageObject\",\"inLanguage\":\"fr-FR\",\"@id\":\"https:\/\/www.eenewseurope.com\/en\/#\/schema\/person\/image\/48b22ad20cb8c78130781b5e1f225c7b\",\"url\":\"https:\/\/secure.gravatar.com\/avatar\/49bd04ef46c3ee89575adaf950e76b64?s=96&d=mm&r=g\",\"contentUrl\":\"https:\/\/secure.gravatar.com\/avatar\/49bd04ef46c3ee89575adaf950e76b64?s=96&d=mm&r=g\",\"caption\":\"Nick Flaherty\"}}]}<\/script>","yoast_head_json":{"title":"Le fran\u00e7ais OMMIC rachet\u00e9 par Macom pour continuer son expans...","description":"Macom aux \u00c9tats-Unis va acqu\u00e9rir les actifs et les activit\u00e9s de fabrication de wafers d'Ommic \u00e0 Paris pour seulement 38,5 millions d'euros.\u00a0","robots":{"index":"index","follow":"follow","max-snippet":"max-snippet:-1","max-image-preview":"max-image-preview:large","max-video-preview":"max-video-preview:-1"},"canonical":"https:\/\/www.ecinews.fr\/fr\/wp-json\/wp\/v2\/posts\/412843\/","og_locale":"fr_FR","og_type":"article","og_title":"Le fran\u00e7ais OMMIC rachet\u00e9 par Macom pour continuer son expansion en Europe","og_description":"Macom aux \u00c9tats-Unis va acqu\u00e9rir les actifs et les activit\u00e9s de fabrication de wafers d'Ommic \u00e0 Paris pour seulement 38,5 millions d'euros.\u00a0","og_url":"https:\/\/www.ecinews.fr\/fr\/wp-json\/wp\/v2\/posts\/412843\/","og_site_name":"EENewsEurope","article_published_time":"2023-02-04T07:48:43+00:00","article_modified_time":"2023-02-04T07:51:55+00:00","og_image":[{"width":1080,"height":587,"url":"https:\/\/www.ecinews.fr\/wp-content\/uploads\/2023\/02\/ommic_Stepper_room4-scaled.jpg","type":"image\/jpeg"}],"author":"Nick Flaherty","twitter_card":"summary_large_image","twitter_misc":{"Written by":"Nick Flaherty","Est. reading time":"2 minutes"},"schema":{"@context":"https:\/\/schema.org","@graph":[{"@type":"Article","@id":"https:\/\/www.ecinews.fr\/fr\/le-francais-ommic-rachete-par-macom-pour-continuer-son-expansion-en-europe\/#article","isPartOf":{"@id":"https:\/\/www.ecinews.fr\/fr\/le-francais-ommic-rachete-par-macom-pour-continuer-son-expansion-en-europe\/"},"author":{"name":"Nick Flaherty","@id":"https:\/\/www.eenewseurope.com\/en\/#\/schema\/person\/e0ece0e066c16515540002c31cc7a3ff"},"headline":"Le fran\u00e7ais OMMIC rachet\u00e9 par Macom pour continuer son expansion en Europe","datePublished":"2023-02-04T07:48:43+00:00","dateModified":"2023-02-04T07:51:55+00:00","mainEntityOfPage":{"@id":"https:\/\/www.ecinews.fr\/fr\/le-francais-ommic-rachete-par-macom-pour-continuer-son-expansion-en-europe\/"},"wordCount":389,"publisher":{"@id":"https:\/\/www.eenewseurope.com\/en\/#organization"},"keywords":["GaAS","GaN","Materials &amp; processes","MMIC","Wireless Communications"],"articleSection":["Actualit\u00e9s \u00e9conomiques"],"inLanguage":"fr-FR"},{"@type":"WebPage","@id":"https:\/\/www.ecinews.fr\/fr\/le-francais-ommic-rachete-par-macom-pour-continuer-son-expansion-en-europe\/","url":"https:\/\/www.ecinews.fr\/fr\/le-francais-ommic-rachete-par-macom-pour-continuer-son-expansion-en-europe\/","name":"Le fran\u00e7ais OMMIC rachet\u00e9 par Macom pour continuer son expansion en Europe -","isPartOf":{"@id":"https:\/\/www.eenewseurope.com\/en\/#website"},"datePublished":"2023-02-04T07:48:43+00:00","dateModified":"2023-02-04T07:51:55+00:00","description":"Macom aux \u00c9tats-Unis va acqu\u00e9rir les actifs et les activit\u00e9s de fabrication de wafers d'Ommic \u00e0 Paris pour seulement 38,5 millions d'euros.\u00a0","breadcrumb":{"@id":"https:\/\/www.ecinews.fr\/fr\/le-francais-ommic-rachete-par-macom-pour-continuer-son-expansion-en-europe\/#breadcrumb"},"inLanguage":"fr-FR","potentialAction":[{"@type":"ReadAction","target":["https:\/\/www.ecinews.fr\/fr\/le-francais-ommic-rachete-par-macom-pour-continuer-son-expansion-en-europe\/"]}]},{"@type":"BreadcrumbList","@id":"https:\/\/www.ecinews.fr\/fr\/le-francais-ommic-rachete-par-macom-pour-continuer-son-expansion-en-europe\/#breadcrumb","itemListElement":[{"@type":"ListItem","position":1,"name":"Home","item":"https:\/\/www.ecinews.fr\/fr\/"},{"@type":"ListItem","position":2,"name":"Le fran\u00e7ais OMMIC rachet\u00e9 par Macom pour continuer son expansion en Europe"}]},{"@type":"WebSite","@id":"https:\/\/www.eenewseurope.com\/en\/#website","url":"https:\/\/www.eenewseurope.com\/en\/","name":"EENewsEurope","description":"Just another WordPress site","publisher":{"@id":"https:\/\/www.eenewseurope.com\/en\/#organization"},"potentialAction":[{"@type":"SearchAction","target":{"@type":"EntryPoint","urlTemplate":"https:\/\/www.eenewseurope.com\/en\/?s={search_term_string}"},"query-input":"required name=search_term_string"}],"inLanguage":"fr-FR"},{"@type":"Organization","@id":"https:\/\/www.eenewseurope.com\/en\/#organization","name":"EENewsEurope","url":"https:\/\/www.eenewseurope.com\/en\/","logo":{"@type":"ImageObject","inLanguage":"fr-FR","@id":"https:\/\/www.eenewseurope.com\/en\/#\/schema\/logo\/image\/","url":"https:\/\/www.ecinews.fr\/wp-content\/uploads\/2022\/02\/logo-1.jpg","contentUrl":"https:\/\/www.ecinews.fr\/wp-content\/uploads\/2022\/02\/logo-1.jpg","width":283,"height":113,"caption":"EENewsEurope"},"image":{"@id":"https:\/\/www.eenewseurope.com\/en\/#\/schema\/logo\/image\/"}},{"@type":"Person","@id":"https:\/\/www.eenewseurope.com\/en\/#\/schema\/person\/e0ece0e066c16515540002c31cc7a3ff","name":"Nick Flaherty","image":{"@type":"ImageObject","inLanguage":"fr-FR","@id":"https:\/\/www.eenewseurope.com\/en\/#\/schema\/person\/image\/48b22ad20cb8c78130781b5e1f225c7b","url":"https:\/\/secure.gravatar.com\/avatar\/49bd04ef46c3ee89575adaf950e76b64?s=96&d=mm&r=g","contentUrl":"https:\/\/secure.gravatar.com\/avatar\/49bd04ef46c3ee89575adaf950e76b64?s=96&d=mm&r=g","caption":"Nick Flaherty"}}]}},"authors":[{"term_id":1138,"user_id":6,"is_guest":0,"slug":"flaherty","display_name":"Nick Flaherty","avatar_url":"https:\/\/secure.gravatar.com\/avatar\/49bd04ef46c3ee89575adaf950e76b64?s=96&d=mm&r=g","0":null,"1":"","2":"","3":"","4":"","5":"","6":"","7":"","8":""}],"_links":{"self":[{"href":"https:\/\/www.ecinews.fr\/fr\/wp-json\/wp\/v2\/posts\/412843"}],"collection":[{"href":"https:\/\/www.ecinews.fr\/fr\/wp-json\/wp\/v2\/posts"}],"about":[{"href":"https:\/\/www.ecinews.fr\/fr\/wp-json\/wp\/v2\/types\/post"}],"author":[{"embeddable":true,"href":"https:\/\/www.ecinews.fr\/fr\/wp-json\/wp\/v2\/users\/6"}],"replies":[{"embeddable":true,"href":"https:\/\/www.ecinews.fr\/fr\/wp-json\/wp\/v2\/comments?post=412843"}],"version-history":[{"count":0,"href":"https:\/\/www.ecinews.fr\/fr\/wp-json\/wp\/v2\/posts\/412843\/revisions"}],"wp:featuredmedia":[{"embeddable":true,"href":"https:\/\/www.ecinews.fr\/fr\/wp-json\/wp\/v2\/media\/412834"}],"wp:attachment":[{"href":"https:\/\/www.ecinews.fr\/fr\/wp-json\/wp\/v2\/media?parent=412843"}],"wp:term":[{"taxonomy":"category","embeddable":true,"href":"https:\/\/www.ecinews.fr\/fr\/wp-json\/wp\/v2\/categories?post=412843"},{"taxonomy":"post_tag","embeddable":true,"href":"https:\/\/www.ecinews.fr\/fr\/wp-json\/wp\/v2\/tags?post=412843"},{"taxonomy":"domains","embeddable":true,"href":"https:\/\/www.ecinews.fr\/fr\/wp-json\/wp\/v2\/domains?post=412843"},{"taxonomy":"author","embeddable":true,"href":"https:\/\/www.ecinews.fr\/fr\/wp-json\/wp\/v2\/ppma_author?post=412843"}],"curies":[{"name":"wp","href":"https:\/\/api.w.org\/{rel}","templated":true}]}}