{"id":412757,"date":"2023-02-02T19:06:28","date_gmt":"2023-02-02T18:06:28","guid":{"rendered":"https:\/\/www.eenewseurope.com\/?p=412757"},"modified":"2023-02-02T21:08:51","modified_gmt":"2023-02-02T20:08:51","slug":"infineon-en-forte-croissance-confirme-ses-previsions-pour-2023","status":"publish","type":"post","link":"https:\/\/www.ecinews.fr\/fr\/infineon-en-forte-croissance-confirme-ses-previsions-pour-2023\/","title":{"rendered":"Infineon en forte croissance confirme ses pr\u00e9visions pour 2023"},"content":{"rendered":"<h2 style=\"font-weight: 400;\"><span class=\"HwtZe\" lang=\"fr\"><span class=\"jCAhz ChMk0b\"><span class=\"ryNqvb\">Avec un chiffre d&rsquo;affaires de 3,95 milliards d&rsquo;euros au premier trimestre de l&rsquo;exercice 2023, le fabricant de semiconducteurs Infineon bas\u00e9 \u00e0 Munich a enregistr\u00e9 une croissance de 25 % par rapport au m\u00eame trimestre de l&rsquo;ann\u00e9e derni\u00e8re.<\/span><\/span>\u00a0<\/span><\/h2>\n<p><span class=\"HwtZe\" lang=\"fr\"><span class=\"jCAhz ChMk0b\"><span class=\"ryNqvb\">Le r\u00e9sultat apr\u00e8s imp\u00f4t progresse encore plus fortement, progressant de pr\u00e8s de 60 % \u00e0 728 millions d&rsquo;euros.<\/span><\/span> <span class=\"jCAhz ChMk0b\"><span class=\"ryNqvb\">Le PDG Jochen Hanebeck \u00e9tait plus que satisfait.<\/span><\/span> <span class=\"jCAhz ChMk0b\"><span class=\"ryNqvb\">\u00ab Dans un environnement \u00e9conomique global plus faible, les \u00e9l\u00e9ments cl\u00e9s de notre activit\u00e9 s&rsquo;av\u00e8rent robustes. En particulier, la transition \u00e9nerg\u00e9tique et l&rsquo;expansion de l&rsquo;\u00e9lectromobilit\u00e9 garantissent une demande \u00e9lev\u00e9e et continue pour nos solutions pour les applications industrielles et automobiles.<\/span><\/span> <span class=\"jCAhz ChMk0b\"><span class=\"ryNqvb\">La rentabilit\u00e9 s&rsquo;est \u00e9galement am\u00e9lior\u00e9e &#8211; la marge brute est pass\u00e9e de 43,9 % \u00e0 49,2 %.<\/span><\/span><\/span><\/p>\n<p style=\"font-weight: 400;\"><span class=\"HwtZe\" lang=\"fr\"><span class=\"jCAhz ChMk0b\"><span class=\"ryNqvb\">La soci\u00e9t\u00e9 a connu un d\u00e9veloppement l\u00e9g\u00e8rement plus faible dans les produits pour les applications telles que les smartphones, les PC et les centres de donn\u00e9es.<\/span><\/span> <span class=\"jCAhz ChMk0b\"><span class=\"ryNqvb\">Pour ces groupes d&rsquo;applications, Infineon produit principalement des puces de r\u00e9gulation de tension et de puissance (PMIC).<\/span><\/span> <span class=\"jCAhz ChMk0b\"><span class=\"ryNqvb\">L&rsquo;activit\u00e9 avec les produits pour l&rsquo;industrie automobile a augment\u00e9 de 35 % et celle pour les solutions de contr\u00f4le de puissance industrielle de 31 %.<\/span><\/span> <\/span><\/p>\n<p style=\"font-weight: 400;\"><span class=\"HwtZe\" lang=\"fr\"><span class=\"jCAhz ChMk0b\"><span class=\"ryNqvb\">Dans un contexte de taux de change toujours d\u00e9favorable, Hanebeck a laiss\u00e9 ses pr\u00e9visions de chiffre d&rsquo;affaires pour l&rsquo;ensemble de l&rsquo;exercice 2023 \u00e0 15,5 milliards d&rsquo;euros malgr\u00e9 les bons chiffres.<\/span><\/span> <span class=\"jCAhz ChMk0b\"><span class=\"ryNqvb\">Les investissements pr\u00e9vus restent \u00e9galement \u00e0 3 milliards d&rsquo;euros.<\/span><\/span><\/span><\/p>\n<p style=\"font-weight: 400;\"><a title=\"Infineon pr\u00eat \u00e0 d\u00e9penser quelques milliards pour des acquisitions\" href=\"https:\/\/www.ecinews.fr\/fr\/infineon-pret-a-depenser-quelques-milliards-pour-des-acquisitions-selon-son-ceo\/\" target=\"_blank\" rel=\"noopener\">Infineon pr\u00eat \u00e0 d\u00e9penser quelques milliards pour des acquisitions<\/a><\/p>\n<p style=\"font-weight: 400;\"><a href=\"http:\/\/www.infineon.com\/\">www.infineon.com<\/a><\/p>\n<p style=\"font-weight: 400;\">Related articles:<\/p>\n<p style=\"font-weight: 400;\"><a href=\"https:\/\/www.eenewseurope.com\/en\/worlds-chip-market-plunge-accelerated-in-november\/\">World\u2019s chip market lunge accelerated in November<\/a><\/p>\n<p style=\"font-weight: 400;\"><a href=\"https:\/\/www.eenewseurope.com\/en\/chip-market-crash-will-highlight-need-for-change\/\">Chip market crash will highlight need for change<\/a><\/p>\n<p style=\"font-weight: 400;\"><a href=\"https:\/\/www.eenewseurope.com\/en\/st-sees-slower-growth-for-2023-maintains-capital-expenditure\/\">ST sees slower growth for 2023, maintains capital expenditure<\/a><\/p>\n<p style=\"font-weight: 400;\">\u00a0<\/p>\n","protected":false},"excerpt":{"rendered":"<p>Avec un CA au T1 2023 de 3,95 milliards d&rsquo;euros le fabricant a enregistr\u00e9 une croissance de 25 % par rapport au T1 de l&rsquo;ann\u00e9e derni\u00e8re.\u00a0<\/p>\n","protected":false},"author":34,"featured_media":391609,"comment_status":"closed","ping_status":"closed","sticky":true,"template":"","format":"standard","meta":{"_acf_changed":false,"footnotes":""},"categories":[880],"tags":[1640,1558,2741],"domains":[47],"ppma_author":[1153,1140],"class_list":["post-412757","post","type-post","status-publish","format-standard","has-post-thumbnail","hentry","category-actualites-economiques","tag-automobile","tag-semiconducteurs","tag-ve","domains-electronique-eci"],"acf":[],"yoast_head":"<title>Infineon en forte croissance confirme ses pr\u00e9visions pour 2023 ...<\/title>\n<meta name=\"description\" content=\"Avec un CA au T1 2023 de 3,95 milliards d&#039;euros le fabricant a enregistr\u00e9 une croissance de 25 % par rapport au T1 de l&#039;ann\u00e9e derni\u00e8re.\u00a0\" \/>\n<meta name=\"robots\" content=\"index, follow, max-snippet:-1, max-image-preview:large, max-video-preview:-1\" \/>\n<link rel=\"canonical\" href=\"https:\/\/www.ecinews.fr\/fr\/wp-json\/wp\/v2\/posts\/412757\/\" \/>\n<meta property=\"og:locale\" content=\"fr_FR\" \/>\n<meta property=\"og:type\" content=\"article\" \/>\n<meta property=\"og:title\" content=\"Infineon en forte croissance confirme ses pr\u00e9visions pour 2023\" \/>\n<meta property=\"og:description\" content=\"Avec un CA au T1 2023 de 3,95 milliards d&#039;euros le fabricant a enregistr\u00e9 une croissance de 25 % par rapport au T1 de l&#039;ann\u00e9e derni\u00e8re.\u00a0\" \/>\n<meta property=\"og:url\" content=\"https:\/\/www.ecinews.fr\/fr\/wp-json\/wp\/v2\/posts\/412757\/\" \/>\n<meta property=\"og:site_name\" content=\"EENewsEurope\" \/>\n<meta property=\"article:published_time\" content=\"2023-02-02T18:06:28+00:00\" \/>\n<meta property=\"article:modified_time\" content=\"2023-02-02T20:08:51+00:00\" \/>\n<meta property=\"og:image\" content=\"https:\/\/www.eenewseurope.com\/wp-content\/uploads\/2022\/08\/Infineon-Logo.jpg\" \/>\n\t<meta property=\"og:image:width\" content=\"680\" \/>\n\t<meta property=\"og:image:height\" content=\"338\" \/>\n\t<meta property=\"og:image:type\" content=\"image\/jpeg\" \/>\n<meta name=\"author\" content=\"A Delapalisse, Christoph Hammerschmidt\" \/>\n<meta name=\"twitter:card\" content=\"summary_large_image\" \/>\n<meta name=\"twitter:label1\" content=\"Written by\" \/>\n\t<meta name=\"twitter:data1\" content=\"A Delapalisse\" \/>\n\t<meta name=\"twitter:label2\" content=\"Est. reading time\" \/>\n\t<meta name=\"twitter:data2\" content=\"2 minutes\" \/>\n<script type=\"application\/ld+json\" class=\"yoast-schema-graph\">{\"@context\":\"https:\/\/schema.org\",\"@graph\":[{\"@type\":\"Article\",\"@id\":\"https:\/\/www.eenewseurope.com\/fr\/infineon-en-forte-croissance-confirme-ses-previsions-pour-2023\/#article\",\"isPartOf\":{\"@id\":\"https:\/\/www.eenewseurope.com\/fr\/infineon-en-forte-croissance-confirme-ses-previsions-pour-2023\/\"},\"author\":{\"name\":\"A Delapalisse\",\"@id\":\"https:\/\/www.ecinews.fr\/fr\/#\/schema\/person\/0aa2cfb0bd8949724a68cbac8d8321b4\"},\"headline\":\"Infineon en forte croissance confirme ses pr\u00e9visions pour 2023\",\"datePublished\":\"2023-02-02T18:06:28+00:00\",\"dateModified\":\"2023-02-02T20:08:51+00:00\",\"mainEntityOfPage\":{\"@id\":\"https:\/\/www.eenewseurope.com\/fr\/infineon-en-forte-croissance-confirme-ses-previsions-pour-2023\/\"},\"wordCount\":293,\"publisher\":{\"@id\":\"https:\/\/www.ecinews.fr\/fr\/#organization\"},\"keywords\":[\"Automobile\",\"Semiconducteurs\",\"VE\"],\"articleSection\":[\"Actualit\u00e9s \u00e9conomiques\"],\"inLanguage\":\"fr-FR\"},{\"@type\":\"WebPage\",\"@id\":\"https:\/\/www.eenewseurope.com\/fr\/infineon-en-forte-croissance-confirme-ses-previsions-pour-2023\/\",\"url\":\"https:\/\/www.eenewseurope.com\/fr\/infineon-en-forte-croissance-confirme-ses-previsions-pour-2023\/\",\"name\":\"Infineon en forte croissance confirme ses pr\u00e9visions pour 2023 -\",\"isPartOf\":{\"@id\":\"https:\/\/www.ecinews.fr\/fr\/#website\"},\"datePublished\":\"2023-02-02T18:06:28+00:00\",\"dateModified\":\"2023-02-02T20:08:51+00:00\",\"description\":\"Avec un CA au T1 2023 de 3,95 milliards d'euros le fabricant a enregistr\u00e9 une croissance de 25 % par rapport au T1 de l'ann\u00e9e derni\u00e8re.\u00a0\",\"breadcrumb\":{\"@id\":\"https:\/\/www.eenewseurope.com\/fr\/infineon-en-forte-croissance-confirme-ses-previsions-pour-2023\/#breadcrumb\"},\"inLanguage\":\"fr-FR\",\"potentialAction\":[{\"@type\":\"ReadAction\",\"target\":[\"https:\/\/www.eenewseurope.com\/fr\/infineon-en-forte-croissance-confirme-ses-previsions-pour-2023\/\"]}]},{\"@type\":\"BreadcrumbList\",\"@id\":\"https:\/\/www.eenewseurope.com\/fr\/infineon-en-forte-croissance-confirme-ses-previsions-pour-2023\/#breadcrumb\",\"itemListElement\":[{\"@type\":\"ListItem\",\"position\":1,\"name\":\"Home\",\"item\":\"https:\/\/www.ecinews.fr\/fr\/\"},{\"@type\":\"ListItem\",\"position\":2,\"name\":\"Infineon en forte croissance confirme ses pr\u00e9visions pour 2023\"}]},{\"@type\":\"WebSite\",\"@id\":\"https:\/\/www.ecinews.fr\/fr\/#website\",\"url\":\"https:\/\/www.ecinews.fr\/fr\/\",\"name\":\"EENewsEurope\",\"description\":\"Just another WordPress site\",\"publisher\":{\"@id\":\"https:\/\/www.ecinews.fr\/fr\/#organization\"},\"potentialAction\":[{\"@type\":\"SearchAction\",\"target\":{\"@type\":\"EntryPoint\",\"urlTemplate\":\"https:\/\/www.ecinews.fr\/fr\/?s={search_term_string}\"},\"query-input\":\"required name=search_term_string\"}],\"inLanguage\":\"fr-FR\"},{\"@type\":\"Organization\",\"@id\":\"https:\/\/www.ecinews.fr\/fr\/#organization\",\"name\":\"EENewsEurope\",\"url\":\"https:\/\/www.ecinews.fr\/fr\/\",\"logo\":{\"@type\":\"ImageObject\",\"inLanguage\":\"fr-FR\",\"@id\":\"https:\/\/www.ecinews.fr\/fr\/#\/schema\/logo\/image\/\",\"url\":\"https:\/\/www.ecinews.fr\/wp-content\/uploads\/2022\/02\/logo-1.jpg\",\"contentUrl\":\"https:\/\/www.ecinews.fr\/wp-content\/uploads\/2022\/02\/logo-1.jpg\",\"width\":283,\"height\":113,\"caption\":\"EENewsEurope\"},\"image\":{\"@id\":\"https:\/\/www.ecinews.fr\/fr\/#\/schema\/logo\/image\/\"}},{\"@type\":\"Person\",\"@id\":\"https:\/\/www.ecinews.fr\/fr\/#\/schema\/person\/0aa2cfb0bd8949724a68cbac8d8321b4\",\"name\":\"A Delapalisse\",\"image\":{\"@type\":\"ImageObject\",\"inLanguage\":\"fr-FR\",\"@id\":\"https:\/\/www.ecinews.fr\/fr\/#\/schema\/person\/image\/211ac42237c2e9683c0964086c393cb4\",\"url\":\"https:\/\/secure.gravatar.com\/avatar\/ad45a8c5da24bc9c7c4940dd1c48a695?s=96&d=mm&r=g\",\"contentUrl\":\"https:\/\/secure.gravatar.com\/avatar\/ad45a8c5da24bc9c7c4940dd1c48a695?s=96&d=mm&r=g\",\"caption\":\"A Delapalisse\"},\"sameAs\":[\"http:\/\/ECI\"]}]}<\/script>","yoast_head_json":{"title":"Infineon en forte croissance confirme ses pr\u00e9visions pour 2023 ...","description":"Avec un CA au T1 2023 de 3,95 milliards d'euros le fabricant a enregistr\u00e9 une croissance de 25 % par rapport au T1 de l'ann\u00e9e derni\u00e8re.\u00a0","robots":{"index":"index","follow":"follow","max-snippet":"max-snippet:-1","max-image-preview":"max-image-preview:large","max-video-preview":"max-video-preview:-1"},"canonical":"https:\/\/www.ecinews.fr\/fr\/wp-json\/wp\/v2\/posts\/412757\/","og_locale":"fr_FR","og_type":"article","og_title":"Infineon en forte croissance confirme ses pr\u00e9visions pour 2023","og_description":"Avec un CA au T1 2023 de 3,95 milliards d'euros le fabricant a enregistr\u00e9 une croissance de 25 % par rapport au T1 de l'ann\u00e9e derni\u00e8re.\u00a0","og_url":"https:\/\/www.ecinews.fr\/fr\/wp-json\/wp\/v2\/posts\/412757\/","og_site_name":"EENewsEurope","article_published_time":"2023-02-02T18:06:28+00:00","article_modified_time":"2023-02-02T20:08:51+00:00","og_image":[{"width":680,"height":338,"url":"https:\/\/www.eenewseurope.com\/wp-content\/uploads\/2022\/08\/Infineon-Logo.jpg","type":"image\/jpeg"}],"author":"A Delapalisse, Christoph Hammerschmidt","twitter_card":"summary_large_image","twitter_misc":{"Written by":"A Delapalisse","Est. reading time":"2 minutes"},"schema":{"@context":"https:\/\/schema.org","@graph":[{"@type":"Article","@id":"https:\/\/www.eenewseurope.com\/fr\/infineon-en-forte-croissance-confirme-ses-previsions-pour-2023\/#article","isPartOf":{"@id":"https:\/\/www.eenewseurope.com\/fr\/infineon-en-forte-croissance-confirme-ses-previsions-pour-2023\/"},"author":{"name":"A Delapalisse","@id":"https:\/\/www.ecinews.fr\/fr\/#\/schema\/person\/0aa2cfb0bd8949724a68cbac8d8321b4"},"headline":"Infineon en forte croissance confirme ses pr\u00e9visions pour 2023","datePublished":"2023-02-02T18:06:28+00:00","dateModified":"2023-02-02T20:08:51+00:00","mainEntityOfPage":{"@id":"https:\/\/www.eenewseurope.com\/fr\/infineon-en-forte-croissance-confirme-ses-previsions-pour-2023\/"},"wordCount":293,"publisher":{"@id":"https:\/\/www.ecinews.fr\/fr\/#organization"},"keywords":["Automobile","Semiconducteurs","VE"],"articleSection":["Actualit\u00e9s \u00e9conomiques"],"inLanguage":"fr-FR"},{"@type":"WebPage","@id":"https:\/\/www.eenewseurope.com\/fr\/infineon-en-forte-croissance-confirme-ses-previsions-pour-2023\/","url":"https:\/\/www.eenewseurope.com\/fr\/infineon-en-forte-croissance-confirme-ses-previsions-pour-2023\/","name":"Infineon en forte croissance confirme ses pr\u00e9visions pour 2023 -","isPartOf":{"@id":"https:\/\/www.ecinews.fr\/fr\/#website"},"datePublished":"2023-02-02T18:06:28+00:00","dateModified":"2023-02-02T20:08:51+00:00","description":"Avec un CA au T1 2023 de 3,95 milliards d'euros le fabricant a enregistr\u00e9 une croissance de 25 % par rapport au T1 de l'ann\u00e9e derni\u00e8re.\u00a0","breadcrumb":{"@id":"https:\/\/www.eenewseurope.com\/fr\/infineon-en-forte-croissance-confirme-ses-previsions-pour-2023\/#breadcrumb"},"inLanguage":"fr-FR","potentialAction":[{"@type":"ReadAction","target":["https:\/\/www.eenewseurope.com\/fr\/infineon-en-forte-croissance-confirme-ses-previsions-pour-2023\/"]}]},{"@type":"BreadcrumbList","@id":"https:\/\/www.eenewseurope.com\/fr\/infineon-en-forte-croissance-confirme-ses-previsions-pour-2023\/#breadcrumb","itemListElement":[{"@type":"ListItem","position":1,"name":"Home","item":"https:\/\/www.ecinews.fr\/fr\/"},{"@type":"ListItem","position":2,"name":"Infineon en forte croissance confirme ses pr\u00e9visions pour 2023"}]},{"@type":"WebSite","@id":"https:\/\/www.ecinews.fr\/fr\/#website","url":"https:\/\/www.ecinews.fr\/fr\/","name":"EENewsEurope","description":"Just another WordPress site","publisher":{"@id":"https:\/\/www.ecinews.fr\/fr\/#organization"},"potentialAction":[{"@type":"SearchAction","target":{"@type":"EntryPoint","urlTemplate":"https:\/\/www.ecinews.fr\/fr\/?s={search_term_string}"},"query-input":"required name=search_term_string"}],"inLanguage":"fr-FR"},{"@type":"Organization","@id":"https:\/\/www.ecinews.fr\/fr\/#organization","name":"EENewsEurope","url":"https:\/\/www.ecinews.fr\/fr\/","logo":{"@type":"ImageObject","inLanguage":"fr-FR","@id":"https:\/\/www.ecinews.fr\/fr\/#\/schema\/logo\/image\/","url":"https:\/\/www.ecinews.fr\/wp-content\/uploads\/2022\/02\/logo-1.jpg","contentUrl":"https:\/\/www.ecinews.fr\/wp-content\/uploads\/2022\/02\/logo-1.jpg","width":283,"height":113,"caption":"EENewsEurope"},"image":{"@id":"https:\/\/www.ecinews.fr\/fr\/#\/schema\/logo\/image\/"}},{"@type":"Person","@id":"https:\/\/www.ecinews.fr\/fr\/#\/schema\/person\/0aa2cfb0bd8949724a68cbac8d8321b4","name":"A Delapalisse","image":{"@type":"ImageObject","inLanguage":"fr-FR","@id":"https:\/\/www.ecinews.fr\/fr\/#\/schema\/person\/image\/211ac42237c2e9683c0964086c393cb4","url":"https:\/\/secure.gravatar.com\/avatar\/ad45a8c5da24bc9c7c4940dd1c48a695?s=96&d=mm&r=g","contentUrl":"https:\/\/secure.gravatar.com\/avatar\/ad45a8c5da24bc9c7c4940dd1c48a695?s=96&d=mm&r=g","caption":"A Delapalisse"},"sameAs":["http:\/\/ECI"]}]}},"authors":[{"term_id":1153,"user_id":34,"is_guest":0,"slug":"adelapalisse","display_name":"A Delapalisse","avatar_url":"https:\/\/secure.gravatar.com\/avatar\/ad45a8c5da24bc9c7c4940dd1c48a695?s=96&d=mm&r=g","0":null,"1":"","2":"","3":"","4":"","5":"","6":"","7":"","8":""},{"term_id":1140,"user_id":8,"is_guest":0,"slug":"hammerschmidt","display_name":"Christoph Hammerschmidt","avatar_url":"https:\/\/secure.gravatar.com\/avatar\/337b53425fed9c87699427f8740f52ce?s=96&d=mm&r=g","0":null,"1":"","2":"","3":"","4":"","5":"","6":"","7":"","8":""}],"_links":{"self":[{"href":"https:\/\/www.ecinews.fr\/fr\/wp-json\/wp\/v2\/posts\/412757"}],"collection":[{"href":"https:\/\/www.ecinews.fr\/fr\/wp-json\/wp\/v2\/posts"}],"about":[{"href":"https:\/\/www.ecinews.fr\/fr\/wp-json\/wp\/v2\/types\/post"}],"author":[{"embeddable":true,"href":"https:\/\/www.ecinews.fr\/fr\/wp-json\/wp\/v2\/users\/34"}],"replies":[{"embeddable":true,"href":"https:\/\/www.ecinews.fr\/fr\/wp-json\/wp\/v2\/comments?post=412757"}],"version-history":[{"count":0,"href":"https:\/\/www.ecinews.fr\/fr\/wp-json\/wp\/v2\/posts\/412757\/revisions"}],"wp:featuredmedia":[{"embeddable":true,"href":"https:\/\/www.ecinews.fr\/fr\/wp-json\/wp\/v2\/media\/391609"}],"wp:attachment":[{"href":"https:\/\/www.ecinews.fr\/fr\/wp-json\/wp\/v2\/media?parent=412757"}],"wp:term":[{"taxonomy":"category","embeddable":true,"href":"https:\/\/www.ecinews.fr\/fr\/wp-json\/wp\/v2\/categories?post=412757"},{"taxonomy":"post_tag","embeddable":true,"href":"https:\/\/www.ecinews.fr\/fr\/wp-json\/wp\/v2\/tags?post=412757"},{"taxonomy":"domains","embeddable":true,"href":"https:\/\/www.ecinews.fr\/fr\/wp-json\/wp\/v2\/domains?post=412757"},{"taxonomy":"author","embeddable":true,"href":"https:\/\/www.ecinews.fr\/fr\/wp-json\/wp\/v2\/ppma_author?post=412757"}],"curies":[{"name":"wp","href":"https:\/\/api.w.org\/{rel}","templated":true}]}}