{"id":412384,"date":"2023-01-31T17:19:53","date_gmt":"2023-01-31T16:19:53","guid":{"rendered":"https:\/\/www.eenewseurope.com\/?p=412384"},"modified":"2023-01-31T22:10:01","modified_gmt":"2023-01-31T21:10:01","slug":"intel-elimine-son-programme-de-kit-de-developpement-risc-v-pathfinder","status":"publish","type":"post","link":"https:\/\/www.ecinews.fr\/fr\/intel-elimine-son-programme-de-kit-de-developpement-risc-v-pathfinder\/","title":{"rendered":"Intel arr\u00eate son programme de kit de d\u00e9veloppement RISC-V Pathfinder"},"content":{"rendered":"<p><span class=\"HwtZe\" lang=\"fr\"><span class=\"jCAhz ChMk0b\"><span class=\"ryNqvb\">Intel a d\u00e9cid\u00e9 d&rsquo;arr\u00eater son programme Pathfinder lanc\u00e9 r\u00e9cemment et qui rassemblait un large \u00e9ventail de technologies RISC-V.<\/span><\/span> <\/span><\/p>\n<p><span class=\"HwtZe\" lang=\"fr\"><span class=\"jCAhz ChMk0b\"><span class=\"ryNqvb\">Le <a title=\"programme Pathfinder\" href=\"https:\/\/www.eenewseurope.com\/en\/?s=pathfinder\" target=\"_blank\" rel=\"noopener\">programme Pathfinder<\/a> comprennait des cartes FPGA et des IP d\u00e9velopp\u00e9s en Europe ainsi qu&rsquo;une gamme d&rsquo;outils de v\u00e9rification et de d\u00e9veloppement.<\/span><\/span><\/span><\/p>\n<ul>\n<li>\n<p class=\"title\"><a title=\"Kit de d\u00e9veloppement RISC-V Pathfinder en t\u00e9l\u00e9chargement gratuit\" href=\"https:\/\/www.ecinews.fr\/fr\/kit-de-developpement-risc-v-pathfinder-en-telechargement-gratuit\/\" target=\"_blank\" rel=\"noopener\">Kit de d\u00e9veloppement RISC-V Pathfinder en t\u00e9l\u00e9chargement gratuit<\/a><\/p>\n<\/li>\n<li><a href=\"https:\/\/www.eenewseurope.com\/en\/imperas-partners-with-intel-on-risc-v\/\">Imperas partners with Intel on RISC-V<\/a><\/li>\n<\/ul>\n<p><span class=\"HwtZe\" lang=\"fr\"><span class=\"jCAhz ChMk0b\"><span class=\"ryNqvb\">\u00ab\u00a0Nous avons le regret de vous informer qu&rsquo;Intel arr\u00eate le programme Intel Pathfinder pour RISC-V avec effet imm\u00e9diat\u00a0\u00bb, a d\u00e9clar\u00e9 la soci\u00e9t\u00e9.<\/span><\/span> <span class=\"jCAhz ChMk0b\"><span class=\"ryNqvb\">\u00ab\u00a0\u00c9tant donn\u00e9 qu&rsquo;Intel ne fournira pas de versions suppl\u00e9mentaires ni de correctifs de bogues, nous vous encourageons \u00e0 passer rapidement \u00e0 des outils logiciels RISC-V tiers qui r\u00e9pondent le mieux aux besoins de vos d\u00e9veloppements.\u00a0\u00bb<\/span><\/span> <\/span><\/p>\n<ul>\n<li class=\"title\"><a title=\"Bloc IP pour l\u2019environnement de d\u00e9veloppement int\u00e9gr\u00e9 Intel Pathfinder for RISC-V\" href=\"https:\/\/www.ecinews.fr\/fr\/bloc-ip-pour-lenvironnement-de-developpement-integre-intel-pathfinder-for-risc-v\/\" target=\"_blank\" rel=\"noopener\">Bloc IP pour l\u2019environnement de d\u00e9veloppement int\u00e9gr\u00e9 Intel Pathfinder for RISC-V<\/a><\/li>\n<\/ul>\n<p><span class=\"HwtZe\" lang=\"fr\"><span class=\"jCAhz ChMk0b\"><span class=\"ryNqvb\">Cette d\u00e9cision intervient alors qu&rsquo;Intel a annonc\u00e9 un chiffre d&rsquo;affaires annuel de 63,1 milliards de dollars, en baisse de 20% par rapport \u00e0 l&rsquo;ann\u00e9e pr\u00e9c\u00e9dente, avec un b\u00e9n\u00e9fice de \u00ab\u00a0seulement\u00a0\u00bb 8 milliards de dollars, en baisse de 60%.<\/span><\/span> <span class=\"jCAhz ChMk0b\"><span class=\"ryNqvb\">La soci\u00e9t\u00e9 avait annonc\u00e9 des r\u00e9ductions de d\u00e9penses de 3 milliards de dollars pour 2023, et a \u00e9galement annoc\u00e9 la semaine derni\u00e8re des licenciements de 544 employ\u00e9s en Californie, et d&rsquo;autres licenciements suppl\u00e9mentaires sont attendus.<\/span><\/span><\/span><\/p>\n<p><span class=\"HwtZe\" lang=\"fr\"><span class=\"jCAhz ChMk0b\"><span class=\"ryNqvb\">\u00ab\u00a0En 2023, nous continuerons \u00e0 relever les d\u00e9fis \u00e0 court terme tout en nous effor\u00e7ant de respecter nos engagements \u00e0 long terme, notamment en fournissant des produits de pointe ancr\u00e9s sur des plateformes ouvertes et s\u00e9curis\u00e9es, aliment\u00e9s par une fabrication \u00e0 grande \u00e9chelle et suraliment\u00e9s par notre incroyable \u00e9quipe\u00a0\u00bb, a d\u00e9clar\u00e9<\/span><\/span> <span class=\"jCAhz ChMk0b\"><span class=\"ryNqvb\">Pat Gelsinger, PDG d&rsquo;Intel.<\/span><\/span> <span class=\"jCAhz ChMk0b\"><span class=\"ryNqvb\">\u00ab <\/span><\/span><\/span><\/p>\n<p><span class=\"HwtZe\" lang=\"fr\"><span class=\"jCAhz ChMk0b\"><span class=\"ryNqvb\">Au quatri\u00e8me trimestre, nous avons pris des mesures pour redimensionner l&rsquo;organisation et rationaliser nos investissements, en donnant la priorit\u00e9 aux domaines dans lesquels nous pouvons offrir la plus grande valeur ajout\u00e9e \u00e0 long terme \u00bb, a d\u00e9clar\u00e9 David Zinsner, directeur financier d&rsquo;Intel.<\/span><\/span> <span class=\"jCAhz ChMk0b\"><span class=\"ryNqvb\">\u00ab\u00a0Ces actions sous-tendent nos objectifs de r\u00e9duction des co\u00fbts de 3 milliards de dollars en 2023 et pr\u00e9parent le terrain pour atteindre 8 \u00e0 10 milliards de dollars d&rsquo;ici la fin de 2025.\u00a0\u00bb<\/span><\/span><\/span><\/p>\n<p>\u201cIn 2023, we will continue to navigate the short-term challenges while striving to meet our long-term commitments, including delivering leadership products anchored on open and secure platforms, powered by at-scale manufacturing and supercharged by our incredible team,\u201d said Pat Gelsinger, Intel CEO.\u00a0<\/p>\n<p><a href=\"http:\/\/www.intel.com\">www.intel.com<\/a><\/p>\n","protected":false},"excerpt":{"rendered":"<p>Intel \u00e9limine son programme de kit de d\u00e9veloppement RISC-V Pathfinder<\/p>\n","protected":false},"author":6,"featured_media":412149,"comment_status":"closed","ping_status":"closed","sticky":true,"template":"","format":"standard","meta":{"_acf_changed":false,"footnotes":""},"categories":[880],"tags":[2721,2720,3641,1674],"domains":[47],"ppma_author":[1138,1153],"class_list":["post-412384","post","type-post","status-publish","format-standard","has-post-thumbnail","hentry","category-actualites-economiques","tag-intel-fr","tag-kit-de-developpement","tag-risc-v-fr","tag-risc-v-2","domains-electronique-eci"],"acf":[],"yoast_head":"<title>Intel arr\u00eate son programme de kit de d\u00e9veloppement RISC-V Pat...<\/title>\n<meta name=\"description\" content=\"Intel \u00e9limine son programme de kit de d\u00e9veloppement RISC-V Pathfinder avec effet imm\u00e9diat et licencie 540 personnes.\" \/>\n<meta name=\"robots\" content=\"index, follow, max-snippet:-1, max-image-preview:large, max-video-preview:-1\" \/>\n<link rel=\"canonical\" href=\"https:\/\/www.ecinews.fr\/fr\/wp-json\/wp\/v2\/posts\/412384\/\" \/>\n<meta property=\"og:locale\" content=\"fr_FR\" \/>\n<meta property=\"og:type\" content=\"article\" \/>\n<meta property=\"og:title\" content=\"Intel arr\u00eate son programme de kit de d\u00e9veloppement RISC-V Pathfinder\" \/>\n<meta property=\"og:description\" content=\"Intel \u00e9limine son programme de kit de d\u00e9veloppement RISC-V Pathfinder avec effet imm\u00e9diat et licencie 540 personnes.\" \/>\n<meta property=\"og:url\" content=\"https:\/\/www.ecinews.fr\/fr\/wp-json\/wp\/v2\/posts\/412384\/\" \/>\n<meta property=\"og:site_name\" content=\"EENewsEurope\" \/>\n<meta property=\"article:published_time\" content=\"2023-01-31T16:19:53+00:00\" \/>\n<meta property=\"article:modified_time\" content=\"2023-01-31T21:10:01+00:00\" \/>\n<meta property=\"og:image\" content=\"https:\/\/cdn.eenewseurope.com\/wp-content\/uploads\/2023\/01\/Intel-stratix10devboard.jpg\" \/>\n\t<meta property=\"og:image:width\" content=\"600\" \/>\n\t<meta property=\"og:image:height\" content=\"400\" \/>\n\t<meta property=\"og:image:type\" content=\"image\/jpeg\" \/>\n<meta name=\"author\" content=\"Nick Flaherty, A Delapalisse\" \/>\n<meta name=\"twitter:card\" content=\"summary_large_image\" \/>\n<meta name=\"twitter:label1\" content=\"Written by\" \/>\n\t<meta name=\"twitter:data1\" content=\"Nick Flaherty\" \/>\n\t<meta name=\"twitter:label2\" content=\"Est. reading time\" \/>\n\t<meta name=\"twitter:data2\" content=\"2 minutes\" \/>\n<script type=\"application\/ld+json\" class=\"yoast-schema-graph\">{\"@context\":\"https:\/\/schema.org\",\"@graph\":[{\"@type\":\"Article\",\"@id\":\"https:\/\/cdn.eenewseurope.com\/fr\/intel-elimine-son-programme-de-kit-de-developpement-risc-v-pathfinder\/#article\",\"isPartOf\":{\"@id\":\"https:\/\/cdn.eenewseurope.com\/fr\/intel-elimine-son-programme-de-kit-de-developpement-risc-v-pathfinder\/\"},\"author\":{\"name\":\"Nick Flaherty\",\"@id\":\"https:\/\/www.ecinews.fr\/fr\/#\/schema\/person\/e0ece0e066c16515540002c31cc7a3ff\"},\"headline\":\"Intel arr\u00eate son programme de kit de d\u00e9veloppement RISC-V Pathfinder\",\"datePublished\":\"2023-01-31T16:19:53+00:00\",\"dateModified\":\"2023-01-31T21:10:01+00:00\",\"mainEntityOfPage\":{\"@id\":\"https:\/\/cdn.eenewseurope.com\/fr\/intel-elimine-son-programme-de-kit-de-developpement-risc-v-pathfinder\/\"},\"wordCount\":417,\"publisher\":{\"@id\":\"https:\/\/www.ecinews.fr\/fr\/#organization\"},\"keywords\":[\"Intel\",\"Kit de D\u00e9veloppement\",\"RISC-V\",\"RISC-V\"],\"articleSection\":[\"Actualit\u00e9s \u00e9conomiques\"],\"inLanguage\":\"fr-FR\"},{\"@type\":\"WebPage\",\"@id\":\"https:\/\/cdn.eenewseurope.com\/fr\/intel-elimine-son-programme-de-kit-de-developpement-risc-v-pathfinder\/\",\"url\":\"https:\/\/cdn.eenewseurope.com\/fr\/intel-elimine-son-programme-de-kit-de-developpement-risc-v-pathfinder\/\",\"name\":\"Intel arr\u00eate son programme de kit de d\u00e9veloppement RISC-V Pathfinder -\",\"isPartOf\":{\"@id\":\"https:\/\/www.ecinews.fr\/fr\/#website\"},\"datePublished\":\"2023-01-31T16:19:53+00:00\",\"dateModified\":\"2023-01-31T21:10:01+00:00\",\"description\":\"Intel \u00e9limine son programme de kit de d\u00e9veloppement RISC-V Pathfinder avec effet imm\u00e9diat et licencie 540 personnes.\",\"breadcrumb\":{\"@id\":\"https:\/\/cdn.eenewseurope.com\/fr\/intel-elimine-son-programme-de-kit-de-developpement-risc-v-pathfinder\/#breadcrumb\"},\"inLanguage\":\"fr-FR\",\"potentialAction\":[{\"@type\":\"ReadAction\",\"target\":[\"https:\/\/cdn.eenewseurope.com\/fr\/intel-elimine-son-programme-de-kit-de-developpement-risc-v-pathfinder\/\"]}]},{\"@type\":\"BreadcrumbList\",\"@id\":\"https:\/\/cdn.eenewseurope.com\/fr\/intel-elimine-son-programme-de-kit-de-developpement-risc-v-pathfinder\/#breadcrumb\",\"itemListElement\":[{\"@type\":\"ListItem\",\"position\":1,\"name\":\"Home\",\"item\":\"https:\/\/www.ecinews.fr\/fr\/\"},{\"@type\":\"ListItem\",\"position\":2,\"name\":\"Intel arr\u00eate son programme de kit de d\u00e9veloppement RISC-V Pathfinder\"}]},{\"@type\":\"WebSite\",\"@id\":\"https:\/\/www.ecinews.fr\/fr\/#website\",\"url\":\"https:\/\/www.ecinews.fr\/fr\/\",\"name\":\"EENewsEurope\",\"description\":\"Just another WordPress site\",\"publisher\":{\"@id\":\"https:\/\/www.ecinews.fr\/fr\/#organization\"},\"potentialAction\":[{\"@type\":\"SearchAction\",\"target\":{\"@type\":\"EntryPoint\",\"urlTemplate\":\"https:\/\/www.ecinews.fr\/fr\/?s={search_term_string}\"},\"query-input\":\"required name=search_term_string\"}],\"inLanguage\":\"fr-FR\"},{\"@type\":\"Organization\",\"@id\":\"https:\/\/www.ecinews.fr\/fr\/#organization\",\"name\":\"EENewsEurope\",\"url\":\"https:\/\/www.ecinews.fr\/fr\/\",\"logo\":{\"@type\":\"ImageObject\",\"inLanguage\":\"fr-FR\",\"@id\":\"https:\/\/www.ecinews.fr\/fr\/#\/schema\/logo\/image\/\",\"url\":\"https:\/\/www.ecinews.fr\/wp-content\/uploads\/2022\/02\/logo-1.jpg\",\"contentUrl\":\"https:\/\/www.ecinews.fr\/wp-content\/uploads\/2022\/02\/logo-1.jpg\",\"width\":283,\"height\":113,\"caption\":\"EENewsEurope\"},\"image\":{\"@id\":\"https:\/\/www.ecinews.fr\/fr\/#\/schema\/logo\/image\/\"}},{\"@type\":\"Person\",\"@id\":\"https:\/\/www.ecinews.fr\/fr\/#\/schema\/person\/e0ece0e066c16515540002c31cc7a3ff\",\"name\":\"Nick Flaherty\",\"image\":{\"@type\":\"ImageObject\",\"inLanguage\":\"fr-FR\",\"@id\":\"https:\/\/www.ecinews.fr\/fr\/#\/schema\/person\/image\/48b22ad20cb8c78130781b5e1f225c7b\",\"url\":\"https:\/\/secure.gravatar.com\/avatar\/49bd04ef46c3ee89575adaf950e76b64?s=96&d=mm&r=g\",\"contentUrl\":\"https:\/\/secure.gravatar.com\/avatar\/49bd04ef46c3ee89575adaf950e76b64?s=96&d=mm&r=g\",\"caption\":\"Nick Flaherty\"}}]}<\/script>","yoast_head_json":{"title":"Intel arr\u00eate son programme de kit de d\u00e9veloppement RISC-V Pat...","description":"Intel \u00e9limine son programme de kit de d\u00e9veloppement RISC-V Pathfinder avec effet imm\u00e9diat et licencie 540 personnes.","robots":{"index":"index","follow":"follow","max-snippet":"max-snippet:-1","max-image-preview":"max-image-preview:large","max-video-preview":"max-video-preview:-1"},"canonical":"https:\/\/www.ecinews.fr\/fr\/wp-json\/wp\/v2\/posts\/412384\/","og_locale":"fr_FR","og_type":"article","og_title":"Intel arr\u00eate son programme de kit de d\u00e9veloppement RISC-V Pathfinder","og_description":"Intel \u00e9limine son programme de kit de d\u00e9veloppement RISC-V Pathfinder avec effet imm\u00e9diat et licencie 540 personnes.","og_url":"https:\/\/www.ecinews.fr\/fr\/wp-json\/wp\/v2\/posts\/412384\/","og_site_name":"EENewsEurope","article_published_time":"2023-01-31T16:19:53+00:00","article_modified_time":"2023-01-31T21:10:01+00:00","og_image":[{"width":600,"height":400,"url":"https:\/\/cdn.eenewseurope.com\/wp-content\/uploads\/2023\/01\/Intel-stratix10devboard.jpg","type":"image\/jpeg"}],"author":"Nick Flaherty, A Delapalisse","twitter_card":"summary_large_image","twitter_misc":{"Written by":"Nick Flaherty","Est. reading time":"2 minutes"},"schema":{"@context":"https:\/\/schema.org","@graph":[{"@type":"Article","@id":"https:\/\/cdn.eenewseurope.com\/fr\/intel-elimine-son-programme-de-kit-de-developpement-risc-v-pathfinder\/#article","isPartOf":{"@id":"https:\/\/cdn.eenewseurope.com\/fr\/intel-elimine-son-programme-de-kit-de-developpement-risc-v-pathfinder\/"},"author":{"name":"Nick Flaherty","@id":"https:\/\/www.ecinews.fr\/fr\/#\/schema\/person\/e0ece0e066c16515540002c31cc7a3ff"},"headline":"Intel arr\u00eate son programme de kit de d\u00e9veloppement RISC-V Pathfinder","datePublished":"2023-01-31T16:19:53+00:00","dateModified":"2023-01-31T21:10:01+00:00","mainEntityOfPage":{"@id":"https:\/\/cdn.eenewseurope.com\/fr\/intel-elimine-son-programme-de-kit-de-developpement-risc-v-pathfinder\/"},"wordCount":417,"publisher":{"@id":"https:\/\/www.ecinews.fr\/fr\/#organization"},"keywords":["Intel","Kit de D\u00e9veloppement","RISC-V","RISC-V"],"articleSection":["Actualit\u00e9s \u00e9conomiques"],"inLanguage":"fr-FR"},{"@type":"WebPage","@id":"https:\/\/cdn.eenewseurope.com\/fr\/intel-elimine-son-programme-de-kit-de-developpement-risc-v-pathfinder\/","url":"https:\/\/cdn.eenewseurope.com\/fr\/intel-elimine-son-programme-de-kit-de-developpement-risc-v-pathfinder\/","name":"Intel arr\u00eate son programme de kit de d\u00e9veloppement RISC-V Pathfinder -","isPartOf":{"@id":"https:\/\/www.ecinews.fr\/fr\/#website"},"datePublished":"2023-01-31T16:19:53+00:00","dateModified":"2023-01-31T21:10:01+00:00","description":"Intel \u00e9limine son programme de kit de d\u00e9veloppement RISC-V Pathfinder avec effet imm\u00e9diat et licencie 540 personnes.","breadcrumb":{"@id":"https:\/\/cdn.eenewseurope.com\/fr\/intel-elimine-son-programme-de-kit-de-developpement-risc-v-pathfinder\/#breadcrumb"},"inLanguage":"fr-FR","potentialAction":[{"@type":"ReadAction","target":["https:\/\/cdn.eenewseurope.com\/fr\/intel-elimine-son-programme-de-kit-de-developpement-risc-v-pathfinder\/"]}]},{"@type":"BreadcrumbList","@id":"https:\/\/cdn.eenewseurope.com\/fr\/intel-elimine-son-programme-de-kit-de-developpement-risc-v-pathfinder\/#breadcrumb","itemListElement":[{"@type":"ListItem","position":1,"name":"Home","item":"https:\/\/www.ecinews.fr\/fr\/"},{"@type":"ListItem","position":2,"name":"Intel arr\u00eate son programme de kit de d\u00e9veloppement RISC-V Pathfinder"}]},{"@type":"WebSite","@id":"https:\/\/www.ecinews.fr\/fr\/#website","url":"https:\/\/www.ecinews.fr\/fr\/","name":"EENewsEurope","description":"Just another WordPress site","publisher":{"@id":"https:\/\/www.ecinews.fr\/fr\/#organization"},"potentialAction":[{"@type":"SearchAction","target":{"@type":"EntryPoint","urlTemplate":"https:\/\/www.ecinews.fr\/fr\/?s={search_term_string}"},"query-input":"required name=search_term_string"}],"inLanguage":"fr-FR"},{"@type":"Organization","@id":"https:\/\/www.ecinews.fr\/fr\/#organization","name":"EENewsEurope","url":"https:\/\/www.ecinews.fr\/fr\/","logo":{"@type":"ImageObject","inLanguage":"fr-FR","@id":"https:\/\/www.ecinews.fr\/fr\/#\/schema\/logo\/image\/","url":"https:\/\/www.ecinews.fr\/wp-content\/uploads\/2022\/02\/logo-1.jpg","contentUrl":"https:\/\/www.ecinews.fr\/wp-content\/uploads\/2022\/02\/logo-1.jpg","width":283,"height":113,"caption":"EENewsEurope"},"image":{"@id":"https:\/\/www.ecinews.fr\/fr\/#\/schema\/logo\/image\/"}},{"@type":"Person","@id":"https:\/\/www.ecinews.fr\/fr\/#\/schema\/person\/e0ece0e066c16515540002c31cc7a3ff","name":"Nick Flaherty","image":{"@type":"ImageObject","inLanguage":"fr-FR","@id":"https:\/\/www.ecinews.fr\/fr\/#\/schema\/person\/image\/48b22ad20cb8c78130781b5e1f225c7b","url":"https:\/\/secure.gravatar.com\/avatar\/49bd04ef46c3ee89575adaf950e76b64?s=96&d=mm&r=g","contentUrl":"https:\/\/secure.gravatar.com\/avatar\/49bd04ef46c3ee89575adaf950e76b64?s=96&d=mm&r=g","caption":"Nick Flaherty"}}]}},"authors":[{"term_id":1138,"user_id":6,"is_guest":0,"slug":"flaherty","display_name":"Nick Flaherty","avatar_url":"https:\/\/secure.gravatar.com\/avatar\/49bd04ef46c3ee89575adaf950e76b64?s=96&d=mm&r=g","0":null,"1":"","2":"","3":"","4":"","5":"","6":"","7":"","8":""},{"term_id":1153,"user_id":34,"is_guest":0,"slug":"adelapalisse","display_name":"A Delapalisse","avatar_url":"https:\/\/secure.gravatar.com\/avatar\/ad45a8c5da24bc9c7c4940dd1c48a695?s=96&d=mm&r=g","0":null,"1":"","2":"","3":"","4":"","5":"","6":"","7":"","8":""}],"_links":{"self":[{"href":"https:\/\/www.ecinews.fr\/fr\/wp-json\/wp\/v2\/posts\/412384"}],"collection":[{"href":"https:\/\/www.ecinews.fr\/fr\/wp-json\/wp\/v2\/posts"}],"about":[{"href":"https:\/\/www.ecinews.fr\/fr\/wp-json\/wp\/v2\/types\/post"}],"author":[{"embeddable":true,"href":"https:\/\/www.ecinews.fr\/fr\/wp-json\/wp\/v2\/users\/6"}],"replies":[{"embeddable":true,"href":"https:\/\/www.ecinews.fr\/fr\/wp-json\/wp\/v2\/comments?post=412384"}],"version-history":[{"count":0,"href":"https:\/\/www.ecinews.fr\/fr\/wp-json\/wp\/v2\/posts\/412384\/revisions"}],"wp:featuredmedia":[{"embeddable":true,"href":"https:\/\/www.ecinews.fr\/fr\/wp-json\/wp\/v2\/media\/412149"}],"wp:attachment":[{"href":"https:\/\/www.ecinews.fr\/fr\/wp-json\/wp\/v2\/media?parent=412384"}],"wp:term":[{"taxonomy":"category","embeddable":true,"href":"https:\/\/www.ecinews.fr\/fr\/wp-json\/wp\/v2\/categories?post=412384"},{"taxonomy":"post_tag","embeddable":true,"href":"https:\/\/www.ecinews.fr\/fr\/wp-json\/wp\/v2\/tags?post=412384"},{"taxonomy":"domains","embeddable":true,"href":"https:\/\/www.ecinews.fr\/fr\/wp-json\/wp\/v2\/domains?post=412384"},{"taxonomy":"author","embeddable":true,"href":"https:\/\/www.ecinews.fr\/fr\/wp-json\/wp\/v2\/ppma_author?post=412384"}],"curies":[{"name":"wp","href":"https:\/\/api.w.org\/{rel}","templated":true}]}}