{"id":411551,"date":"2023-01-23T19:51:35","date_gmt":"2023-01-23T18:51:35","guid":{"rendered":"https:\/\/www.ecinews.fr\/?p=411551"},"modified":"2023-01-23T19:51:58","modified_gmt":"2023-01-23T18:51:58","slug":"elsys-design-recrute-180-ingenieurs-systemes-embarques-en-2023","status":"publish","type":"post","link":"https:\/\/www.ecinews.fr\/fr\/elsys-design-recrute-180-ingenieurs-systemes-embarques-en-2023\/","title":{"rendered":"ELSYS Design va recruter 180 ing\u00e9nieurs syst\u00e8mes embarqu\u00e9s en 2023"},"content":{"rendered":"<p>ELSYS Design pr\u00e9sente ses pr\u00e9visions de recrutement pour ses implantations de Paris, Lille, Lyon, Grenoble, Nice Sophia-Antipolis, Aix-en-Provence, Toulouse, Nantes et Rennes. La soci\u00e9t\u00e9 recherche des collaborateurs passionn\u00e9s, d\u00e9butants ou exp\u00e9riment\u00e9s, m\u00ealant savoir-faire et savoir-\u00eatre, pour r\u00e9aliser des projets \u00e0 la pointe dela technologie. L\u2019entreprise va pouvoir s\u2019appuyer sur les investissements majeurs r\u00e9alis\u00e9s en 2022 destin\u00e9s \u00e0 rendre son environnement de travail toujours plus moderne et convivial pour ses salari\u00e9s.<\/p>\n<p>Afin d\u2019accompagner sa croissance tout au long de l\u2019ann\u00e9e 2023, ELSYS Design va poursuivre le renforcement de ses \u00e9quipes avec des ing\u00e9nieurs passionn\u00e9s souhaitant relever des d\u00e9fis stimulants aux c\u00f4t\u00e9s d\u2019acteurs industriels majeurs. Les domaines d\u2019activit\u00e9 couverts incluent entre autres l\u2019\u00e9nergie, le spatial, les semi-conducteurs, les transports, la d\u00e9fense, l\u2019a\u00e9ronautique, les t\u00e9l\u00e9communications, l\u2019IoT, le m\u00e9dical, la s\u00e9curit\u00e9 et le multim\u00e9dia.<\/p>\n<p>ELSYS Design va recruter principalement des d\u00e9veloppeurs, des concepteurs ou encore des architectes en syst\u00e8mes embarqu\u00e9s. Leur domaine d\u2019expertise est le logiciel embarqu\u00e9, la micro\u00e9lectronique (FPGA \/ ASIC), ou la carte \u00e9lectronique. Parall\u00e8lement, des postes d\u2019encadrement seront ouverts (chef de projet, responsable technique, business manager) ainsi que des postes au sein des fonctions transverses (support, m\u00e9thodes, qualit\u00e9). Les emplois propos\u00e9s sont tous en CDI et sont rattach\u00e9s aux implantations de Paris, Lille, Lyon, Grenoble, Nice Sophia-Antipolis, Aix-en-Provence, Toulouse, Nantes et Rennes. Jeunes dipl\u00f4m\u00e9s (issus d\u2019\u00e9coles d\u2019ing\u00e9nieurs ou de parcours universitaires \u00e9quivalents BAC+5), confirm\u00e9s, experts : tous les profils d\u2019ing\u00e9nieurs \u00e9lectroniciens ou informaticiens sont concern\u00e9s, dans la mesure o\u00f9 ils m\u00ealent passion pour la technique, savoir-faire et savoir-\u00eatre.<\/p>\n<p>Pour consulter les offres d\u00e9j\u00e0 disponibles et postuler en ligne, rendez-vous sur le site emploi d\u2019ELSYS Design : <a title=\"https:\/\/emploi.elsys-design.com\/offers\" href=\"https:\/\/emploi.elsys-design.com\/offers\">https:\/\/emploi.elsys-design.com\/offers<\/a><\/p>\n","protected":false},"excerpt":{"rendered":"<p>ELSYS Design pr\u00e9sente ses pr\u00e9visions de recrutement pour ses implantations de Paris, Lille, Lyon, Grenoble, Nice Sophia-Antipolis, Aix-en-Provence, Toulouse, Nantes et Rennes. La soci\u00e9t\u00e9 recherche des collaborateurs passionn\u00e9s, d\u00e9butants ou exp\u00e9riment\u00e9s, m\u00ealant savoir-faire et savoir-\u00eatre, pour r\u00e9aliser des projets \u00e0 la pointe dela technologie. L\u2019entreprise va pouvoir s\u2019appuyer sur les investissements majeurs r\u00e9alis\u00e9s en 2022 [&hellip;]<\/p>\n","protected":false},"author":36,"featured_media":411552,"comment_status":"closed","ping_status":"closed","sticky":false,"template":"","format":"standard","meta":{"_acf_changed":false,"footnotes":""},"categories":[886],"tags":[],"domains":[47],"ppma_author":[1154],"class_list":["post-411551","post","type-post","status-publish","format-standard","has-post-thumbnail","hentry","category-news-fr","domains-electronique-eci"],"acf":[],"yoast_head":"<title>ELSYS Design va recruter 180 ing\u00e9nieurs syst\u00e8mes embarqu\u00e9s e...<\/title>\n<meta name=\"description\" content=\"ELSYS Design pr\u00e9sente ses pr\u00e9visions de recrutement pour ses implantations de Paris, Lille, Lyon, Grenoble, Nice Sophia-Antipolis, Aix-en-Provence,...\" \/>\n<meta name=\"robots\" content=\"index, follow, max-snippet:-1, max-image-preview:large, max-video-preview:-1\" \/>\n<link rel=\"canonical\" href=\"https:\/\/www.ecinews.fr\/fr\/wp-json\/wp\/v2\/posts\/411551\/\" \/>\n<meta property=\"og:locale\" content=\"fr_FR\" \/>\n<meta property=\"og:type\" content=\"article\" \/>\n<meta property=\"og:title\" content=\"ELSYS Design va recruter 180 ing\u00e9nieurs syst\u00e8mes embarqu\u00e9s en 2023\" \/>\n<meta property=\"og:description\" content=\"ELSYS Design pr\u00e9sente ses pr\u00e9visions de recrutement pour ses implantations de Paris, Lille, Lyon, Grenoble, Nice Sophia-Antipolis, Aix-en-Provence, Toulouse, Nantes et Rennes. La soci\u00e9t\u00e9 recherche des collaborateurs passionn\u00e9s, d\u00e9butants ou exp\u00e9riment\u00e9s, m\u00ealant savoir-faire et savoir-\u00eatre, pour r\u00e9aliser des projets \u00e0 la pointe dela technologie. L\u2019entreprise va pouvoir s\u2019appuyer sur les investissements majeurs r\u00e9alis\u00e9s en 2022 [&hellip;]\" \/>\n<meta property=\"og:url\" content=\"https:\/\/www.ecinews.fr\/fr\/wp-json\/wp\/v2\/posts\/411551\/\" \/>\n<meta property=\"og:site_name\" content=\"EENewsEurope\" \/>\n<meta property=\"article:published_time\" content=\"2023-01-23T18:51:35+00:00\" \/>\n<meta property=\"article:modified_time\" content=\"2023-01-23T18:51:58+00:00\" \/>\n<meta property=\"og:image\" content=\"https:\/\/www.ecinews.fr\/wp-content\/uploads\/2023\/01\/ECI1654_Elsys.jpg\" \/>\n\t<meta property=\"og:image:width\" content=\"424\" \/>\n\t<meta property=\"og:image:height\" content=\"243\" \/>\n\t<meta property=\"og:image:type\" content=\"image\/jpeg\" \/>\n<meta name=\"author\" content=\"Alain Dieul\" \/>\n<meta name=\"twitter:card\" content=\"summary_large_image\" \/>\n<meta name=\"twitter:label1\" content=\"Written by\" \/>\n\t<meta name=\"twitter:data1\" content=\"Alain Dieul\" \/>\n\t<meta name=\"twitter:label2\" content=\"Est. reading time\" \/>\n\t<meta name=\"twitter:data2\" content=\"2 minutes\" \/>\n<script type=\"application\/ld+json\" class=\"yoast-schema-graph\">{\"@context\":\"https:\/\/schema.org\",\"@graph\":[{\"@type\":\"Article\",\"@id\":\"https:\/\/www.ecinews.fr\/fr\/elsys-design-recrute-180-ingenieurs-systemes-embarques-en-2023\/#article\",\"isPartOf\":{\"@id\":\"https:\/\/www.ecinews.fr\/fr\/elsys-design-recrute-180-ingenieurs-systemes-embarques-en-2023\/\"},\"author\":{\"name\":\"Alain Dieul\",\"@id\":\"https:\/\/www.eenewseurope.com\/en\/#\/schema\/person\/e4387676ad67ce722325c7832f3c3762\"},\"headline\":\"ELSYS Design va recruter 180 ing\u00e9nieurs syst\u00e8mes embarqu\u00e9s en 2023\",\"datePublished\":\"2023-01-23T18:51:35+00:00\",\"dateModified\":\"2023-01-23T18:51:58+00:00\",\"mainEntityOfPage\":{\"@id\":\"https:\/\/www.ecinews.fr\/fr\/elsys-design-recrute-180-ingenieurs-systemes-embarques-en-2023\/\"},\"wordCount\":333,\"publisher\":{\"@id\":\"https:\/\/www.eenewseurope.com\/en\/#organization\"},\"articleSection\":[\"Actualit\u00e9 g\u00e9n\u00e9rale\"],\"inLanguage\":\"fr-FR\"},{\"@type\":\"WebPage\",\"@id\":\"https:\/\/www.ecinews.fr\/fr\/elsys-design-recrute-180-ingenieurs-systemes-embarques-en-2023\/\",\"url\":\"https:\/\/www.ecinews.fr\/fr\/elsys-design-recrute-180-ingenieurs-systemes-embarques-en-2023\/\",\"name\":\"ELSYS Design va recruter 180 ing\u00e9nieurs syst\u00e8mes embarqu\u00e9s en 2023 -\",\"isPartOf\":{\"@id\":\"https:\/\/www.eenewseurope.com\/en\/#website\"},\"datePublished\":\"2023-01-23T18:51:35+00:00\",\"dateModified\":\"2023-01-23T18:51:58+00:00\",\"breadcrumb\":{\"@id\":\"https:\/\/www.ecinews.fr\/fr\/elsys-design-recrute-180-ingenieurs-systemes-embarques-en-2023\/#breadcrumb\"},\"inLanguage\":\"fr-FR\",\"potentialAction\":[{\"@type\":\"ReadAction\",\"target\":[\"https:\/\/www.ecinews.fr\/fr\/elsys-design-recrute-180-ingenieurs-systemes-embarques-en-2023\/\"]}]},{\"@type\":\"BreadcrumbList\",\"@id\":\"https:\/\/www.ecinews.fr\/fr\/elsys-design-recrute-180-ingenieurs-systemes-embarques-en-2023\/#breadcrumb\",\"itemListElement\":[{\"@type\":\"ListItem\",\"position\":1,\"name\":\"Home\",\"item\":\"https:\/\/www.ecinews.fr\/fr\/\"},{\"@type\":\"ListItem\",\"position\":2,\"name\":\"ELSYS Design va recruter 180 ing\u00e9nieurs syst\u00e8mes embarqu\u00e9s en 2023\"}]},{\"@type\":\"WebSite\",\"@id\":\"https:\/\/www.eenewseurope.com\/en\/#website\",\"url\":\"https:\/\/www.eenewseurope.com\/en\/\",\"name\":\"EENewsEurope\",\"description\":\"Just another WordPress site\",\"publisher\":{\"@id\":\"https:\/\/www.eenewseurope.com\/en\/#organization\"},\"potentialAction\":[{\"@type\":\"SearchAction\",\"target\":{\"@type\":\"EntryPoint\",\"urlTemplate\":\"https:\/\/www.eenewseurope.com\/en\/?s={search_term_string}\"},\"query-input\":\"required name=search_term_string\"}],\"inLanguage\":\"fr-FR\"},{\"@type\":\"Organization\",\"@id\":\"https:\/\/www.eenewseurope.com\/en\/#organization\",\"name\":\"EENewsEurope\",\"url\":\"https:\/\/www.eenewseurope.com\/en\/\",\"logo\":{\"@type\":\"ImageObject\",\"inLanguage\":\"fr-FR\",\"@id\":\"https:\/\/www.eenewseurope.com\/en\/#\/schema\/logo\/image\/\",\"url\":\"https:\/\/www.ecinews.fr\/wp-content\/uploads\/2022\/02\/logo-1.jpg\",\"contentUrl\":\"https:\/\/www.ecinews.fr\/wp-content\/uploads\/2022\/02\/logo-1.jpg\",\"width\":283,\"height\":113,\"caption\":\"EENewsEurope\"},\"image\":{\"@id\":\"https:\/\/www.eenewseurope.com\/en\/#\/schema\/logo\/image\/\"}},{\"@type\":\"Person\",\"@id\":\"https:\/\/www.eenewseurope.com\/en\/#\/schema\/person\/e4387676ad67ce722325c7832f3c3762\",\"name\":\"Alain Dieul\",\"image\":{\"@type\":\"ImageObject\",\"inLanguage\":\"fr-FR\",\"@id\":\"https:\/\/www.eenewseurope.com\/en\/#\/schema\/person\/image\/736120675699dbbf0f0f282b9a9cfb75\",\"url\":\"https:\/\/secure.gravatar.com\/avatar\/bc93b056d07515be5b8eecd4acf49c5c?s=96&d=mm&r=g\",\"contentUrl\":\"https:\/\/secure.gravatar.com\/avatar\/bc93b056d07515be5b8eecd4acf49c5c?s=96&d=mm&r=g\",\"caption\":\"Alain Dieul\"},\"sameAs\":[\"http:\/\/ECINews\"]}]}<\/script>","yoast_head_json":{"title":"ELSYS Design va recruter 180 ing\u00e9nieurs syst\u00e8mes embarqu\u00e9s e...","description":"ELSYS Design pr\u00e9sente ses pr\u00e9visions de recrutement pour ses implantations de Paris, Lille, Lyon, Grenoble, Nice Sophia-Antipolis, Aix-en-Provence,...","robots":{"index":"index","follow":"follow","max-snippet":"max-snippet:-1","max-image-preview":"max-image-preview:large","max-video-preview":"max-video-preview:-1"},"canonical":"https:\/\/www.ecinews.fr\/fr\/wp-json\/wp\/v2\/posts\/411551\/","og_locale":"fr_FR","og_type":"article","og_title":"ELSYS Design va recruter 180 ing\u00e9nieurs syst\u00e8mes embarqu\u00e9s en 2023","og_description":"ELSYS Design pr\u00e9sente ses pr\u00e9visions de recrutement pour ses implantations de Paris, Lille, Lyon, Grenoble, Nice Sophia-Antipolis, Aix-en-Provence, Toulouse, Nantes et Rennes. La soci\u00e9t\u00e9 recherche des collaborateurs passionn\u00e9s, d\u00e9butants ou exp\u00e9riment\u00e9s, m\u00ealant savoir-faire et savoir-\u00eatre, pour r\u00e9aliser des projets \u00e0 la pointe dela technologie. L\u2019entreprise va pouvoir s\u2019appuyer sur les investissements majeurs r\u00e9alis\u00e9s en 2022 [&hellip;]","og_url":"https:\/\/www.ecinews.fr\/fr\/wp-json\/wp\/v2\/posts\/411551\/","og_site_name":"EENewsEurope","article_published_time":"2023-01-23T18:51:35+00:00","article_modified_time":"2023-01-23T18:51:58+00:00","og_image":[{"width":424,"height":243,"url":"https:\/\/www.ecinews.fr\/wp-content\/uploads\/2023\/01\/ECI1654_Elsys.jpg","type":"image\/jpeg"}],"author":"Alain Dieul","twitter_card":"summary_large_image","twitter_misc":{"Written by":"Alain Dieul","Est. reading time":"2 minutes"},"schema":{"@context":"https:\/\/schema.org","@graph":[{"@type":"Article","@id":"https:\/\/www.ecinews.fr\/fr\/elsys-design-recrute-180-ingenieurs-systemes-embarques-en-2023\/#article","isPartOf":{"@id":"https:\/\/www.ecinews.fr\/fr\/elsys-design-recrute-180-ingenieurs-systemes-embarques-en-2023\/"},"author":{"name":"Alain Dieul","@id":"https:\/\/www.eenewseurope.com\/en\/#\/schema\/person\/e4387676ad67ce722325c7832f3c3762"},"headline":"ELSYS Design va recruter 180 ing\u00e9nieurs syst\u00e8mes embarqu\u00e9s en 2023","datePublished":"2023-01-23T18:51:35+00:00","dateModified":"2023-01-23T18:51:58+00:00","mainEntityOfPage":{"@id":"https:\/\/www.ecinews.fr\/fr\/elsys-design-recrute-180-ingenieurs-systemes-embarques-en-2023\/"},"wordCount":333,"publisher":{"@id":"https:\/\/www.eenewseurope.com\/en\/#organization"},"articleSection":["Actualit\u00e9 g\u00e9n\u00e9rale"],"inLanguage":"fr-FR"},{"@type":"WebPage","@id":"https:\/\/www.ecinews.fr\/fr\/elsys-design-recrute-180-ingenieurs-systemes-embarques-en-2023\/","url":"https:\/\/www.ecinews.fr\/fr\/elsys-design-recrute-180-ingenieurs-systemes-embarques-en-2023\/","name":"ELSYS Design va recruter 180 ing\u00e9nieurs syst\u00e8mes embarqu\u00e9s en 2023 -","isPartOf":{"@id":"https:\/\/www.eenewseurope.com\/en\/#website"},"datePublished":"2023-01-23T18:51:35+00:00","dateModified":"2023-01-23T18:51:58+00:00","breadcrumb":{"@id":"https:\/\/www.ecinews.fr\/fr\/elsys-design-recrute-180-ingenieurs-systemes-embarques-en-2023\/#breadcrumb"},"inLanguage":"fr-FR","potentialAction":[{"@type":"ReadAction","target":["https:\/\/www.ecinews.fr\/fr\/elsys-design-recrute-180-ingenieurs-systemes-embarques-en-2023\/"]}]},{"@type":"BreadcrumbList","@id":"https:\/\/www.ecinews.fr\/fr\/elsys-design-recrute-180-ingenieurs-systemes-embarques-en-2023\/#breadcrumb","itemListElement":[{"@type":"ListItem","position":1,"name":"Home","item":"https:\/\/www.ecinews.fr\/fr\/"},{"@type":"ListItem","position":2,"name":"ELSYS Design va recruter 180 ing\u00e9nieurs syst\u00e8mes embarqu\u00e9s en 2023"}]},{"@type":"WebSite","@id":"https:\/\/www.eenewseurope.com\/en\/#website","url":"https:\/\/www.eenewseurope.com\/en\/","name":"EENewsEurope","description":"Just another WordPress site","publisher":{"@id":"https:\/\/www.eenewseurope.com\/en\/#organization"},"potentialAction":[{"@type":"SearchAction","target":{"@type":"EntryPoint","urlTemplate":"https:\/\/www.eenewseurope.com\/en\/?s={search_term_string}"},"query-input":"required name=search_term_string"}],"inLanguage":"fr-FR"},{"@type":"Organization","@id":"https:\/\/www.eenewseurope.com\/en\/#organization","name":"EENewsEurope","url":"https:\/\/www.eenewseurope.com\/en\/","logo":{"@type":"ImageObject","inLanguage":"fr-FR","@id":"https:\/\/www.eenewseurope.com\/en\/#\/schema\/logo\/image\/","url":"https:\/\/www.ecinews.fr\/wp-content\/uploads\/2022\/02\/logo-1.jpg","contentUrl":"https:\/\/www.ecinews.fr\/wp-content\/uploads\/2022\/02\/logo-1.jpg","width":283,"height":113,"caption":"EENewsEurope"},"image":{"@id":"https:\/\/www.eenewseurope.com\/en\/#\/schema\/logo\/image\/"}},{"@type":"Person","@id":"https:\/\/www.eenewseurope.com\/en\/#\/schema\/person\/e4387676ad67ce722325c7832f3c3762","name":"Alain Dieul","image":{"@type":"ImageObject","inLanguage":"fr-FR","@id":"https:\/\/www.eenewseurope.com\/en\/#\/schema\/person\/image\/736120675699dbbf0f0f282b9a9cfb75","url":"https:\/\/secure.gravatar.com\/avatar\/bc93b056d07515be5b8eecd4acf49c5c?s=96&d=mm&r=g","contentUrl":"https:\/\/secure.gravatar.com\/avatar\/bc93b056d07515be5b8eecd4acf49c5c?s=96&d=mm&r=g","caption":"Alain Dieul"},"sameAs":["http:\/\/ECINews"]}]}},"authors":[{"term_id":1154,"user_id":36,"is_guest":0,"slug":"alain-dieul","display_name":"Alain Dieul","avatar_url":"https:\/\/secure.gravatar.com\/avatar\/bc93b056d07515be5b8eecd4acf49c5c?s=96&d=mm&r=g","0":null,"1":"","2":"","3":"","4":"","5":"","6":"","7":"","8":""}],"_links":{"self":[{"href":"https:\/\/www.ecinews.fr\/fr\/wp-json\/wp\/v2\/posts\/411551"}],"collection":[{"href":"https:\/\/www.ecinews.fr\/fr\/wp-json\/wp\/v2\/posts"}],"about":[{"href":"https:\/\/www.ecinews.fr\/fr\/wp-json\/wp\/v2\/types\/post"}],"author":[{"embeddable":true,"href":"https:\/\/www.ecinews.fr\/fr\/wp-json\/wp\/v2\/users\/36"}],"replies":[{"embeddable":true,"href":"https:\/\/www.ecinews.fr\/fr\/wp-json\/wp\/v2\/comments?post=411551"}],"version-history":[{"count":0,"href":"https:\/\/www.ecinews.fr\/fr\/wp-json\/wp\/v2\/posts\/411551\/revisions"}],"wp:featuredmedia":[{"embeddable":true,"href":"https:\/\/www.ecinews.fr\/fr\/wp-json\/wp\/v2\/media\/411552"}],"wp:attachment":[{"href":"https:\/\/www.ecinews.fr\/fr\/wp-json\/wp\/v2\/media?parent=411551"}],"wp:term":[{"taxonomy":"category","embeddable":true,"href":"https:\/\/www.ecinews.fr\/fr\/wp-json\/wp\/v2\/categories?post=411551"},{"taxonomy":"post_tag","embeddable":true,"href":"https:\/\/www.ecinews.fr\/fr\/wp-json\/wp\/v2\/tags?post=411551"},{"taxonomy":"domains","embeddable":true,"href":"https:\/\/www.ecinews.fr\/fr\/wp-json\/wp\/v2\/domains?post=411551"},{"taxonomy":"author","embeddable":true,"href":"https:\/\/www.ecinews.fr\/fr\/wp-json\/wp\/v2\/ppma_author?post=411551"}],"curies":[{"name":"wp","href":"https:\/\/api.w.org\/{rel}","templated":true}]}}