{"id":411384,"date":"2023-01-22T12:57:37","date_gmt":"2023-01-22T11:57:37","guid":{"rendered":"https:\/\/www.ecinews.fr\/?p=411384"},"modified":"2023-01-22T12:57:37","modified_gmt":"2023-01-22T11:57:37","slug":"cpe-lyon-ouvrira-une-formation-dediee-a-la-microelectronique-en-septembre-2023","status":"publish","type":"post","link":"https:\/\/www.ecinews.fr\/fr\/cpe-lyon-ouvrira-une-formation-dediee-a-la-microelectronique-en-septembre-2023\/","title":{"rendered":"CPE Lyon ouvrira une formation d\u00e9di\u00e9e \u00e0 la micro\u00e9lectronique en Septembre 2023"},"content":{"rendered":"<p>A la rentr\u00e9e universitaire de septembre 2023, CPE Lyon, \u00c9cole d\u2019ing\u00e9nieurs en chimie et sciences et technologies du num\u00e9rique, ouvrira une nouvelle formation d\u2019ing\u00e9nieur en Physique et syst\u00e8mes micro\u00e9lectroniques en partenariat avec l\u2019ITII de Lyon (Institut des Techniques d\u2019Ing\u00e9nieur de l\u2019Industrie). Ce cursus de 3 ans, totalement en apprentissage, s\u2019adresse aux \u00e9l\u00e8ves issus de certaines pr\u00e9pas ainsi qu\u2019aux titulaires de certaines licences ou B.U.T (voir fiche). Cette nouvelle formation est habilit\u00e9e par la CTI (Commission des Titres d\u2019Ing\u00e9nieurs).<\/p>\n<p>Pour G\u00e9rard PIGNAULT, Directeur de CPE Lyon : \u00ab La micro\u00e9lectronique est aujourd\u2019hui strat\u00e9gique pour les secteurs qui int\u00e8grent des composants. Je pense notamment \u00e0 la d\u00e9fense, \u00e0 l\u2019automobile, \u00e0 l\u2019a\u00e9rospatiale et \u00e0 l\u2019\u00e9nergie. C\u2019est vrai aussi pour les fabricants d\u2019objets connect\u00e9s et de produits de grande consommation (PC, smartphone, etc.), et pour les industries qui recourent \u00e0 l\u2019Intelligence Artificielle. Dans toutes ces activit\u00e9s, la France manque cruellement d\u2019ing\u00e9nieurs sp\u00e9cialis\u00e9s, ce qui am\u00e8ne les DRH \u00e0 faire appel \u00e0 des ing\u00e9nieurs \u00e9trangers. La nouvelle formation de CPE Lyon ouvre donc \u00e0 point nomm\u00e9. \u00bb<\/p>\n<p>Rappelons que le d\u00e9veloppement des industries qui int\u00e8grent de la micro\u00e9lectronique repr\u00e9sente un gisement de plusieurs centaines de milliers d\u2019emplois d\u2019ici 2030 : les futurs ing\u00e9nieurs dipl\u00f4m\u00e9s de CPE Lyon auront donc d\u2019excellentes perspectives de carri\u00e8re. Formation compl\u00e8te et internationale Le nouveau cursus Physique et Syst\u00e8mes Micro\u00e9lectroniques sera complet. L\u2019enseignement int\u00e8grera notamment les enjeux de d\u00e9veloppement durable dans l\u2019industrie \u00e9lectronique (green IT), essentiels en termes de consommation d\u2019\u00e9nergie et d\u2019\u00e9mission de gaz \u00e0 effet de serre. Le cursus comprendra 6 semestres d\u2019\u00e9tudes : pendant les 5 premiers, les \u00e9l\u00e8ves-ing\u00e9nieurs suivront les enseignements acad\u00e9miques tout en r\u00e9alisant leur alternance. Au dernier semestre, les \u00e9tudiants passeront tout leur temps en entreprise. Pendant son cursus, chaque \u00e9tudiant passera aussi 3 mois \u00e0 l\u2019\u00e9tranger, que ce soit en entreprise ou dans une universit\u00e9 \u00e9trang\u00e8re partenaire.<\/p>\n<p>&nbsp;<\/p>\n<p><a title=\"www.cpe.fr\/formations\" href=\"http:\/\/www.cpe.fr\/formations\">www.cpe.fr\/formations<\/a><\/p>\n","protected":false},"excerpt":{"rendered":"<p>A la rentr\u00e9e universitaire de septembre 2023, CPE Lyon, \u00c9cole d\u2019ing\u00e9nieurs en chimie et sciences et technologies du num\u00e9rique, ouvrira une nouvelle formation d\u2019ing\u00e9nieur en Physique et syst\u00e8mes micro\u00e9lectroniques en partenariat avec l\u2019ITII de Lyon (Institut des Techniques d\u2019Ing\u00e9nieur de l\u2019Industrie). Ce cursus de 3 ans, totalement en apprentissage, s\u2019adresse aux \u00e9l\u00e8ves issus de certaines [&hellip;]<\/p>\n","protected":false},"author":36,"featured_media":411385,"comment_status":"closed","ping_status":"closed","sticky":false,"template":"","format":"standard","meta":{"_acf_changed":false,"footnotes":""},"categories":[886],"tags":[],"domains":[47],"ppma_author":[1154],"class_list":["post-411384","post","type-post","status-publish","format-standard","has-post-thumbnail","hentry","category-news-fr","domains-electronique-eci"],"acf":[],"yoast_head":"<title>CPE Lyon ouvrira une formation d\u00e9di\u00e9e \u00e0 la micro\u00e9lectroniqu...<\/title>\n<meta name=\"description\" content=\"A la rentr\u00e9e universitaire de septembre 2023, CPE Lyon, \u00c9cole d\u2019ing\u00e9nieurs en chimie et sciences et technologies du num\u00e9rique, ouvrira une nouvelle...\" \/>\n<meta name=\"robots\" content=\"index, follow, max-snippet:-1, max-image-preview:large, max-video-preview:-1\" \/>\n<link rel=\"canonical\" href=\"https:\/\/www.ecinews.fr\/fr\/wp-json\/wp\/v2\/posts\/411384\/\" \/>\n<meta property=\"og:locale\" content=\"fr_FR\" \/>\n<meta property=\"og:type\" content=\"article\" \/>\n<meta property=\"og:title\" content=\"CPE Lyon ouvrira une formation d\u00e9di\u00e9e \u00e0 la micro\u00e9lectronique en Septembre 2023\" \/>\n<meta property=\"og:description\" content=\"A la rentr\u00e9e universitaire de septembre 2023, CPE Lyon, \u00c9cole d\u2019ing\u00e9nieurs en chimie et sciences et technologies du num\u00e9rique, ouvrira une nouvelle formation d\u2019ing\u00e9nieur en Physique et syst\u00e8mes micro\u00e9lectroniques en partenariat avec l\u2019ITII de Lyon (Institut des Techniques d\u2019Ing\u00e9nieur de l\u2019Industrie). Ce cursus de 3 ans, totalement en apprentissage, s\u2019adresse aux \u00e9l\u00e8ves issus de certaines [&hellip;]\" \/>\n<meta property=\"og:url\" content=\"https:\/\/www.ecinews.fr\/fr\/wp-json\/wp\/v2\/posts\/411384\/\" \/>\n<meta property=\"og:site_name\" content=\"EENewsEurope\" \/>\n<meta property=\"article:published_time\" content=\"2023-01-22T11:57:37+00:00\" \/>\n<meta property=\"og:image\" content=\"https:\/\/cdn.eenewseurope.com\/wp-content\/uploads\/2023\/01\/ECI1658_CPELyon_actu.jpg\" \/>\n\t<meta property=\"og:image:width\" content=\"258\" \/>\n\t<meta property=\"og:image:height\" content=\"177\" \/>\n\t<meta property=\"og:image:type\" content=\"image\/jpeg\" \/>\n<meta name=\"author\" content=\"Alain Dieul\" \/>\n<meta name=\"twitter:card\" content=\"summary_large_image\" \/>\n<meta name=\"twitter:label1\" content=\"Written by\" \/>\n\t<meta name=\"twitter:data1\" content=\"Alain Dieul\" \/>\n\t<meta name=\"twitter:label2\" content=\"Est. reading time\" \/>\n\t<meta name=\"twitter:data2\" content=\"2 minutes\" \/>\n<script type=\"application\/ld+json\" class=\"yoast-schema-graph\">{\"@context\":\"https:\/\/schema.org\",\"@graph\":[{\"@type\":\"Article\",\"@id\":\"https:\/\/cdn.eenewseurope.com\/fr\/cpe-lyon-ouvrira-une-formation-dediee-a-la-microelectronique-en-septembre-2023\/#article\",\"isPartOf\":{\"@id\":\"https:\/\/cdn.eenewseurope.com\/fr\/cpe-lyon-ouvrira-une-formation-dediee-a-la-microelectronique-en-septembre-2023\/\"},\"author\":{\"name\":\"Alain Dieul\",\"@id\":\"https:\/\/www.eenewseurope.com\/en\/#\/schema\/person\/e4387676ad67ce722325c7832f3c3762\"},\"headline\":\"CPE Lyon ouvrira une formation d\u00e9di\u00e9e \u00e0 la micro\u00e9lectronique en Septembre 2023\",\"datePublished\":\"2023-01-22T11:57:37+00:00\",\"dateModified\":\"2023-01-22T11:57:37+00:00\",\"mainEntityOfPage\":{\"@id\":\"https:\/\/cdn.eenewseurope.com\/fr\/cpe-lyon-ouvrira-une-formation-dediee-a-la-microelectronique-en-septembre-2023\/\"},\"wordCount\":369,\"publisher\":{\"@id\":\"https:\/\/www.eenewseurope.com\/en\/#organization\"},\"articleSection\":[\"Actualit\u00e9 g\u00e9n\u00e9rale\"],\"inLanguage\":\"fr-FR\"},{\"@type\":\"WebPage\",\"@id\":\"https:\/\/cdn.eenewseurope.com\/fr\/cpe-lyon-ouvrira-une-formation-dediee-a-la-microelectronique-en-septembre-2023\/\",\"url\":\"https:\/\/cdn.eenewseurope.com\/fr\/cpe-lyon-ouvrira-une-formation-dediee-a-la-microelectronique-en-septembre-2023\/\",\"name\":\"CPE Lyon ouvrira une formation d\u00e9di\u00e9e \u00e0 la micro\u00e9lectronique en Septembre 2023 -\",\"isPartOf\":{\"@id\":\"https:\/\/www.eenewseurope.com\/en\/#website\"},\"datePublished\":\"2023-01-22T11:57:37+00:00\",\"dateModified\":\"2023-01-22T11:57:37+00:00\",\"breadcrumb\":{\"@id\":\"https:\/\/cdn.eenewseurope.com\/fr\/cpe-lyon-ouvrira-une-formation-dediee-a-la-microelectronique-en-septembre-2023\/#breadcrumb\"},\"inLanguage\":\"fr-FR\",\"potentialAction\":[{\"@type\":\"ReadAction\",\"target\":[\"https:\/\/cdn.eenewseurope.com\/fr\/cpe-lyon-ouvrira-une-formation-dediee-a-la-microelectronique-en-septembre-2023\/\"]}]},{\"@type\":\"BreadcrumbList\",\"@id\":\"https:\/\/cdn.eenewseurope.com\/fr\/cpe-lyon-ouvrira-une-formation-dediee-a-la-microelectronique-en-septembre-2023\/#breadcrumb\",\"itemListElement\":[{\"@type\":\"ListItem\",\"position\":1,\"name\":\"Home\",\"item\":\"https:\/\/www.ecinews.fr\/fr\/\"},{\"@type\":\"ListItem\",\"position\":2,\"name\":\"CPE Lyon ouvrira une formation d\u00e9di\u00e9e \u00e0 la micro\u00e9lectronique en Septembre 2023\"}]},{\"@type\":\"WebSite\",\"@id\":\"https:\/\/www.eenewseurope.com\/en\/#website\",\"url\":\"https:\/\/www.eenewseurope.com\/en\/\",\"name\":\"EENewsEurope\",\"description\":\"Just another WordPress site\",\"publisher\":{\"@id\":\"https:\/\/www.eenewseurope.com\/en\/#organization\"},\"potentialAction\":[{\"@type\":\"SearchAction\",\"target\":{\"@type\":\"EntryPoint\",\"urlTemplate\":\"https:\/\/www.eenewseurope.com\/en\/?s={search_term_string}\"},\"query-input\":\"required name=search_term_string\"}],\"inLanguage\":\"fr-FR\"},{\"@type\":\"Organization\",\"@id\":\"https:\/\/www.eenewseurope.com\/en\/#organization\",\"name\":\"EENewsEurope\",\"url\":\"https:\/\/www.eenewseurope.com\/en\/\",\"logo\":{\"@type\":\"ImageObject\",\"inLanguage\":\"fr-FR\",\"@id\":\"https:\/\/www.eenewseurope.com\/en\/#\/schema\/logo\/image\/\",\"url\":\"https:\/\/www.ecinews.fr\/wp-content\/uploads\/2022\/02\/logo-1.jpg\",\"contentUrl\":\"https:\/\/www.ecinews.fr\/wp-content\/uploads\/2022\/02\/logo-1.jpg\",\"width\":283,\"height\":113,\"caption\":\"EENewsEurope\"},\"image\":{\"@id\":\"https:\/\/www.eenewseurope.com\/en\/#\/schema\/logo\/image\/\"}},{\"@type\":\"Person\",\"@id\":\"https:\/\/www.eenewseurope.com\/en\/#\/schema\/person\/e4387676ad67ce722325c7832f3c3762\",\"name\":\"Alain Dieul\",\"image\":{\"@type\":\"ImageObject\",\"inLanguage\":\"fr-FR\",\"@id\":\"https:\/\/www.eenewseurope.com\/en\/#\/schema\/person\/image\/736120675699dbbf0f0f282b9a9cfb75\",\"url\":\"https:\/\/secure.gravatar.com\/avatar\/bc93b056d07515be5b8eecd4acf49c5c?s=96&d=mm&r=g\",\"contentUrl\":\"https:\/\/secure.gravatar.com\/avatar\/bc93b056d07515be5b8eecd4acf49c5c?s=96&d=mm&r=g\",\"caption\":\"Alain Dieul\"},\"sameAs\":[\"http:\/\/ECINews\"]}]}<\/script>","yoast_head_json":{"title":"CPE Lyon ouvrira une formation d\u00e9di\u00e9e \u00e0 la micro\u00e9lectroniqu...","description":"A la rentr\u00e9e universitaire de septembre 2023, CPE Lyon, \u00c9cole d\u2019ing\u00e9nieurs en chimie et sciences et technologies du num\u00e9rique, ouvrira une nouvelle...","robots":{"index":"index","follow":"follow","max-snippet":"max-snippet:-1","max-image-preview":"max-image-preview:large","max-video-preview":"max-video-preview:-1"},"canonical":"https:\/\/www.ecinews.fr\/fr\/wp-json\/wp\/v2\/posts\/411384\/","og_locale":"fr_FR","og_type":"article","og_title":"CPE Lyon ouvrira une formation d\u00e9di\u00e9e \u00e0 la micro\u00e9lectronique en Septembre 2023","og_description":"A la rentr\u00e9e universitaire de septembre 2023, CPE Lyon, \u00c9cole d\u2019ing\u00e9nieurs en chimie et sciences et technologies du num\u00e9rique, ouvrira une nouvelle formation d\u2019ing\u00e9nieur en Physique et syst\u00e8mes micro\u00e9lectroniques en partenariat avec l\u2019ITII de Lyon (Institut des Techniques d\u2019Ing\u00e9nieur de l\u2019Industrie). Ce cursus de 3 ans, totalement en apprentissage, s\u2019adresse aux \u00e9l\u00e8ves issus de certaines [&hellip;]","og_url":"https:\/\/www.ecinews.fr\/fr\/wp-json\/wp\/v2\/posts\/411384\/","og_site_name":"EENewsEurope","article_published_time":"2023-01-22T11:57:37+00:00","og_image":[{"width":258,"height":177,"url":"https:\/\/cdn.eenewseurope.com\/wp-content\/uploads\/2023\/01\/ECI1658_CPELyon_actu.jpg","type":"image\/jpeg"}],"author":"Alain Dieul","twitter_card":"summary_large_image","twitter_misc":{"Written by":"Alain Dieul","Est. reading time":"2 minutes"},"schema":{"@context":"https:\/\/schema.org","@graph":[{"@type":"Article","@id":"https:\/\/cdn.eenewseurope.com\/fr\/cpe-lyon-ouvrira-une-formation-dediee-a-la-microelectronique-en-septembre-2023\/#article","isPartOf":{"@id":"https:\/\/cdn.eenewseurope.com\/fr\/cpe-lyon-ouvrira-une-formation-dediee-a-la-microelectronique-en-septembre-2023\/"},"author":{"name":"Alain Dieul","@id":"https:\/\/www.eenewseurope.com\/en\/#\/schema\/person\/e4387676ad67ce722325c7832f3c3762"},"headline":"CPE Lyon ouvrira une formation d\u00e9di\u00e9e \u00e0 la micro\u00e9lectronique en Septembre 2023","datePublished":"2023-01-22T11:57:37+00:00","dateModified":"2023-01-22T11:57:37+00:00","mainEntityOfPage":{"@id":"https:\/\/cdn.eenewseurope.com\/fr\/cpe-lyon-ouvrira-une-formation-dediee-a-la-microelectronique-en-septembre-2023\/"},"wordCount":369,"publisher":{"@id":"https:\/\/www.eenewseurope.com\/en\/#organization"},"articleSection":["Actualit\u00e9 g\u00e9n\u00e9rale"],"inLanguage":"fr-FR"},{"@type":"WebPage","@id":"https:\/\/cdn.eenewseurope.com\/fr\/cpe-lyon-ouvrira-une-formation-dediee-a-la-microelectronique-en-septembre-2023\/","url":"https:\/\/cdn.eenewseurope.com\/fr\/cpe-lyon-ouvrira-une-formation-dediee-a-la-microelectronique-en-septembre-2023\/","name":"CPE Lyon ouvrira une formation d\u00e9di\u00e9e \u00e0 la micro\u00e9lectronique en Septembre 2023 -","isPartOf":{"@id":"https:\/\/www.eenewseurope.com\/en\/#website"},"datePublished":"2023-01-22T11:57:37+00:00","dateModified":"2023-01-22T11:57:37+00:00","breadcrumb":{"@id":"https:\/\/cdn.eenewseurope.com\/fr\/cpe-lyon-ouvrira-une-formation-dediee-a-la-microelectronique-en-septembre-2023\/#breadcrumb"},"inLanguage":"fr-FR","potentialAction":[{"@type":"ReadAction","target":["https:\/\/cdn.eenewseurope.com\/fr\/cpe-lyon-ouvrira-une-formation-dediee-a-la-microelectronique-en-septembre-2023\/"]}]},{"@type":"BreadcrumbList","@id":"https:\/\/cdn.eenewseurope.com\/fr\/cpe-lyon-ouvrira-une-formation-dediee-a-la-microelectronique-en-septembre-2023\/#breadcrumb","itemListElement":[{"@type":"ListItem","position":1,"name":"Home","item":"https:\/\/www.ecinews.fr\/fr\/"},{"@type":"ListItem","position":2,"name":"CPE Lyon ouvrira une formation d\u00e9di\u00e9e \u00e0 la micro\u00e9lectronique en Septembre 2023"}]},{"@type":"WebSite","@id":"https:\/\/www.eenewseurope.com\/en\/#website","url":"https:\/\/www.eenewseurope.com\/en\/","name":"EENewsEurope","description":"Just another WordPress site","publisher":{"@id":"https:\/\/www.eenewseurope.com\/en\/#organization"},"potentialAction":[{"@type":"SearchAction","target":{"@type":"EntryPoint","urlTemplate":"https:\/\/www.eenewseurope.com\/en\/?s={search_term_string}"},"query-input":"required name=search_term_string"}],"inLanguage":"fr-FR"},{"@type":"Organization","@id":"https:\/\/www.eenewseurope.com\/en\/#organization","name":"EENewsEurope","url":"https:\/\/www.eenewseurope.com\/en\/","logo":{"@type":"ImageObject","inLanguage":"fr-FR","@id":"https:\/\/www.eenewseurope.com\/en\/#\/schema\/logo\/image\/","url":"https:\/\/www.ecinews.fr\/wp-content\/uploads\/2022\/02\/logo-1.jpg","contentUrl":"https:\/\/www.ecinews.fr\/wp-content\/uploads\/2022\/02\/logo-1.jpg","width":283,"height":113,"caption":"EENewsEurope"},"image":{"@id":"https:\/\/www.eenewseurope.com\/en\/#\/schema\/logo\/image\/"}},{"@type":"Person","@id":"https:\/\/www.eenewseurope.com\/en\/#\/schema\/person\/e4387676ad67ce722325c7832f3c3762","name":"Alain Dieul","image":{"@type":"ImageObject","inLanguage":"fr-FR","@id":"https:\/\/www.eenewseurope.com\/en\/#\/schema\/person\/image\/736120675699dbbf0f0f282b9a9cfb75","url":"https:\/\/secure.gravatar.com\/avatar\/bc93b056d07515be5b8eecd4acf49c5c?s=96&d=mm&r=g","contentUrl":"https:\/\/secure.gravatar.com\/avatar\/bc93b056d07515be5b8eecd4acf49c5c?s=96&d=mm&r=g","caption":"Alain Dieul"},"sameAs":["http:\/\/ECINews"]}]}},"authors":[{"term_id":1154,"user_id":36,"is_guest":0,"slug":"alain-dieul","display_name":"Alain Dieul","avatar_url":"https:\/\/secure.gravatar.com\/avatar\/bc93b056d07515be5b8eecd4acf49c5c?s=96&d=mm&r=g","0":null,"1":"","2":"","3":"","4":"","5":"","6":"","7":"","8":""}],"_links":{"self":[{"href":"https:\/\/www.ecinews.fr\/fr\/wp-json\/wp\/v2\/posts\/411384"}],"collection":[{"href":"https:\/\/www.ecinews.fr\/fr\/wp-json\/wp\/v2\/posts"}],"about":[{"href":"https:\/\/www.ecinews.fr\/fr\/wp-json\/wp\/v2\/types\/post"}],"author":[{"embeddable":true,"href":"https:\/\/www.ecinews.fr\/fr\/wp-json\/wp\/v2\/users\/36"}],"replies":[{"embeddable":true,"href":"https:\/\/www.ecinews.fr\/fr\/wp-json\/wp\/v2\/comments?post=411384"}],"version-history":[{"count":0,"href":"https:\/\/www.ecinews.fr\/fr\/wp-json\/wp\/v2\/posts\/411384\/revisions"}],"wp:featuredmedia":[{"embeddable":true,"href":"https:\/\/www.ecinews.fr\/fr\/wp-json\/wp\/v2\/media\/411385"}],"wp:attachment":[{"href":"https:\/\/www.ecinews.fr\/fr\/wp-json\/wp\/v2\/media?parent=411384"}],"wp:term":[{"taxonomy":"category","embeddable":true,"href":"https:\/\/www.ecinews.fr\/fr\/wp-json\/wp\/v2\/categories?post=411384"},{"taxonomy":"post_tag","embeddable":true,"href":"https:\/\/www.ecinews.fr\/fr\/wp-json\/wp\/v2\/tags?post=411384"},{"taxonomy":"domains","embeddable":true,"href":"https:\/\/www.ecinews.fr\/fr\/wp-json\/wp\/v2\/domains?post=411384"},{"taxonomy":"author","embeddable":true,"href":"https:\/\/www.ecinews.fr\/fr\/wp-json\/wp\/v2\/ppma_author?post=411384"}],"curies":[{"name":"wp","href":"https:\/\/api.w.org\/{rel}","templated":true}]}}