{"id":411376,"date":"2023-01-21T18:37:19","date_gmt":"2023-01-21T17:37:19","guid":{"rendered":"https:\/\/www.eenewseurope.com\/?p=411376"},"modified":"2023-01-22T18:46:21","modified_gmt":"2023-01-22T17:46:21","slug":"le-marche-des-semiconducteurs-en-chute-de-plus-de-20-en-2023-selon-penn","status":"publish","type":"post","link":"https:\/\/www.ecinews.fr\/fr\/le-marche-des-semiconducteurs-en-chute-de-plus-de-20-en-2023-selon-penn\/","title":{"rendered":"Le march\u00e9 des semiconducteurs en chute de plus de 20% en 2023 selon Penn"},"content":{"rendered":"<h2><span class=\"HwtZe\" lang=\"fr\"><span class=\"jCAhz ChMk0b\"><span class=\"ryNqvb\">Le march\u00e9 mondial des puces reste sur la voie d&rsquo;une contraction de 22 % en 2023, selon Malcolm Penn et son organisation Future Horizons.<\/span><\/span><\/span><\/h2>\n<p><span class=\"HwtZe\" lang=\"fr\"><span class=\"jCAhz ChMk0b\"><span class=\"ryNqvb\">S&rsquo;exprimant lors d&rsquo;un s\u00e9minaire sur le march\u00e9 des puces, il a ajout\u00e9 que l&rsquo;industrie devait modifier sa planification d&rsquo;activit\u00e9 et l&rsquo;affectation des risques li\u00e9s aux d\u00e9penses d&rsquo;investissement pour att\u00e9nuer le caract\u00e8re cyclique profond de l&rsquo;industrie.<\/span><\/span> <span class=\"jCAhz ChMk0b\"><span class=\"ryNqvb\">Lorsque les participants ont pos\u00e9 des questions sur le besoin pr\u00e9vu \u00e0 long terme d&rsquo;augmenter la capacit\u00e9 de fabrication, Penn a convenu que les tendances de la demande \u00e0 long terme le soutenait, mais a ajout\u00e9 : \u00ab\u00a0Il doit y avoir un meilleur moyen d&rsquo;augmenter progressivement la capacit\u00e9 de fabrication.\u00a0\u00bb<\/span><\/span> <\/span><\/p>\n<p><span class=\"HwtZe\" lang=\"fr\"><span class=\"jCAhz ChMk0b\"><span class=\"ryNqvb\">Dans son s\u00e9minaire, Penn a d\u00e9clar\u00e9 qu&rsquo;il s&rsquo;en tenait \u00e0 ses pr\u00e9visions &#8211; rendues en septembre 2022 (voir la croissance du march\u00e9 des puces en 2023 sera \u00ab\u00a0profond\u00e9ment n\u00e9gative\u00a0\u00bb, selon l&rsquo;analyste).<\/span><\/span> <span class=\"jCAhz ChMk0b\"><span class=\"ryNqvb\">Il est \u00e9galement rest\u00e9 fid\u00e8le \u00e0 son affirmation selon laquelle les autres pr\u00e9visionnistes qui pensent que le march\u00e9 des puces conna\u00eetra un \u00ab\u00a0atterrissage en douceur\u00a0\u00bb avec seulement un pourcentage de baisse \u00e0 un chiffre sont beaucoup trop optimistes.<\/span><\/span><\/span><\/p>\n<p><span class=\"HwtZe\" lang=\"fr\"><span class=\"jCAhz ChMk0b\"><span class=\"ryNqvb\">Les pr\u00e9visions de Penn sont bas\u00e9es sur une m\u00e9thodologie descendante qui tire des donn\u00e9es de l&rsquo;\u00e9conomie g\u00e9n\u00e9rale\u00a0;<\/span><\/span> <span class=\"jCAhz ChMk0b\"><span class=\"ryNqvb\">la demande en composants et l&rsquo;augmentation ou la r\u00e9duction des stocks ;<\/span><\/span> la <span class=\"jCAhz ChMk0b\"><span class=\"ryNqvb\">capacit\u00e9 de fabrication de puces et l&rsquo;utilisation des capacit\u00e9s, et le prix de vente moyens (ASP).<\/span><\/span> <\/span><\/p>\n<p><span class=\"HwtZe\" lang=\"fr\"><span class=\"jCAhz ChMk0b\"><span class=\"ryNqvb\">\u00ab\u00a0Apr\u00e8s avoir parcouru les chiffres et les tendances, je ne peux pas arriver \u00e0 autre chose qu&rsquo;\u00e0 une baisse \u00e0 deux chiffres pour 2023\u00a0\u00bb, a d\u00e9clar\u00e9 Penn.<\/span><\/span> <span class=\"jCAhz ChMk0b\"><span class=\"ryNqvb\">Ce sera difficile mais c&rsquo;est normal et in\u00e9vitable.\u00a0\u00bb<\/span><\/span> <\/span><\/p>\n<p><span class=\"HwtZe\" lang=\"fr\"><span class=\"jCAhz ChMk0b\"><span class=\"ryNqvb\">Penn a maintenant fait ses pr\u00e9visions pour 2023 avec des chiffres extr\u00eames \u00e0 la hausse et la baisse.<\/span><\/span> <\/span><\/p>\n<p><span class=\"HwtZe\" lang=\"fr\"><span class=\"jCAhz ChMk0b\"><span class=\"ryNqvb\">Du c\u00f4t\u00e9 haussier, si le ralentissement touche rapidement le fond et que le march\u00e9 commence \u00e0 grimper au 2S23, le mieux que Penn puisse voir est une contraction du march\u00e9 de 17 % en 2023.<\/span><\/span> <span class=\"jCAhz ChMk0b\"><span class=\"ryNqvb\">Si le ralentissement est plus profond et plus prolong\u00e9 et que le retournement du march\u00e9 se produit tard en 2023 ou est repouss\u00e9 \u00e0 2024, Penn pense que la contraction pourrait atteindre 26 %.<\/span><\/span><\/span><\/p>\n<p><span class=\"HwtZe\" lang=\"fr\"><span class=\"jCAhz ChMk0b\"><span class=\"ryNqvb\">Pour 2022, Penn a pr\u00e9dit une croissance positive de 4 %.<\/span><\/span> <span class=\"jCAhz ChMk0b\"><span class=\"ryNqvb\">En l&rsquo;absence de chiffres pour d\u00e9cembre 2022, les statistiques du commerce mondial des semiconducteurs (WSTS) n&rsquo;ont pas \u00e9t\u00e9 en mesure de confirmer \u00e0 quel point il avait \u00e9t\u00e9 pr\u00e9cis.<\/span><\/span> <span class=\"jCAhz ChMk0b\"><span class=\"ryNqvb\">Les chiffres de d\u00e9cembre sont attendus au d\u00e9but de f\u00e9vrier, mais il semble que l&rsquo;ann\u00e9e compl\u00e8te ne verra qu&rsquo;une croissance annuelle de 2 ou 3 %.<\/span><\/span> <\/span><\/p>\n<h2><span class=\"HwtZe\" lang=\"fr\"><span class=\"jCAhz ChMk0b\"><span class=\"ryNqvb\">Cyclicit\u00e9<\/span><\/span> <\/span><\/h2>\n<p><span class=\"HwtZe\" lang=\"fr\"><span class=\"jCAhz ChMk0b\"><span class=\"ryNqvb\">Penn a ajout\u00e9 que la cyclicit\u00e9 de l&rsquo;industrie des semiconducteurs est profonde et aliment\u00e9e par le fait que les d\u00e9lais pour la construction de wafer fabs sont de l&rsquo;ordre de quelques ann\u00e9es alors que les commandes de puces peuvent \u00eatre augment\u00e9es et supprim\u00e9es presque instantan\u00e9ment.<\/span><\/span> <span class=\"jCAhz ChMk0b\"><span class=\"ryNqvb\">Il y a eu deux mod\u00e8les de d\u00e9penses en capital dans le pass\u00e9, a d\u00e9clar\u00e9 Penn.<\/span><\/span> <span class=\"jCAhz ChMk0b\"><span class=\"ryNqvb\">\u00ab\u00a0Le renforcement des capacit\u00e9s en fonction des pr\u00e9visions du march\u00e9 entra\u00eene une offre exc\u00e9dentaire. La construction de capacit\u00e9s en fonction de la demande m\u00e8ne \u00e0 la p\u00e9nurie.\u00a0\u00bb<\/span><\/span><\/span><\/p>\n<h3 class=\"title\"><a title=\"Future Horizons pr\u00e9voit une baisse du march\u00e9 de 22% en 2023 contre 4% selon le WSTS. Qui a raison?\" href=\"https:\/\/www.ecinews.fr\/fr\/future-horizons-prevoit-une-baisse-du-marche-de-22-en-2023-contre-4-selon-le-wsts-qui-a-raison\/\" target=\"_blank\" rel=\"noopener\">Future Horizons pr\u00e9voit une baisse du march\u00e9 de 22% en 2023 contre 4% selon le WSTS. Qui a raison?<\/a><\/h3>\n<p><span class=\"HwtZe\" lang=\"fr\"><span class=\"jCAhz ChMk0b\"><span class=\"ryNqvb\">Penn a d\u00e9clar\u00e9 que l&rsquo;industrie avait fait ce dernier chois ce qui a conduit \u00e0 la crise de la cha\u00eene d&rsquo;approvisionnement.<\/span><\/span> <span class=\"jCAhz ChMk0b\"><span class=\"ryNqvb\">L&rsquo;industrie a ensuite bascul\u00e9 et s&rsquo;est lanc\u00e9e dans une vague de construction de wafer fabs, ce qui va mener \u00e0 une offre exc\u00e9dentaire au moment o\u00f9 la demande s&rsquo;effondre.<\/span><\/span> <span class=\"jCAhz ChMk0b\"><span class=\"ryNqvb\">\u00ab\u00a0Nous avons besoin d&rsquo;un nouveau mod\u00e8le o\u00f9 les OEMs partagent le risque commercial des d\u00e9penses en capital\u00a0\u00bb, a d\u00e9clar\u00e9 Penn.<\/span><\/span> <\/span><\/p>\n<p><span class=\"HwtZe\" lang=\"fr\"><span class=\"jCAhz ChMk0b\"><span class=\"ryNqvb\">\u00ab\u00a0Les dirigeants de l&rsquo;industrie des semiconducteurs doivent faire mieux. Vous n&rsquo;avez pas vu les fabricants de papier toilette se pr\u00e9cipiter pour construire de nouvelles usines pendant la p\u00e9nurie de Covid-19. Ils savaient que la forte demande \u00e9tait une bulle passag\u00e8re.\u00a0\u00bb<\/span><\/span><\/span><\/p>\n<p><span class=\"HwtZe\" lang=\"fr\"><span class=\"jCAhz ChMk0b\"><span class=\"ryNqvb\">L&rsquo;industrie vient tout juste de commencer \u00e0 reconna\u00eetre que 2023 sera n\u00e9gatif &#8211; mais pas encore l&rsquo;ampleur de la chute.<\/span><\/span> <span class=\"jCAhz ChMk0b\"><span class=\"ryNqvb\">Mais de mauvaises nouvelles continuent de faire surface en termes de suppressions d&#8217;emplois, a d\u00e9clar\u00e9 Penn.<\/span><\/span> <\/span><\/p>\n<p><span class=\"HwtZe\" lang=\"fr\"><span class=\"jCAhz ChMk0b\"><span class=\"ryNqvb\">Penn a ajout\u00e9 qu&rsquo;il \u00e9tait trop t\u00f4t pour parler de 2024, mais en l&rsquo;absence d&rsquo;autres influences inhabituelles, le march\u00e9 reviendrait \u00e0 une faible croissance en pourcentage \u00e0 un chiffre.<\/span><\/span> <\/span><\/p>\n<p><span class=\"HwtZe\" lang=\"fr\"><span class=\"jCAhz ChMk0b\"><span class=\"ryNqvb\">En conclusion, Penn a d\u00e9clar\u00e9 : \u00ab\u00a0Le dix-septi\u00e8me cycle baissier de l&rsquo;industrie bat son plein. Effondrement de la demande coupl\u00e9 \u00e0 une augmentation de la capacit\u00e9 de fabrication et, maintenant, \u00e0 un ralentissement \u00e9conomique mondial.\u00a0\u00bb<\/span><\/span> <span class=\"jCAhz ChMk0b\"><span class=\"ryNqvb\">Mais dans un ton plus optimiste, il a ajout\u00e9: \u00ab\u00a0Il est temps de commencer \u00e0 planifier la prochaine reprise maintenant. La dix-septi\u00e8me reprise de l&rsquo;industrie approche \u00e0 grands pas.\u00a0\u00bb<\/span><\/span><\/span><\/p>\n<h4>Related links and articles:<\/h4>\n<p><a href=\"http:\/\/www.futurehorizons.com\">www.futurehorizons.com<\/a><\/p>\n<h4>Autres articles:<\/h4>\n<p class=\"title\"><a title=\"Future Horizons pr\u00e9voit une baisse du march\u00e9 de 22% en 2023 contre 4% selon le WSTS. Qui a raison?\" href=\"https:\/\/www.ecinews.fr\/fr\/future-horizons-prevoit-une-baisse-du-marche-de-22-en-2023-contre-4-selon-le-wsts-qui-a-raison\/\" target=\"_blank\" rel=\"noopener\">Future Horizons pr\u00e9voit une baisse du march\u00e9 de 22% en 2023 contre 4% selon le WSTS. Qui a raison?<\/a><\/p>\n<p><a title=\"Les r\u00e9sultats financiers montrent la faiblesse du march\u00e9 des semiconducteurs\" href=\"https:\/\/www.ecinews.fr\/fr\/les-resultats-financiers-montrent-la-faiblesse-du-marche-des-semiconducteurs\/\" target=\"_blank\" rel=\"noopener\">Les r\u00e9sultats financiers montrent la faiblesse du march\u00e9 des semiconducteurs<\/a><\/p>\n<p><a href=\"https:\/\/www.eenewseurope.com\/en\/global-chip-market-flat-in-2022-intel-slumped\/\">Global chip market flat in 2022, Intel slumped<\/a><\/p>\n<p><a href=\"https:\/\/www.eenewseurope.com\/en\/chip-market-crash-arrives-worse-than-expected\/\">Chip market crash arrives \u2013 worse than expected<\/a><\/p>\n","protected":false},"excerpt":{"rendered":"<p>Le march\u00e9 mondial des puces reste sur la voie d&rsquo;une contraction de 22 % en 2023, selon Malcolm Penn et son organisation Future Horizons.<\/p>\n","protected":false},"author":4,"featured_media":400740,"comment_status":"closed","ping_status":"closed","sticky":true,"template":"","format":"standard","meta":{"_acf_changed":false,"footnotes":""},"categories":[888],"tags":[2608,2609,906,1558],"domains":[47],"ppma_author":[1136],"class_list":["post-411376","post","type-post","status-publish","format-standard","has-post-thumbnail","hentry","category-marche","tag-analogiques","tag-memoires","tag-mpus-mcus-fr","tag-semiconducteurs","domains-electronique-eci"],"acf":[],"yoast_head":"<title>Les semiconducteurs en chute de plus de 20% en 2023 selon Penn ...<\/title>\n<meta name=\"description\" content=\"Le march\u00e9 mondial des puces reste sur la voie d&#039;une contraction de 22 % en 2023, selon Malcolm Penn et son organisation Future Horizons.\" \/>\n<meta name=\"robots\" content=\"index, follow, max-snippet:-1, max-image-preview:large, max-video-preview:-1\" \/>\n<link rel=\"canonical\" href=\"https:\/\/www.ecinews.fr\/fr\/wp-json\/wp\/v2\/posts\/411376\/\" \/>\n<meta property=\"og:locale\" content=\"fr_FR\" \/>\n<meta property=\"og:type\" content=\"article\" \/>\n<meta property=\"og:title\" content=\"Le march\u00e9 des semiconducteurs en chute de plus de 20% en 2023 selon Penn\" \/>\n<meta property=\"og:description\" content=\"Le march\u00e9 mondial des puces reste sur la voie d&#039;une contraction de 22 % en 2023, selon Malcolm Penn et son organisation Future Horizons.\" \/>\n<meta property=\"og:url\" content=\"https:\/\/www.ecinews.fr\/fr\/wp-json\/wp\/v2\/posts\/411376\/\" \/>\n<meta property=\"og:site_name\" content=\"EENewsEurope\" \/>\n<meta property=\"article:published_time\" content=\"2023-01-21T17:37:19+00:00\" \/>\n<meta property=\"article:modified_time\" content=\"2023-01-22T17:46:21+00:00\" \/>\n<meta property=\"og:image\" content=\"https:\/\/www.ecinews.fr\/wp-content\/uploads\/2022\/10\/Crash630.jpg\" \/>\n\t<meta property=\"og:image:width\" content=\"630\" \/>\n\t<meta property=\"og:image:height\" content=\"420\" \/>\n\t<meta property=\"og:image:type\" content=\"image\/jpeg\" \/>\n<meta name=\"author\" content=\"Peter Clarke\" \/>\n<meta name=\"twitter:card\" content=\"summary_large_image\" \/>\n<meta name=\"twitter:label1\" content=\"Written by\" \/>\n\t<meta name=\"twitter:data1\" content=\"Peter Clarke\" \/>\n\t<meta name=\"twitter:label2\" content=\"Est. reading time\" \/>\n\t<meta name=\"twitter:data2\" content=\"4 minutes\" \/>\n<script type=\"application\/ld+json\" class=\"yoast-schema-graph\">{\"@context\":\"https:\/\/schema.org\",\"@graph\":[{\"@type\":\"Article\",\"@id\":\"https:\/\/www.ecinews.fr\/fr\/le-marche-des-semiconducteurs-en-chute-de-plus-de-20-en-2023-selon-penn\/#article\",\"isPartOf\":{\"@id\":\"https:\/\/www.ecinews.fr\/fr\/le-marche-des-semiconducteurs-en-chute-de-plus-de-20-en-2023-selon-penn\/\"},\"author\":{\"name\":\"Peter Clarke\",\"@id\":\"https:\/\/www.ecinews.fr\/fr\/#\/schema\/person\/bb22de2055b3a18f1d32a11e52b4a304\"},\"headline\":\"Le march\u00e9 des semiconducteurs en chute de plus de 20% en 2023 selon Penn\",\"datePublished\":\"2023-01-21T17:37:19+00:00\",\"dateModified\":\"2023-01-22T17:46:21+00:00\",\"mainEntityOfPage\":{\"@id\":\"https:\/\/www.ecinews.fr\/fr\/le-marche-des-semiconducteurs-en-chute-de-plus-de-20-en-2023-selon-penn\/\"},\"wordCount\":881,\"publisher\":{\"@id\":\"https:\/\/www.ecinews.fr\/fr\/#organization\"},\"keywords\":[\"Analogiques\",\"M\u00e9moires\",\"MPUs\/MCUs\",\"Semiconducteurs\"],\"articleSection\":[\"March\u00e9\"],\"inLanguage\":\"fr-FR\"},{\"@type\":\"WebPage\",\"@id\":\"https:\/\/www.ecinews.fr\/fr\/le-marche-des-semiconducteurs-en-chute-de-plus-de-20-en-2023-selon-penn\/\",\"url\":\"https:\/\/www.ecinews.fr\/fr\/le-marche-des-semiconducteurs-en-chute-de-plus-de-20-en-2023-selon-penn\/\",\"name\":\"Les semiconducteurs en chute de plus de 20% en 2023 selon Penn\",\"isPartOf\":{\"@id\":\"https:\/\/www.ecinews.fr\/fr\/#website\"},\"datePublished\":\"2023-01-21T17:37:19+00:00\",\"dateModified\":\"2023-01-22T17:46:21+00:00\",\"description\":\"Le march\u00e9 mondial des puces reste sur la voie d'une contraction de 22 % en 2023, selon Malcolm Penn et son organisation Future Horizons.\",\"breadcrumb\":{\"@id\":\"https:\/\/www.ecinews.fr\/fr\/le-marche-des-semiconducteurs-en-chute-de-plus-de-20-en-2023-selon-penn\/#breadcrumb\"},\"inLanguage\":\"fr-FR\",\"potentialAction\":[{\"@type\":\"ReadAction\",\"target\":[\"https:\/\/www.ecinews.fr\/fr\/le-marche-des-semiconducteurs-en-chute-de-plus-de-20-en-2023-selon-penn\/\"]}]},{\"@type\":\"BreadcrumbList\",\"@id\":\"https:\/\/www.ecinews.fr\/fr\/le-marche-des-semiconducteurs-en-chute-de-plus-de-20-en-2023-selon-penn\/#breadcrumb\",\"itemListElement\":[{\"@type\":\"ListItem\",\"position\":1,\"name\":\"Home\",\"item\":\"https:\/\/www.ecinews.fr\/fr\/\"},{\"@type\":\"ListItem\",\"position\":2,\"name\":\"Le march\u00e9 des semiconducteurs en chute de plus de 20% en 2023 selon Penn\"}]},{\"@type\":\"WebSite\",\"@id\":\"https:\/\/www.ecinews.fr\/fr\/#website\",\"url\":\"https:\/\/www.ecinews.fr\/fr\/\",\"name\":\"EENewsEurope\",\"description\":\"Just another WordPress site\",\"publisher\":{\"@id\":\"https:\/\/www.ecinews.fr\/fr\/#organization\"},\"potentialAction\":[{\"@type\":\"SearchAction\",\"target\":{\"@type\":\"EntryPoint\",\"urlTemplate\":\"https:\/\/www.ecinews.fr\/fr\/?s={search_term_string}\"},\"query-input\":\"required name=search_term_string\"}],\"inLanguage\":\"fr-FR\"},{\"@type\":\"Organization\",\"@id\":\"https:\/\/www.ecinews.fr\/fr\/#organization\",\"name\":\"EENewsEurope\",\"url\":\"https:\/\/www.ecinews.fr\/fr\/\",\"logo\":{\"@type\":\"ImageObject\",\"inLanguage\":\"fr-FR\",\"@id\":\"https:\/\/www.ecinews.fr\/fr\/#\/schema\/logo\/image\/\",\"url\":\"https:\/\/www.ecinews.fr\/wp-content\/uploads\/2022\/02\/logo-1.jpg\",\"contentUrl\":\"https:\/\/www.ecinews.fr\/wp-content\/uploads\/2022\/02\/logo-1.jpg\",\"width\":283,\"height\":113,\"caption\":\"EENewsEurope\"},\"image\":{\"@id\":\"https:\/\/www.ecinews.fr\/fr\/#\/schema\/logo\/image\/\"}},{\"@type\":\"Person\",\"@id\":\"https:\/\/www.ecinews.fr\/fr\/#\/schema\/person\/bb22de2055b3a18f1d32a11e52b4a304\",\"name\":\"Peter Clarke\",\"image\":{\"@type\":\"ImageObject\",\"inLanguage\":\"fr-FR\",\"@id\":\"https:\/\/www.ecinews.fr\/fr\/#\/schema\/person\/image\/4b5bba5d58c6f51f0a8ea21c3dda4274\",\"url\":\"https:\/\/secure.gravatar.com\/avatar\/d567d206cb92a682963201f296594da4?s=96&d=mm&r=g\",\"contentUrl\":\"https:\/\/secure.gravatar.com\/avatar\/d567d206cb92a682963201f296594da4?s=96&d=mm&r=g\",\"caption\":\"Peter Clarke\"}}]}<\/script>","yoast_head_json":{"title":"Les semiconducteurs en chute de plus de 20% en 2023 selon Penn ...","description":"Le march\u00e9 mondial des puces reste sur la voie d'une contraction de 22 % en 2023, selon Malcolm Penn et son organisation Future Horizons.","robots":{"index":"index","follow":"follow","max-snippet":"max-snippet:-1","max-image-preview":"max-image-preview:large","max-video-preview":"max-video-preview:-1"},"canonical":"https:\/\/www.ecinews.fr\/fr\/wp-json\/wp\/v2\/posts\/411376\/","og_locale":"fr_FR","og_type":"article","og_title":"Le march\u00e9 des semiconducteurs en chute de plus de 20% en 2023 selon Penn","og_description":"Le march\u00e9 mondial des puces reste sur la voie d'une contraction de 22 % en 2023, selon Malcolm Penn et son organisation Future Horizons.","og_url":"https:\/\/www.ecinews.fr\/fr\/wp-json\/wp\/v2\/posts\/411376\/","og_site_name":"EENewsEurope","article_published_time":"2023-01-21T17:37:19+00:00","article_modified_time":"2023-01-22T17:46:21+00:00","og_image":[{"width":630,"height":420,"url":"https:\/\/www.ecinews.fr\/wp-content\/uploads\/2022\/10\/Crash630.jpg","type":"image\/jpeg"}],"author":"Peter Clarke","twitter_card":"summary_large_image","twitter_misc":{"Written by":"Peter Clarke","Est. reading time":"4 minutes"},"schema":{"@context":"https:\/\/schema.org","@graph":[{"@type":"Article","@id":"https:\/\/www.ecinews.fr\/fr\/le-marche-des-semiconducteurs-en-chute-de-plus-de-20-en-2023-selon-penn\/#article","isPartOf":{"@id":"https:\/\/www.ecinews.fr\/fr\/le-marche-des-semiconducteurs-en-chute-de-plus-de-20-en-2023-selon-penn\/"},"author":{"name":"Peter Clarke","@id":"https:\/\/www.ecinews.fr\/fr\/#\/schema\/person\/bb22de2055b3a18f1d32a11e52b4a304"},"headline":"Le march\u00e9 des semiconducteurs en chute de plus de 20% en 2023 selon Penn","datePublished":"2023-01-21T17:37:19+00:00","dateModified":"2023-01-22T17:46:21+00:00","mainEntityOfPage":{"@id":"https:\/\/www.ecinews.fr\/fr\/le-marche-des-semiconducteurs-en-chute-de-plus-de-20-en-2023-selon-penn\/"},"wordCount":881,"publisher":{"@id":"https:\/\/www.ecinews.fr\/fr\/#organization"},"keywords":["Analogiques","M\u00e9moires","MPUs\/MCUs","Semiconducteurs"],"articleSection":["March\u00e9"],"inLanguage":"fr-FR"},{"@type":"WebPage","@id":"https:\/\/www.ecinews.fr\/fr\/le-marche-des-semiconducteurs-en-chute-de-plus-de-20-en-2023-selon-penn\/","url":"https:\/\/www.ecinews.fr\/fr\/le-marche-des-semiconducteurs-en-chute-de-plus-de-20-en-2023-selon-penn\/","name":"Les semiconducteurs en chute de plus de 20% en 2023 selon Penn","isPartOf":{"@id":"https:\/\/www.ecinews.fr\/fr\/#website"},"datePublished":"2023-01-21T17:37:19+00:00","dateModified":"2023-01-22T17:46:21+00:00","description":"Le march\u00e9 mondial des puces reste sur la voie d'une contraction de 22 % en 2023, selon Malcolm Penn et son organisation Future Horizons.","breadcrumb":{"@id":"https:\/\/www.ecinews.fr\/fr\/le-marche-des-semiconducteurs-en-chute-de-plus-de-20-en-2023-selon-penn\/#breadcrumb"},"inLanguage":"fr-FR","potentialAction":[{"@type":"ReadAction","target":["https:\/\/www.ecinews.fr\/fr\/le-marche-des-semiconducteurs-en-chute-de-plus-de-20-en-2023-selon-penn\/"]}]},{"@type":"BreadcrumbList","@id":"https:\/\/www.ecinews.fr\/fr\/le-marche-des-semiconducteurs-en-chute-de-plus-de-20-en-2023-selon-penn\/#breadcrumb","itemListElement":[{"@type":"ListItem","position":1,"name":"Home","item":"https:\/\/www.ecinews.fr\/fr\/"},{"@type":"ListItem","position":2,"name":"Le march\u00e9 des semiconducteurs en chute de plus de 20% en 2023 selon Penn"}]},{"@type":"WebSite","@id":"https:\/\/www.ecinews.fr\/fr\/#website","url":"https:\/\/www.ecinews.fr\/fr\/","name":"EENewsEurope","description":"Just another WordPress site","publisher":{"@id":"https:\/\/www.ecinews.fr\/fr\/#organization"},"potentialAction":[{"@type":"SearchAction","target":{"@type":"EntryPoint","urlTemplate":"https:\/\/www.ecinews.fr\/fr\/?s={search_term_string}"},"query-input":"required name=search_term_string"}],"inLanguage":"fr-FR"},{"@type":"Organization","@id":"https:\/\/www.ecinews.fr\/fr\/#organization","name":"EENewsEurope","url":"https:\/\/www.ecinews.fr\/fr\/","logo":{"@type":"ImageObject","inLanguage":"fr-FR","@id":"https:\/\/www.ecinews.fr\/fr\/#\/schema\/logo\/image\/","url":"https:\/\/www.ecinews.fr\/wp-content\/uploads\/2022\/02\/logo-1.jpg","contentUrl":"https:\/\/www.ecinews.fr\/wp-content\/uploads\/2022\/02\/logo-1.jpg","width":283,"height":113,"caption":"EENewsEurope"},"image":{"@id":"https:\/\/www.ecinews.fr\/fr\/#\/schema\/logo\/image\/"}},{"@type":"Person","@id":"https:\/\/www.ecinews.fr\/fr\/#\/schema\/person\/bb22de2055b3a18f1d32a11e52b4a304","name":"Peter Clarke","image":{"@type":"ImageObject","inLanguage":"fr-FR","@id":"https:\/\/www.ecinews.fr\/fr\/#\/schema\/person\/image\/4b5bba5d58c6f51f0a8ea21c3dda4274","url":"https:\/\/secure.gravatar.com\/avatar\/d567d206cb92a682963201f296594da4?s=96&d=mm&r=g","contentUrl":"https:\/\/secure.gravatar.com\/avatar\/d567d206cb92a682963201f296594da4?s=96&d=mm&r=g","caption":"Peter Clarke"}}]}},"authors":[{"term_id":1136,"user_id":4,"is_guest":0,"slug":"clarke","display_name":"Peter Clarke","avatar_url":"https:\/\/secure.gravatar.com\/avatar\/d567d206cb92a682963201f296594da4?s=96&d=mm&r=g","0":null,"1":"","2":"","3":"","4":"","5":"","6":"","7":"","8":""}],"_links":{"self":[{"href":"https:\/\/www.ecinews.fr\/fr\/wp-json\/wp\/v2\/posts\/411376"}],"collection":[{"href":"https:\/\/www.ecinews.fr\/fr\/wp-json\/wp\/v2\/posts"}],"about":[{"href":"https:\/\/www.ecinews.fr\/fr\/wp-json\/wp\/v2\/types\/post"}],"author":[{"embeddable":true,"href":"https:\/\/www.ecinews.fr\/fr\/wp-json\/wp\/v2\/users\/4"}],"replies":[{"embeddable":true,"href":"https:\/\/www.ecinews.fr\/fr\/wp-json\/wp\/v2\/comments?post=411376"}],"version-history":[{"count":0,"href":"https:\/\/www.ecinews.fr\/fr\/wp-json\/wp\/v2\/posts\/411376\/revisions"}],"wp:featuredmedia":[{"embeddable":true,"href":"https:\/\/www.ecinews.fr\/fr\/wp-json\/wp\/v2\/media\/400740"}],"wp:attachment":[{"href":"https:\/\/www.ecinews.fr\/fr\/wp-json\/wp\/v2\/media?parent=411376"}],"wp:term":[{"taxonomy":"category","embeddable":true,"href":"https:\/\/www.ecinews.fr\/fr\/wp-json\/wp\/v2\/categories?post=411376"},{"taxonomy":"post_tag","embeddable":true,"href":"https:\/\/www.ecinews.fr\/fr\/wp-json\/wp\/v2\/tags?post=411376"},{"taxonomy":"domains","embeddable":true,"href":"https:\/\/www.ecinews.fr\/fr\/wp-json\/wp\/v2\/domains?post=411376"},{"taxonomy":"author","embeddable":true,"href":"https:\/\/www.ecinews.fr\/fr\/wp-json\/wp\/v2\/ppma_author?post=411376"}],"curies":[{"name":"wp","href":"https:\/\/api.w.org\/{rel}","templated":true}]}}