{"id":411276,"date":"2023-01-19T19:18:54","date_gmt":"2023-01-19T18:18:54","guid":{"rendered":"https:\/\/www.ecinews.fr\/?p=411276"},"modified":"2023-01-19T19:18:54","modified_gmt":"2023-01-19T18:18:54","slug":"changement-de-pdg-chez-dspace-dr-carsten-hoff-succede-a-martin-goetzeler","status":"publish","type":"post","link":"https:\/\/www.ecinews.fr\/fr\/changement-de-pdg-chez-dspace-dr-carsten-hoff-succede-a-martin-goetzeler\/","title":{"rendered":"Changement de PDG chez dSPACE: Dr. Carsten Hoff succ\u00e8de \u00e0 Martin Goetzeler"},"content":{"rendered":"<p>Le 17 avril 2023, le Dr. Carsten Hoff (49 ans) deviendra le nouveau PDG du groupe dSPACE, succ\u00e9dant \u00e0 Martin Goetzeler (60 ans), qui quitte son poste \u00e0 sa demande et pour des raisons personnelles. Afin d&rsquo;assurer une transition en douceur, Martin Goetzeler restera \u00e0 la disposition du nouveau PDG \u00e0 titre consultatif apr\u00e8s le 17 avril 2023.<br \/>\nLe Dr. Carsten Hoff est un dirigeant tr\u00e8s exp\u00e9riment\u00e9 qui convient parfaitement aux t\u00e2ches qui l&rsquo;attendent chez dSPACE. Il est issu d&rsquo;un milieu centr\u00e9 sur la recherche et le d\u00e9veloppement, avec un dipl\u00f4me en g\u00e9nie \u00e9lectrique et un doctorat en informatique. Il a une exp\u00e9rience de gestion internationale et conna\u00eet bien dSPACE et les produits de la soci\u00e9t\u00e9. Le Dr. Carsten Hoff est actuellement directeur g\u00e9n\u00e9ral de CLAAS E-Systems. Avant cela, il a occup\u00e9 diff\u00e9rents postes de direction chez le fournisseur automobile HELLA. Il mettra \u00e0 profit la vaste exp\u00e9rience qu&rsquo;il a acquise dans ses fonctions pr\u00e9c\u00e9dentes pour donner une impulsion strat\u00e9gique \u00e0 dSPACE et continuer \u00e0 faire avancer les nouveaux sujets de la simulation et de la validation bas\u00e9es sur les logiciels.<\/p>\n<p>\u00a0\u00bb Je suis tr\u00e8s heureux de rejoindre la soci\u00e9t\u00e9 dSPACE. Je suis tr\u00e8s impressionn\u00e9 par le d\u00e9veloppement de l&rsquo;entreprise et le r\u00f4le de dSPACE dans l&rsquo;industrie automobile. Les valeurs que d\u00e9fend l&rsquo;entreprise familiale dSPACE m&rsquo;ont convaincues \u00ab\u00a0, a d\u00e9clar\u00e9 le Dr Carsten Hoff.<\/p>\n<p>\u00a0\u00bb Avec le Dr. Carsten Hoff, c&rsquo;est un manager exp\u00e9riment\u00e9 au niveau international et techniquement comp\u00e9tent, qui conna\u00eet parfaitement les d\u00e9fis actuels de nos march\u00e9s cibles, qui prend la barre &#8211; je lui souhaite un bon d\u00e9part dans l&rsquo;entreprise et avec nos clients \u00ab\u00a0, a d\u00e9clar\u00e9 le Dr. Herbert Hanselmann, fondateur et actionnaire de dSPACE.<\/p>\n<p>\u00a0\u00bb Sous la direction r\u00e9ussie de Martin Goetzeler, dSPACE a durablement renforc\u00e9 sa position sur le march\u00e9 en fixant un cap d\u00e9cisif en termes d&rsquo;expansion coh\u00e9rente du portefeuille, de mondialisation et de structures orient\u00e9es vers l&rsquo;avenir. En d\u00e9veloppant continuellement les investissements futurs et l&rsquo;\u00e9quipe, il a r\u00e9ussi \u00e0 poursuivre le grand taux de croissance \u00e0 un niveau \u00e9lev\u00e9 de ventes dans des ann\u00e9es difficiles \u00ab\u00a0, a d\u00e9clar\u00e9 le Dr Herbert Hanselmann, ajoutant : \u00a0\u00bb nous regrettons mais respectons la d\u00e9cision de Martin Goetzeler. Je tiens \u00e0 le remercier express\u00e9ment pour son importante contribution, son engagement extraordinaire et l&rsquo;\u00e9troite collaboration bas\u00e9e sur la confiance.\u00a0\u00bb<\/p>\n<p>\u00ab\u00a0Ces cinq ann\u00e9es ont \u00e9t\u00e9 passionnantes. L&rsquo;excellente et \u00e9troite coop\u00e9ration avec l&rsquo;ensemble de l&rsquo;\u00e9quipe dSPACE, nos clients et partenaires, ainsi que la famille des actionnaires, a \u00e9t\u00e9 la cl\u00e9 du succ\u00e8s et de la motivation \u00e0 tout moment. Je tiens \u00e0 remercier chaleureusement tout le monde pour cela\u00a0\u00bb, a d\u00e9clar\u00e9 Martin Goetzeler. \u00ab\u00a0Apr\u00e8s une carri\u00e8re professionnelle \u00e9panouissante, je souhaite \u00e0 l&rsquo;avenir consacrer plus de temps \u00e0 mes t\u00e2ches et int\u00e9r\u00eats personnels et familiaux. Je souhaite \u00e0 mon successeur et \u00e0 tous les employ\u00e9s de dSPACE les comp\u00e9tences n\u00e9cessaires, beaucoup de succ\u00e8s et le meilleur pour l&rsquo;avenir \u00ab\u00a0, a d\u00e9clar\u00e9 Martin Goetzeler.<\/p>\n<p>Martin Goetzeler dirige la soci\u00e9t\u00e9 dSPACE depuis le 1<sup>er<\/sup> mars 2018. Les expansions du portefeuille dans la simulation et la validation virtuelles et r\u00e9elles pour couvrir les exigences du march\u00e9 et des clients en temps voulu, en particulier dans la conduite automatis\u00e9e et autonome et dans le v\u00e9hicule d\u00e9fini par logiciel ont \u00e9t\u00e9 des \u00e9tapes importantes au cours de cette p\u00e9riode. Outre la grande importance de la simulation Software-In-the-Loop dans ce processus, des technologies telles que l&rsquo;IA et le cloud sont d\u00e9sormais \u00e9galement utilis\u00e9es dans les produits. Dans le m\u00eame temps, il a syst\u00e9matiquement mis en place des structures et des processus pour assurer durablement la forte croissance mondiale.<\/p>\n<p><strong>De gauche \u00e0 droite sur la photo :<\/strong> <em>Le Dr. Herbert Hanselmann, fondateur et actionnaire de dSPACE, le Dr. Carsten Hoff and Martin Goetzeler.<\/em><\/p>\n","protected":false},"excerpt":{"rendered":"<p>Le 17 avril 2023, le Dr. Carsten Hoff (49 ans) deviendra le nouveau PDG du groupe dSPACE, succ\u00e9dant \u00e0 Martin Goetzeler (60 ans), qui quitte son poste \u00e0 sa demande et pour des raisons personnelles. Afin d&rsquo;assurer une transition en douceur, Martin Goetzeler restera \u00e0 la disposition du nouveau PDG \u00e0 titre consultatif apr\u00e8s le [&hellip;]<\/p>\n","protected":false},"author":36,"featured_media":411277,"comment_status":"closed","ping_status":"closed","sticky":false,"template":"","format":"standard","meta":{"_acf_changed":false,"footnotes":""},"categories":[886],"tags":[],"domains":[47],"ppma_author":[1154],"class_list":["post-411276","post","type-post","status-publish","format-standard","has-post-thumbnail","hentry","category-news-fr","domains-electronique-eci"],"acf":[],"yoast_head":"<title>Changement de PDG chez dSPACE: Dr. Carsten Hoff succ\u00e8de \u00e0 Mar...<\/title>\n<meta name=\"description\" content=\"Le 17 avril 2023, le Dr. Carsten Hoff (49 ans) deviendra le nouveau PDG du groupe dSPACE, succ\u00e9dant \u00e0 Martin Goetzeler (60 ans), qui quitte son poste \u00e0 sa...\" \/>\n<meta name=\"robots\" content=\"index, follow, max-snippet:-1, max-image-preview:large, max-video-preview:-1\" \/>\n<link rel=\"canonical\" href=\"https:\/\/www.ecinews.fr\/fr\/wp-json\/wp\/v2\/posts\/411276\/\" \/>\n<meta property=\"og:locale\" content=\"fr_FR\" \/>\n<meta property=\"og:type\" content=\"article\" \/>\n<meta property=\"og:title\" content=\"Changement de PDG chez dSPACE: Dr. Carsten Hoff succ\u00e8de \u00e0 Martin Goetzeler\" \/>\n<meta property=\"og:description\" content=\"Le 17 avril 2023, le Dr. Carsten Hoff (49 ans) deviendra le nouveau PDG du groupe dSPACE, succ\u00e9dant \u00e0 Martin Goetzeler (60 ans), qui quitte son poste \u00e0 sa demande et pour des raisons personnelles. Afin d&rsquo;assurer une transition en douceur, Martin Goetzeler restera \u00e0 la disposition du nouveau PDG \u00e0 titre consultatif apr\u00e8s le [&hellip;]\" \/>\n<meta property=\"og:url\" content=\"https:\/\/www.ecinews.fr\/fr\/wp-json\/wp\/v2\/posts\/411276\/\" \/>\n<meta property=\"og:site_name\" content=\"EENewsEurope\" \/>\n<meta property=\"article:published_time\" content=\"2023-01-19T18:18:54+00:00\" \/>\n<meta property=\"og:image\" content=\"https:\/\/cdn.eenewseurope.com\/wp-content\/uploads\/2023\/01\/ECI1655_CEO_dSPACE-scaled.jpg\" \/>\n\t<meta property=\"og:image:width\" content=\"1080\" \/>\n\t<meta property=\"og:image:height\" content=\"608\" \/>\n\t<meta property=\"og:image:type\" content=\"image\/jpeg\" \/>\n<meta name=\"author\" content=\"Alain Dieul\" \/>\n<meta name=\"twitter:card\" content=\"summary_large_image\" \/>\n<meta name=\"twitter:label1\" content=\"Written by\" \/>\n\t<meta name=\"twitter:data1\" content=\"Alain Dieul\" \/>\n\t<meta name=\"twitter:label2\" content=\"Est. reading time\" \/>\n\t<meta name=\"twitter:data2\" content=\"3 minutes\" \/>\n<script type=\"application\/ld+json\" class=\"yoast-schema-graph\">{\"@context\":\"https:\/\/schema.org\",\"@graph\":[{\"@type\":\"Article\",\"@id\":\"https:\/\/cdn.eenewseurope.com\/fr\/changement-de-pdg-chez-dspace-dr-carsten-hoff-succede-a-martin-goetzeler\/#article\",\"isPartOf\":{\"@id\":\"https:\/\/cdn.eenewseurope.com\/fr\/changement-de-pdg-chez-dspace-dr-carsten-hoff-succede-a-martin-goetzeler\/\"},\"author\":{\"name\":\"Alain Dieul\",\"@id\":\"https:\/\/www.eenewseurope.com\/en\/#\/schema\/person\/e4387676ad67ce722325c7832f3c3762\"},\"headline\":\"Changement de PDG chez dSPACE: Dr. Carsten Hoff succ\u00e8de \u00e0 Martin Goetzeler\",\"datePublished\":\"2023-01-19T18:18:54+00:00\",\"dateModified\":\"2023-01-19T18:18:54+00:00\",\"mainEntityOfPage\":{\"@id\":\"https:\/\/cdn.eenewseurope.com\/fr\/changement-de-pdg-chez-dspace-dr-carsten-hoff-succede-a-martin-goetzeler\/\"},\"wordCount\":682,\"publisher\":{\"@id\":\"https:\/\/www.eenewseurope.com\/en\/#organization\"},\"articleSection\":[\"Actualit\u00e9 g\u00e9n\u00e9rale\"],\"inLanguage\":\"fr-FR\"},{\"@type\":\"WebPage\",\"@id\":\"https:\/\/cdn.eenewseurope.com\/fr\/changement-de-pdg-chez-dspace-dr-carsten-hoff-succede-a-martin-goetzeler\/\",\"url\":\"https:\/\/cdn.eenewseurope.com\/fr\/changement-de-pdg-chez-dspace-dr-carsten-hoff-succede-a-martin-goetzeler\/\",\"name\":\"Changement de PDG chez dSPACE: Dr. Carsten Hoff succ\u00e8de \u00e0 Martin Goetzeler -\",\"isPartOf\":{\"@id\":\"https:\/\/www.eenewseurope.com\/en\/#website\"},\"datePublished\":\"2023-01-19T18:18:54+00:00\",\"dateModified\":\"2023-01-19T18:18:54+00:00\",\"breadcrumb\":{\"@id\":\"https:\/\/cdn.eenewseurope.com\/fr\/changement-de-pdg-chez-dspace-dr-carsten-hoff-succede-a-martin-goetzeler\/#breadcrumb\"},\"inLanguage\":\"fr-FR\",\"potentialAction\":[{\"@type\":\"ReadAction\",\"target\":[\"https:\/\/cdn.eenewseurope.com\/fr\/changement-de-pdg-chez-dspace-dr-carsten-hoff-succede-a-martin-goetzeler\/\"]}]},{\"@type\":\"BreadcrumbList\",\"@id\":\"https:\/\/cdn.eenewseurope.com\/fr\/changement-de-pdg-chez-dspace-dr-carsten-hoff-succede-a-martin-goetzeler\/#breadcrumb\",\"itemListElement\":[{\"@type\":\"ListItem\",\"position\":1,\"name\":\"Home\",\"item\":\"https:\/\/www.ecinews.fr\/fr\/\"},{\"@type\":\"ListItem\",\"position\":2,\"name\":\"Changement de PDG chez dSPACE: Dr. Carsten Hoff succ\u00e8de \u00e0 Martin Goetzeler\"}]},{\"@type\":\"WebSite\",\"@id\":\"https:\/\/www.eenewseurope.com\/en\/#website\",\"url\":\"https:\/\/www.eenewseurope.com\/en\/\",\"name\":\"EENewsEurope\",\"description\":\"Just another WordPress site\",\"publisher\":{\"@id\":\"https:\/\/www.eenewseurope.com\/en\/#organization\"},\"potentialAction\":[{\"@type\":\"SearchAction\",\"target\":{\"@type\":\"EntryPoint\",\"urlTemplate\":\"https:\/\/www.eenewseurope.com\/en\/?s={search_term_string}\"},\"query-input\":\"required name=search_term_string\"}],\"inLanguage\":\"fr-FR\"},{\"@type\":\"Organization\",\"@id\":\"https:\/\/www.eenewseurope.com\/en\/#organization\",\"name\":\"EENewsEurope\",\"url\":\"https:\/\/www.eenewseurope.com\/en\/\",\"logo\":{\"@type\":\"ImageObject\",\"inLanguage\":\"fr-FR\",\"@id\":\"https:\/\/www.eenewseurope.com\/en\/#\/schema\/logo\/image\/\",\"url\":\"https:\/\/www.ecinews.fr\/wp-content\/uploads\/2022\/02\/logo-1.jpg\",\"contentUrl\":\"https:\/\/www.ecinews.fr\/wp-content\/uploads\/2022\/02\/logo-1.jpg\",\"width\":283,\"height\":113,\"caption\":\"EENewsEurope\"},\"image\":{\"@id\":\"https:\/\/www.eenewseurope.com\/en\/#\/schema\/logo\/image\/\"}},{\"@type\":\"Person\",\"@id\":\"https:\/\/www.eenewseurope.com\/en\/#\/schema\/person\/e4387676ad67ce722325c7832f3c3762\",\"name\":\"Alain Dieul\",\"image\":{\"@type\":\"ImageObject\",\"inLanguage\":\"fr-FR\",\"@id\":\"https:\/\/www.eenewseurope.com\/en\/#\/schema\/person\/image\/736120675699dbbf0f0f282b9a9cfb75\",\"url\":\"https:\/\/secure.gravatar.com\/avatar\/bc93b056d07515be5b8eecd4acf49c5c?s=96&d=mm&r=g\",\"contentUrl\":\"https:\/\/secure.gravatar.com\/avatar\/bc93b056d07515be5b8eecd4acf49c5c?s=96&d=mm&r=g\",\"caption\":\"Alain Dieul\"},\"sameAs\":[\"http:\/\/ECINews\"]}]}<\/script>","yoast_head_json":{"title":"Changement de PDG chez dSPACE: Dr. Carsten Hoff succ\u00e8de \u00e0 Mar...","description":"Le 17 avril 2023, le Dr. Carsten Hoff (49 ans) deviendra le nouveau PDG du groupe dSPACE, succ\u00e9dant \u00e0 Martin Goetzeler (60 ans), qui quitte son poste \u00e0 sa...","robots":{"index":"index","follow":"follow","max-snippet":"max-snippet:-1","max-image-preview":"max-image-preview:large","max-video-preview":"max-video-preview:-1"},"canonical":"https:\/\/www.ecinews.fr\/fr\/wp-json\/wp\/v2\/posts\/411276\/","og_locale":"fr_FR","og_type":"article","og_title":"Changement de PDG chez dSPACE: Dr. Carsten Hoff succ\u00e8de \u00e0 Martin Goetzeler","og_description":"Le 17 avril 2023, le Dr. Carsten Hoff (49 ans) deviendra le nouveau PDG du groupe dSPACE, succ\u00e9dant \u00e0 Martin Goetzeler (60 ans), qui quitte son poste \u00e0 sa demande et pour des raisons personnelles. Afin d&rsquo;assurer une transition en douceur, Martin Goetzeler restera \u00e0 la disposition du nouveau PDG \u00e0 titre consultatif apr\u00e8s le [&hellip;]","og_url":"https:\/\/www.ecinews.fr\/fr\/wp-json\/wp\/v2\/posts\/411276\/","og_site_name":"EENewsEurope","article_published_time":"2023-01-19T18:18:54+00:00","og_image":[{"width":1080,"height":608,"url":"https:\/\/cdn.eenewseurope.com\/wp-content\/uploads\/2023\/01\/ECI1655_CEO_dSPACE-scaled.jpg","type":"image\/jpeg"}],"author":"Alain Dieul","twitter_card":"summary_large_image","twitter_misc":{"Written by":"Alain Dieul","Est. reading time":"3 minutes"},"schema":{"@context":"https:\/\/schema.org","@graph":[{"@type":"Article","@id":"https:\/\/cdn.eenewseurope.com\/fr\/changement-de-pdg-chez-dspace-dr-carsten-hoff-succede-a-martin-goetzeler\/#article","isPartOf":{"@id":"https:\/\/cdn.eenewseurope.com\/fr\/changement-de-pdg-chez-dspace-dr-carsten-hoff-succede-a-martin-goetzeler\/"},"author":{"name":"Alain Dieul","@id":"https:\/\/www.eenewseurope.com\/en\/#\/schema\/person\/e4387676ad67ce722325c7832f3c3762"},"headline":"Changement de PDG chez dSPACE: Dr. Carsten Hoff succ\u00e8de \u00e0 Martin Goetzeler","datePublished":"2023-01-19T18:18:54+00:00","dateModified":"2023-01-19T18:18:54+00:00","mainEntityOfPage":{"@id":"https:\/\/cdn.eenewseurope.com\/fr\/changement-de-pdg-chez-dspace-dr-carsten-hoff-succede-a-martin-goetzeler\/"},"wordCount":682,"publisher":{"@id":"https:\/\/www.eenewseurope.com\/en\/#organization"},"articleSection":["Actualit\u00e9 g\u00e9n\u00e9rale"],"inLanguage":"fr-FR"},{"@type":"WebPage","@id":"https:\/\/cdn.eenewseurope.com\/fr\/changement-de-pdg-chez-dspace-dr-carsten-hoff-succede-a-martin-goetzeler\/","url":"https:\/\/cdn.eenewseurope.com\/fr\/changement-de-pdg-chez-dspace-dr-carsten-hoff-succede-a-martin-goetzeler\/","name":"Changement de PDG chez dSPACE: Dr. Carsten Hoff succ\u00e8de \u00e0 Martin Goetzeler -","isPartOf":{"@id":"https:\/\/www.eenewseurope.com\/en\/#website"},"datePublished":"2023-01-19T18:18:54+00:00","dateModified":"2023-01-19T18:18:54+00:00","breadcrumb":{"@id":"https:\/\/cdn.eenewseurope.com\/fr\/changement-de-pdg-chez-dspace-dr-carsten-hoff-succede-a-martin-goetzeler\/#breadcrumb"},"inLanguage":"fr-FR","potentialAction":[{"@type":"ReadAction","target":["https:\/\/cdn.eenewseurope.com\/fr\/changement-de-pdg-chez-dspace-dr-carsten-hoff-succede-a-martin-goetzeler\/"]}]},{"@type":"BreadcrumbList","@id":"https:\/\/cdn.eenewseurope.com\/fr\/changement-de-pdg-chez-dspace-dr-carsten-hoff-succede-a-martin-goetzeler\/#breadcrumb","itemListElement":[{"@type":"ListItem","position":1,"name":"Home","item":"https:\/\/www.ecinews.fr\/fr\/"},{"@type":"ListItem","position":2,"name":"Changement de PDG chez dSPACE: Dr. Carsten Hoff succ\u00e8de \u00e0 Martin Goetzeler"}]},{"@type":"WebSite","@id":"https:\/\/www.eenewseurope.com\/en\/#website","url":"https:\/\/www.eenewseurope.com\/en\/","name":"EENewsEurope","description":"Just another WordPress site","publisher":{"@id":"https:\/\/www.eenewseurope.com\/en\/#organization"},"potentialAction":[{"@type":"SearchAction","target":{"@type":"EntryPoint","urlTemplate":"https:\/\/www.eenewseurope.com\/en\/?s={search_term_string}"},"query-input":"required name=search_term_string"}],"inLanguage":"fr-FR"},{"@type":"Organization","@id":"https:\/\/www.eenewseurope.com\/en\/#organization","name":"EENewsEurope","url":"https:\/\/www.eenewseurope.com\/en\/","logo":{"@type":"ImageObject","inLanguage":"fr-FR","@id":"https:\/\/www.eenewseurope.com\/en\/#\/schema\/logo\/image\/","url":"https:\/\/www.ecinews.fr\/wp-content\/uploads\/2022\/02\/logo-1.jpg","contentUrl":"https:\/\/www.ecinews.fr\/wp-content\/uploads\/2022\/02\/logo-1.jpg","width":283,"height":113,"caption":"EENewsEurope"},"image":{"@id":"https:\/\/www.eenewseurope.com\/en\/#\/schema\/logo\/image\/"}},{"@type":"Person","@id":"https:\/\/www.eenewseurope.com\/en\/#\/schema\/person\/e4387676ad67ce722325c7832f3c3762","name":"Alain Dieul","image":{"@type":"ImageObject","inLanguage":"fr-FR","@id":"https:\/\/www.eenewseurope.com\/en\/#\/schema\/person\/image\/736120675699dbbf0f0f282b9a9cfb75","url":"https:\/\/secure.gravatar.com\/avatar\/bc93b056d07515be5b8eecd4acf49c5c?s=96&d=mm&r=g","contentUrl":"https:\/\/secure.gravatar.com\/avatar\/bc93b056d07515be5b8eecd4acf49c5c?s=96&d=mm&r=g","caption":"Alain Dieul"},"sameAs":["http:\/\/ECINews"]}]}},"authors":[{"term_id":1154,"user_id":36,"is_guest":0,"slug":"alain-dieul","display_name":"Alain Dieul","avatar_url":"https:\/\/secure.gravatar.com\/avatar\/bc93b056d07515be5b8eecd4acf49c5c?s=96&d=mm&r=g","0":null,"1":"","2":"","3":"","4":"","5":"","6":"","7":"","8":""}],"_links":{"self":[{"href":"https:\/\/www.ecinews.fr\/fr\/wp-json\/wp\/v2\/posts\/411276"}],"collection":[{"href":"https:\/\/www.ecinews.fr\/fr\/wp-json\/wp\/v2\/posts"}],"about":[{"href":"https:\/\/www.ecinews.fr\/fr\/wp-json\/wp\/v2\/types\/post"}],"author":[{"embeddable":true,"href":"https:\/\/www.ecinews.fr\/fr\/wp-json\/wp\/v2\/users\/36"}],"replies":[{"embeddable":true,"href":"https:\/\/www.ecinews.fr\/fr\/wp-json\/wp\/v2\/comments?post=411276"}],"version-history":[{"count":0,"href":"https:\/\/www.ecinews.fr\/fr\/wp-json\/wp\/v2\/posts\/411276\/revisions"}],"wp:featuredmedia":[{"embeddable":true,"href":"https:\/\/www.ecinews.fr\/fr\/wp-json\/wp\/v2\/media\/411277"}],"wp:attachment":[{"href":"https:\/\/www.ecinews.fr\/fr\/wp-json\/wp\/v2\/media?parent=411276"}],"wp:term":[{"taxonomy":"category","embeddable":true,"href":"https:\/\/www.ecinews.fr\/fr\/wp-json\/wp\/v2\/categories?post=411276"},{"taxonomy":"post_tag","embeddable":true,"href":"https:\/\/www.ecinews.fr\/fr\/wp-json\/wp\/v2\/tags?post=411276"},{"taxonomy":"domains","embeddable":true,"href":"https:\/\/www.ecinews.fr\/fr\/wp-json\/wp\/v2\/domains?post=411276"},{"taxonomy":"author","embeddable":true,"href":"https:\/\/www.ecinews.fr\/fr\/wp-json\/wp\/v2\/ppma_author?post=411276"}],"curies":[{"name":"wp","href":"https:\/\/api.w.org\/{rel}","templated":true}]}}