{"id":411125,"date":"2023-01-18T19:23:15","date_gmt":"2023-01-18T18:23:15","guid":{"rendered":"https:\/\/www.ecinews.fr\/?p=411125"},"modified":"2023-01-18T19:23:15","modified_gmt":"2023-01-18T18:23:15","slug":"computer-on-modules-equipes-de-processeurs-intel-core-13e-gen","status":"publish","type":"post","link":"https:\/\/www.ecinews.fr\/fr\/computer-on-modules-equipes-de-processeurs-intel-core-13e-gen\/","title":{"rendered":"Computer-on-Modules \u00e9quip\u00e9s de processeurs Intel Core 13e Gen"},"content":{"rendered":"<p>Congatec annonce la disponibilit\u00e9 des Computer-on-Modules COM-HPC et COM Express bas\u00e9s sur les processeurs Intel Core haut de gamme de 13<sup>e<\/sup> g\u00e9n\u00e9ration en BGA. congatec pr\u00e9voit l\u2019augmentation rapide et massive de la production en s\u00e9rie de projets OEM bas\u00e9es sur ces nouveaux modules, car les nouveaux processeurs \u00e0 longue dur\u00e9e de vie apportent d\u2019importantes am\u00e9liorations dans de nombreuses fonctionnalit\u00e9s tout en \u00e9tant enti\u00e8rement compatibles avec les pr\u00e9d\u00e9cesseurs, ce qui rend la mise en \u0153uvre tr\u00e8s rapide et facile. Avec Thunderbolt et le support PCIe am\u00e9lior\u00e9 jusqu&rsquo;\u00e0 Gen5, les modules bas\u00e9s sur la nouvelle norme COM-HPC ouvrent de nouveaux horizons aux d\u00e9veloppeurs en termes de d\u00e9bit de donn\u00e9es, de bande passante d&rsquo;E\/S et de densit\u00e9 de performance. Les modules conformes \u00e0 la norme COM Express 3.1 contribuent principalement \u00e0 s\u00e9curiser les investissements dans les projets OEM existants, qui inclut des options de mise \u00e0 niveau pour un d\u00e9bit de donn\u00e9es plus important gr\u00e2ce au support PCIe Gen4.<\/p>\n<p>Les nouveaux Computer-on-Modules COM-HPC et COM Express permettent un gain de performance allant jusqu&rsquo;\u00e0 8 % en single thread<sup>[1]<\/sup> et jusqu&rsquo;\u00e0 5 % en multithread<sup>[1]<\/sup> des processeurs Intel Core de 13<sup>e<\/sup> g\u00e9n\u00e9ration soud\u00e9s par rapport aux processeurs Intel Core de 12<sup>e<\/sup> g\u00e9n\u00e9ration. Ce gain de performances s&rsquo;accompagne d&rsquo;une efficacit\u00e9 \u00e9nerg\u00e9tique nettement sup\u00e9rieure gr\u00e2ce \u00e0 l\u2019am\u00e9lioration du processus de fabrication. La prise en charge de la m\u00e9moire DDR5 et la connectivit\u00e9 PCIe Gen5, sur certaines SKU, sont \u00e9galement nouvelles dans cette cat\u00e9gorie de performances (15-45 W Base Power). Ces deux \u00e9l\u00e9ments contribuent \u00e0 am\u00e9liorer encore les performances multithread et le d\u00e9bit de donn\u00e9es. Avec jusqu&rsquo;\u00e0 80 UE et des capacit\u00e9s de codage et de d\u00e9codage ultra-rapides, l\u2019architecture graphique int\u00e9gr\u00e9e Intel Iris Xe est parfaitement adapt\u00e9e aux exigences graphiques accrues telles que celles que l&rsquo;on trouve dans les applications de diffusion vid\u00e9o et de connaissance situationnelle bas\u00e9es sur des donn\u00e9es vid\u00e9o. Toutes ces caract\u00e9ristiques apportent des am\u00e9liorations significatives dans un large \u00e9ventail d&rsquo;applications industrielles, m\u00e9dicales, d&rsquo;intelligence artificielle (IA) et d&rsquo;apprentissage automatique (ML), ainsi que dans tous les types d&rsquo;informatique embarqu\u00e9e et edge avec consolidation de la charge de travail.<\/p>\n<p>\u00ab\u00a0Les nombreuses ameliorations des processeurs Intel Core de 13<sup>e<\/sup> g\u00e9n\u00e9ration contribuent \u00e0 rendre ces nouvelles g\u00e9n\u00e9rations de Computer-on-Modules vraiment exceptionnelles. Ils permettent \u00e0 l&rsquo;industrie de mettre instantan\u00e9ment \u00e0 niveau des solutions informatiques embarqu\u00e9es et edge haut de gamme d\u00e9j\u00e0 existantes, ce qui rend ce lancement si extraordinairement significatif pour tous nos clients OEM et nos partenaires revendeurs \u00e0 valeur ajout\u00e9e\u00a0\u00bb, explique J\u00fcrgen Jungbauer, Senior Product Line Manager chez congatec.<\/p>\n<p>[1] <u>R\u00e9sultats estim\u00e9s comparant le processeur Intel\u00ae Core\u2122 i7-13800HE au processeur Intel\u00ae Core\u2122 i7-12800HE de la g\u00e9n\u00e9ration pr\u00e9c\u00e9dente sont bas\u00e9s sur SPECrate2017_int_base (1-copie et n-copie) utilisant le compilateur InteI version 2021.2.<\/u><\/p>\n<p><a title=\"www.congatec.com\/en\/technologies\/13th-gen-intel-core-computer-on-modules\/\" href=\"http:\/\/www.congatec.com\/en\/technologies\/13th-gen-intel-core-computer-on-modules\/\">www.congatec.com\/en\/technologies\/13th-gen-intel-core-computer-on-modules\/<\/a><\/p>\n<p>&nbsp;<\/p>\n","protected":false},"excerpt":{"rendered":"<p>Congatec annonce la disponibilit\u00e9 des Computer-on-Modules COM-HPC et COM Express bas\u00e9s sur les processeurs Intel Core haut de gamme de 13e g\u00e9n\u00e9ration en BGA. congatec pr\u00e9voit l\u2019augmentation rapide et massive de la production en s\u00e9rie de projets OEM bas\u00e9es sur ces nouveaux modules, car les nouveaux processeurs \u00e0 longue dur\u00e9e de vie apportent d\u2019importantes am\u00e9liorations [&hellip;]<\/p>\n","protected":false},"author":36,"featured_media":411126,"comment_status":"closed","ping_status":"closed","sticky":false,"template":"","format":"standard","meta":{"_acf_changed":false,"footnotes":""},"categories":[881],"tags":[894],"domains":[47],"ppma_author":[1154],"class_list":["post-411125","post","type-post","status-publish","format-standard","has-post-thumbnail","hentry","category-nouveaux-produits","tag-boards-embedded-cards-fr","domains-electronique-eci"],"acf":[],"yoast_head":"<title>Computer-on-Modules \u00e9quip\u00e9s de processeurs Intel Core 13e Gen ...<\/title>\n<meta name=\"description\" content=\"Congatec annonce la disponibilit\u00e9 des Computer-on-Modules COM-HPC et COM Express bas\u00e9s sur les processeurs Intel Core haut de gamme de 13e g\u00e9n\u00e9ration en...\" \/>\n<meta name=\"robots\" content=\"index, follow, max-snippet:-1, max-image-preview:large, max-video-preview:-1\" \/>\n<link rel=\"canonical\" href=\"https:\/\/www.ecinews.fr\/fr\/wp-json\/wp\/v2\/posts\/411125\/\" \/>\n<meta property=\"og:locale\" content=\"fr_FR\" \/>\n<meta property=\"og:type\" content=\"article\" \/>\n<meta property=\"og:title\" content=\"Computer-on-Modules \u00e9quip\u00e9s de processeurs Intel Core 13e Gen\" \/>\n<meta property=\"og:description\" content=\"Congatec annonce la disponibilit\u00e9 des Computer-on-Modules COM-HPC et COM Express bas\u00e9s sur les processeurs Intel Core haut de gamme de 13e g\u00e9n\u00e9ration en BGA. congatec pr\u00e9voit l\u2019augmentation rapide et massive de la production en s\u00e9rie de projets OEM bas\u00e9es sur ces nouveaux modules, car les nouveaux processeurs \u00e0 longue dur\u00e9e de vie apportent d\u2019importantes am\u00e9liorations [&hellip;]\" \/>\n<meta property=\"og:url\" content=\"https:\/\/www.ecinews.fr\/fr\/wp-json\/wp\/v2\/posts\/411125\/\" \/>\n<meta property=\"og:site_name\" content=\"EENewsEurope\" \/>\n<meta property=\"article:published_time\" content=\"2023-01-18T18:23:15+00:00\" \/>\n<meta property=\"og:image\" content=\"https:\/\/test.ecinews.fr\/wp-content\/uploads\/2023\/01\/ECI1634_congatec-scaled.jpg\" \/>\n\t<meta property=\"og:image:width\" content=\"1080\" \/>\n\t<meta property=\"og:image:height\" content=\"720\" \/>\n\t<meta property=\"og:image:type\" content=\"image\/jpeg\" \/>\n<meta name=\"author\" content=\"Alain Dieul\" \/>\n<meta name=\"twitter:card\" content=\"summary_large_image\" \/>\n<meta name=\"twitter:label1\" content=\"Written by\" \/>\n\t<meta name=\"twitter:data1\" content=\"Alain Dieul\" \/>\n\t<meta name=\"twitter:label2\" content=\"Est. reading time\" \/>\n\t<meta name=\"twitter:data2\" content=\"2 minutes\" \/>\n<script type=\"application\/ld+json\" class=\"yoast-schema-graph\">{\"@context\":\"https:\/\/schema.org\",\"@graph\":[{\"@type\":\"Article\",\"@id\":\"https:\/\/test.ecinews.fr\/fr\/computer-on-modules-equipes-de-processeurs-intel-core-13e-gen\/#article\",\"isPartOf\":{\"@id\":\"https:\/\/test.ecinews.fr\/fr\/computer-on-modules-equipes-de-processeurs-intel-core-13e-gen\/\"},\"author\":{\"name\":\"Alain Dieul\",\"@id\":\"https:\/\/www.eenewseurope.com\/en\/#\/schema\/person\/e4387676ad67ce722325c7832f3c3762\"},\"headline\":\"Computer-on-Modules \u00e9quip\u00e9s de processeurs Intel Core 13e Gen\",\"datePublished\":\"2023-01-18T18:23:15+00:00\",\"dateModified\":\"2023-01-18T18:23:15+00:00\",\"mainEntityOfPage\":{\"@id\":\"https:\/\/test.ecinews.fr\/fr\/computer-on-modules-equipes-de-processeurs-intel-core-13e-gen\/\"},\"wordCount\":527,\"publisher\":{\"@id\":\"https:\/\/www.eenewseurope.com\/en\/#organization\"},\"keywords\":[\"Boards &amp; Embedded Cards\"],\"articleSection\":[\"Nouveaux produits\"],\"inLanguage\":\"fr-FR\"},{\"@type\":\"WebPage\",\"@id\":\"https:\/\/test.ecinews.fr\/fr\/computer-on-modules-equipes-de-processeurs-intel-core-13e-gen\/\",\"url\":\"https:\/\/test.ecinews.fr\/fr\/computer-on-modules-equipes-de-processeurs-intel-core-13e-gen\/\",\"name\":\"Computer-on-Modules \u00e9quip\u00e9s de processeurs Intel Core 13e Gen -\",\"isPartOf\":{\"@id\":\"https:\/\/www.eenewseurope.com\/en\/#website\"},\"datePublished\":\"2023-01-18T18:23:15+00:00\",\"dateModified\":\"2023-01-18T18:23:15+00:00\",\"breadcrumb\":{\"@id\":\"https:\/\/test.ecinews.fr\/fr\/computer-on-modules-equipes-de-processeurs-intel-core-13e-gen\/#breadcrumb\"},\"inLanguage\":\"fr-FR\",\"potentialAction\":[{\"@type\":\"ReadAction\",\"target\":[\"https:\/\/test.ecinews.fr\/fr\/computer-on-modules-equipes-de-processeurs-intel-core-13e-gen\/\"]}]},{\"@type\":\"BreadcrumbList\",\"@id\":\"https:\/\/test.ecinews.fr\/fr\/computer-on-modules-equipes-de-processeurs-intel-core-13e-gen\/#breadcrumb\",\"itemListElement\":[{\"@type\":\"ListItem\",\"position\":1,\"name\":\"Home\",\"item\":\"https:\/\/www.ecinews.fr\/fr\/\"},{\"@type\":\"ListItem\",\"position\":2,\"name\":\"Computer-on-Modules \u00e9quip\u00e9s de processeurs Intel Core 13e Gen\"}]},{\"@type\":\"WebSite\",\"@id\":\"https:\/\/www.eenewseurope.com\/en\/#website\",\"url\":\"https:\/\/www.eenewseurope.com\/en\/\",\"name\":\"EENewsEurope\",\"description\":\"Just another WordPress site\",\"publisher\":{\"@id\":\"https:\/\/www.eenewseurope.com\/en\/#organization\"},\"potentialAction\":[{\"@type\":\"SearchAction\",\"target\":{\"@type\":\"EntryPoint\",\"urlTemplate\":\"https:\/\/www.eenewseurope.com\/en\/?s={search_term_string}\"},\"query-input\":\"required name=search_term_string\"}],\"inLanguage\":\"fr-FR\"},{\"@type\":\"Organization\",\"@id\":\"https:\/\/www.eenewseurope.com\/en\/#organization\",\"name\":\"EENewsEurope\",\"url\":\"https:\/\/www.eenewseurope.com\/en\/\",\"logo\":{\"@type\":\"ImageObject\",\"inLanguage\":\"fr-FR\",\"@id\":\"https:\/\/www.eenewseurope.com\/en\/#\/schema\/logo\/image\/\",\"url\":\"https:\/\/www.ecinews.fr\/wp-content\/uploads\/2022\/02\/logo-1.jpg\",\"contentUrl\":\"https:\/\/www.ecinews.fr\/wp-content\/uploads\/2022\/02\/logo-1.jpg\",\"width\":283,\"height\":113,\"caption\":\"EENewsEurope\"},\"image\":{\"@id\":\"https:\/\/www.eenewseurope.com\/en\/#\/schema\/logo\/image\/\"}},{\"@type\":\"Person\",\"@id\":\"https:\/\/www.eenewseurope.com\/en\/#\/schema\/person\/e4387676ad67ce722325c7832f3c3762\",\"name\":\"Alain Dieul\",\"image\":{\"@type\":\"ImageObject\",\"inLanguage\":\"fr-FR\",\"@id\":\"https:\/\/www.eenewseurope.com\/en\/#\/schema\/person\/image\/736120675699dbbf0f0f282b9a9cfb75\",\"url\":\"https:\/\/secure.gravatar.com\/avatar\/bc93b056d07515be5b8eecd4acf49c5c?s=96&d=mm&r=g\",\"contentUrl\":\"https:\/\/secure.gravatar.com\/avatar\/bc93b056d07515be5b8eecd4acf49c5c?s=96&d=mm&r=g\",\"caption\":\"Alain Dieul\"},\"sameAs\":[\"http:\/\/ECINews\"]}]}<\/script>","yoast_head_json":{"title":"Computer-on-Modules \u00e9quip\u00e9s de processeurs Intel Core 13e Gen ...","description":"Congatec annonce la disponibilit\u00e9 des Computer-on-Modules COM-HPC et COM Express bas\u00e9s sur les processeurs Intel Core haut de gamme de 13e g\u00e9n\u00e9ration en...","robots":{"index":"index","follow":"follow","max-snippet":"max-snippet:-1","max-image-preview":"max-image-preview:large","max-video-preview":"max-video-preview:-1"},"canonical":"https:\/\/www.ecinews.fr\/fr\/wp-json\/wp\/v2\/posts\/411125\/","og_locale":"fr_FR","og_type":"article","og_title":"Computer-on-Modules \u00e9quip\u00e9s de processeurs Intel Core 13e Gen","og_description":"Congatec annonce la disponibilit\u00e9 des Computer-on-Modules COM-HPC et COM Express bas\u00e9s sur les processeurs Intel Core haut de gamme de 13e g\u00e9n\u00e9ration en BGA. congatec pr\u00e9voit l\u2019augmentation rapide et massive de la production en s\u00e9rie de projets OEM bas\u00e9es sur ces nouveaux modules, car les nouveaux processeurs \u00e0 longue dur\u00e9e de vie apportent d\u2019importantes am\u00e9liorations [&hellip;]","og_url":"https:\/\/www.ecinews.fr\/fr\/wp-json\/wp\/v2\/posts\/411125\/","og_site_name":"EENewsEurope","article_published_time":"2023-01-18T18:23:15+00:00","og_image":[{"width":1080,"height":720,"url":"https:\/\/test.ecinews.fr\/wp-content\/uploads\/2023\/01\/ECI1634_congatec-scaled.jpg","type":"image\/jpeg"}],"author":"Alain Dieul","twitter_card":"summary_large_image","twitter_misc":{"Written by":"Alain Dieul","Est. reading time":"2 minutes"},"schema":{"@context":"https:\/\/schema.org","@graph":[{"@type":"Article","@id":"https:\/\/test.ecinews.fr\/fr\/computer-on-modules-equipes-de-processeurs-intel-core-13e-gen\/#article","isPartOf":{"@id":"https:\/\/test.ecinews.fr\/fr\/computer-on-modules-equipes-de-processeurs-intel-core-13e-gen\/"},"author":{"name":"Alain Dieul","@id":"https:\/\/www.eenewseurope.com\/en\/#\/schema\/person\/e4387676ad67ce722325c7832f3c3762"},"headline":"Computer-on-Modules \u00e9quip\u00e9s de processeurs Intel Core 13e Gen","datePublished":"2023-01-18T18:23:15+00:00","dateModified":"2023-01-18T18:23:15+00:00","mainEntityOfPage":{"@id":"https:\/\/test.ecinews.fr\/fr\/computer-on-modules-equipes-de-processeurs-intel-core-13e-gen\/"},"wordCount":527,"publisher":{"@id":"https:\/\/www.eenewseurope.com\/en\/#organization"},"keywords":["Boards &amp; Embedded Cards"],"articleSection":["Nouveaux produits"],"inLanguage":"fr-FR"},{"@type":"WebPage","@id":"https:\/\/test.ecinews.fr\/fr\/computer-on-modules-equipes-de-processeurs-intel-core-13e-gen\/","url":"https:\/\/test.ecinews.fr\/fr\/computer-on-modules-equipes-de-processeurs-intel-core-13e-gen\/","name":"Computer-on-Modules \u00e9quip\u00e9s de processeurs Intel Core 13e Gen -","isPartOf":{"@id":"https:\/\/www.eenewseurope.com\/en\/#website"},"datePublished":"2023-01-18T18:23:15+00:00","dateModified":"2023-01-18T18:23:15+00:00","breadcrumb":{"@id":"https:\/\/test.ecinews.fr\/fr\/computer-on-modules-equipes-de-processeurs-intel-core-13e-gen\/#breadcrumb"},"inLanguage":"fr-FR","potentialAction":[{"@type":"ReadAction","target":["https:\/\/test.ecinews.fr\/fr\/computer-on-modules-equipes-de-processeurs-intel-core-13e-gen\/"]}]},{"@type":"BreadcrumbList","@id":"https:\/\/test.ecinews.fr\/fr\/computer-on-modules-equipes-de-processeurs-intel-core-13e-gen\/#breadcrumb","itemListElement":[{"@type":"ListItem","position":1,"name":"Home","item":"https:\/\/www.ecinews.fr\/fr\/"},{"@type":"ListItem","position":2,"name":"Computer-on-Modules \u00e9quip\u00e9s de processeurs Intel Core 13e Gen"}]},{"@type":"WebSite","@id":"https:\/\/www.eenewseurope.com\/en\/#website","url":"https:\/\/www.eenewseurope.com\/en\/","name":"EENewsEurope","description":"Just another WordPress site","publisher":{"@id":"https:\/\/www.eenewseurope.com\/en\/#organization"},"potentialAction":[{"@type":"SearchAction","target":{"@type":"EntryPoint","urlTemplate":"https:\/\/www.eenewseurope.com\/en\/?s={search_term_string}"},"query-input":"required name=search_term_string"}],"inLanguage":"fr-FR"},{"@type":"Organization","@id":"https:\/\/www.eenewseurope.com\/en\/#organization","name":"EENewsEurope","url":"https:\/\/www.eenewseurope.com\/en\/","logo":{"@type":"ImageObject","inLanguage":"fr-FR","@id":"https:\/\/www.eenewseurope.com\/en\/#\/schema\/logo\/image\/","url":"https:\/\/www.ecinews.fr\/wp-content\/uploads\/2022\/02\/logo-1.jpg","contentUrl":"https:\/\/www.ecinews.fr\/wp-content\/uploads\/2022\/02\/logo-1.jpg","width":283,"height":113,"caption":"EENewsEurope"},"image":{"@id":"https:\/\/www.eenewseurope.com\/en\/#\/schema\/logo\/image\/"}},{"@type":"Person","@id":"https:\/\/www.eenewseurope.com\/en\/#\/schema\/person\/e4387676ad67ce722325c7832f3c3762","name":"Alain Dieul","image":{"@type":"ImageObject","inLanguage":"fr-FR","@id":"https:\/\/www.eenewseurope.com\/en\/#\/schema\/person\/image\/736120675699dbbf0f0f282b9a9cfb75","url":"https:\/\/secure.gravatar.com\/avatar\/bc93b056d07515be5b8eecd4acf49c5c?s=96&d=mm&r=g","contentUrl":"https:\/\/secure.gravatar.com\/avatar\/bc93b056d07515be5b8eecd4acf49c5c?s=96&d=mm&r=g","caption":"Alain Dieul"},"sameAs":["http:\/\/ECINews"]}]}},"authors":[{"term_id":1154,"user_id":36,"is_guest":0,"slug":"alain-dieul","display_name":"Alain Dieul","avatar_url":"https:\/\/secure.gravatar.com\/avatar\/bc93b056d07515be5b8eecd4acf49c5c?s=96&d=mm&r=g","0":null,"1":"","2":"","3":"","4":"","5":"","6":"","7":"","8":""}],"_links":{"self":[{"href":"https:\/\/www.ecinews.fr\/fr\/wp-json\/wp\/v2\/posts\/411125"}],"collection":[{"href":"https:\/\/www.ecinews.fr\/fr\/wp-json\/wp\/v2\/posts"}],"about":[{"href":"https:\/\/www.ecinews.fr\/fr\/wp-json\/wp\/v2\/types\/post"}],"author":[{"embeddable":true,"href":"https:\/\/www.ecinews.fr\/fr\/wp-json\/wp\/v2\/users\/36"}],"replies":[{"embeddable":true,"href":"https:\/\/www.ecinews.fr\/fr\/wp-json\/wp\/v2\/comments?post=411125"}],"version-history":[{"count":0,"href":"https:\/\/www.ecinews.fr\/fr\/wp-json\/wp\/v2\/posts\/411125\/revisions"}],"wp:featuredmedia":[{"embeddable":true,"href":"https:\/\/www.ecinews.fr\/fr\/wp-json\/wp\/v2\/media\/411126"}],"wp:attachment":[{"href":"https:\/\/www.ecinews.fr\/fr\/wp-json\/wp\/v2\/media?parent=411125"}],"wp:term":[{"taxonomy":"category","embeddable":true,"href":"https:\/\/www.ecinews.fr\/fr\/wp-json\/wp\/v2\/categories?post=411125"},{"taxonomy":"post_tag","embeddable":true,"href":"https:\/\/www.ecinews.fr\/fr\/wp-json\/wp\/v2\/tags?post=411125"},{"taxonomy":"domains","embeddable":true,"href":"https:\/\/www.ecinews.fr\/fr\/wp-json\/wp\/v2\/domains?post=411125"},{"taxonomy":"author","embeddable":true,"href":"https:\/\/www.ecinews.fr\/fr\/wp-json\/wp\/v2\/ppma_author?post=411125"}],"curies":[{"name":"wp","href":"https:\/\/api.w.org\/{rel}","templated":true}]}}