{"id":411004,"date":"2023-01-17T18:48:47","date_gmt":"2023-01-17T17:48:47","guid":{"rendered":"https:\/\/www.eenewseurope.com\/?p=411004"},"modified":"2023-01-17T21:19:18","modified_gmt":"2023-01-17T20:19:18","slug":"marche-mondial-des-puces-plat-en-2022-intel-chute-de-20-pourcent","status":"publish","type":"post","link":"https:\/\/www.ecinews.fr\/fr\/marche-mondial-des-puces-plat-en-2022-intel-chute-de-20-pourcent\/","title":{"rendered":"March\u00e9 mondial des puces en 2022: Intel chute de 20%"},"content":{"rendered":"<h2><span class=\"HwtZe\" lang=\"fr\"><span class=\"jCAhz ChMk0b\"><span class=\"ryNqvb\">Selon Gartner<\/span><\/span><\/span>, l<span class=\"HwtZe\" lang=\"fr\"><span class=\"jCAhz ChMk0b\"><span class=\"ryNqvb\">e march\u00e9 mondial des puces a franchi la barre des 600 milliards de dollars en 2022 avec une hausse annuelle de seulement 1,1 %, tandis que les revenus d&rsquo;Intel ont chut\u00e9 de pr\u00e8s de 20 %<\/span><\/span><\/span><span class=\"HwtZe\" lang=\"fr\"><span class=\"jCAhz ChMk0b\"><span class=\"ryNqvb\">.<\/span><\/span><\/span><\/h2>\n<p><span class=\"HwtZe\" lang=\"fr\"><span class=\"jCAhz ChMk0b\"><span class=\"ryNqvb\">La soci\u00e9t\u00e9 d&rsquo;\u00e9tudes de march\u00e9 a \u00e9t\u00e9 trop optimiste en 2022 avec sa pr\u00e9vision de croissance de 7,4 % en juillet ramen\u00e9e \u00e0 4 % en novembre et n&rsquo;atteignant plus que 1,1 %.<\/span><\/span> <span class=\"jCAhz ChMk0b\"><span class=\"ryNqvb\">Cela n&rsquo;augure rien de bon pour un march\u00e9 qui devrait se contracter en 2023.<\/span><\/span> <span class=\"jCAhz ChMk0b\"><span class=\"ryNqvb\">Selon Gartner, le march\u00e9 des semiconducteurs valait 601,7 milliards de dollars en 2022, contre 595 milliards de dollars en 2021, selon des r\u00e9sultats pr\u00e9liminaires.<\/span><\/span> <span class=\"jCAhz ChMk0b\"><span class=\"ryNqvb\">Le chiffre d&rsquo;affaires combin\u00e9 des 25 principaux fournisseurs de semiconducteurs a augment\u00e9 de 2,8 % en 2022 et repr\u00e9sentait 77,5 % du march\u00e9.<\/span><\/span><\/span><\/p>\n<p><span class=\"HwtZe\" lang=\"fr\"><span class=\"jCAhz ChMk0b\"><span class=\"ryNqvb\">\u00ab 2022 avait commenc\u00e9 avec de nombreux composants semiconducteurs en p\u00e9nurie, ce qui a entra\u00een\u00e9 des d\u00e9lais de livraison prolong\u00e9s et une augmentation des prix, ce qui a entra\u00een\u00e9 une r\u00e9duction de la production d&rsquo;\u00e9quipements \u00e9lectroniques pour de nombreux march\u00e9s finaux. En cons\u00e9quence, les \u00e9quipementiers ont commenc\u00e9 \u00e0 se prot\u00e9ger contre les p\u00e9nuries en accumulant des stocks de puces \u00bb, a d\u00e9clar\u00e9 Andrew Norwood, vice-pr\u00e9sident <\/span><\/span><span class=\"jCAhz ChMk0b\"><span class=\"ryNqvb\">et analyste chez Gartner, dans un communiqu\u00e9.<\/span><\/span> <\/span><\/p>\n<p><span class=\"HwtZe\" lang=\"fr\"><span class=\"jCAhz ChMk0b\"><span class=\"ryNqvb\">\u00ab\u00a0Cependant, au second semestre 2022, l&rsquo;\u00e9conomie mondiale a commenc\u00e9 \u00e0 ralentir sous la pression d&rsquo;une inflation \u00e9lev\u00e9e, de la hausse des taux d&rsquo;int\u00e9r\u00eat, de la hausse des co\u00fbts de l&rsquo;\u00e9nergie et de la poursuite des blocages due au Covid-19 en Chine, qui a eu un impact mondial sur de nombreuses cha\u00eenes d&rsquo;approvisionnement. Les consommateurs ont \u00e9galement commenc\u00e9 \u00e0<\/span><\/span> <span class=\"jCAhz ChMk0b\"><span class=\"ryNqvb\">r\u00e9duire les d\u00e9penses, la demande de PC et de smartphones souffrant, puis les entreprises ont commenc\u00e9<\/span><\/span><\/span><span class=\"HwtZe\" lang=\"fr\"><span class=\"jCAhz ChMk0b\"><span class=\"ryNqvb\"> \u00e0 r\u00e9duire leurs d\u00e9penses en pr\u00e9vision d&rsquo;une r\u00e9cession mondiale, ce qui a eu un impact sur la croissance globale des semiconducteurs.\u00a0\u00bb<\/span><\/span><\/span><\/p>\n<p><span class=\"HwtZe\" lang=\"fr\"><span class=\"jCAhz ChMk0b\"><span class=\"ryNqvb\">Le march\u00e9 \u00e9tait encore quelque peu bipolaire dans sa r\u00e9ponse avec des revenus de m\u00e9moire en baisse de 10 % en 2022 et des revenus non m\u00e9moire en hausse de 5 %.<\/span><\/span><\/span><\/p>\n<h3 class=\"title\"><a title=\"Le march\u00e9 des semiconducteurs fonce vers sa plus grande r\u00e9cession depuis 2000\" href=\"https:\/\/www.ecinews.fr\/fr\/le-marche-des-semiconducteurs-fonce-vers-sa-plus-grande-recession-depuis-2000\/\" target=\"_blank\" rel=\"noopener\">Le march\u00e9 des semiconducteurs fonce vers sa plus grande r\u00e9cession depuis 2000<\/a><\/h3>\n<p>&nbsp;<\/p>\n<div id=\"attachment_410963\" style=\"width: 610px\" class=\"wp-caption alignleft\"><img decoding=\"async\" aria-describedby=\"caption-attachment-410963\" class=\"size-full wp-image-410963 lazyload\" data-src=\"https:\/\/www.eenewseurope.com\/wp-content\/uploads\/2023\/01\/GartnerTable600.jpg\" alt=\"\" width=\"600\" height=\"508\" data-srcset=\"https:\/\/www.ecinews.fr\/wp-content\/uploads\/2023\/01\/GartnerTable600.jpg 600w, https:\/\/www.ecinews.fr\/wp-content\/uploads\/2023\/01\/GartnerTable600-300x254.jpg 300w\" data-sizes=\"(max-width: 600px) 100vw, 600px\" src=\"data:image\/svg+xml;base64,PHN2ZyB3aWR0aD0iMSIgaGVpZ2h0PSIxIiB4bWxucz0iaHR0cDovL3d3dy53My5vcmcvMjAwMC9zdmciPjwvc3ZnPg==\" style=\"--smush-placeholder-width: 600px; --smush-placeholder-aspect-ratio: 600\/508;\" \/><p id=\"caption-attachment-410963\" class=\"wp-caption-text\"><em><strong><span class=\"HwtZe\" lang=\"fr\"><span class=\"jCAhz ChMk0b\"><span class=\"ryNqvb\">Top 10 des fournisseurs de semiconducteurs par chiffre d&rsquo;affaires mondial en 2022 (en millions de dollars am\u00e9ricains).<\/span><\/span> <span class=\"jCAhz ChMk0b\"><span class=\"ryNqvb\">Source : Gartner Inc.<\/span><\/span><\/span><\/strong><\/em><\/p><\/div>\n<p><span class=\"HwtZe\" lang=\"fr\"><span class=\"jCAhz ChMk0b\"><span class=\"ryNqvb\">Samsung Electronics, essentiellement un fabricant de m\u00e9moires, est rest\u00e9 en t\u00eate du classement Gartner, bien que ses revenus de semiconducteurs aient diminu\u00e9 de 10,4 % en 2022, principalement en raison de la baisse des ventes de m\u00e9moires DRAM et de flash NAND.<\/span><\/span> <span class=\"jCAhz ChMk0b\"><span class=\"ryNqvb\">Intel a conserv\u00e9 la position de n \u00b0 2 malgr\u00e9 une baisse encore pire de 19,5% de ses revenus.<\/span><\/span> <span class=\"jCAhz ChMk0b\"><span class=\"ryNqvb\">Intel a \u00e9t\u00e9 touch\u00e9 par le d\u00e9clin du march\u00e9 des PC grand public et la concurrence dans ses activit\u00e9s de processeurs x86.<\/span><\/span> <\/span><\/p>\n<p><span class=\"HwtZe\" lang=\"fr\"><span class=\"jCAhz ChMk0b\"><span class=\"ryNqvb\">La chute d&rsquo;Intel contraste avec la croissance exceptionnelle r\u00e9alis\u00e9e par le fournisseur de processeurs rival AMD, qui a augment\u00e9 ses revenus de 42,9 %.<\/span><\/span> <\/span><\/p>\n<p><span class=\"HwtZe\" lang=\"fr\"><span class=\"jCAhz ChMk0b\"><span class=\"ryNqvb\">Gartner estime que les composants de m\u00e9moire repr\u00e9sentait environ 25 % des ventes de semiconducteurs en 2022 et \u00e9tait la cat\u00e9gorie de composants la moins performante, avec une baisse de 10 % de ses revenus.<\/span><\/span><\/span><\/p>\n<p><span class=\"HwtZe\" lang=\"fr\"><span class=\"jCAhz ChMk0b\"><span class=\"ryNqvb\">Les revenus globaux non li\u00e9s \u00e0 la m\u00e9moire ont augment\u00e9 de 5,3 % en 2022. La plus forte croissance est venue de l&rsquo;analogique avec une augmentation de 19 %, suivie de pr\u00e8s par les composants discrets, en hausse de 15 % par rapport \u00e0 2021. La croissance de l&rsquo;analogique et des discrets a \u00e9t\u00e9 tir\u00e9e par la demande automobile et industrielle.<\/span><\/span> <\/span><\/p>\n<p><span class=\"HwtZe\" lang=\"fr\"><span class=\"jCAhz ChMk0b\"><span class=\"ryNqvb\">Gartner n&rsquo;a pas comment\u00e9 ses pr\u00e9visions pour le march\u00e9 mondial des puces en 2023. En juillet 2022, Gartner pr\u00e9voyait une contraction annuelle de 2,5 % en 2023 et l&rsquo;a port\u00e9 \u00e0 3,6 % en novembre.<\/span><\/span> <span class=\"jCAhz ChMk0b\"><span class=\"ryNqvb\">En revanche, Malcolm Penn, de Future Horizons, pr\u00e9dit une contraction 22 % en 2023 ce qui signifierait une baisse de 120 milliards du march\u00e9 global en 2023.<\/span><\/span> <\/span><\/p>\n<h4><span class=\"HwtZe\" lang=\"fr\"><span class=\"jCAhz ChMk0b\"><span class=\"ryNqvb\">Liens et articles associ\u00e9s\u00a0:<\/span><\/span><\/span><\/h4>\n<h4>\u00a0<\/h4>\n<p><a href=\"http:\/\/www.gartner.com\">www.gartner.com<\/a><\/p>\n<h4>News articles:<\/h4>\n<p class=\"title\"><a title=\"Les soci\u00e9t\u00e9s de semiconducteurs vont d\u00e9penser $500 milliards sur 84 wafer fabs\" href=\"https:\/\/www.ecinews.fr\/fr\/les-societes-de-semiconducteurs-vont-depenser-500-milliards-sur-84-wafer-fabs\/\" target=\"_blank\" rel=\"noopener\">Les soci\u00e9t\u00e9s de semiconducteurs vont d\u00e9penser $500 milliards sur 84 wafer fabs<\/a><\/p>\n<p class=\"title\"><a title=\"La Chine a un plan \u00e0 $143 milliards pour la production de semiconducteurs\" href=\"https:\/\/www.ecinews.fr\/fr\/la-chine-a-un-plan-a-143-milliards-pour-la-production-de-semiconducteurs\/\" target=\"_blank\" rel=\"noopener\">La Chine a un plan \u00e0 $143 milliards pour la production de semiconducteurs<\/a><\/p>\n<p><a href=\"https:\/\/www.eenewseurope.com\/en\/gartner-remains-bullish-on-2023-chip-market-prospects\/\">Gartner remains bullish on 2023 chip market prospects<\/a><\/p>\n<p><a href=\"https:\/\/www.eenewsanalog.com\/en\/chip-market-growth-in-2023-will-be-deeply-negative-says-analyst\/\">Chip market growth in 2023 will be &lsquo;deeply negative&rsquo; says analyst<\/a><\/p>\n","protected":false},"excerpt":{"rendered":"<p>Le march\u00e9 des puces au dessus de $600 milliards en 2022 avec une hausse de seulement 1,1 %, tandis que les revenus d&rsquo;Intel ont chut\u00e9 de 20 %.<\/p>\n","protected":false},"author":34,"featured_media":410967,"comment_status":"closed","ping_status":"closed","sticky":true,"template":"","format":"standard","meta":{"_acf_changed":false,"footnotes":""},"categories":[880],"tags":[2608,2327,2609,1558],"domains":[47],"ppma_author":[1153,1136],"class_list":["post-411004","post","type-post","status-publish","format-standard","has-post-thumbnail","hentry","category-actualites-economiques","tag-analogiques","tag-marche","tag-memoires","tag-semiconducteurs","domains-electronique-eci"],"acf":[],"yoast_head":"<title>March\u00e9 mondial des puces plat en 2022, Intel chute de 20 pourc...<\/title>\n<meta name=\"description\" content=\"Le march\u00e9 des puces au dessus de $600 milliards en 2022 avec une hausse de seulement 1,1 %, tandis que les revenus d&#039;Intel ont chut\u00e9 de 20 %.\" \/>\n<meta name=\"robots\" content=\"index, follow, max-snippet:-1, max-image-preview:large, max-video-preview:-1\" \/>\n<link rel=\"canonical\" href=\"https:\/\/www.ecinews.fr\/fr\/wp-json\/wp\/v2\/posts\/411004\/\" \/>\n<meta property=\"og:locale\" content=\"fr_FR\" \/>\n<meta property=\"og:type\" content=\"article\" \/>\n<meta property=\"og:title\" content=\"March\u00e9 mondial des puces en 2022: Intel chute de 20%\" \/>\n<meta property=\"og:description\" content=\"Le march\u00e9 des puces au dessus de $600 milliards en 2022 avec une hausse de seulement 1,1 %, tandis que les revenus d&#039;Intel ont chut\u00e9 de 20 %.\" \/>\n<meta property=\"og:url\" content=\"https:\/\/www.ecinews.fr\/fr\/wp-json\/wp\/v2\/posts\/411004\/\" \/>\n<meta property=\"og:site_name\" content=\"EENewsEurope\" \/>\n<meta property=\"article:published_time\" content=\"2023-01-17T17:48:47+00:00\" \/>\n<meta property=\"article:modified_time\" content=\"2023-01-17T20:19:18+00:00\" \/>\n<meta property=\"og:image\" content=\"https:\/\/www.ecinews.fr\/wp-content\/uploads\/2023\/01\/Slump630.jpg\" \/>\n\t<meta property=\"og:image:width\" content=\"630\" \/>\n\t<meta property=\"og:image:height\" content=\"371\" \/>\n\t<meta property=\"og:image:type\" content=\"image\/jpeg\" \/>\n<meta name=\"author\" content=\"A Delapalisse, Peter Clarke\" \/>\n<meta name=\"twitter:card\" content=\"summary_large_image\" \/>\n<meta name=\"twitter:label1\" content=\"Written by\" \/>\n\t<meta name=\"twitter:data1\" content=\"A Delapalisse\" \/>\n\t<meta name=\"twitter:label2\" content=\"Est. reading time\" \/>\n\t<meta name=\"twitter:data2\" content=\"4 minutes\" \/>\n<script type=\"application\/ld+json\" class=\"yoast-schema-graph\">{\"@context\":\"https:\/\/schema.org\",\"@graph\":[{\"@type\":\"Article\",\"@id\":\"https:\/\/www.ecinews.fr\/fr\/marche-mondial-des-puces-plat-en-2022-intel-chute-de-20-pourcent\/#article\",\"isPartOf\":{\"@id\":\"https:\/\/www.ecinews.fr\/fr\/marche-mondial-des-puces-plat-en-2022-intel-chute-de-20-pourcent\/\"},\"author\":{\"name\":\"A Delapalisse\",\"@id\":\"https:\/\/www.ecinews.fr\/fr\/#\/schema\/person\/0aa2cfb0bd8949724a68cbac8d8321b4\"},\"headline\":\"March\u00e9 mondial des puces en 2022: Intel chute de 20%\",\"datePublished\":\"2023-01-17T17:48:47+00:00\",\"dateModified\":\"2023-01-17T20:19:18+00:00\",\"mainEntityOfPage\":{\"@id\":\"https:\/\/www.ecinews.fr\/fr\/marche-mondial-des-puces-plat-en-2022-intel-chute-de-20-pourcent\/\"},\"wordCount\":689,\"publisher\":{\"@id\":\"https:\/\/www.ecinews.fr\/fr\/#organization\"},\"keywords\":[\"Analogiques\",\"March\u00e9\",\"M\u00e9moires\",\"Semiconducteurs\"],\"articleSection\":[\"Actualit\u00e9s \u00e9conomiques\"],\"inLanguage\":\"fr-FR\"},{\"@type\":\"WebPage\",\"@id\":\"https:\/\/www.ecinews.fr\/fr\/marche-mondial-des-puces-plat-en-2022-intel-chute-de-20-pourcent\/\",\"url\":\"https:\/\/www.ecinews.fr\/fr\/marche-mondial-des-puces-plat-en-2022-intel-chute-de-20-pourcent\/\",\"name\":\"March\u00e9 mondial des puces plat en 2022, Intel chute de 20 pourcent\",\"isPartOf\":{\"@id\":\"https:\/\/www.ecinews.fr\/fr\/#website\"},\"datePublished\":\"2023-01-17T17:48:47+00:00\",\"dateModified\":\"2023-01-17T20:19:18+00:00\",\"description\":\"Le march\u00e9 des puces au dessus de $600 milliards en 2022 avec une hausse de seulement 1,1 %, tandis que les revenus d'Intel ont chut\u00e9 de 20 %.\",\"breadcrumb\":{\"@id\":\"https:\/\/www.ecinews.fr\/fr\/marche-mondial-des-puces-plat-en-2022-intel-chute-de-20-pourcent\/#breadcrumb\"},\"inLanguage\":\"fr-FR\",\"potentialAction\":[{\"@type\":\"ReadAction\",\"target\":[\"https:\/\/www.ecinews.fr\/fr\/marche-mondial-des-puces-plat-en-2022-intel-chute-de-20-pourcent\/\"]}]},{\"@type\":\"BreadcrumbList\",\"@id\":\"https:\/\/www.ecinews.fr\/fr\/marche-mondial-des-puces-plat-en-2022-intel-chute-de-20-pourcent\/#breadcrumb\",\"itemListElement\":[{\"@type\":\"ListItem\",\"position\":1,\"name\":\"Home\",\"item\":\"https:\/\/www.ecinews.fr\/fr\/\"},{\"@type\":\"ListItem\",\"position\":2,\"name\":\"March\u00e9 mondial des puces en 2022: Intel chute de 20%\"}]},{\"@type\":\"WebSite\",\"@id\":\"https:\/\/www.ecinews.fr\/fr\/#website\",\"url\":\"https:\/\/www.ecinews.fr\/fr\/\",\"name\":\"EENewsEurope\",\"description\":\"Just another WordPress site\",\"publisher\":{\"@id\":\"https:\/\/www.ecinews.fr\/fr\/#organization\"},\"potentialAction\":[{\"@type\":\"SearchAction\",\"target\":{\"@type\":\"EntryPoint\",\"urlTemplate\":\"https:\/\/www.ecinews.fr\/fr\/?s={search_term_string}\"},\"query-input\":\"required name=search_term_string\"}],\"inLanguage\":\"fr-FR\"},{\"@type\":\"Organization\",\"@id\":\"https:\/\/www.ecinews.fr\/fr\/#organization\",\"name\":\"EENewsEurope\",\"url\":\"https:\/\/www.ecinews.fr\/fr\/\",\"logo\":{\"@type\":\"ImageObject\",\"inLanguage\":\"fr-FR\",\"@id\":\"https:\/\/www.ecinews.fr\/fr\/#\/schema\/logo\/image\/\",\"url\":\"https:\/\/www.ecinews.fr\/wp-content\/uploads\/2022\/02\/logo-1.jpg\",\"contentUrl\":\"https:\/\/www.ecinews.fr\/wp-content\/uploads\/2022\/02\/logo-1.jpg\",\"width\":283,\"height\":113,\"caption\":\"EENewsEurope\"},\"image\":{\"@id\":\"https:\/\/www.ecinews.fr\/fr\/#\/schema\/logo\/image\/\"}},{\"@type\":\"Person\",\"@id\":\"https:\/\/www.ecinews.fr\/fr\/#\/schema\/person\/0aa2cfb0bd8949724a68cbac8d8321b4\",\"name\":\"A Delapalisse\",\"image\":{\"@type\":\"ImageObject\",\"inLanguage\":\"fr-FR\",\"@id\":\"https:\/\/www.ecinews.fr\/fr\/#\/schema\/person\/image\/211ac42237c2e9683c0964086c393cb4\",\"url\":\"https:\/\/secure.gravatar.com\/avatar\/ad45a8c5da24bc9c7c4940dd1c48a695?s=96&d=mm&r=g\",\"contentUrl\":\"https:\/\/secure.gravatar.com\/avatar\/ad45a8c5da24bc9c7c4940dd1c48a695?s=96&d=mm&r=g\",\"caption\":\"A Delapalisse\"},\"sameAs\":[\"http:\/\/ECI\"]}]}<\/script>","yoast_head_json":{"title":"March\u00e9 mondial des puces plat en 2022, Intel chute de 20 pourc...","description":"Le march\u00e9 des puces au dessus de $600 milliards en 2022 avec une hausse de seulement 1,1 %, tandis que les revenus d'Intel ont chut\u00e9 de 20 %.","robots":{"index":"index","follow":"follow","max-snippet":"max-snippet:-1","max-image-preview":"max-image-preview:large","max-video-preview":"max-video-preview:-1"},"canonical":"https:\/\/www.ecinews.fr\/fr\/wp-json\/wp\/v2\/posts\/411004\/","og_locale":"fr_FR","og_type":"article","og_title":"March\u00e9 mondial des puces en 2022: Intel chute de 20%","og_description":"Le march\u00e9 des puces au dessus de $600 milliards en 2022 avec une hausse de seulement 1,1 %, tandis que les revenus d'Intel ont chut\u00e9 de 20 %.","og_url":"https:\/\/www.ecinews.fr\/fr\/wp-json\/wp\/v2\/posts\/411004\/","og_site_name":"EENewsEurope","article_published_time":"2023-01-17T17:48:47+00:00","article_modified_time":"2023-01-17T20:19:18+00:00","og_image":[{"width":630,"height":371,"url":"https:\/\/www.ecinews.fr\/wp-content\/uploads\/2023\/01\/Slump630.jpg","type":"image\/jpeg"}],"author":"A Delapalisse, Peter Clarke","twitter_card":"summary_large_image","twitter_misc":{"Written by":"A Delapalisse","Est. reading time":"4 minutes"},"schema":{"@context":"https:\/\/schema.org","@graph":[{"@type":"Article","@id":"https:\/\/www.ecinews.fr\/fr\/marche-mondial-des-puces-plat-en-2022-intel-chute-de-20-pourcent\/#article","isPartOf":{"@id":"https:\/\/www.ecinews.fr\/fr\/marche-mondial-des-puces-plat-en-2022-intel-chute-de-20-pourcent\/"},"author":{"name":"A Delapalisse","@id":"https:\/\/www.ecinews.fr\/fr\/#\/schema\/person\/0aa2cfb0bd8949724a68cbac8d8321b4"},"headline":"March\u00e9 mondial des puces en 2022: Intel chute de 20%","datePublished":"2023-01-17T17:48:47+00:00","dateModified":"2023-01-17T20:19:18+00:00","mainEntityOfPage":{"@id":"https:\/\/www.ecinews.fr\/fr\/marche-mondial-des-puces-plat-en-2022-intel-chute-de-20-pourcent\/"},"wordCount":689,"publisher":{"@id":"https:\/\/www.ecinews.fr\/fr\/#organization"},"keywords":["Analogiques","March\u00e9","M\u00e9moires","Semiconducteurs"],"articleSection":["Actualit\u00e9s \u00e9conomiques"],"inLanguage":"fr-FR"},{"@type":"WebPage","@id":"https:\/\/www.ecinews.fr\/fr\/marche-mondial-des-puces-plat-en-2022-intel-chute-de-20-pourcent\/","url":"https:\/\/www.ecinews.fr\/fr\/marche-mondial-des-puces-plat-en-2022-intel-chute-de-20-pourcent\/","name":"March\u00e9 mondial des puces plat en 2022, Intel chute de 20 pourcent","isPartOf":{"@id":"https:\/\/www.ecinews.fr\/fr\/#website"},"datePublished":"2023-01-17T17:48:47+00:00","dateModified":"2023-01-17T20:19:18+00:00","description":"Le march\u00e9 des puces au dessus de $600 milliards en 2022 avec une hausse de seulement 1,1 %, tandis que les revenus d'Intel ont chut\u00e9 de 20 %.","breadcrumb":{"@id":"https:\/\/www.ecinews.fr\/fr\/marche-mondial-des-puces-plat-en-2022-intel-chute-de-20-pourcent\/#breadcrumb"},"inLanguage":"fr-FR","potentialAction":[{"@type":"ReadAction","target":["https:\/\/www.ecinews.fr\/fr\/marche-mondial-des-puces-plat-en-2022-intel-chute-de-20-pourcent\/"]}]},{"@type":"BreadcrumbList","@id":"https:\/\/www.ecinews.fr\/fr\/marche-mondial-des-puces-plat-en-2022-intel-chute-de-20-pourcent\/#breadcrumb","itemListElement":[{"@type":"ListItem","position":1,"name":"Home","item":"https:\/\/www.ecinews.fr\/fr\/"},{"@type":"ListItem","position":2,"name":"March\u00e9 mondial des puces en 2022: Intel chute de 20%"}]},{"@type":"WebSite","@id":"https:\/\/www.ecinews.fr\/fr\/#website","url":"https:\/\/www.ecinews.fr\/fr\/","name":"EENewsEurope","description":"Just another WordPress site","publisher":{"@id":"https:\/\/www.ecinews.fr\/fr\/#organization"},"potentialAction":[{"@type":"SearchAction","target":{"@type":"EntryPoint","urlTemplate":"https:\/\/www.ecinews.fr\/fr\/?s={search_term_string}"},"query-input":"required name=search_term_string"}],"inLanguage":"fr-FR"},{"@type":"Organization","@id":"https:\/\/www.ecinews.fr\/fr\/#organization","name":"EENewsEurope","url":"https:\/\/www.ecinews.fr\/fr\/","logo":{"@type":"ImageObject","inLanguage":"fr-FR","@id":"https:\/\/www.ecinews.fr\/fr\/#\/schema\/logo\/image\/","url":"https:\/\/www.ecinews.fr\/wp-content\/uploads\/2022\/02\/logo-1.jpg","contentUrl":"https:\/\/www.ecinews.fr\/wp-content\/uploads\/2022\/02\/logo-1.jpg","width":283,"height":113,"caption":"EENewsEurope"},"image":{"@id":"https:\/\/www.ecinews.fr\/fr\/#\/schema\/logo\/image\/"}},{"@type":"Person","@id":"https:\/\/www.ecinews.fr\/fr\/#\/schema\/person\/0aa2cfb0bd8949724a68cbac8d8321b4","name":"A Delapalisse","image":{"@type":"ImageObject","inLanguage":"fr-FR","@id":"https:\/\/www.ecinews.fr\/fr\/#\/schema\/person\/image\/211ac42237c2e9683c0964086c393cb4","url":"https:\/\/secure.gravatar.com\/avatar\/ad45a8c5da24bc9c7c4940dd1c48a695?s=96&d=mm&r=g","contentUrl":"https:\/\/secure.gravatar.com\/avatar\/ad45a8c5da24bc9c7c4940dd1c48a695?s=96&d=mm&r=g","caption":"A Delapalisse"},"sameAs":["http:\/\/ECI"]}]}},"authors":[{"term_id":1153,"user_id":34,"is_guest":0,"slug":"adelapalisse","display_name":"A Delapalisse","avatar_url":"https:\/\/secure.gravatar.com\/avatar\/ad45a8c5da24bc9c7c4940dd1c48a695?s=96&d=mm&r=g","0":null,"1":"","2":"","3":"","4":"","5":"","6":"","7":"","8":""},{"term_id":1136,"user_id":4,"is_guest":0,"slug":"clarke","display_name":"Peter Clarke","avatar_url":"https:\/\/secure.gravatar.com\/avatar\/d567d206cb92a682963201f296594da4?s=96&d=mm&r=g","0":null,"1":"","2":"","3":"","4":"","5":"","6":"","7":"","8":""}],"_links":{"self":[{"href":"https:\/\/www.ecinews.fr\/fr\/wp-json\/wp\/v2\/posts\/411004"}],"collection":[{"href":"https:\/\/www.ecinews.fr\/fr\/wp-json\/wp\/v2\/posts"}],"about":[{"href":"https:\/\/www.ecinews.fr\/fr\/wp-json\/wp\/v2\/types\/post"}],"author":[{"embeddable":true,"href":"https:\/\/www.ecinews.fr\/fr\/wp-json\/wp\/v2\/users\/34"}],"replies":[{"embeddable":true,"href":"https:\/\/www.ecinews.fr\/fr\/wp-json\/wp\/v2\/comments?post=411004"}],"version-history":[{"count":0,"href":"https:\/\/www.ecinews.fr\/fr\/wp-json\/wp\/v2\/posts\/411004\/revisions"}],"wp:featuredmedia":[{"embeddable":true,"href":"https:\/\/www.ecinews.fr\/fr\/wp-json\/wp\/v2\/media\/410967"}],"wp:attachment":[{"href":"https:\/\/www.ecinews.fr\/fr\/wp-json\/wp\/v2\/media?parent=411004"}],"wp:term":[{"taxonomy":"category","embeddable":true,"href":"https:\/\/www.ecinews.fr\/fr\/wp-json\/wp\/v2\/categories?post=411004"},{"taxonomy":"post_tag","embeddable":true,"href":"https:\/\/www.ecinews.fr\/fr\/wp-json\/wp\/v2\/tags?post=411004"},{"taxonomy":"domains","embeddable":true,"href":"https:\/\/www.ecinews.fr\/fr\/wp-json\/wp\/v2\/domains?post=411004"},{"taxonomy":"author","embeddable":true,"href":"https:\/\/www.ecinews.fr\/fr\/wp-json\/wp\/v2\/ppma_author?post=411004"}],"curies":[{"name":"wp","href":"https:\/\/api.w.org\/{rel}","templated":true}]}}