{"id":410777,"date":"2023-01-16T10:21:17","date_gmt":"2023-01-16T09:21:17","guid":{"rendered":"https:\/\/www.ecinews.fr\/?p=410777"},"modified":"2023-01-16T10:23:09","modified_gmt":"2023-01-16T09:23:09","slug":"semtech-corporation-finalise-lacquisition-de-sierra-wireless","status":"publish","type":"post","link":"https:\/\/www.ecinews.fr\/fr\/semtech-corporation-finalise-lacquisition-de-sierra-wireless\/","title":{"rendered":"Semtech finalise l&rsquo;acquisition de Sierra Wireless"},"content":{"rendered":"<p>Semtech Corporation et Sierra Wireless, Inc. ont annonc\u00e9 la finalisation de l&rsquo;acquisition de Sierra Wireless par Semtech dans le cadre d&rsquo;une transaction enti\u00e8rement en esp\u00e8ces repr\u00e9sentant une valeur d&rsquo;entreprise totale d&rsquo;environ 1,2 milliard de dollars am\u00e9ricains. Cette transaction double presque le chiffre d&rsquo;affaires annuel de Semtech et ajoute environ 100 millions de dollars US de revenus r\u00e9currents de services IoT Cloud \u00e0 marge \u00e9lev\u00e9e. Semtech s&rsquo;attend \u00e0 ce que l&rsquo;acquisition soit imm\u00e9diatement relutive pour le BPA non conforme aux PCGR et g\u00e9n\u00e8re 40 millions de dollars US de synergies op\u00e9rationnelles dans les 12 \u00e0 18 mois suivant la cl\u00f4ture.<\/p>\n<p>\u00ab Sierra Wireless apporte pr\u00e8s de 30 ans de leadership dans l&rsquo;IoT cellulaire et un portefeuille solide diversifi\u00e9 de solutions d&rsquo;appareil \u00e0 Cloud IoT. Combin\u00e9 avec les n\u0153uds d&rsquo;extr\u00e9mit\u00e9 compatibles LoRa de Semtech, nous pensons que nous sommes tr\u00e8s bien plac\u00e9s pour fournir une plate-forme de bout en bout hautement diff\u00e9renci\u00e9e pour permettre la transformation vers une plan\u00e8te plus intelligente et plus durable \u00bb, a d\u00e9clar\u00e9 Mohan Maheswaran, pr\u00e9sident et directeur g\u00e9n\u00e9ral de Semtech. \u00ab Notre soci\u00e9t\u00e9 combin\u00e9e disposera d&rsquo;une solide expertise dans la connectivit\u00e9 cellulaire \u00e0 large bande passante, la connectivit\u00e9 LoRa ultra-basse consommation, les logiciels et services IoT, et une connaissance approfondie des canaux mat\u00e9riels et logiciels IoT et des march\u00e9s verticaux. Nous pensons que Semtech occupe une position unique pour fournir un portefeuille de produits et un mod\u00e8le de service solides aux clients sur les segments IoT \u00e0 forte croissance.\u00a0\u00bb<\/p>\n<p>&nbsp;<\/p>\n<p><a title=\"www.semtech.com\" href=\"http:\/\/www.semtech.com\">www.semtech.com<\/a><\/p>\n","protected":false},"excerpt":{"rendered":"<p>Semtech Corporation et Sierra Wireless, Inc. ont annonc\u00e9 la finalisation de l&rsquo;acquisition de Sierra Wireless par Semtech dans le cadre d&rsquo;une transaction enti\u00e8rement en esp\u00e8ces repr\u00e9sentant une valeur d&rsquo;entreprise totale d&rsquo;environ 1,2 milliard de dollars am\u00e9ricains. Cette transaction double presque le chiffre d&rsquo;affaires annuel de Semtech et ajoute environ 100 millions de dollars US de [&hellip;]<\/p>\n","protected":false},"author":36,"featured_media":410780,"comment_status":"closed","ping_status":"closed","sticky":false,"template":"","format":"standard","meta":{"_acf_changed":false,"footnotes":""},"categories":[886],"tags":[],"domains":[47],"ppma_author":[1154],"class_list":["post-410777","post","type-post","status-publish","format-standard","has-post-thumbnail","hentry","category-news-fr","domains-electronique-eci"],"acf":[],"yoast_head":"<title>Semtech finalise l&#039;acquisition de Sierra Wireless ...<\/title>\n<meta name=\"description\" content=\"Semtech Corporation et Sierra Wireless, Inc. ont annonc\u00e9 la finalisation de l&rsquo;acquisition de Sierra Wireless par Semtech dans le cadre d&rsquo;une...\" \/>\n<meta name=\"robots\" content=\"index, follow, max-snippet:-1, max-image-preview:large, max-video-preview:-1\" \/>\n<link rel=\"canonical\" href=\"https:\/\/www.ecinews.fr\/fr\/wp-json\/wp\/v2\/posts\/410777\/\" \/>\n<meta property=\"og:locale\" content=\"fr_FR\" \/>\n<meta property=\"og:type\" content=\"article\" \/>\n<meta property=\"og:title\" content=\"Semtech finalise l&#039;acquisition de Sierra Wireless\" \/>\n<meta property=\"og:description\" content=\"Semtech Corporation et Sierra Wireless, Inc. ont annonc\u00e9 la finalisation de l&rsquo;acquisition de Sierra Wireless par Semtech dans le cadre d&rsquo;une transaction enti\u00e8rement en esp\u00e8ces repr\u00e9sentant une valeur d&rsquo;entreprise totale d&rsquo;environ 1,2 milliard de dollars am\u00e9ricains. Cette transaction double presque le chiffre d&rsquo;affaires annuel de Semtech et ajoute environ 100 millions de dollars US de [&hellip;]\" \/>\n<meta property=\"og:url\" content=\"https:\/\/www.ecinews.fr\/fr\/wp-json\/wp\/v2\/posts\/410777\/\" \/>\n<meta property=\"og:site_name\" content=\"EENewsEurope\" \/>\n<meta property=\"article:published_time\" content=\"2023-01-16T09:21:17+00:00\" \/>\n<meta property=\"article:modified_time\" content=\"2023-01-16T09:23:09+00:00\" \/>\n<meta property=\"og:image\" content=\"https:\/\/cdn.eenewseurope.com\/wp-content\/uploads\/2023\/01\/ECI1639_Semtech-scaled.jpg\" \/>\n\t<meta property=\"og:image:width\" content=\"1080\" \/>\n\t<meta property=\"og:image:height\" content=\"608\" \/>\n\t<meta property=\"og:image:type\" content=\"image\/jpeg\" \/>\n<meta name=\"author\" content=\"Alain Dieul\" \/>\n<meta name=\"twitter:card\" content=\"summary_large_image\" \/>\n<meta name=\"twitter:label1\" content=\"Written by\" \/>\n\t<meta name=\"twitter:data1\" content=\"Alain Dieul\" \/>\n\t<meta name=\"twitter:label2\" content=\"Est. reading time\" \/>\n\t<meta name=\"twitter:data2\" content=\"2 minutes\" \/>\n<script type=\"application\/ld+json\" class=\"yoast-schema-graph\">{\"@context\":\"https:\/\/schema.org\",\"@graph\":[{\"@type\":\"Article\",\"@id\":\"https:\/\/cdn.eenewseurope.com\/fr\/semtech-corporation-finalise-lacquisition-de-sierra-wireless\/#article\",\"isPartOf\":{\"@id\":\"https:\/\/cdn.eenewseurope.com\/fr\/semtech-corporation-finalise-lacquisition-de-sierra-wireless\/\"},\"author\":{\"name\":\"Alain Dieul\",\"@id\":\"https:\/\/www.eenewseurope.com\/en\/#\/schema\/person\/e4387676ad67ce722325c7832f3c3762\"},\"headline\":\"Semtech finalise l&rsquo;acquisition de Sierra Wireless\",\"datePublished\":\"2023-01-16T09:21:17+00:00\",\"dateModified\":\"2023-01-16T09:23:09+00:00\",\"mainEntityOfPage\":{\"@id\":\"https:\/\/cdn.eenewseurope.com\/fr\/semtech-corporation-finalise-lacquisition-de-sierra-wireless\/\"},\"wordCount\":277,\"publisher\":{\"@id\":\"https:\/\/www.eenewseurope.com\/en\/#organization\"},\"articleSection\":[\"Actualit\u00e9 g\u00e9n\u00e9rale\"],\"inLanguage\":\"fr-FR\"},{\"@type\":\"WebPage\",\"@id\":\"https:\/\/cdn.eenewseurope.com\/fr\/semtech-corporation-finalise-lacquisition-de-sierra-wireless\/\",\"url\":\"https:\/\/cdn.eenewseurope.com\/fr\/semtech-corporation-finalise-lacquisition-de-sierra-wireless\/\",\"name\":\"Semtech finalise l'acquisition de Sierra Wireless -\",\"isPartOf\":{\"@id\":\"https:\/\/www.eenewseurope.com\/en\/#website\"},\"datePublished\":\"2023-01-16T09:21:17+00:00\",\"dateModified\":\"2023-01-16T09:23:09+00:00\",\"breadcrumb\":{\"@id\":\"https:\/\/cdn.eenewseurope.com\/fr\/semtech-corporation-finalise-lacquisition-de-sierra-wireless\/#breadcrumb\"},\"inLanguage\":\"fr-FR\",\"potentialAction\":[{\"@type\":\"ReadAction\",\"target\":[\"https:\/\/cdn.eenewseurope.com\/fr\/semtech-corporation-finalise-lacquisition-de-sierra-wireless\/\"]}]},{\"@type\":\"BreadcrumbList\",\"@id\":\"https:\/\/cdn.eenewseurope.com\/fr\/semtech-corporation-finalise-lacquisition-de-sierra-wireless\/#breadcrumb\",\"itemListElement\":[{\"@type\":\"ListItem\",\"position\":1,\"name\":\"Home\",\"item\":\"https:\/\/www.ecinews.fr\/fr\/\"},{\"@type\":\"ListItem\",\"position\":2,\"name\":\"Semtech finalise l&rsquo;acquisition de Sierra Wireless\"}]},{\"@type\":\"WebSite\",\"@id\":\"https:\/\/www.eenewseurope.com\/en\/#website\",\"url\":\"https:\/\/www.eenewseurope.com\/en\/\",\"name\":\"EENewsEurope\",\"description\":\"Just another WordPress site\",\"publisher\":{\"@id\":\"https:\/\/www.eenewseurope.com\/en\/#organization\"},\"potentialAction\":[{\"@type\":\"SearchAction\",\"target\":{\"@type\":\"EntryPoint\",\"urlTemplate\":\"https:\/\/www.eenewseurope.com\/en\/?s={search_term_string}\"},\"query-input\":\"required name=search_term_string\"}],\"inLanguage\":\"fr-FR\"},{\"@type\":\"Organization\",\"@id\":\"https:\/\/www.eenewseurope.com\/en\/#organization\",\"name\":\"EENewsEurope\",\"url\":\"https:\/\/www.eenewseurope.com\/en\/\",\"logo\":{\"@type\":\"ImageObject\",\"inLanguage\":\"fr-FR\",\"@id\":\"https:\/\/www.eenewseurope.com\/en\/#\/schema\/logo\/image\/\",\"url\":\"https:\/\/www.ecinews.fr\/wp-content\/uploads\/2022\/02\/logo-1.jpg\",\"contentUrl\":\"https:\/\/www.ecinews.fr\/wp-content\/uploads\/2022\/02\/logo-1.jpg\",\"width\":283,\"height\":113,\"caption\":\"EENewsEurope\"},\"image\":{\"@id\":\"https:\/\/www.eenewseurope.com\/en\/#\/schema\/logo\/image\/\"}},{\"@type\":\"Person\",\"@id\":\"https:\/\/www.eenewseurope.com\/en\/#\/schema\/person\/e4387676ad67ce722325c7832f3c3762\",\"name\":\"Alain Dieul\",\"image\":{\"@type\":\"ImageObject\",\"inLanguage\":\"fr-FR\",\"@id\":\"https:\/\/www.eenewseurope.com\/en\/#\/schema\/person\/image\/736120675699dbbf0f0f282b9a9cfb75\",\"url\":\"https:\/\/secure.gravatar.com\/avatar\/bc93b056d07515be5b8eecd4acf49c5c?s=96&d=mm&r=g\",\"contentUrl\":\"https:\/\/secure.gravatar.com\/avatar\/bc93b056d07515be5b8eecd4acf49c5c?s=96&d=mm&r=g\",\"caption\":\"Alain Dieul\"},\"sameAs\":[\"http:\/\/ECINews\"]}]}<\/script>","yoast_head_json":{"title":"Semtech finalise l'acquisition de Sierra Wireless ...","description":"Semtech Corporation et Sierra Wireless, Inc. ont annonc\u00e9 la finalisation de l&rsquo;acquisition de Sierra Wireless par Semtech dans le cadre d&rsquo;une...","robots":{"index":"index","follow":"follow","max-snippet":"max-snippet:-1","max-image-preview":"max-image-preview:large","max-video-preview":"max-video-preview:-1"},"canonical":"https:\/\/www.ecinews.fr\/fr\/wp-json\/wp\/v2\/posts\/410777\/","og_locale":"fr_FR","og_type":"article","og_title":"Semtech finalise l'acquisition de Sierra Wireless","og_description":"Semtech Corporation et Sierra Wireless, Inc. ont annonc\u00e9 la finalisation de l&rsquo;acquisition de Sierra Wireless par Semtech dans le cadre d&rsquo;une transaction enti\u00e8rement en esp\u00e8ces repr\u00e9sentant une valeur d&rsquo;entreprise totale d&rsquo;environ 1,2 milliard de dollars am\u00e9ricains. Cette transaction double presque le chiffre d&rsquo;affaires annuel de Semtech et ajoute environ 100 millions de dollars US de [&hellip;]","og_url":"https:\/\/www.ecinews.fr\/fr\/wp-json\/wp\/v2\/posts\/410777\/","og_site_name":"EENewsEurope","article_published_time":"2023-01-16T09:21:17+00:00","article_modified_time":"2023-01-16T09:23:09+00:00","og_image":[{"width":1080,"height":608,"url":"https:\/\/cdn.eenewseurope.com\/wp-content\/uploads\/2023\/01\/ECI1639_Semtech-scaled.jpg","type":"image\/jpeg"}],"author":"Alain Dieul","twitter_card":"summary_large_image","twitter_misc":{"Written by":"Alain Dieul","Est. reading time":"2 minutes"},"schema":{"@context":"https:\/\/schema.org","@graph":[{"@type":"Article","@id":"https:\/\/cdn.eenewseurope.com\/fr\/semtech-corporation-finalise-lacquisition-de-sierra-wireless\/#article","isPartOf":{"@id":"https:\/\/cdn.eenewseurope.com\/fr\/semtech-corporation-finalise-lacquisition-de-sierra-wireless\/"},"author":{"name":"Alain Dieul","@id":"https:\/\/www.eenewseurope.com\/en\/#\/schema\/person\/e4387676ad67ce722325c7832f3c3762"},"headline":"Semtech finalise l&rsquo;acquisition de Sierra Wireless","datePublished":"2023-01-16T09:21:17+00:00","dateModified":"2023-01-16T09:23:09+00:00","mainEntityOfPage":{"@id":"https:\/\/cdn.eenewseurope.com\/fr\/semtech-corporation-finalise-lacquisition-de-sierra-wireless\/"},"wordCount":277,"publisher":{"@id":"https:\/\/www.eenewseurope.com\/en\/#organization"},"articleSection":["Actualit\u00e9 g\u00e9n\u00e9rale"],"inLanguage":"fr-FR"},{"@type":"WebPage","@id":"https:\/\/cdn.eenewseurope.com\/fr\/semtech-corporation-finalise-lacquisition-de-sierra-wireless\/","url":"https:\/\/cdn.eenewseurope.com\/fr\/semtech-corporation-finalise-lacquisition-de-sierra-wireless\/","name":"Semtech finalise l'acquisition de Sierra Wireless -","isPartOf":{"@id":"https:\/\/www.eenewseurope.com\/en\/#website"},"datePublished":"2023-01-16T09:21:17+00:00","dateModified":"2023-01-16T09:23:09+00:00","breadcrumb":{"@id":"https:\/\/cdn.eenewseurope.com\/fr\/semtech-corporation-finalise-lacquisition-de-sierra-wireless\/#breadcrumb"},"inLanguage":"fr-FR","potentialAction":[{"@type":"ReadAction","target":["https:\/\/cdn.eenewseurope.com\/fr\/semtech-corporation-finalise-lacquisition-de-sierra-wireless\/"]}]},{"@type":"BreadcrumbList","@id":"https:\/\/cdn.eenewseurope.com\/fr\/semtech-corporation-finalise-lacquisition-de-sierra-wireless\/#breadcrumb","itemListElement":[{"@type":"ListItem","position":1,"name":"Home","item":"https:\/\/www.ecinews.fr\/fr\/"},{"@type":"ListItem","position":2,"name":"Semtech finalise l&rsquo;acquisition de Sierra Wireless"}]},{"@type":"WebSite","@id":"https:\/\/www.eenewseurope.com\/en\/#website","url":"https:\/\/www.eenewseurope.com\/en\/","name":"EENewsEurope","description":"Just another WordPress site","publisher":{"@id":"https:\/\/www.eenewseurope.com\/en\/#organization"},"potentialAction":[{"@type":"SearchAction","target":{"@type":"EntryPoint","urlTemplate":"https:\/\/www.eenewseurope.com\/en\/?s={search_term_string}"},"query-input":"required name=search_term_string"}],"inLanguage":"fr-FR"},{"@type":"Organization","@id":"https:\/\/www.eenewseurope.com\/en\/#organization","name":"EENewsEurope","url":"https:\/\/www.eenewseurope.com\/en\/","logo":{"@type":"ImageObject","inLanguage":"fr-FR","@id":"https:\/\/www.eenewseurope.com\/en\/#\/schema\/logo\/image\/","url":"https:\/\/www.ecinews.fr\/wp-content\/uploads\/2022\/02\/logo-1.jpg","contentUrl":"https:\/\/www.ecinews.fr\/wp-content\/uploads\/2022\/02\/logo-1.jpg","width":283,"height":113,"caption":"EENewsEurope"},"image":{"@id":"https:\/\/www.eenewseurope.com\/en\/#\/schema\/logo\/image\/"}},{"@type":"Person","@id":"https:\/\/www.eenewseurope.com\/en\/#\/schema\/person\/e4387676ad67ce722325c7832f3c3762","name":"Alain Dieul","image":{"@type":"ImageObject","inLanguage":"fr-FR","@id":"https:\/\/www.eenewseurope.com\/en\/#\/schema\/person\/image\/736120675699dbbf0f0f282b9a9cfb75","url":"https:\/\/secure.gravatar.com\/avatar\/bc93b056d07515be5b8eecd4acf49c5c?s=96&d=mm&r=g","contentUrl":"https:\/\/secure.gravatar.com\/avatar\/bc93b056d07515be5b8eecd4acf49c5c?s=96&d=mm&r=g","caption":"Alain Dieul"},"sameAs":["http:\/\/ECINews"]}]}},"authors":[{"term_id":1154,"user_id":36,"is_guest":0,"slug":"alain-dieul","display_name":"Alain Dieul","avatar_url":"https:\/\/secure.gravatar.com\/avatar\/bc93b056d07515be5b8eecd4acf49c5c?s=96&d=mm&r=g","0":null,"1":"","2":"","3":"","4":"","5":"","6":"","7":"","8":""}],"_links":{"self":[{"href":"https:\/\/www.ecinews.fr\/fr\/wp-json\/wp\/v2\/posts\/410777"}],"collection":[{"href":"https:\/\/www.ecinews.fr\/fr\/wp-json\/wp\/v2\/posts"}],"about":[{"href":"https:\/\/www.ecinews.fr\/fr\/wp-json\/wp\/v2\/types\/post"}],"author":[{"embeddable":true,"href":"https:\/\/www.ecinews.fr\/fr\/wp-json\/wp\/v2\/users\/36"}],"replies":[{"embeddable":true,"href":"https:\/\/www.ecinews.fr\/fr\/wp-json\/wp\/v2\/comments?post=410777"}],"version-history":[{"count":0,"href":"https:\/\/www.ecinews.fr\/fr\/wp-json\/wp\/v2\/posts\/410777\/revisions"}],"wp:featuredmedia":[{"embeddable":true,"href":"https:\/\/www.ecinews.fr\/fr\/wp-json\/wp\/v2\/media\/410780"}],"wp:attachment":[{"href":"https:\/\/www.ecinews.fr\/fr\/wp-json\/wp\/v2\/media?parent=410777"}],"wp:term":[{"taxonomy":"category","embeddable":true,"href":"https:\/\/www.ecinews.fr\/fr\/wp-json\/wp\/v2\/categories?post=410777"},{"taxonomy":"post_tag","embeddable":true,"href":"https:\/\/www.ecinews.fr\/fr\/wp-json\/wp\/v2\/tags?post=410777"},{"taxonomy":"domains","embeddable":true,"href":"https:\/\/www.ecinews.fr\/fr\/wp-json\/wp\/v2\/domains?post=410777"},{"taxonomy":"author","embeddable":true,"href":"https:\/\/www.ecinews.fr\/fr\/wp-json\/wp\/v2\/ppma_author?post=410777"}],"curies":[{"name":"wp","href":"https:\/\/api.w.org\/{rel}","templated":true}]}}