{"id":410313,"date":"2023-01-10T17:06:58","date_gmt":"2023-01-10T16:06:58","guid":{"rendered":"https:\/\/www.ecinews.fr\/?p=410313"},"modified":"2023-01-10T17:06:58","modified_gmt":"2023-01-10T16:06:58","slug":"christopher-bohn-devient-president-de-tektronix","status":"publish","type":"post","link":"https:\/\/www.ecinews.fr\/fr\/christopher-bohn-devient-president-de-tektronix\/","title":{"rendered":"Christopher Bohn devient Pr\u00e9sident de Tektronix"},"content":{"rendered":"<p>Tektronix, Inc. vient de promouvoir Christopher Bohn au poste de pr\u00e9sident de l&rsquo;entreprise mondiale de test et mesure. M. Bohn occupait r\u00e9cemment le poste de vice-pr\u00e9sident des ventes et des op\u00e9rations mondiales, o\u00f9 il \u00e9tait charg\u00e9 d&rsquo;assurer la croissance du chiffre d&rsquo;affaires mondial et de travailler de mani\u00e8re transversale pour favoriser l&rsquo;int\u00e9gration et l&rsquo;orientation client entre toutes les fonctions li\u00e9es au chiffre d&rsquo;affaires.<\/p>\n<p>Tami Newcombe, qui a \u00e9t\u00e9 pr\u00e9sidente de Tektronix pendant quatre ans, a effectu\u00e9 une transition compl\u00e8te vers son nouveau r\u00f4le de pr\u00e9sidente et PDG de Precision Technologies chez Fortive Corporation, un poste qu&rsquo;elle occupe depuis d\u00e9cembre 2021. Tektronix est une soci\u00e9t\u00e9 d&rsquo;exploitation au sein du portefeuille Fortive de technologies essentielles pour les solutions de flux de travail connect\u00e9.<\/p>\n<p>\u00ab\u00a0Chris est le prochain dirigeant naturel de Tektronix. Je suis certaine qu&rsquo;il poursuivra &#8211; et fera progresser &#8211; le remarquable parcours de croissance sur lequel Tektronix est engag\u00e9 \u00ab\u00a0, d\u00e9clare Tami Newcombe. \u00ab\u00a0Chris est un leader collaboratif, qui valorise le travail d&rsquo;\u00e9quipe et donne la priorit\u00e9 \u00e0 la croissance et au d\u00e9veloppement de ses \u00e9quipes &#8211; rassemblant naturellement les gens pour tirer parti de leurs comp\u00e9tences, talents et connaissances uniques afin d&rsquo;atteindre un objectif commun.\u00a0\u00bb<\/p>\n<ol>\n<li>Bohn apporte \u00e0 ce poste une vaste exp\u00e9rience et une expertise en mati\u00e8re de commerce, de strat\u00e9gie et d&rsquo;am\u00e9lioration continue qu&rsquo;il a acquises pendant 15 ans dans des r\u00f4les mondiaux \u00e0 responsabilit\u00e9 croissante au sein des deux plus grandes soci\u00e9t\u00e9s d&rsquo;exploitation de Fortive, Fluke et Tektronix.<\/li>\n<\/ol>\n<p>\u00ab\u00a0Je suis extr\u00eamement heureux de poursuivre la dynamique de croissance chez Tektronix en apportant des solutions et des services exceptionnels \u00e0 nos clients qui les aident \u00e0 acc\u00e9l\u00e9rer les avanc\u00e9es technologiques dans le monde, d\u00e9clare Bohn. \u00ab\u00a0Depuis plus de 75 ans, Tektronix est \u00e0 l&rsquo;avant-garde pour aider ses clients \u00e0 mettre de nouvelles technologies sur le march\u00e9 et je suis content de diriger une organisation avec une si riche tradition de leadership technologique.\u00a0\u00bb\u00a0<\/p>\n<p>\u00ab\u00a0En tant qu&rsquo;ing\u00e9nieur, v\u00e9t\u00e9ran et chef d&rsquo;entreprise, je suis attir\u00e9 non seulement par l&rsquo;innovation technologique, mais aussi par la culture et les processus qui ont soutenu les entreprises prosp\u00e8res, dit Bohn. \u00ab\u00a0Cette culture &#8211; et les processus commerciaux qui permettent la croissance des revenus et de l&rsquo;innovation &#8211; sont ce qui distingue v\u00e9ritablement une organisation. Je suis fier que Tektronix continue \u00e0 investir dans les meilleures personnes, les meilleurs produits, les meilleures performances et la meilleure qualit\u00e9 pour nos clients.\u00a0\u00bb<\/p>\n<p>De 2019 \u00e0 2021, Christopher Bohn a occup\u00e9 le poste de vice-pr\u00e9sident directeur g\u00e9n\u00e9ral de Keithley Portfolio Solutions, conduisant une croissance \u00e0 deux chiffres, un portefeuille de produits et de logiciels simplifi\u00e9 et une feuille de route d&rsquo;innovation ax\u00e9e sur le client qui ont abouti \u00e0 la p\u00e9riode la plus rentable de son histoire de plus de 75 ans. Avant de rejoindre Tektronix, Bohn a travaill\u00e9 pour Fluke, o\u00f9 il a dirig\u00e9 de nombreuses \u00e9quipes dans les domaines des ventes, du marketing et du service client\u00e8le.<\/p>\n<ol>\n<li>Bohn est dipl\u00f4m\u00e9 de l&rsquo;Acad\u00e9mie de l&rsquo;arm\u00e9e de l&rsquo;air am\u00e9ricaine, o\u00f9 il a obtenu une licence en g\u00e9nie civil et a servi pendant cinq ans dans l&rsquo;arm\u00e9e am\u00e9ricaine. M. Bohn a obtenu un MBA \u00e0 la Kellogg School of Management de la Northwestern University \u00e0 Evanston, IL.<\/li>\n<\/ol>\n<p><a href=\"https:\/\/www.tek.com\/fr?utm_source=pr&amp;utm_medium=pr&amp;utm_campaign=pr-new-president\">Tek.com<\/a><\/p>\n","protected":false},"excerpt":{"rendered":"<p>Tektronix, Inc. vient de promouvoir Christopher Bohn au poste de pr\u00e9sident de l&rsquo;entreprise mondiale de test et mesure. M. Bohn occupait r\u00e9cemment le poste de vice-pr\u00e9sident des ventes et des op\u00e9rations mondiales, o\u00f9 il \u00e9tait charg\u00e9 d&rsquo;assurer la croissance du chiffre d&rsquo;affaires mondial et de travailler de mani\u00e8re transversale pour favoriser l&rsquo;int\u00e9gration et l&rsquo;orientation client [&hellip;]<\/p>\n","protected":false},"author":36,"featured_media":410314,"comment_status":"closed","ping_status":"closed","sticky":false,"template":"","format":"standard","meta":{"_acf_changed":false,"footnotes":""},"categories":[886],"tags":[],"domains":[47],"ppma_author":[1154],"class_list":["post-410313","post","type-post","status-publish","format-standard","has-post-thumbnail","hentry","category-news-fr","domains-electronique-eci"],"acf":[],"yoast_head":"<title>Christopher Bohn devient Pr\u00e9sident de Tektronix ...<\/title>\n<meta name=\"description\" content=\"Tektronix, Inc. vient de promouvoir Christopher Bohn au poste de pr\u00e9sident de l&rsquo;entreprise mondiale de test et mesure. M. Bohn occupait r\u00e9cemment le...\" \/>\n<meta name=\"robots\" content=\"index, follow, max-snippet:-1, max-image-preview:large, max-video-preview:-1\" \/>\n<link rel=\"canonical\" href=\"https:\/\/www.ecinews.fr\/fr\/wp-json\/wp\/v2\/posts\/410313\/\" \/>\n<meta property=\"og:locale\" content=\"fr_FR\" \/>\n<meta property=\"og:type\" content=\"article\" \/>\n<meta property=\"og:title\" content=\"Christopher Bohn devient Pr\u00e9sident de Tektronix\" \/>\n<meta property=\"og:description\" content=\"Tektronix, Inc. vient de promouvoir Christopher Bohn au poste de pr\u00e9sident de l&rsquo;entreprise mondiale de test et mesure. M. Bohn occupait r\u00e9cemment le poste de vice-pr\u00e9sident des ventes et des op\u00e9rations mondiales, o\u00f9 il \u00e9tait charg\u00e9 d&rsquo;assurer la croissance du chiffre d&rsquo;affaires mondial et de travailler de mani\u00e8re transversale pour favoriser l&rsquo;int\u00e9gration et l&rsquo;orientation client [&hellip;]\" \/>\n<meta property=\"og:url\" content=\"https:\/\/www.ecinews.fr\/fr\/wp-json\/wp\/v2\/posts\/410313\/\" \/>\n<meta property=\"og:site_name\" content=\"EENewsEurope\" \/>\n<meta property=\"article:published_time\" content=\"2023-01-10T16:06:58+00:00\" \/>\n<meta property=\"og:image\" content=\"https:\/\/cdn.eenewseurope.com\/wp-content\/uploads\/2023\/01\/ECI1626_Tektronix-Christopher-Bohn-scaled.jpg\" \/>\n\t<meta property=\"og:image:width\" content=\"1080\" \/>\n\t<meta property=\"og:image:height\" content=\"720\" \/>\n\t<meta property=\"og:image:type\" content=\"image\/jpeg\" \/>\n<meta name=\"author\" content=\"Alain Dieul\" \/>\n<meta name=\"twitter:card\" content=\"summary_large_image\" \/>\n<meta name=\"twitter:label1\" content=\"Written by\" \/>\n\t<meta name=\"twitter:data1\" content=\"Alain Dieul\" \/>\n\t<meta name=\"twitter:label2\" content=\"Est. reading time\" \/>\n\t<meta name=\"twitter:data2\" content=\"3 minutes\" \/>\n<script type=\"application\/ld+json\" class=\"yoast-schema-graph\">{\"@context\":\"https:\/\/schema.org\",\"@graph\":[{\"@type\":\"Article\",\"@id\":\"https:\/\/cdn.eenewseurope.com\/fr\/christopher-bohn-devient-president-de-tektronix\/#article\",\"isPartOf\":{\"@id\":\"https:\/\/cdn.eenewseurope.com\/fr\/christopher-bohn-devient-president-de-tektronix\/\"},\"author\":{\"name\":\"Alain Dieul\",\"@id\":\"https:\/\/www.eenewseurope.com\/en\/#\/schema\/person\/e4387676ad67ce722325c7832f3c3762\"},\"headline\":\"Christopher Bohn devient Pr\u00e9sident de Tektronix\",\"datePublished\":\"2023-01-10T16:06:58+00:00\",\"dateModified\":\"2023-01-10T16:06:58+00:00\",\"mainEntityOfPage\":{\"@id\":\"https:\/\/cdn.eenewseurope.com\/fr\/christopher-bohn-devient-president-de-tektronix\/\"},\"wordCount\":587,\"publisher\":{\"@id\":\"https:\/\/www.eenewseurope.com\/en\/#organization\"},\"articleSection\":[\"Actualit\u00e9 g\u00e9n\u00e9rale\"],\"inLanguage\":\"fr-FR\"},{\"@type\":\"WebPage\",\"@id\":\"https:\/\/cdn.eenewseurope.com\/fr\/christopher-bohn-devient-president-de-tektronix\/\",\"url\":\"https:\/\/cdn.eenewseurope.com\/fr\/christopher-bohn-devient-president-de-tektronix\/\",\"name\":\"Christopher Bohn devient Pr\u00e9sident de Tektronix -\",\"isPartOf\":{\"@id\":\"https:\/\/www.eenewseurope.com\/en\/#website\"},\"datePublished\":\"2023-01-10T16:06:58+00:00\",\"dateModified\":\"2023-01-10T16:06:58+00:00\",\"breadcrumb\":{\"@id\":\"https:\/\/cdn.eenewseurope.com\/fr\/christopher-bohn-devient-president-de-tektronix\/#breadcrumb\"},\"inLanguage\":\"fr-FR\",\"potentialAction\":[{\"@type\":\"ReadAction\",\"target\":[\"https:\/\/cdn.eenewseurope.com\/fr\/christopher-bohn-devient-president-de-tektronix\/\"]}]},{\"@type\":\"BreadcrumbList\",\"@id\":\"https:\/\/cdn.eenewseurope.com\/fr\/christopher-bohn-devient-president-de-tektronix\/#breadcrumb\",\"itemListElement\":[{\"@type\":\"ListItem\",\"position\":1,\"name\":\"Home\",\"item\":\"https:\/\/www.ecinews.fr\/fr\/\"},{\"@type\":\"ListItem\",\"position\":2,\"name\":\"Christopher Bohn devient Pr\u00e9sident de Tektronix\"}]},{\"@type\":\"WebSite\",\"@id\":\"https:\/\/www.eenewseurope.com\/en\/#website\",\"url\":\"https:\/\/www.eenewseurope.com\/en\/\",\"name\":\"EENewsEurope\",\"description\":\"Just another WordPress site\",\"publisher\":{\"@id\":\"https:\/\/www.eenewseurope.com\/en\/#organization\"},\"potentialAction\":[{\"@type\":\"SearchAction\",\"target\":{\"@type\":\"EntryPoint\",\"urlTemplate\":\"https:\/\/www.eenewseurope.com\/en\/?s={search_term_string}\"},\"query-input\":\"required name=search_term_string\"}],\"inLanguage\":\"fr-FR\"},{\"@type\":\"Organization\",\"@id\":\"https:\/\/www.eenewseurope.com\/en\/#organization\",\"name\":\"EENewsEurope\",\"url\":\"https:\/\/www.eenewseurope.com\/en\/\",\"logo\":{\"@type\":\"ImageObject\",\"inLanguage\":\"fr-FR\",\"@id\":\"https:\/\/www.eenewseurope.com\/en\/#\/schema\/logo\/image\/\",\"url\":\"https:\/\/www.ecinews.fr\/wp-content\/uploads\/2022\/02\/logo-1.jpg\",\"contentUrl\":\"https:\/\/www.ecinews.fr\/wp-content\/uploads\/2022\/02\/logo-1.jpg\",\"width\":283,\"height\":113,\"caption\":\"EENewsEurope\"},\"image\":{\"@id\":\"https:\/\/www.eenewseurope.com\/en\/#\/schema\/logo\/image\/\"}},{\"@type\":\"Person\",\"@id\":\"https:\/\/www.eenewseurope.com\/en\/#\/schema\/person\/e4387676ad67ce722325c7832f3c3762\",\"name\":\"Alain Dieul\",\"image\":{\"@type\":\"ImageObject\",\"inLanguage\":\"fr-FR\",\"@id\":\"https:\/\/www.eenewseurope.com\/en\/#\/schema\/person\/image\/736120675699dbbf0f0f282b9a9cfb75\",\"url\":\"https:\/\/secure.gravatar.com\/avatar\/bc93b056d07515be5b8eecd4acf49c5c?s=96&d=mm&r=g\",\"contentUrl\":\"https:\/\/secure.gravatar.com\/avatar\/bc93b056d07515be5b8eecd4acf49c5c?s=96&d=mm&r=g\",\"caption\":\"Alain Dieul\"},\"sameAs\":[\"http:\/\/ECINews\"]}]}<\/script>","yoast_head_json":{"title":"Christopher Bohn devient Pr\u00e9sident de Tektronix ...","description":"Tektronix, Inc. vient de promouvoir Christopher Bohn au poste de pr\u00e9sident de l&rsquo;entreprise mondiale de test et mesure. M. Bohn occupait r\u00e9cemment le...","robots":{"index":"index","follow":"follow","max-snippet":"max-snippet:-1","max-image-preview":"max-image-preview:large","max-video-preview":"max-video-preview:-1"},"canonical":"https:\/\/www.ecinews.fr\/fr\/wp-json\/wp\/v2\/posts\/410313\/","og_locale":"fr_FR","og_type":"article","og_title":"Christopher Bohn devient Pr\u00e9sident de Tektronix","og_description":"Tektronix, Inc. vient de promouvoir Christopher Bohn au poste de pr\u00e9sident de l&rsquo;entreprise mondiale de test et mesure. M. Bohn occupait r\u00e9cemment le poste de vice-pr\u00e9sident des ventes et des op\u00e9rations mondiales, o\u00f9 il \u00e9tait charg\u00e9 d&rsquo;assurer la croissance du chiffre d&rsquo;affaires mondial et de travailler de mani\u00e8re transversale pour favoriser l&rsquo;int\u00e9gration et l&rsquo;orientation client [&hellip;]","og_url":"https:\/\/www.ecinews.fr\/fr\/wp-json\/wp\/v2\/posts\/410313\/","og_site_name":"EENewsEurope","article_published_time":"2023-01-10T16:06:58+00:00","og_image":[{"width":1080,"height":720,"url":"https:\/\/cdn.eenewseurope.com\/wp-content\/uploads\/2023\/01\/ECI1626_Tektronix-Christopher-Bohn-scaled.jpg","type":"image\/jpeg"}],"author":"Alain Dieul","twitter_card":"summary_large_image","twitter_misc":{"Written by":"Alain Dieul","Est. reading time":"3 minutes"},"schema":{"@context":"https:\/\/schema.org","@graph":[{"@type":"Article","@id":"https:\/\/cdn.eenewseurope.com\/fr\/christopher-bohn-devient-president-de-tektronix\/#article","isPartOf":{"@id":"https:\/\/cdn.eenewseurope.com\/fr\/christopher-bohn-devient-president-de-tektronix\/"},"author":{"name":"Alain Dieul","@id":"https:\/\/www.eenewseurope.com\/en\/#\/schema\/person\/e4387676ad67ce722325c7832f3c3762"},"headline":"Christopher Bohn devient Pr\u00e9sident de Tektronix","datePublished":"2023-01-10T16:06:58+00:00","dateModified":"2023-01-10T16:06:58+00:00","mainEntityOfPage":{"@id":"https:\/\/cdn.eenewseurope.com\/fr\/christopher-bohn-devient-president-de-tektronix\/"},"wordCount":587,"publisher":{"@id":"https:\/\/www.eenewseurope.com\/en\/#organization"},"articleSection":["Actualit\u00e9 g\u00e9n\u00e9rale"],"inLanguage":"fr-FR"},{"@type":"WebPage","@id":"https:\/\/cdn.eenewseurope.com\/fr\/christopher-bohn-devient-president-de-tektronix\/","url":"https:\/\/cdn.eenewseurope.com\/fr\/christopher-bohn-devient-president-de-tektronix\/","name":"Christopher Bohn devient Pr\u00e9sident de Tektronix -","isPartOf":{"@id":"https:\/\/www.eenewseurope.com\/en\/#website"},"datePublished":"2023-01-10T16:06:58+00:00","dateModified":"2023-01-10T16:06:58+00:00","breadcrumb":{"@id":"https:\/\/cdn.eenewseurope.com\/fr\/christopher-bohn-devient-president-de-tektronix\/#breadcrumb"},"inLanguage":"fr-FR","potentialAction":[{"@type":"ReadAction","target":["https:\/\/cdn.eenewseurope.com\/fr\/christopher-bohn-devient-president-de-tektronix\/"]}]},{"@type":"BreadcrumbList","@id":"https:\/\/cdn.eenewseurope.com\/fr\/christopher-bohn-devient-president-de-tektronix\/#breadcrumb","itemListElement":[{"@type":"ListItem","position":1,"name":"Home","item":"https:\/\/www.ecinews.fr\/fr\/"},{"@type":"ListItem","position":2,"name":"Christopher Bohn devient Pr\u00e9sident de Tektronix"}]},{"@type":"WebSite","@id":"https:\/\/www.eenewseurope.com\/en\/#website","url":"https:\/\/www.eenewseurope.com\/en\/","name":"EENewsEurope","description":"Just another WordPress site","publisher":{"@id":"https:\/\/www.eenewseurope.com\/en\/#organization"},"potentialAction":[{"@type":"SearchAction","target":{"@type":"EntryPoint","urlTemplate":"https:\/\/www.eenewseurope.com\/en\/?s={search_term_string}"},"query-input":"required name=search_term_string"}],"inLanguage":"fr-FR"},{"@type":"Organization","@id":"https:\/\/www.eenewseurope.com\/en\/#organization","name":"EENewsEurope","url":"https:\/\/www.eenewseurope.com\/en\/","logo":{"@type":"ImageObject","inLanguage":"fr-FR","@id":"https:\/\/www.eenewseurope.com\/en\/#\/schema\/logo\/image\/","url":"https:\/\/www.ecinews.fr\/wp-content\/uploads\/2022\/02\/logo-1.jpg","contentUrl":"https:\/\/www.ecinews.fr\/wp-content\/uploads\/2022\/02\/logo-1.jpg","width":283,"height":113,"caption":"EENewsEurope"},"image":{"@id":"https:\/\/www.eenewseurope.com\/en\/#\/schema\/logo\/image\/"}},{"@type":"Person","@id":"https:\/\/www.eenewseurope.com\/en\/#\/schema\/person\/e4387676ad67ce722325c7832f3c3762","name":"Alain Dieul","image":{"@type":"ImageObject","inLanguage":"fr-FR","@id":"https:\/\/www.eenewseurope.com\/en\/#\/schema\/person\/image\/736120675699dbbf0f0f282b9a9cfb75","url":"https:\/\/secure.gravatar.com\/avatar\/bc93b056d07515be5b8eecd4acf49c5c?s=96&d=mm&r=g","contentUrl":"https:\/\/secure.gravatar.com\/avatar\/bc93b056d07515be5b8eecd4acf49c5c?s=96&d=mm&r=g","caption":"Alain Dieul"},"sameAs":["http:\/\/ECINews"]}]}},"authors":[{"term_id":1154,"user_id":36,"is_guest":0,"slug":"alain-dieul","display_name":"Alain Dieul","avatar_url":"https:\/\/secure.gravatar.com\/avatar\/bc93b056d07515be5b8eecd4acf49c5c?s=96&d=mm&r=g","0":null,"1":"","2":"","3":"","4":"","5":"","6":"","7":"","8":""}],"_links":{"self":[{"href":"https:\/\/www.ecinews.fr\/fr\/wp-json\/wp\/v2\/posts\/410313"}],"collection":[{"href":"https:\/\/www.ecinews.fr\/fr\/wp-json\/wp\/v2\/posts"}],"about":[{"href":"https:\/\/www.ecinews.fr\/fr\/wp-json\/wp\/v2\/types\/post"}],"author":[{"embeddable":true,"href":"https:\/\/www.ecinews.fr\/fr\/wp-json\/wp\/v2\/users\/36"}],"replies":[{"embeddable":true,"href":"https:\/\/www.ecinews.fr\/fr\/wp-json\/wp\/v2\/comments?post=410313"}],"version-history":[{"count":0,"href":"https:\/\/www.ecinews.fr\/fr\/wp-json\/wp\/v2\/posts\/410313\/revisions"}],"wp:featuredmedia":[{"embeddable":true,"href":"https:\/\/www.ecinews.fr\/fr\/wp-json\/wp\/v2\/media\/410314"}],"wp:attachment":[{"href":"https:\/\/www.ecinews.fr\/fr\/wp-json\/wp\/v2\/media?parent=410313"}],"wp:term":[{"taxonomy":"category","embeddable":true,"href":"https:\/\/www.ecinews.fr\/fr\/wp-json\/wp\/v2\/categories?post=410313"},{"taxonomy":"post_tag","embeddable":true,"href":"https:\/\/www.ecinews.fr\/fr\/wp-json\/wp\/v2\/tags?post=410313"},{"taxonomy":"domains","embeddable":true,"href":"https:\/\/www.ecinews.fr\/fr\/wp-json\/wp\/v2\/domains?post=410313"},{"taxonomy":"author","embeddable":true,"href":"https:\/\/www.ecinews.fr\/fr\/wp-json\/wp\/v2\/ppma_author?post=410313"}],"curies":[{"name":"wp","href":"https:\/\/api.w.org\/{rel}","templated":true}]}}