{"id":410065,"date":"2023-01-08T13:23:01","date_gmt":"2023-01-08T12:23:01","guid":{"rendered":"https:\/\/www.ecinews.fr\/?p=410065"},"modified":"2023-01-08T13:23:01","modified_gmt":"2023-01-08T12:23:01","slug":"la-solution-de-teleportation-francaise-arrive-aux-us","status":"publish","type":"post","link":"https:\/\/www.ecinews.fr\/fr\/la-solution-de-teleportation-francaise-arrive-aux-us\/","title":{"rendered":"La solution de t\u00e9l\u00e9portation fran\u00e7aise arrive aux US"},"content":{"rendered":"<p>A l&rsquo;initiative d\u2019un dispositif de proximit\u00e9 in\u00e9dit, la start-up fran\u00e7aise \u201cla Vitre\u201d permet de se t\u00e9l\u00e9porter aux quatre coins du monde. A l\u2019occasion du CES 2023, elle annonce son implantation aux \u00c9tats Unis. Dot\u00e9e de 4 ans d\u2019exp\u00e9rience et d\u2019une forte croissance, avec d\u00e9j\u00e0 300 Vitres install\u00e9es dans le monde, la Vitre lance son showroom permanent \u00e0 New York City, en accord avec son ambition internationale. La start-up, qui compte d\u00e9j\u00e0 plus de 60 clients et 15 showrooms \u00e0 travers le monde, pourra ainsi pr\u00e9senter l\u2019\u00e9volution de son produit et de ses usages \u00e0 ses clients internationaux. Une nouvelle \u00e9tape qui va lui permettre d\u2019acc\u00e9l\u00e9rer son d\u00e9veloppement commercial sur le march\u00e9 am\u00e9ricain, des grandes entreprises aux \u00e9tablissements de plus petites tailles.<\/p>\n<p>La Vitre permet de ressentir, lors d\u2019une rencontre \u00e0 distance, une r\u00e9elle pr\u00e9sence de l\u2019interlocuteur comme si celui-ci se situait face \u00e0 nous dans la m\u00eame pi\u00e8ce. Aujourd\u2019hui de nombreux moyens de communication en tout genre sont disponibles et \u00e0 la port\u00e9e de tous. Avec son \u00e9cran \u00e0 taille humaine, la Vitre permet de relier des personnes entre tous lieux en offrant la capacit\u00e9 d\u2019un vrai \u00e9change de\u00a0plein pied\u00a0qui soit le plus naturel possible.<\/p>\n<p><strong>Vers une conqu\u00eate du march\u00e9 am\u00e9ricain<\/strong><\/p>\n<p>Apr\u00e8s des showrooms en France et en Europe, la Vitre annonce l\u2019ouverture d\u2019un nouvel espace aux Etats-Unis. Ce nouveau showroom, situ\u00e9 \u00e0 \u200bManhattan,\u00a0sur la 20\u00e8me avenue (French\u00a0Founders\u00a027 W 20th St #800, New York, NY 10011), permettra des rencontres entre clients et prospects internationaux et sera l\u2019endroit id\u00e9al pour organiser des d\u00e9monstrations.<\/p>\n<p>Pour Romuald Boulanger, cofondateur de la Vitre : \u201cNotre meilleur argument pour convaincre c\u2019est de l\u2019essayer !\u00a0Avec l\u2019ouverture de ce showroom aux Etats-Unis, nos prospects pourront ainsi vivre l\u2019exp\u00e9rience d\u2019une proximit\u00e9 \u00e0 distance\u201c<\/p>\n<p>Apr\u00e8s une premi\u00e8re participation au CES en 2022, cette fois-ci la soci\u00e9t\u00e9 \u201cla Vitre\u201d y retourne avec de nouveaux objectifs en t\u00eate : booster sa cr\u00e9dibilit\u00e9, affirmer son ambition internationale, et s\u2019implanter durablement aux USA. La Vitre sera de nouveau exposante au CES 2023 \u00e0 Las Vegas, NV, US : Eureka Park, R\u00e9gion Pays de La Loire &#8211; Stand 60410-1, parmi 200 autres startups French Tech.<\/p>\n<p>Elle y pr\u00e9sentera son produit et chacun pourra participer \u00e0 l\u2019exp\u00e9rience, en \u00e9changeant quelques mots avec des interlocuteurs depuis Nantes.<\/p>\n<p><strong>4 \u00e9l\u00e9ments composent le bundle la Vitre :<\/strong><\/p>\n<p>&#8211;\u00a0\u00a0\u00a0\u00a0\u00a0\u00a0\u00a0\u00a0\u00a0\u00a0Kit la Vitre :\u00a0Micro st\u00e9r\u00e9o, mini PC et cam\u00e9ra int\u00e9gr\u00e9e dans un bo\u00eetier con\u00e7u sur-mesure dans les locaux de la Vitre<\/p>\n<p>&#8211;\u00a0\u00a0\u00a0\u00a0\u00a0\u00a0\u00a0\u00a0\u00a0\u00a0\u00c9cran tactile 86\u201d : Qualit\u00e9 d\u2019image et design \u00e9l\u00e9gant, il assure un rendu immersif optimal<\/p>\n<p>&#8211;\u00a0\u00a0\u00a0\u00a0\u00a0\u00a0\u00a0\u00a0\u00a0\u00a0Support VYOO : Con\u00e7u sur-mesure, avec\u00a0Yoo\u2019UP, il int\u00e8gre chaque \u00e9l\u00e9ment et s&rsquo;adapte \u00e0 toutes les tailles de Vitre<\/p>\n<p>&#8211;\u00a0\u00a0\u00a0\u00a0\u00a0\u00a0\u00a0\u00a0\u00a0\u00a0Enceinte : Ampli int\u00e9gr\u00e9, qualit\u00e9 de son, facilit\u00e9 d&rsquo;entretien et d&rsquo;installation, elle r\u00e9pond aux exigences de la Vitre<\/p>\n<p><strong>\u00a0<\/strong><\/p>\n<p>La soci\u00e9t\u00e9 \u201cla Vitre\u201d compte aujourd\u2019hui plus de 60 clients dont des grands groupes de tous secteurs confondus tels que Groupe BPCE, Accenture, Orange, Safran, Bouygues Construction, Capgemini,\u00a0Corbion, Engie. Ce dispositif unique est \u00e9galement accessible pour les PME comme les cavistes Caves Carri\u00e8re. Au total, 300 Vitres sont actives dans le monde. Le dispositif la Vitre est pr\u00e9sent\u00e9 dans 15 showrooms \u00e0 Paris, Nantes et Marseille pour en citer quelques-uns.<\/p>\n<p><a title=\"www.lavitre.fr\" href=\"http:\/\/www.lavitre.fr\">www.lavitre.fr<\/a><\/p>\n<p>&nbsp;<\/p>\n<p>&nbsp;<\/p>\n","protected":false},"excerpt":{"rendered":"<p>A l&rsquo;initiative d\u2019un dispositif de proximit\u00e9 in\u00e9dit, la start-up fran\u00e7aise \u201cla Vitre\u201d permet de se t\u00e9l\u00e9porter aux quatre coins du monde. A l\u2019occasion du CES 2023, elle annonce son implantation aux \u00c9tats Unis. Dot\u00e9e de 4 ans d\u2019exp\u00e9rience et d\u2019une forte croissance, avec d\u00e9j\u00e0 300 Vitres install\u00e9es dans le monde, la Vitre lance son showroom [&hellip;]<\/p>\n","protected":false},"author":36,"featured_media":410066,"comment_status":"closed","ping_status":"closed","sticky":false,"template":"","format":"standard","meta":{"_acf_changed":false,"footnotes":""},"categories":[886],"tags":[],"domains":[47],"ppma_author":[1154],"class_list":["post-410065","post","type-post","status-publish","format-standard","has-post-thumbnail","hentry","category-news-fr","domains-electronique-eci"],"acf":[],"yoast_head":"<title>La solution de t\u00e9l\u00e9portation fran\u00e7aise arrive aux US ...<\/title>\n<meta name=\"description\" content=\"A l&rsquo;initiative d\u2019un dispositif de proximit\u00e9 in\u00e9dit, la start-up fran\u00e7aise \u201cla Vitre\u201d permet de se t\u00e9l\u00e9porter aux quatre coins du monde. A...\" \/>\n<meta name=\"robots\" content=\"index, follow, max-snippet:-1, max-image-preview:large, max-video-preview:-1\" \/>\n<link rel=\"canonical\" href=\"https:\/\/www.ecinews.fr\/fr\/wp-json\/wp\/v2\/posts\/410065\/\" \/>\n<meta property=\"og:locale\" content=\"fr_FR\" \/>\n<meta property=\"og:type\" content=\"article\" \/>\n<meta property=\"og:title\" content=\"La solution de t\u00e9l\u00e9portation fran\u00e7aise arrive aux US\" \/>\n<meta property=\"og:description\" content=\"A l&rsquo;initiative d\u2019un dispositif de proximit\u00e9 in\u00e9dit, la start-up fran\u00e7aise \u201cla Vitre\u201d permet de se t\u00e9l\u00e9porter aux quatre coins du monde. A l\u2019occasion du CES 2023, elle annonce son implantation aux \u00c9tats Unis. Dot\u00e9e de 4 ans d\u2019exp\u00e9rience et d\u2019une forte croissance, avec d\u00e9j\u00e0 300 Vitres install\u00e9es dans le monde, la Vitre lance son showroom [&hellip;]\" \/>\n<meta property=\"og:url\" content=\"https:\/\/www.ecinews.fr\/fr\/wp-json\/wp\/v2\/posts\/410065\/\" \/>\n<meta property=\"og:site_name\" content=\"EENewsEurope\" \/>\n<meta property=\"article:published_time\" content=\"2023-01-08T12:23:01+00:00\" \/>\n<meta property=\"og:image\" content=\"https:\/\/www.ecinews.fr\/wp-content\/uploads\/2023\/01\/ECI1619-La-Vitre-actu.jpg\" \/>\n\t<meta property=\"og:image:width\" content=\"300\" \/>\n\t<meta property=\"og:image:height\" content=\"356\" \/>\n\t<meta property=\"og:image:type\" content=\"image\/jpeg\" \/>\n<meta name=\"author\" content=\"Alain Dieul\" \/>\n<meta name=\"twitter:card\" content=\"summary_large_image\" \/>\n<meta name=\"twitter:label1\" content=\"Written by\" \/>\n\t<meta name=\"twitter:data1\" content=\"Alain Dieul\" \/>\n\t<meta name=\"twitter:label2\" content=\"Est. reading time\" \/>\n\t<meta name=\"twitter:data2\" content=\"3 minutes\" \/>\n<script type=\"application\/ld+json\" class=\"yoast-schema-graph\">{\"@context\":\"https:\/\/schema.org\",\"@graph\":[{\"@type\":\"Article\",\"@id\":\"https:\/\/www.ecinews.fr\/fr\/la-solution-de-teleportation-francaise-arrive-aux-us\/#article\",\"isPartOf\":{\"@id\":\"https:\/\/www.ecinews.fr\/fr\/la-solution-de-teleportation-francaise-arrive-aux-us\/\"},\"author\":{\"name\":\"Alain Dieul\",\"@id\":\"https:\/\/www.eenewseurope.com\/en\/#\/schema\/person\/e4387676ad67ce722325c7832f3c3762\"},\"headline\":\"La solution de t\u00e9l\u00e9portation fran\u00e7aise arrive aux US\",\"datePublished\":\"2023-01-08T12:23:01+00:00\",\"dateModified\":\"2023-01-08T12:23:01+00:00\",\"mainEntityOfPage\":{\"@id\":\"https:\/\/www.ecinews.fr\/fr\/la-solution-de-teleportation-francaise-arrive-aux-us\/\"},\"wordCount\":589,\"publisher\":{\"@id\":\"https:\/\/www.eenewseurope.com\/en\/#organization\"},\"articleSection\":[\"Actualit\u00e9 g\u00e9n\u00e9rale\"],\"inLanguage\":\"fr-FR\"},{\"@type\":\"WebPage\",\"@id\":\"https:\/\/www.ecinews.fr\/fr\/la-solution-de-teleportation-francaise-arrive-aux-us\/\",\"url\":\"https:\/\/www.ecinews.fr\/fr\/la-solution-de-teleportation-francaise-arrive-aux-us\/\",\"name\":\"La solution de t\u00e9l\u00e9portation fran\u00e7aise arrive aux US -\",\"isPartOf\":{\"@id\":\"https:\/\/www.eenewseurope.com\/en\/#website\"},\"datePublished\":\"2023-01-08T12:23:01+00:00\",\"dateModified\":\"2023-01-08T12:23:01+00:00\",\"breadcrumb\":{\"@id\":\"https:\/\/www.ecinews.fr\/fr\/la-solution-de-teleportation-francaise-arrive-aux-us\/#breadcrumb\"},\"inLanguage\":\"fr-FR\",\"potentialAction\":[{\"@type\":\"ReadAction\",\"target\":[\"https:\/\/www.ecinews.fr\/fr\/la-solution-de-teleportation-francaise-arrive-aux-us\/\"]}]},{\"@type\":\"BreadcrumbList\",\"@id\":\"https:\/\/www.ecinews.fr\/fr\/la-solution-de-teleportation-francaise-arrive-aux-us\/#breadcrumb\",\"itemListElement\":[{\"@type\":\"ListItem\",\"position\":1,\"name\":\"Home\",\"item\":\"https:\/\/www.ecinews.fr\/fr\/\"},{\"@type\":\"ListItem\",\"position\":2,\"name\":\"La solution de t\u00e9l\u00e9portation fran\u00e7aise arrive aux US\"}]},{\"@type\":\"WebSite\",\"@id\":\"https:\/\/www.eenewseurope.com\/en\/#website\",\"url\":\"https:\/\/www.eenewseurope.com\/en\/\",\"name\":\"EENewsEurope\",\"description\":\"Just another WordPress site\",\"publisher\":{\"@id\":\"https:\/\/www.eenewseurope.com\/en\/#organization\"},\"potentialAction\":[{\"@type\":\"SearchAction\",\"target\":{\"@type\":\"EntryPoint\",\"urlTemplate\":\"https:\/\/www.eenewseurope.com\/en\/?s={search_term_string}\"},\"query-input\":\"required name=search_term_string\"}],\"inLanguage\":\"fr-FR\"},{\"@type\":\"Organization\",\"@id\":\"https:\/\/www.eenewseurope.com\/en\/#organization\",\"name\":\"EENewsEurope\",\"url\":\"https:\/\/www.eenewseurope.com\/en\/\",\"logo\":{\"@type\":\"ImageObject\",\"inLanguage\":\"fr-FR\",\"@id\":\"https:\/\/www.eenewseurope.com\/en\/#\/schema\/logo\/image\/\",\"url\":\"https:\/\/www.ecinews.fr\/wp-content\/uploads\/2022\/02\/logo-1.jpg\",\"contentUrl\":\"https:\/\/www.ecinews.fr\/wp-content\/uploads\/2022\/02\/logo-1.jpg\",\"width\":283,\"height\":113,\"caption\":\"EENewsEurope\"},\"image\":{\"@id\":\"https:\/\/www.eenewseurope.com\/en\/#\/schema\/logo\/image\/\"}},{\"@type\":\"Person\",\"@id\":\"https:\/\/www.eenewseurope.com\/en\/#\/schema\/person\/e4387676ad67ce722325c7832f3c3762\",\"name\":\"Alain Dieul\",\"image\":{\"@type\":\"ImageObject\",\"inLanguage\":\"fr-FR\",\"@id\":\"https:\/\/www.eenewseurope.com\/en\/#\/schema\/person\/image\/736120675699dbbf0f0f282b9a9cfb75\",\"url\":\"https:\/\/secure.gravatar.com\/avatar\/bc93b056d07515be5b8eecd4acf49c5c?s=96&d=mm&r=g\",\"contentUrl\":\"https:\/\/secure.gravatar.com\/avatar\/bc93b056d07515be5b8eecd4acf49c5c?s=96&d=mm&r=g\",\"caption\":\"Alain Dieul\"},\"sameAs\":[\"http:\/\/ECINews\"]}]}<\/script>","yoast_head_json":{"title":"La solution de t\u00e9l\u00e9portation fran\u00e7aise arrive aux US ...","description":"A l&rsquo;initiative d\u2019un dispositif de proximit\u00e9 in\u00e9dit, la start-up fran\u00e7aise \u201cla Vitre\u201d permet de se t\u00e9l\u00e9porter aux quatre coins du monde. A...","robots":{"index":"index","follow":"follow","max-snippet":"max-snippet:-1","max-image-preview":"max-image-preview:large","max-video-preview":"max-video-preview:-1"},"canonical":"https:\/\/www.ecinews.fr\/fr\/wp-json\/wp\/v2\/posts\/410065\/","og_locale":"fr_FR","og_type":"article","og_title":"La solution de t\u00e9l\u00e9portation fran\u00e7aise arrive aux US","og_description":"A l&rsquo;initiative d\u2019un dispositif de proximit\u00e9 in\u00e9dit, la start-up fran\u00e7aise \u201cla Vitre\u201d permet de se t\u00e9l\u00e9porter aux quatre coins du monde. A l\u2019occasion du CES 2023, elle annonce son implantation aux \u00c9tats Unis. Dot\u00e9e de 4 ans d\u2019exp\u00e9rience et d\u2019une forte croissance, avec d\u00e9j\u00e0 300 Vitres install\u00e9es dans le monde, la Vitre lance son showroom [&hellip;]","og_url":"https:\/\/www.ecinews.fr\/fr\/wp-json\/wp\/v2\/posts\/410065\/","og_site_name":"EENewsEurope","article_published_time":"2023-01-08T12:23:01+00:00","og_image":[{"width":300,"height":356,"url":"https:\/\/www.ecinews.fr\/wp-content\/uploads\/2023\/01\/ECI1619-La-Vitre-actu.jpg","type":"image\/jpeg"}],"author":"Alain Dieul","twitter_card":"summary_large_image","twitter_misc":{"Written by":"Alain Dieul","Est. reading time":"3 minutes"},"schema":{"@context":"https:\/\/schema.org","@graph":[{"@type":"Article","@id":"https:\/\/www.ecinews.fr\/fr\/la-solution-de-teleportation-francaise-arrive-aux-us\/#article","isPartOf":{"@id":"https:\/\/www.ecinews.fr\/fr\/la-solution-de-teleportation-francaise-arrive-aux-us\/"},"author":{"name":"Alain Dieul","@id":"https:\/\/www.eenewseurope.com\/en\/#\/schema\/person\/e4387676ad67ce722325c7832f3c3762"},"headline":"La solution de t\u00e9l\u00e9portation fran\u00e7aise arrive aux US","datePublished":"2023-01-08T12:23:01+00:00","dateModified":"2023-01-08T12:23:01+00:00","mainEntityOfPage":{"@id":"https:\/\/www.ecinews.fr\/fr\/la-solution-de-teleportation-francaise-arrive-aux-us\/"},"wordCount":589,"publisher":{"@id":"https:\/\/www.eenewseurope.com\/en\/#organization"},"articleSection":["Actualit\u00e9 g\u00e9n\u00e9rale"],"inLanguage":"fr-FR"},{"@type":"WebPage","@id":"https:\/\/www.ecinews.fr\/fr\/la-solution-de-teleportation-francaise-arrive-aux-us\/","url":"https:\/\/www.ecinews.fr\/fr\/la-solution-de-teleportation-francaise-arrive-aux-us\/","name":"La solution de t\u00e9l\u00e9portation fran\u00e7aise arrive aux US -","isPartOf":{"@id":"https:\/\/www.eenewseurope.com\/en\/#website"},"datePublished":"2023-01-08T12:23:01+00:00","dateModified":"2023-01-08T12:23:01+00:00","breadcrumb":{"@id":"https:\/\/www.ecinews.fr\/fr\/la-solution-de-teleportation-francaise-arrive-aux-us\/#breadcrumb"},"inLanguage":"fr-FR","potentialAction":[{"@type":"ReadAction","target":["https:\/\/www.ecinews.fr\/fr\/la-solution-de-teleportation-francaise-arrive-aux-us\/"]}]},{"@type":"BreadcrumbList","@id":"https:\/\/www.ecinews.fr\/fr\/la-solution-de-teleportation-francaise-arrive-aux-us\/#breadcrumb","itemListElement":[{"@type":"ListItem","position":1,"name":"Home","item":"https:\/\/www.ecinews.fr\/fr\/"},{"@type":"ListItem","position":2,"name":"La solution de t\u00e9l\u00e9portation fran\u00e7aise arrive aux US"}]},{"@type":"WebSite","@id":"https:\/\/www.eenewseurope.com\/en\/#website","url":"https:\/\/www.eenewseurope.com\/en\/","name":"EENewsEurope","description":"Just another WordPress site","publisher":{"@id":"https:\/\/www.eenewseurope.com\/en\/#organization"},"potentialAction":[{"@type":"SearchAction","target":{"@type":"EntryPoint","urlTemplate":"https:\/\/www.eenewseurope.com\/en\/?s={search_term_string}"},"query-input":"required name=search_term_string"}],"inLanguage":"fr-FR"},{"@type":"Organization","@id":"https:\/\/www.eenewseurope.com\/en\/#organization","name":"EENewsEurope","url":"https:\/\/www.eenewseurope.com\/en\/","logo":{"@type":"ImageObject","inLanguage":"fr-FR","@id":"https:\/\/www.eenewseurope.com\/en\/#\/schema\/logo\/image\/","url":"https:\/\/www.ecinews.fr\/wp-content\/uploads\/2022\/02\/logo-1.jpg","contentUrl":"https:\/\/www.ecinews.fr\/wp-content\/uploads\/2022\/02\/logo-1.jpg","width":283,"height":113,"caption":"EENewsEurope"},"image":{"@id":"https:\/\/www.eenewseurope.com\/en\/#\/schema\/logo\/image\/"}},{"@type":"Person","@id":"https:\/\/www.eenewseurope.com\/en\/#\/schema\/person\/e4387676ad67ce722325c7832f3c3762","name":"Alain Dieul","image":{"@type":"ImageObject","inLanguage":"fr-FR","@id":"https:\/\/www.eenewseurope.com\/en\/#\/schema\/person\/image\/736120675699dbbf0f0f282b9a9cfb75","url":"https:\/\/secure.gravatar.com\/avatar\/bc93b056d07515be5b8eecd4acf49c5c?s=96&d=mm&r=g","contentUrl":"https:\/\/secure.gravatar.com\/avatar\/bc93b056d07515be5b8eecd4acf49c5c?s=96&d=mm&r=g","caption":"Alain Dieul"},"sameAs":["http:\/\/ECINews"]}]}},"authors":[{"term_id":1154,"user_id":36,"is_guest":0,"slug":"alain-dieul","display_name":"Alain Dieul","avatar_url":"https:\/\/secure.gravatar.com\/avatar\/bc93b056d07515be5b8eecd4acf49c5c?s=96&d=mm&r=g","0":null,"1":"","2":"","3":"","4":"","5":"","6":"","7":"","8":""}],"_links":{"self":[{"href":"https:\/\/www.ecinews.fr\/fr\/wp-json\/wp\/v2\/posts\/410065"}],"collection":[{"href":"https:\/\/www.ecinews.fr\/fr\/wp-json\/wp\/v2\/posts"}],"about":[{"href":"https:\/\/www.ecinews.fr\/fr\/wp-json\/wp\/v2\/types\/post"}],"author":[{"embeddable":true,"href":"https:\/\/www.ecinews.fr\/fr\/wp-json\/wp\/v2\/users\/36"}],"replies":[{"embeddable":true,"href":"https:\/\/www.ecinews.fr\/fr\/wp-json\/wp\/v2\/comments?post=410065"}],"version-history":[{"count":0,"href":"https:\/\/www.ecinews.fr\/fr\/wp-json\/wp\/v2\/posts\/410065\/revisions"}],"wp:featuredmedia":[{"embeddable":true,"href":"https:\/\/www.ecinews.fr\/fr\/wp-json\/wp\/v2\/media\/410066"}],"wp:attachment":[{"href":"https:\/\/www.ecinews.fr\/fr\/wp-json\/wp\/v2\/media?parent=410065"}],"wp:term":[{"taxonomy":"category","embeddable":true,"href":"https:\/\/www.ecinews.fr\/fr\/wp-json\/wp\/v2\/categories?post=410065"},{"taxonomy":"post_tag","embeddable":true,"href":"https:\/\/www.ecinews.fr\/fr\/wp-json\/wp\/v2\/tags?post=410065"},{"taxonomy":"domains","embeddable":true,"href":"https:\/\/www.ecinews.fr\/fr\/wp-json\/wp\/v2\/domains?post=410065"},{"taxonomy":"author","embeddable":true,"href":"https:\/\/www.ecinews.fr\/fr\/wp-json\/wp\/v2\/ppma_author?post=410065"}],"curies":[{"name":"wp","href":"https:\/\/api.w.org\/{rel}","templated":true}]}}