{"id":409894,"date":"2023-01-05T10:52:35","date_gmt":"2023-01-05T09:52:35","guid":{"rendered":"https:\/\/www.ecinews.fr\/?p=409894"},"modified":"2023-01-05T10:52:54","modified_gmt":"2023-01-05T09:52:54","slug":"isendpro-telecom-poursuit-sa-croissance-et-realise-le-meilleur-ca-de-son-histoire","status":"publish","type":"post","link":"https:\/\/www.ecinews.fr\/fr\/isendpro-telecom-poursuit-sa-croissance-et-realise-le-meilleur-ca-de-son-histoire\/","title":{"rendered":"iSendPro Telecom r\u00e9alise le meilleur CA de son histoire"},"content":{"rendered":"<p>iSendPro Telecom (soci\u00e9t\u00e9 Dixdata), plateforme multicanal (SMS, vocal, email, location de base de donn\u00e9es, OTT \u2026) con\u00e7ue, d\u00e9velopp\u00e9e et h\u00e9berg\u00e9e en France, cl\u00f4ture son exercice 2021\/2022 en affichant un CA de 12 millions d\u2019euros, le meilleur de son histoire, soit + 35 % de croissance. Son activit\u00e9 a \u00e9t\u00e9 boost\u00e9e par ses derni\u00e8res innovations produits dont le SMS 360\u00b0 et ses investissements dans ses capacit\u00e9s commerciales. Op\u00e9rateur t\u00e9l\u00e9com et facilitateur SMS depuis 2002, la soci\u00e9t\u00e9 est devenue en 20 ans un acteur incontournable sur le march\u00e9 du marketing mobile en France.<\/p>\n<p><strong>Une croissance constante et un CA historique pour ses 20 ans<\/strong><\/p>\n<p>La soci\u00e9t\u00e9 bas\u00e9e \u00e0 Cagnes-sur-mer (06), f\u00eate cette ann\u00e9e ses 20 ans, affichant pour l\u2019occasion un CA de 12 millions d\u2019euros, au plus haut depuis sa cr\u00e9ation, soit une croissance de 35%. Employant 11 salari\u00e9s tous bas\u00e9s en France sur ses 4 sites Cagnes-sur-Mer (06), Land\u00e9da (29), Marseille (13) et Paris (75), iSendPro Telecom a recrut\u00e9 cette ann\u00e9e 4 nouveaux collaborateurs pour accompagner son d\u00e9veloppement : une assistante marketing et commerciale, un ing\u00e9nieur en cybers\u00e9curit\u00e9 et deux d\u00e9veloppeurs web full stack.<\/p>\n<p><strong>Une plateforme multicanal compl\u00e8te et innovante au service de l\u2019acquisition et de la fid\u00e9lisation clients<\/strong><\/p>\n<p>iSendPro Telecom propose une gamme compl\u00e8te d&rsquo;outils, de solutions et de fonctionnalit\u00e9s pour la fid\u00e9lisation et l&rsquo;acquisition de nouveaux clients : routage de campagnes de communication multicanal (SMS, Email, Vocal, R\u00e9seaux sociaux) en mode SaaS ou via APIs, location de fichiers de prospection, Data marketing. En interconnexion directe avec les op\u00e9rateurs de t\u00e9l\u00e9phonie mobile, iSendPro Telecom travaille sans interm\u00e9diaire et propose ainsi l\u2019un des meilleurs rapports qualit\u00e9\/prix du march\u00e9 sur le Push SMS. La s\u00e9curit\u00e9 est une des priorit\u00e9s d\u2019iSendPro Telecom avec des donn\u00e9es enti\u00e8rement chiffr\u00e9es et stock\u00e9es dans un data center \u00e0 Sophia Antipolis avec une redondance \u00e0 Paris.<\/p>\n<p><a title=\"www.isendpro.com\/\" href=\"http:\/\/www.isendpro.com\/\">www.isendpro.com\/<\/a><\/p>\n","protected":false},"excerpt":{"rendered":"<p>iSendPro Telecom (soci\u00e9t\u00e9 Dixdata), plateforme multicanal (SMS, vocal, email, location de base de donn\u00e9es, OTT \u2026) con\u00e7ue, d\u00e9velopp\u00e9e et h\u00e9berg\u00e9e en France, cl\u00f4ture son exercice 2021\/2022 en affichant un CA de 12 millions d\u2019euros, le meilleur de son histoire, soit + 35 % de croissance. Son activit\u00e9 a \u00e9t\u00e9 boost\u00e9e par ses derni\u00e8res innovations produits [&hellip;]<\/p>\n","protected":false},"author":36,"featured_media":409895,"comment_status":"closed","ping_status":"closed","sticky":false,"template":"","format":"standard","meta":{"_acf_changed":false,"footnotes":""},"categories":[886],"tags":[],"domains":[47],"ppma_author":[1154],"class_list":["post-409894","post","type-post","status-publish","format-standard","has-post-thumbnail","hentry","category-news-fr","domains-electronique-eci"],"acf":[],"yoast_head":"<title>iSendPro Telecom r\u00e9alise le meilleur CA de son histoire ...<\/title>\n<meta name=\"description\" content=\"iSendPro Telecom (soci\u00e9t\u00e9 Dixdata), plateforme multicanal (SMS, vocal, email, location de base de donn\u00e9es, OTT \u2026) con\u00e7ue, d\u00e9velopp\u00e9e et h\u00e9berg\u00e9e en...\" \/>\n<meta name=\"robots\" content=\"index, follow, max-snippet:-1, max-image-preview:large, max-video-preview:-1\" \/>\n<link rel=\"canonical\" href=\"https:\/\/www.ecinews.fr\/fr\/wp-json\/wp\/v2\/posts\/409894\/\" \/>\n<meta property=\"og:locale\" content=\"fr_FR\" \/>\n<meta property=\"og:type\" content=\"article\" \/>\n<meta property=\"og:title\" content=\"iSendPro Telecom r\u00e9alise le meilleur CA de son histoire\" \/>\n<meta property=\"og:description\" content=\"iSendPro Telecom (soci\u00e9t\u00e9 Dixdata), plateforme multicanal (SMS, vocal, email, location de base de donn\u00e9es, OTT \u2026) con\u00e7ue, d\u00e9velopp\u00e9e et h\u00e9berg\u00e9e en France, cl\u00f4ture son exercice 2021\/2022 en affichant un CA de 12 millions d\u2019euros, le meilleur de son histoire, soit + 35 % de croissance. Son activit\u00e9 a \u00e9t\u00e9 boost\u00e9e par ses derni\u00e8res innovations produits [&hellip;]\" \/>\n<meta property=\"og:url\" content=\"https:\/\/www.ecinews.fr\/fr\/wp-json\/wp\/v2\/posts\/409894\/\" \/>\n<meta property=\"og:site_name\" content=\"EENewsEurope\" \/>\n<meta property=\"article:published_time\" content=\"2023-01-05T09:52:35+00:00\" \/>\n<meta property=\"article:modified_time\" content=\"2023-01-05T09:52:54+00:00\" \/>\n<meta property=\"og:image\" content=\"https:\/\/www.ecinews.fr\/wp-content\/uploads\/2023\/01\/ECI1617_iSendPro-Telecom.jpg\" \/>\n\t<meta property=\"og:image:width\" content=\"589\" \/>\n\t<meta property=\"og:image:height\" content=\"480\" \/>\n\t<meta property=\"og:image:type\" content=\"image\/jpeg\" \/>\n<meta name=\"author\" content=\"Alain Dieul\" \/>\n<meta name=\"twitter:card\" content=\"summary_large_image\" \/>\n<meta name=\"twitter:label1\" content=\"Written by\" \/>\n\t<meta name=\"twitter:data1\" content=\"Alain Dieul\" \/>\n\t<meta name=\"twitter:label2\" content=\"Est. reading time\" \/>\n\t<meta name=\"twitter:data2\" content=\"2 minutes\" \/>\n<script type=\"application\/ld+json\" class=\"yoast-schema-graph\">{\"@context\":\"https:\/\/schema.org\",\"@graph\":[{\"@type\":\"Article\",\"@id\":\"https:\/\/www.ecinews.fr\/fr\/isendpro-telecom-poursuit-sa-croissance-et-realise-le-meilleur-ca-de-son-histoire\/#article\",\"isPartOf\":{\"@id\":\"https:\/\/www.ecinews.fr\/fr\/isendpro-telecom-poursuit-sa-croissance-et-realise-le-meilleur-ca-de-son-histoire\/\"},\"author\":{\"name\":\"Alain Dieul\",\"@id\":\"https:\/\/www.eenewseurope.com\/en\/#\/schema\/person\/e4387676ad67ce722325c7832f3c3762\"},\"headline\":\"iSendPro Telecom r\u00e9alise le meilleur CA de son histoire\",\"datePublished\":\"2023-01-05T09:52:35+00:00\",\"dateModified\":\"2023-01-05T09:52:54+00:00\",\"mainEntityOfPage\":{\"@id\":\"https:\/\/www.ecinews.fr\/fr\/isendpro-telecom-poursuit-sa-croissance-et-realise-le-meilleur-ca-de-son-histoire\/\"},\"wordCount\":338,\"publisher\":{\"@id\":\"https:\/\/www.eenewseurope.com\/en\/#organization\"},\"articleSection\":[\"Actualit\u00e9 g\u00e9n\u00e9rale\"],\"inLanguage\":\"fr-FR\"},{\"@type\":\"WebPage\",\"@id\":\"https:\/\/www.ecinews.fr\/fr\/isendpro-telecom-poursuit-sa-croissance-et-realise-le-meilleur-ca-de-son-histoire\/\",\"url\":\"https:\/\/www.ecinews.fr\/fr\/isendpro-telecom-poursuit-sa-croissance-et-realise-le-meilleur-ca-de-son-histoire\/\",\"name\":\"iSendPro Telecom r\u00e9alise le meilleur CA de son histoire -\",\"isPartOf\":{\"@id\":\"https:\/\/www.eenewseurope.com\/en\/#website\"},\"datePublished\":\"2023-01-05T09:52:35+00:00\",\"dateModified\":\"2023-01-05T09:52:54+00:00\",\"breadcrumb\":{\"@id\":\"https:\/\/www.ecinews.fr\/fr\/isendpro-telecom-poursuit-sa-croissance-et-realise-le-meilleur-ca-de-son-histoire\/#breadcrumb\"},\"inLanguage\":\"fr-FR\",\"potentialAction\":[{\"@type\":\"ReadAction\",\"target\":[\"https:\/\/www.ecinews.fr\/fr\/isendpro-telecom-poursuit-sa-croissance-et-realise-le-meilleur-ca-de-son-histoire\/\"]}]},{\"@type\":\"BreadcrumbList\",\"@id\":\"https:\/\/www.ecinews.fr\/fr\/isendpro-telecom-poursuit-sa-croissance-et-realise-le-meilleur-ca-de-son-histoire\/#breadcrumb\",\"itemListElement\":[{\"@type\":\"ListItem\",\"position\":1,\"name\":\"Home\",\"item\":\"https:\/\/www.ecinews.fr\/fr\/\"},{\"@type\":\"ListItem\",\"position\":2,\"name\":\"iSendPro Telecom r\u00e9alise le meilleur CA de son histoire\"}]},{\"@type\":\"WebSite\",\"@id\":\"https:\/\/www.eenewseurope.com\/en\/#website\",\"url\":\"https:\/\/www.eenewseurope.com\/en\/\",\"name\":\"EENewsEurope\",\"description\":\"Just another WordPress site\",\"publisher\":{\"@id\":\"https:\/\/www.eenewseurope.com\/en\/#organization\"},\"potentialAction\":[{\"@type\":\"SearchAction\",\"target\":{\"@type\":\"EntryPoint\",\"urlTemplate\":\"https:\/\/www.eenewseurope.com\/en\/?s={search_term_string}\"},\"query-input\":\"required name=search_term_string\"}],\"inLanguage\":\"fr-FR\"},{\"@type\":\"Organization\",\"@id\":\"https:\/\/www.eenewseurope.com\/en\/#organization\",\"name\":\"EENewsEurope\",\"url\":\"https:\/\/www.eenewseurope.com\/en\/\",\"logo\":{\"@type\":\"ImageObject\",\"inLanguage\":\"fr-FR\",\"@id\":\"https:\/\/www.eenewseurope.com\/en\/#\/schema\/logo\/image\/\",\"url\":\"https:\/\/www.ecinews.fr\/wp-content\/uploads\/2022\/02\/logo-1.jpg\",\"contentUrl\":\"https:\/\/www.ecinews.fr\/wp-content\/uploads\/2022\/02\/logo-1.jpg\",\"width\":283,\"height\":113,\"caption\":\"EENewsEurope\"},\"image\":{\"@id\":\"https:\/\/www.eenewseurope.com\/en\/#\/schema\/logo\/image\/\"}},{\"@type\":\"Person\",\"@id\":\"https:\/\/www.eenewseurope.com\/en\/#\/schema\/person\/e4387676ad67ce722325c7832f3c3762\",\"name\":\"Alain Dieul\",\"image\":{\"@type\":\"ImageObject\",\"inLanguage\":\"fr-FR\",\"@id\":\"https:\/\/www.eenewseurope.com\/en\/#\/schema\/person\/image\/736120675699dbbf0f0f282b9a9cfb75\",\"url\":\"https:\/\/secure.gravatar.com\/avatar\/bc93b056d07515be5b8eecd4acf49c5c?s=96&d=mm&r=g\",\"contentUrl\":\"https:\/\/secure.gravatar.com\/avatar\/bc93b056d07515be5b8eecd4acf49c5c?s=96&d=mm&r=g\",\"caption\":\"Alain Dieul\"},\"sameAs\":[\"http:\/\/ECINews\"]}]}<\/script>","yoast_head_json":{"title":"iSendPro Telecom r\u00e9alise le meilleur CA de son histoire ...","description":"iSendPro Telecom (soci\u00e9t\u00e9 Dixdata), plateforme multicanal (SMS, vocal, email, location de base de donn\u00e9es, OTT \u2026) con\u00e7ue, d\u00e9velopp\u00e9e et h\u00e9berg\u00e9e en...","robots":{"index":"index","follow":"follow","max-snippet":"max-snippet:-1","max-image-preview":"max-image-preview:large","max-video-preview":"max-video-preview:-1"},"canonical":"https:\/\/www.ecinews.fr\/fr\/wp-json\/wp\/v2\/posts\/409894\/","og_locale":"fr_FR","og_type":"article","og_title":"iSendPro Telecom r\u00e9alise le meilleur CA de son histoire","og_description":"iSendPro Telecom (soci\u00e9t\u00e9 Dixdata), plateforme multicanal (SMS, vocal, email, location de base de donn\u00e9es, OTT \u2026) con\u00e7ue, d\u00e9velopp\u00e9e et h\u00e9berg\u00e9e en France, cl\u00f4ture son exercice 2021\/2022 en affichant un CA de 12 millions d\u2019euros, le meilleur de son histoire, soit + 35 % de croissance. Son activit\u00e9 a \u00e9t\u00e9 boost\u00e9e par ses derni\u00e8res innovations produits [&hellip;]","og_url":"https:\/\/www.ecinews.fr\/fr\/wp-json\/wp\/v2\/posts\/409894\/","og_site_name":"EENewsEurope","article_published_time":"2023-01-05T09:52:35+00:00","article_modified_time":"2023-01-05T09:52:54+00:00","og_image":[{"width":589,"height":480,"url":"https:\/\/www.ecinews.fr\/wp-content\/uploads\/2023\/01\/ECI1617_iSendPro-Telecom.jpg","type":"image\/jpeg"}],"author":"Alain Dieul","twitter_card":"summary_large_image","twitter_misc":{"Written by":"Alain Dieul","Est. reading time":"2 minutes"},"schema":{"@context":"https:\/\/schema.org","@graph":[{"@type":"Article","@id":"https:\/\/www.ecinews.fr\/fr\/isendpro-telecom-poursuit-sa-croissance-et-realise-le-meilleur-ca-de-son-histoire\/#article","isPartOf":{"@id":"https:\/\/www.ecinews.fr\/fr\/isendpro-telecom-poursuit-sa-croissance-et-realise-le-meilleur-ca-de-son-histoire\/"},"author":{"name":"Alain Dieul","@id":"https:\/\/www.eenewseurope.com\/en\/#\/schema\/person\/e4387676ad67ce722325c7832f3c3762"},"headline":"iSendPro Telecom r\u00e9alise le meilleur CA de son histoire","datePublished":"2023-01-05T09:52:35+00:00","dateModified":"2023-01-05T09:52:54+00:00","mainEntityOfPage":{"@id":"https:\/\/www.ecinews.fr\/fr\/isendpro-telecom-poursuit-sa-croissance-et-realise-le-meilleur-ca-de-son-histoire\/"},"wordCount":338,"publisher":{"@id":"https:\/\/www.eenewseurope.com\/en\/#organization"},"articleSection":["Actualit\u00e9 g\u00e9n\u00e9rale"],"inLanguage":"fr-FR"},{"@type":"WebPage","@id":"https:\/\/www.ecinews.fr\/fr\/isendpro-telecom-poursuit-sa-croissance-et-realise-le-meilleur-ca-de-son-histoire\/","url":"https:\/\/www.ecinews.fr\/fr\/isendpro-telecom-poursuit-sa-croissance-et-realise-le-meilleur-ca-de-son-histoire\/","name":"iSendPro Telecom r\u00e9alise le meilleur CA de son histoire -","isPartOf":{"@id":"https:\/\/www.eenewseurope.com\/en\/#website"},"datePublished":"2023-01-05T09:52:35+00:00","dateModified":"2023-01-05T09:52:54+00:00","breadcrumb":{"@id":"https:\/\/www.ecinews.fr\/fr\/isendpro-telecom-poursuit-sa-croissance-et-realise-le-meilleur-ca-de-son-histoire\/#breadcrumb"},"inLanguage":"fr-FR","potentialAction":[{"@type":"ReadAction","target":["https:\/\/www.ecinews.fr\/fr\/isendpro-telecom-poursuit-sa-croissance-et-realise-le-meilleur-ca-de-son-histoire\/"]}]},{"@type":"BreadcrumbList","@id":"https:\/\/www.ecinews.fr\/fr\/isendpro-telecom-poursuit-sa-croissance-et-realise-le-meilleur-ca-de-son-histoire\/#breadcrumb","itemListElement":[{"@type":"ListItem","position":1,"name":"Home","item":"https:\/\/www.ecinews.fr\/fr\/"},{"@type":"ListItem","position":2,"name":"iSendPro Telecom r\u00e9alise le meilleur CA de son histoire"}]},{"@type":"WebSite","@id":"https:\/\/www.eenewseurope.com\/en\/#website","url":"https:\/\/www.eenewseurope.com\/en\/","name":"EENewsEurope","description":"Just another WordPress site","publisher":{"@id":"https:\/\/www.eenewseurope.com\/en\/#organization"},"potentialAction":[{"@type":"SearchAction","target":{"@type":"EntryPoint","urlTemplate":"https:\/\/www.eenewseurope.com\/en\/?s={search_term_string}"},"query-input":"required name=search_term_string"}],"inLanguage":"fr-FR"},{"@type":"Organization","@id":"https:\/\/www.eenewseurope.com\/en\/#organization","name":"EENewsEurope","url":"https:\/\/www.eenewseurope.com\/en\/","logo":{"@type":"ImageObject","inLanguage":"fr-FR","@id":"https:\/\/www.eenewseurope.com\/en\/#\/schema\/logo\/image\/","url":"https:\/\/www.ecinews.fr\/wp-content\/uploads\/2022\/02\/logo-1.jpg","contentUrl":"https:\/\/www.ecinews.fr\/wp-content\/uploads\/2022\/02\/logo-1.jpg","width":283,"height":113,"caption":"EENewsEurope"},"image":{"@id":"https:\/\/www.eenewseurope.com\/en\/#\/schema\/logo\/image\/"}},{"@type":"Person","@id":"https:\/\/www.eenewseurope.com\/en\/#\/schema\/person\/e4387676ad67ce722325c7832f3c3762","name":"Alain Dieul","image":{"@type":"ImageObject","inLanguage":"fr-FR","@id":"https:\/\/www.eenewseurope.com\/en\/#\/schema\/person\/image\/736120675699dbbf0f0f282b9a9cfb75","url":"https:\/\/secure.gravatar.com\/avatar\/bc93b056d07515be5b8eecd4acf49c5c?s=96&d=mm&r=g","contentUrl":"https:\/\/secure.gravatar.com\/avatar\/bc93b056d07515be5b8eecd4acf49c5c?s=96&d=mm&r=g","caption":"Alain Dieul"},"sameAs":["http:\/\/ECINews"]}]}},"authors":[{"term_id":1154,"user_id":36,"is_guest":0,"slug":"alain-dieul","display_name":"Alain Dieul","avatar_url":"https:\/\/secure.gravatar.com\/avatar\/bc93b056d07515be5b8eecd4acf49c5c?s=96&d=mm&r=g","0":null,"1":"","2":"","3":"","4":"","5":"","6":"","7":"","8":""}],"_links":{"self":[{"href":"https:\/\/www.ecinews.fr\/fr\/wp-json\/wp\/v2\/posts\/409894"}],"collection":[{"href":"https:\/\/www.ecinews.fr\/fr\/wp-json\/wp\/v2\/posts"}],"about":[{"href":"https:\/\/www.ecinews.fr\/fr\/wp-json\/wp\/v2\/types\/post"}],"author":[{"embeddable":true,"href":"https:\/\/www.ecinews.fr\/fr\/wp-json\/wp\/v2\/users\/36"}],"replies":[{"embeddable":true,"href":"https:\/\/www.ecinews.fr\/fr\/wp-json\/wp\/v2\/comments?post=409894"}],"version-history":[{"count":0,"href":"https:\/\/www.ecinews.fr\/fr\/wp-json\/wp\/v2\/posts\/409894\/revisions"}],"wp:featuredmedia":[{"embeddable":true,"href":"https:\/\/www.ecinews.fr\/fr\/wp-json\/wp\/v2\/media\/409895"}],"wp:attachment":[{"href":"https:\/\/www.ecinews.fr\/fr\/wp-json\/wp\/v2\/media?parent=409894"}],"wp:term":[{"taxonomy":"category","embeddable":true,"href":"https:\/\/www.ecinews.fr\/fr\/wp-json\/wp\/v2\/categories?post=409894"},{"taxonomy":"post_tag","embeddable":true,"href":"https:\/\/www.ecinews.fr\/fr\/wp-json\/wp\/v2\/tags?post=409894"},{"taxonomy":"domains","embeddable":true,"href":"https:\/\/www.ecinews.fr\/fr\/wp-json\/wp\/v2\/domains?post=409894"},{"taxonomy":"author","embeddable":true,"href":"https:\/\/www.ecinews.fr\/fr\/wp-json\/wp\/v2\/ppma_author?post=409894"}],"curies":[{"name":"wp","href":"https:\/\/api.w.org\/{rel}","templated":true}]}}