{"id":409520,"date":"2023-01-02T10:29:44","date_gmt":"2023-01-02T09:29:44","guid":{"rendered":"https:\/\/www.eenewseurope.com\/?p=409520"},"modified":"2023-01-02T10:34:53","modified_gmt":"2023-01-02T09:34:53","slug":"ideaded-commence-la-production-de-puces-plastique-a-barcelone","status":"publish","type":"post","link":"https:\/\/www.ecinews.fr\/fr\/ideaded-commence-la-production-de-puces-plastique-a-barcelone\/","title":{"rendered":"Ideaded commence la production de puces plastique \u00e0 Barcelone"},"content":{"rendered":"<h2><span class=\"HwtZe\" lang=\"fr\"><span class=\"jCAhz ChMk0b\"><span class=\"ryNqvb\">Ideaded en Espagne pr\u00e9voit d&rsquo;ouvrir une salle blanche de production de semiconducteurs plastiques \u00e0 Barcelone.<\/span><\/span><\/span><\/h2>\n<p><span class=\"HwtZe\" lang=\"fr\">\u00a0<span class=\"jCAhz ChMk0b\"><span class=\"ryNqvb\">La salle blanche initiale de 12 millions d&rsquo;euros aura une surface de 500 m\u00b2 \u00e0 Viladecans pour d\u00e9velopper et produire des semiconducteurs organiques.<\/span><\/span> <\/span><\/p>\n<p><span class=\"HwtZe\" lang=\"fr\"><span class=\"jCAhz ChMk0b\"><span class=\"ryNqvb\">La salle blanche aura une capacit\u00e9 de production de 5 \u00e0 20 millions d&rsquo;unit\u00e9s par an pour le d\u00e9veloppement de puces pour l&rsquo;Internet des objets et l&rsquo;Internet de tout (IoT\/IoE).<\/span><\/span> <span class=\"jCAhz ChMk0b\"><span class=\"ryNqvb\">L&rsquo;entreprise se dit proche d&rsquo;accords de commecrcialisation des puces avec de grandes entreprises mondiales dans des secteurs tels que les t\u00e9l\u00e9communications, la grande distribution et l&rsquo;automobile.<\/span><\/span><\/span><\/p>\n<ul>\n<li><a href=\"https:\/\/www.eenewseurope.com\/en\/making-semiconductor-fabs-more-sustainable\/\">PragmatIC: Making semiconductor fabs more sustainable<\/a><\/li>\n<li><a href=\"https:\/\/www.eenewseurope.com\/en\/pragmatic-develops-plastic-6502-processor\/\">PragmatIC develops plastic 6502 processor<\/a><\/li>\n<li><a href=\"https:\/\/www.eenewseurope.com\/en\/first-300mm-fab-for-the-uk\/\">First 300mm fab for the UK<\/a><\/li>\n<\/ul>\n<p><span class=\"HwtZe\" lang=\"fr\"><span class=\"jCAhz ChMk0b\"><span class=\"ryNqvb\">En 2023, l&rsquo;entreprise pr\u00e9voit d&#8217;embaucher 100 personnes ayant une expertise dans le traitement des couches minces pour la salle blanche ainsi que dans la mod\u00e9lisation technologique.<\/span><\/span> <span class=\"jCAhz ChMk0b\"><span class=\"ryNqvb\">Ce serait une expansion spectaculaire par rapport aux 100 chercheurs actuels que compte la soci\u00e9t\u00e9.<\/span><\/span> <\/span><\/p>\n<p><span class=\"HwtZe\" lang=\"fr\"><span class=\"jCAhz ChMk0b\"><span class=\"ryNqvb\">Apr\u00e8s la phase pilote, la salle blanche sera \u00e9tendue \u00e0 2 500 m\u00b2 ce qui co\u00fbterait jusqu&rsquo;\u00e0 200 M\u20ac et cr\u00e9erait 500 emplois.<\/span><\/span> <span class=\"jCAhz ChMk0b\"><span class=\"ryNqvb\">La salle blanche pilote est soutenue par le gouvernement de Catalogne avec un pr\u00eat de 6 millions d&rsquo;euros ainsi que par ACCI\u00d3-Catalogne Commerce &amp; Investissement, l&rsquo;agence pour la comp\u00e9titivit\u00e9 des entreprises du minist\u00e8re espagnol du Commerce et du Travail.<\/span><\/span><\/span><\/p>\n<p><span class=\"HwtZe\" lang=\"fr\"><span class=\"jCAhz ChMk0b\"><span class=\"ryNqvb\">\u00ab\u00a0Il y a beaucoup de talents dans le pays, avec une \u00e9norme capacit\u00e9 \u00e0 d\u00e9velopper des technologies de rupture, qui sont aujourd&rsquo;hui majoritairement d\u00e9velopp\u00e9es \u00e0 l&rsquo;\u00e9tranger : jusqu&rsquo;\u00e0 pr\u00e9sent, les professionnels catalans de ce secteur devaient aller travailler dans d&rsquo;autres pays\u00a0\u00bb, a d\u00e9clar\u00e9 Eduard Puig,<\/span><\/span> <span class=\"jCAhz ChMk0b\"><span class=\"ryNqvb\">PDG d&rsquo;Ideade.<\/span><\/span> <\/span><\/p>\n<p><span class=\"HwtZe\" lang=\"fr\"><span class=\"jCAhz ChMk0b\"><span class=\"ryNqvb\">\u00ab\u00a0En plus de servir les entreprises qui souffrent aujourd&rsquo;hui de diff\u00e9rents probl\u00e8mes logistiques pour s&rsquo;approvisionner en puces en raison de la situation internationale actuelle, chez Ideaded, nous sommes \u00e9galement ouverts \u00e0 collaborer avec nos installations de haut niveau pour aider \u00e0 faire de cet \u00e9cosyst\u00e8me technologique une r\u00e9alit\u00e9 dans notre pays\u00a0\u00bb,<\/span><\/span> a-t-il ajout\u00e9<span class=\"jCAhz ChMk0b\"><span class=\"ryNqvb\">.<\/span><\/span><\/span><\/p>\n<p><span class=\"HwtZe\" lang=\"fr\"><span class=\"jCAhz ChMk0b\"><span class=\"ryNqvb\">Cela fait suite \u00e0 l&rsquo;ouverture par Cisco de son premier centre europ\u00e9en de conception de puces \u00e0 Barcelone et \u00e0 la cr\u00e9ation de 150 nouveaux emplois par Monolithic Power Systems qui a \u00e9largit sa pr\u00e9sence en Catalogne.<\/span><\/span> <span class=\"jCAhz ChMk0b\"><span class=\"ryNqvb\">Intel ouvre \u00e9galement un laboratoire de conception au Barcelona Supercomputing Center (BSC-CNS).<\/span><\/span><\/span><\/p>\n<p><a href=\"https:\/\/ideaded.com\/\">ideaded.com<\/a><\/p>\n<p>&nbsp;<\/p>\n<p>&nbsp;<\/p>\n","protected":false},"excerpt":{"rendered":"<p>Ideaded en Espagne pr\u00e9voit d&rsquo;ouvrir une salle blanche de production de semiconducteurs plastiques \u00e0 Barcelone. \u00a0La salle blanche initiale de 12 millions d&rsquo;euros aura une surface de 500 m\u00b2 \u00e0 Viladecans pour d\u00e9velopper et produire des semiconducteurs organiques. La salle blanche aura une capacit\u00e9 de production de 5 \u00e0 20 millions d&rsquo;unit\u00e9s par an pour [&hellip;]<\/p>\n","protected":false},"author":34,"featured_media":409380,"comment_status":"closed","ping_status":"closed","sticky":false,"template":"","format":"standard","meta":{"_acf_changed":false,"footnotes":""},"categories":[883],"tags":[2497,919,2496],"domains":[47],"ppma_author":[1153,1138],"class_list":["post-409520","post","type-post","status-publish","format-standard","has-post-thumbnail","hentry","category-technologies","tag-ioe","tag-iot-fr","tag-puces-plastique","domains-electronique-eci"],"acf":[],"yoast_head":"<title>Ideaded commence la production de puces plastique \u00e0 Barcelone ...<\/title>\n<meta name=\"description\" content=\"Ideaded in Spain is planning to open a production cleanroom for plastic chips in Barcelona and hire 100 staff.\" \/>\n<meta name=\"robots\" content=\"index, follow, max-snippet:-1, max-image-preview:large, max-video-preview:-1\" \/>\n<link rel=\"canonical\" href=\"https:\/\/www.ecinews.fr\/fr\/wp-json\/wp\/v2\/posts\/409520\/\" \/>\n<meta property=\"og:locale\" content=\"fr_FR\" \/>\n<meta property=\"og:type\" content=\"article\" \/>\n<meta property=\"og:title\" content=\"Ideaded commence la production de puces plastique \u00e0 Barcelone\" \/>\n<meta property=\"og:description\" content=\"Ideaded in Spain is planning to open a production cleanroom for plastic chips in Barcelona and hire 100 staff.\" \/>\n<meta property=\"og:url\" content=\"https:\/\/www.ecinews.fr\/fr\/wp-json\/wp\/v2\/posts\/409520\/\" \/>\n<meta property=\"og:site_name\" content=\"EENewsEurope\" \/>\n<meta property=\"article:published_time\" content=\"2023-01-02T09:29:44+00:00\" \/>\n<meta property=\"article:modified_time\" content=\"2023-01-02T09:34:53+00:00\" \/>\n<meta property=\"og:image\" content=\"https:\/\/www.ecinews.fr\/wp-content\/uploads\/2022\/12\/semiconductors-ideadedjpg-scaled.jpg\" \/>\n\t<meta property=\"og:image:width\" content=\"1080\" \/>\n\t<meta property=\"og:image:height\" content=\"540\" \/>\n\t<meta property=\"og:image:type\" content=\"image\/jpeg\" \/>\n<meta name=\"author\" content=\"A Delapalisse, Nick Flaherty\" \/>\n<meta name=\"twitter:card\" content=\"summary_large_image\" \/>\n<meta name=\"twitter:label1\" content=\"Written by\" \/>\n\t<meta name=\"twitter:data1\" content=\"A Delapalisse\" \/>\n\t<meta name=\"twitter:label2\" content=\"Est. reading time\" \/>\n\t<meta name=\"twitter:data2\" content=\"2 minutes\" \/>\n<script type=\"application\/ld+json\" class=\"yoast-schema-graph\">{\"@context\":\"https:\/\/schema.org\",\"@graph\":[{\"@type\":\"Article\",\"@id\":\"https:\/\/www.ecinews.fr\/fr\/ideaded-commence-la-production-de-puces-plastique-a-barcelone\/#article\",\"isPartOf\":{\"@id\":\"https:\/\/www.ecinews.fr\/fr\/ideaded-commence-la-production-de-puces-plastique-a-barcelone\/\"},\"author\":{\"name\":\"A Delapalisse\",\"@id\":\"https:\/\/www.eenewseurope.com\/en\/#\/schema\/person\/0aa2cfb0bd8949724a68cbac8d8321b4\"},\"headline\":\"Ideaded commence la production de puces plastique \u00e0 Barcelone\",\"datePublished\":\"2023-01-02T09:29:44+00:00\",\"dateModified\":\"2023-01-02T09:34:53+00:00\",\"mainEntityOfPage\":{\"@id\":\"https:\/\/www.ecinews.fr\/fr\/ideaded-commence-la-production-de-puces-plastique-a-barcelone\/\"},\"wordCount\":397,\"publisher\":{\"@id\":\"https:\/\/www.eenewseurope.com\/en\/#organization\"},\"keywords\":[\"IoE\",\"IoT\",\"Puces plastique\"],\"articleSection\":[\"Technologies\"],\"inLanguage\":\"fr-FR\"},{\"@type\":\"WebPage\",\"@id\":\"https:\/\/www.ecinews.fr\/fr\/ideaded-commence-la-production-de-puces-plastique-a-barcelone\/\",\"url\":\"https:\/\/www.ecinews.fr\/fr\/ideaded-commence-la-production-de-puces-plastique-a-barcelone\/\",\"name\":\"Ideaded commence la production de puces plastique \u00e0 Barcelone -\",\"isPartOf\":{\"@id\":\"https:\/\/www.eenewseurope.com\/en\/#website\"},\"datePublished\":\"2023-01-02T09:29:44+00:00\",\"dateModified\":\"2023-01-02T09:34:53+00:00\",\"description\":\"Ideaded in Spain is planning to open a production cleanroom for plastic chips in Barcelona and hire 100 staff.\",\"breadcrumb\":{\"@id\":\"https:\/\/www.ecinews.fr\/fr\/ideaded-commence-la-production-de-puces-plastique-a-barcelone\/#breadcrumb\"},\"inLanguage\":\"fr-FR\",\"potentialAction\":[{\"@type\":\"ReadAction\",\"target\":[\"https:\/\/www.ecinews.fr\/fr\/ideaded-commence-la-production-de-puces-plastique-a-barcelone\/\"]}]},{\"@type\":\"BreadcrumbList\",\"@id\":\"https:\/\/www.ecinews.fr\/fr\/ideaded-commence-la-production-de-puces-plastique-a-barcelone\/#breadcrumb\",\"itemListElement\":[{\"@type\":\"ListItem\",\"position\":1,\"name\":\"Home\",\"item\":\"https:\/\/www.ecinews.fr\/fr\/\"},{\"@type\":\"ListItem\",\"position\":2,\"name\":\"Ideaded commence la production de puces plastique \u00e0 Barcelone\"}]},{\"@type\":\"WebSite\",\"@id\":\"https:\/\/www.eenewseurope.com\/en\/#website\",\"url\":\"https:\/\/www.eenewseurope.com\/en\/\",\"name\":\"EENewsEurope\",\"description\":\"Just another WordPress site\",\"publisher\":{\"@id\":\"https:\/\/www.eenewseurope.com\/en\/#organization\"},\"potentialAction\":[{\"@type\":\"SearchAction\",\"target\":{\"@type\":\"EntryPoint\",\"urlTemplate\":\"https:\/\/www.eenewseurope.com\/en\/?s={search_term_string}\"},\"query-input\":\"required name=search_term_string\"}],\"inLanguage\":\"fr-FR\"},{\"@type\":\"Organization\",\"@id\":\"https:\/\/www.eenewseurope.com\/en\/#organization\",\"name\":\"EENewsEurope\",\"url\":\"https:\/\/www.eenewseurope.com\/en\/\",\"logo\":{\"@type\":\"ImageObject\",\"inLanguage\":\"fr-FR\",\"@id\":\"https:\/\/www.eenewseurope.com\/en\/#\/schema\/logo\/image\/\",\"url\":\"https:\/\/www.ecinews.fr\/wp-content\/uploads\/2022\/02\/logo-1.jpg\",\"contentUrl\":\"https:\/\/www.ecinews.fr\/wp-content\/uploads\/2022\/02\/logo-1.jpg\",\"width\":283,\"height\":113,\"caption\":\"EENewsEurope\"},\"image\":{\"@id\":\"https:\/\/www.eenewseurope.com\/en\/#\/schema\/logo\/image\/\"}},{\"@type\":\"Person\",\"@id\":\"https:\/\/www.eenewseurope.com\/en\/#\/schema\/person\/0aa2cfb0bd8949724a68cbac8d8321b4\",\"name\":\"A Delapalisse\",\"image\":{\"@type\":\"ImageObject\",\"inLanguage\":\"fr-FR\",\"@id\":\"https:\/\/www.eenewseurope.com\/en\/#\/schema\/person\/image\/211ac42237c2e9683c0964086c393cb4\",\"url\":\"https:\/\/secure.gravatar.com\/avatar\/ad45a8c5da24bc9c7c4940dd1c48a695?s=96&d=mm&r=g\",\"contentUrl\":\"https:\/\/secure.gravatar.com\/avatar\/ad45a8c5da24bc9c7c4940dd1c48a695?s=96&d=mm&r=g\",\"caption\":\"A Delapalisse\"},\"sameAs\":[\"http:\/\/ECI\"]}]}<\/script>","yoast_head_json":{"title":"Ideaded commence la production de puces plastique \u00e0 Barcelone ...","description":"Ideaded in Spain is planning to open a production cleanroom for plastic chips in Barcelona and hire 100 staff.","robots":{"index":"index","follow":"follow","max-snippet":"max-snippet:-1","max-image-preview":"max-image-preview:large","max-video-preview":"max-video-preview:-1"},"canonical":"https:\/\/www.ecinews.fr\/fr\/wp-json\/wp\/v2\/posts\/409520\/","og_locale":"fr_FR","og_type":"article","og_title":"Ideaded commence la production de puces plastique \u00e0 Barcelone","og_description":"Ideaded in Spain is planning to open a production cleanroom for plastic chips in Barcelona and hire 100 staff.","og_url":"https:\/\/www.ecinews.fr\/fr\/wp-json\/wp\/v2\/posts\/409520\/","og_site_name":"EENewsEurope","article_published_time":"2023-01-02T09:29:44+00:00","article_modified_time":"2023-01-02T09:34:53+00:00","og_image":[{"width":1080,"height":540,"url":"https:\/\/www.ecinews.fr\/wp-content\/uploads\/2022\/12\/semiconductors-ideadedjpg-scaled.jpg","type":"image\/jpeg"}],"author":"A Delapalisse, Nick Flaherty","twitter_card":"summary_large_image","twitter_misc":{"Written by":"A Delapalisse","Est. reading time":"2 minutes"},"schema":{"@context":"https:\/\/schema.org","@graph":[{"@type":"Article","@id":"https:\/\/www.ecinews.fr\/fr\/ideaded-commence-la-production-de-puces-plastique-a-barcelone\/#article","isPartOf":{"@id":"https:\/\/www.ecinews.fr\/fr\/ideaded-commence-la-production-de-puces-plastique-a-barcelone\/"},"author":{"name":"A Delapalisse","@id":"https:\/\/www.eenewseurope.com\/en\/#\/schema\/person\/0aa2cfb0bd8949724a68cbac8d8321b4"},"headline":"Ideaded commence la production de puces plastique \u00e0 Barcelone","datePublished":"2023-01-02T09:29:44+00:00","dateModified":"2023-01-02T09:34:53+00:00","mainEntityOfPage":{"@id":"https:\/\/www.ecinews.fr\/fr\/ideaded-commence-la-production-de-puces-plastique-a-barcelone\/"},"wordCount":397,"publisher":{"@id":"https:\/\/www.eenewseurope.com\/en\/#organization"},"keywords":["IoE","IoT","Puces plastique"],"articleSection":["Technologies"],"inLanguage":"fr-FR"},{"@type":"WebPage","@id":"https:\/\/www.ecinews.fr\/fr\/ideaded-commence-la-production-de-puces-plastique-a-barcelone\/","url":"https:\/\/www.ecinews.fr\/fr\/ideaded-commence-la-production-de-puces-plastique-a-barcelone\/","name":"Ideaded commence la production de puces plastique \u00e0 Barcelone -","isPartOf":{"@id":"https:\/\/www.eenewseurope.com\/en\/#website"},"datePublished":"2023-01-02T09:29:44+00:00","dateModified":"2023-01-02T09:34:53+00:00","description":"Ideaded in Spain is planning to open a production cleanroom for plastic chips in Barcelona and hire 100 staff.","breadcrumb":{"@id":"https:\/\/www.ecinews.fr\/fr\/ideaded-commence-la-production-de-puces-plastique-a-barcelone\/#breadcrumb"},"inLanguage":"fr-FR","potentialAction":[{"@type":"ReadAction","target":["https:\/\/www.ecinews.fr\/fr\/ideaded-commence-la-production-de-puces-plastique-a-barcelone\/"]}]},{"@type":"BreadcrumbList","@id":"https:\/\/www.ecinews.fr\/fr\/ideaded-commence-la-production-de-puces-plastique-a-barcelone\/#breadcrumb","itemListElement":[{"@type":"ListItem","position":1,"name":"Home","item":"https:\/\/www.ecinews.fr\/fr\/"},{"@type":"ListItem","position":2,"name":"Ideaded commence la production de puces plastique \u00e0 Barcelone"}]},{"@type":"WebSite","@id":"https:\/\/www.eenewseurope.com\/en\/#website","url":"https:\/\/www.eenewseurope.com\/en\/","name":"EENewsEurope","description":"Just another WordPress site","publisher":{"@id":"https:\/\/www.eenewseurope.com\/en\/#organization"},"potentialAction":[{"@type":"SearchAction","target":{"@type":"EntryPoint","urlTemplate":"https:\/\/www.eenewseurope.com\/en\/?s={search_term_string}"},"query-input":"required name=search_term_string"}],"inLanguage":"fr-FR"},{"@type":"Organization","@id":"https:\/\/www.eenewseurope.com\/en\/#organization","name":"EENewsEurope","url":"https:\/\/www.eenewseurope.com\/en\/","logo":{"@type":"ImageObject","inLanguage":"fr-FR","@id":"https:\/\/www.eenewseurope.com\/en\/#\/schema\/logo\/image\/","url":"https:\/\/www.ecinews.fr\/wp-content\/uploads\/2022\/02\/logo-1.jpg","contentUrl":"https:\/\/www.ecinews.fr\/wp-content\/uploads\/2022\/02\/logo-1.jpg","width":283,"height":113,"caption":"EENewsEurope"},"image":{"@id":"https:\/\/www.eenewseurope.com\/en\/#\/schema\/logo\/image\/"}},{"@type":"Person","@id":"https:\/\/www.eenewseurope.com\/en\/#\/schema\/person\/0aa2cfb0bd8949724a68cbac8d8321b4","name":"A Delapalisse","image":{"@type":"ImageObject","inLanguage":"fr-FR","@id":"https:\/\/www.eenewseurope.com\/en\/#\/schema\/person\/image\/211ac42237c2e9683c0964086c393cb4","url":"https:\/\/secure.gravatar.com\/avatar\/ad45a8c5da24bc9c7c4940dd1c48a695?s=96&d=mm&r=g","contentUrl":"https:\/\/secure.gravatar.com\/avatar\/ad45a8c5da24bc9c7c4940dd1c48a695?s=96&d=mm&r=g","caption":"A Delapalisse"},"sameAs":["http:\/\/ECI"]}]}},"authors":[{"term_id":1153,"user_id":34,"is_guest":0,"slug":"adelapalisse","display_name":"A Delapalisse","avatar_url":"https:\/\/secure.gravatar.com\/avatar\/ad45a8c5da24bc9c7c4940dd1c48a695?s=96&d=mm&r=g","0":null,"1":"","2":"","3":"","4":"","5":"","6":"","7":"","8":""},{"term_id":1138,"user_id":6,"is_guest":0,"slug":"flaherty","display_name":"Nick Flaherty","avatar_url":"https:\/\/secure.gravatar.com\/avatar\/49bd04ef46c3ee89575adaf950e76b64?s=96&d=mm&r=g","0":null,"1":"","2":"","3":"","4":"","5":"","6":"","7":"","8":""}],"_links":{"self":[{"href":"https:\/\/www.ecinews.fr\/fr\/wp-json\/wp\/v2\/posts\/409520"}],"collection":[{"href":"https:\/\/www.ecinews.fr\/fr\/wp-json\/wp\/v2\/posts"}],"about":[{"href":"https:\/\/www.ecinews.fr\/fr\/wp-json\/wp\/v2\/types\/post"}],"author":[{"embeddable":true,"href":"https:\/\/www.ecinews.fr\/fr\/wp-json\/wp\/v2\/users\/34"}],"replies":[{"embeddable":true,"href":"https:\/\/www.ecinews.fr\/fr\/wp-json\/wp\/v2\/comments?post=409520"}],"version-history":[{"count":0,"href":"https:\/\/www.ecinews.fr\/fr\/wp-json\/wp\/v2\/posts\/409520\/revisions"}],"wp:featuredmedia":[{"embeddable":true,"href":"https:\/\/www.ecinews.fr\/fr\/wp-json\/wp\/v2\/media\/409380"}],"wp:attachment":[{"href":"https:\/\/www.ecinews.fr\/fr\/wp-json\/wp\/v2\/media?parent=409520"}],"wp:term":[{"taxonomy":"category","embeddable":true,"href":"https:\/\/www.ecinews.fr\/fr\/wp-json\/wp\/v2\/categories?post=409520"},{"taxonomy":"post_tag","embeddable":true,"href":"https:\/\/www.ecinews.fr\/fr\/wp-json\/wp\/v2\/tags?post=409520"},{"taxonomy":"domains","embeddable":true,"href":"https:\/\/www.ecinews.fr\/fr\/wp-json\/wp\/v2\/domains?post=409520"},{"taxonomy":"author","embeddable":true,"href":"https:\/\/www.ecinews.fr\/fr\/wp-json\/wp\/v2\/ppma_author?post=409520"}],"curies":[{"name":"wp","href":"https:\/\/api.w.org\/{rel}","templated":true}]}}