{"id":409467,"date":"2022-12-30T09:27:34","date_gmt":"2022-12-30T08:27:34","guid":{"rendered":"https:\/\/www.ecinews.fr\/?p=409467"},"modified":"2022-12-30T09:27:34","modified_gmt":"2022-12-30T08:27:34","slug":"mouser-electronics-avec-ds-penske-pour-la-saison-9-du-championnat-de-formule-e","status":"publish","type":"post","link":"https:\/\/www.ecinews.fr\/fr\/mouser-electronics-avec-ds-penske-pour-la-saison-9-du-championnat-de-formule-e\/","title":{"rendered":"Mouser Electronics avec DS PENSKE pour la saison 9 du championnat de Formule E"},"content":{"rendered":"<p>Mouser s\u2019associe \u00e0 l\u2019\u00e9quipe <a href=\"https:\/\/eu.mouser.com\/formula-e\/?utm_source=publitek-media-for-pr&amp;utm_medium=pr&amp;utm_campaign=EMEA_PR&amp;utm_content=2022&amp;pid=mouser&amp;cid=pr\">DS PENSKE<\/a> pour toute la saison du Championnat du monde de Formule E ABB FIA 2022\u201323, en collaboration avec <a href=\"https:\/\/www.tti.com\/content\/ttiinc\/en.html?utm_source=publitek-media-for-pr&amp;utm_medium=pr&amp;utm_campaign=EMEA_PR&amp;utm_content=2022&amp;pid=mouser&amp;cid=pr\">TTI, Inc<\/a>. et les incontournables partenaires <a href=\"https:\/\/eu.mouser.com\/manufacturer\/molex\/?utm_source=publitek-media-for-pr&amp;utm_medium=pr&amp;utm_campaign=EMEA_PR&amp;utm_content=2022&amp;pid=mouser&amp;cid=pr\">Molex<\/a> et <a href=\"https:\/\/eu.mouser.com\/manufacturer\/kyocera-avx\/?utm_source=publitek-media-for-pr&amp;utm_medium=pr&amp;utm_campaign=EMEA_PR&amp;utm_content=2022&amp;pid=mouser&amp;cid=pr\">KYOCERA AVX<\/a>. \u00ab Nous sommes ravis de faire partie de cette nouvelle \u00e9quipe de Formule E DS PENSKE \u00bb, a d\u00e9clar\u00e9 Todd McAtee, Vice-pr\u00e9sident senior du d\u00e9veloppement commercial chez Mouser Electronics. La nouvelle \u00e9quipe form\u00e9e comprend deux nouveaux pilotes pour cette entr\u00e9e soutenue par Mouser. Les pilotes de l\u2019\u00e9quipe DS PENSKE pour la saison 9 seront Stoffel Vandoorne, champion du monde en titre de Formule E, et Jean-Eric Vergne, d\u00e9j\u00e0 sacr\u00e9 champion de Formule E \u00e0 deux reprises \u2014 formant ainsi l\u2019une des meilleures \u00e9quipes de la s\u00e9rie.<\/p>\n<p>Apr\u00e8s une campagne tr\u00e8s r\u00e9ussie sur la voiture de deuxi\u00e8me g\u00e9n\u00e9ration, qui a fait gagner des titres aux pilotes et aux \u00e9quipes entre 2019 et 2020 et a permis d\u2019atteindre des records sans pareil (10 victoires, 15 pole positions et 28 podiums), l\u2019\u00e9quipe sponsoris\u00e9e par Stellantis a officiellement d\u00e9voil\u00e9 son mod\u00e8le DS E-TENSE FE23. Avec ses couleurs noir et or imm\u00e9diatement reconnaissables, la voiture 100 % \u00e9lectrique de troisi\u00e8me g\u00e9n\u00e9ration incarne parfaitement l\u2019esprit de DS Automobiles qui refl\u00e8te les derni\u00e8res grandes avanc\u00e9es technologiques.<\/p>\n<p>La DS E-TENSE FE23 int\u00e8gre de nombreux changements majeurs par rapport \u00e0 son pr\u00e9d\u00e9cesseur. Les voitures de troisi\u00e8me g\u00e9n\u00e9ration sont les plus rapides de toute l\u2019histoire du Championnat du monde de Formule E, affichant une vitesse maximale de 280 km\/h tout en pesant 60 kg de moins que celles de deuxi\u00e8me g\u00e9n\u00e9ration. Mais, le plus important, le rendement : plus de 40 % de l\u2019\u00e9nergie utilis\u00e9e dans une course est issue du freinage r\u00e9g\u00e9n\u00e9ratif. Et surtout, la DS E-TENSE FE23 affiche une puissance de 350 kW &#8211; sup\u00e9rieure aux 250 kW de la voiture de deuxi\u00e8me g\u00e9n\u00e9ration &#8211; et est \u00e9quip\u00e9e d\u2019une transmission int\u00e9grale. Une nouvelle transmission avant ajoute 250 kW \u00e0 la transmission arri\u00e8re, doublant ainsi la capacit\u00e9 de r\u00e9g\u00e9n\u00e9ration \u00e0 un total de 600 kW.<\/p>\n<p>La saison 9 de Formule E d\u00e9butera le 14 janvier 2023 avec l\u2019E-Prix de Mexico.<\/p>\n<p><a href=\"https:\/\/eu.mouser.com\/formula-e\/?utm_source=publitek-media-for-pr&amp;utm_medium=pr&amp;utm_campaign=EMEA_PR&amp;utm_content=2022&amp;pid=mouser&amp;cid=pr\">https:\/\/eu.mouser.com\/formula-e\/<\/a>.<\/p>\n","protected":false},"excerpt":{"rendered":"<p>Mouser s\u2019associe \u00e0 l\u2019\u00e9quipe DS PENSKE pour toute la saison du Championnat du monde de Formule E ABB FIA 2022\u201323, en collaboration avec TTI, Inc. et les incontournables partenaires Molex et KYOCERA AVX. \u00ab Nous sommes ravis de faire partie de cette nouvelle \u00e9quipe de Formule E DS PENSKE \u00bb, a d\u00e9clar\u00e9 Todd McAtee, Vice-pr\u00e9sident [&hellip;]<\/p>\n","protected":false},"author":36,"featured_media":409468,"comment_status":"closed","ping_status":"closed","sticky":false,"template":"","format":"standard","meta":{"_acf_changed":false,"footnotes":""},"categories":[886],"tags":[],"domains":[47],"ppma_author":[1154],"class_list":["post-409467","post","type-post","status-publish","format-standard","has-post-thumbnail","hentry","category-news-fr","domains-electronique-eci"],"acf":[],"yoast_head":"<title>Mouser Electronics avec DS PENSKE pour la saison 9 du championn...<\/title>\n<meta name=\"description\" content=\"Mouser s\u2019associe \u00e0 l\u2019\u00e9quipe DS PENSKE pour toute la saison du Championnat du monde de Formule E ABB FIA 2022\u201323, en collaboration avec TTI, Inc. et...\" \/>\n<meta name=\"robots\" content=\"index, follow, max-snippet:-1, max-image-preview:large, max-video-preview:-1\" \/>\n<link rel=\"canonical\" href=\"https:\/\/www.ecinews.fr\/fr\/wp-json\/wp\/v2\/posts\/409467\/\" \/>\n<meta property=\"og:locale\" content=\"fr_FR\" \/>\n<meta property=\"og:type\" content=\"article\" \/>\n<meta property=\"og:title\" content=\"Mouser Electronics avec DS PENSKE pour la saison 9 du championnat de Formule E\" \/>\n<meta property=\"og:description\" content=\"Mouser s\u2019associe \u00e0 l\u2019\u00e9quipe DS PENSKE pour toute la saison du Championnat du monde de Formule E ABB FIA 2022\u201323, en collaboration avec TTI, Inc. et les incontournables partenaires Molex et KYOCERA AVX. \u00ab Nous sommes ravis de faire partie de cette nouvelle \u00e9quipe de Formule E DS PENSKE \u00bb, a d\u00e9clar\u00e9 Todd McAtee, Vice-pr\u00e9sident [&hellip;]\" \/>\n<meta property=\"og:url\" content=\"https:\/\/www.ecinews.fr\/fr\/wp-json\/wp\/v2\/posts\/409467\/\" \/>\n<meta property=\"og:site_name\" content=\"EENewsEurope\" \/>\n<meta property=\"article:published_time\" content=\"2022-12-30T08:27:34+00:00\" \/>\n<meta property=\"og:image\" content=\"https:\/\/www.ecinews.fr\/wp-content\/uploads\/2022\/12\/ECI1609_Mouser-actu-FormulaESeason9.jpg\" \/>\n\t<meta property=\"og:image:width\" content=\"1051\" \/>\n\t<meta property=\"og:image:height\" content=\"613\" \/>\n\t<meta property=\"og:image:type\" content=\"image\/jpeg\" \/>\n<meta name=\"author\" content=\"Alain Dieul\" \/>\n<meta name=\"twitter:card\" content=\"summary_large_image\" \/>\n<meta name=\"twitter:label1\" content=\"Written by\" \/>\n\t<meta name=\"twitter:data1\" content=\"Alain Dieul\" \/>\n\t<meta name=\"twitter:label2\" content=\"Est. reading time\" \/>\n\t<meta name=\"twitter:data2\" content=\"2 minutes\" \/>\n<script type=\"application\/ld+json\" class=\"yoast-schema-graph\">{\"@context\":\"https:\/\/schema.org\",\"@graph\":[{\"@type\":\"Article\",\"@id\":\"https:\/\/www.ecinews.fr\/fr\/mouser-electronics-avec-ds-penske-pour-la-saison-9-du-championnat-de-formule-e\/#article\",\"isPartOf\":{\"@id\":\"https:\/\/www.ecinews.fr\/fr\/mouser-electronics-avec-ds-penske-pour-la-saison-9-du-championnat-de-formule-e\/\"},\"author\":{\"name\":\"Alain Dieul\",\"@id\":\"https:\/\/www.eenewseurope.com\/en\/#\/schema\/person\/e4387676ad67ce722325c7832f3c3762\"},\"headline\":\"Mouser Electronics avec DS PENSKE pour la saison 9 du championnat de Formule E\",\"datePublished\":\"2022-12-30T08:27:34+00:00\",\"dateModified\":\"2022-12-30T08:27:34+00:00\",\"mainEntityOfPage\":{\"@id\":\"https:\/\/www.ecinews.fr\/fr\/mouser-electronics-avec-ds-penske-pour-la-saison-9-du-championnat-de-formule-e\/\"},\"wordCount\":392,\"publisher\":{\"@id\":\"https:\/\/www.eenewseurope.com\/en\/#organization\"},\"articleSection\":[\"Actualit\u00e9 g\u00e9n\u00e9rale\"],\"inLanguage\":\"fr-FR\"},{\"@type\":\"WebPage\",\"@id\":\"https:\/\/www.ecinews.fr\/fr\/mouser-electronics-avec-ds-penske-pour-la-saison-9-du-championnat-de-formule-e\/\",\"url\":\"https:\/\/www.ecinews.fr\/fr\/mouser-electronics-avec-ds-penske-pour-la-saison-9-du-championnat-de-formule-e\/\",\"name\":\"Mouser Electronics avec DS PENSKE pour la saison 9 du championnat de Formule E -\",\"isPartOf\":{\"@id\":\"https:\/\/www.eenewseurope.com\/en\/#website\"},\"datePublished\":\"2022-12-30T08:27:34+00:00\",\"dateModified\":\"2022-12-30T08:27:34+00:00\",\"breadcrumb\":{\"@id\":\"https:\/\/www.ecinews.fr\/fr\/mouser-electronics-avec-ds-penske-pour-la-saison-9-du-championnat-de-formule-e\/#breadcrumb\"},\"inLanguage\":\"fr-FR\",\"potentialAction\":[{\"@type\":\"ReadAction\",\"target\":[\"https:\/\/www.ecinews.fr\/fr\/mouser-electronics-avec-ds-penske-pour-la-saison-9-du-championnat-de-formule-e\/\"]}]},{\"@type\":\"BreadcrumbList\",\"@id\":\"https:\/\/www.ecinews.fr\/fr\/mouser-electronics-avec-ds-penske-pour-la-saison-9-du-championnat-de-formule-e\/#breadcrumb\",\"itemListElement\":[{\"@type\":\"ListItem\",\"position\":1,\"name\":\"Home\",\"item\":\"https:\/\/www.ecinews.fr\/fr\/\"},{\"@type\":\"ListItem\",\"position\":2,\"name\":\"Mouser Electronics avec DS PENSKE pour la saison 9 du championnat de Formule E\"}]},{\"@type\":\"WebSite\",\"@id\":\"https:\/\/www.eenewseurope.com\/en\/#website\",\"url\":\"https:\/\/www.eenewseurope.com\/en\/\",\"name\":\"EENewsEurope\",\"description\":\"Just another WordPress site\",\"publisher\":{\"@id\":\"https:\/\/www.eenewseurope.com\/en\/#organization\"},\"potentialAction\":[{\"@type\":\"SearchAction\",\"target\":{\"@type\":\"EntryPoint\",\"urlTemplate\":\"https:\/\/www.eenewseurope.com\/en\/?s={search_term_string}\"},\"query-input\":\"required name=search_term_string\"}],\"inLanguage\":\"fr-FR\"},{\"@type\":\"Organization\",\"@id\":\"https:\/\/www.eenewseurope.com\/en\/#organization\",\"name\":\"EENewsEurope\",\"url\":\"https:\/\/www.eenewseurope.com\/en\/\",\"logo\":{\"@type\":\"ImageObject\",\"inLanguage\":\"fr-FR\",\"@id\":\"https:\/\/www.eenewseurope.com\/en\/#\/schema\/logo\/image\/\",\"url\":\"https:\/\/www.ecinews.fr\/wp-content\/uploads\/2022\/02\/logo-1.jpg\",\"contentUrl\":\"https:\/\/www.ecinews.fr\/wp-content\/uploads\/2022\/02\/logo-1.jpg\",\"width\":283,\"height\":113,\"caption\":\"EENewsEurope\"},\"image\":{\"@id\":\"https:\/\/www.eenewseurope.com\/en\/#\/schema\/logo\/image\/\"}},{\"@type\":\"Person\",\"@id\":\"https:\/\/www.eenewseurope.com\/en\/#\/schema\/person\/e4387676ad67ce722325c7832f3c3762\",\"name\":\"Alain Dieul\",\"image\":{\"@type\":\"ImageObject\",\"inLanguage\":\"fr-FR\",\"@id\":\"https:\/\/www.eenewseurope.com\/en\/#\/schema\/person\/image\/736120675699dbbf0f0f282b9a9cfb75\",\"url\":\"https:\/\/secure.gravatar.com\/avatar\/bc93b056d07515be5b8eecd4acf49c5c?s=96&d=mm&r=g\",\"contentUrl\":\"https:\/\/secure.gravatar.com\/avatar\/bc93b056d07515be5b8eecd4acf49c5c?s=96&d=mm&r=g\",\"caption\":\"Alain Dieul\"},\"sameAs\":[\"http:\/\/ECINews\"]}]}<\/script>","yoast_head_json":{"title":"Mouser Electronics avec DS PENSKE pour la saison 9 du championn...","description":"Mouser s\u2019associe \u00e0 l\u2019\u00e9quipe DS PENSKE pour toute la saison du Championnat du monde de Formule E ABB FIA 2022\u201323, en collaboration avec TTI, Inc. et...","robots":{"index":"index","follow":"follow","max-snippet":"max-snippet:-1","max-image-preview":"max-image-preview:large","max-video-preview":"max-video-preview:-1"},"canonical":"https:\/\/www.ecinews.fr\/fr\/wp-json\/wp\/v2\/posts\/409467\/","og_locale":"fr_FR","og_type":"article","og_title":"Mouser Electronics avec DS PENSKE pour la saison 9 du championnat de Formule E","og_description":"Mouser s\u2019associe \u00e0 l\u2019\u00e9quipe DS PENSKE pour toute la saison du Championnat du monde de Formule E ABB FIA 2022\u201323, en collaboration avec TTI, Inc. et les incontournables partenaires Molex et KYOCERA AVX. \u00ab Nous sommes ravis de faire partie de cette nouvelle \u00e9quipe de Formule E DS PENSKE \u00bb, a d\u00e9clar\u00e9 Todd McAtee, Vice-pr\u00e9sident [&hellip;]","og_url":"https:\/\/www.ecinews.fr\/fr\/wp-json\/wp\/v2\/posts\/409467\/","og_site_name":"EENewsEurope","article_published_time":"2022-12-30T08:27:34+00:00","og_image":[{"width":1051,"height":613,"url":"https:\/\/www.ecinews.fr\/wp-content\/uploads\/2022\/12\/ECI1609_Mouser-actu-FormulaESeason9.jpg","type":"image\/jpeg"}],"author":"Alain Dieul","twitter_card":"summary_large_image","twitter_misc":{"Written by":"Alain Dieul","Est. reading time":"2 minutes"},"schema":{"@context":"https:\/\/schema.org","@graph":[{"@type":"Article","@id":"https:\/\/www.ecinews.fr\/fr\/mouser-electronics-avec-ds-penske-pour-la-saison-9-du-championnat-de-formule-e\/#article","isPartOf":{"@id":"https:\/\/www.ecinews.fr\/fr\/mouser-electronics-avec-ds-penske-pour-la-saison-9-du-championnat-de-formule-e\/"},"author":{"name":"Alain Dieul","@id":"https:\/\/www.eenewseurope.com\/en\/#\/schema\/person\/e4387676ad67ce722325c7832f3c3762"},"headline":"Mouser Electronics avec DS PENSKE pour la saison 9 du championnat de Formule E","datePublished":"2022-12-30T08:27:34+00:00","dateModified":"2022-12-30T08:27:34+00:00","mainEntityOfPage":{"@id":"https:\/\/www.ecinews.fr\/fr\/mouser-electronics-avec-ds-penske-pour-la-saison-9-du-championnat-de-formule-e\/"},"wordCount":392,"publisher":{"@id":"https:\/\/www.eenewseurope.com\/en\/#organization"},"articleSection":["Actualit\u00e9 g\u00e9n\u00e9rale"],"inLanguage":"fr-FR"},{"@type":"WebPage","@id":"https:\/\/www.ecinews.fr\/fr\/mouser-electronics-avec-ds-penske-pour-la-saison-9-du-championnat-de-formule-e\/","url":"https:\/\/www.ecinews.fr\/fr\/mouser-electronics-avec-ds-penske-pour-la-saison-9-du-championnat-de-formule-e\/","name":"Mouser Electronics avec DS PENSKE pour la saison 9 du championnat de Formule E -","isPartOf":{"@id":"https:\/\/www.eenewseurope.com\/en\/#website"},"datePublished":"2022-12-30T08:27:34+00:00","dateModified":"2022-12-30T08:27:34+00:00","breadcrumb":{"@id":"https:\/\/www.ecinews.fr\/fr\/mouser-electronics-avec-ds-penske-pour-la-saison-9-du-championnat-de-formule-e\/#breadcrumb"},"inLanguage":"fr-FR","potentialAction":[{"@type":"ReadAction","target":["https:\/\/www.ecinews.fr\/fr\/mouser-electronics-avec-ds-penske-pour-la-saison-9-du-championnat-de-formule-e\/"]}]},{"@type":"BreadcrumbList","@id":"https:\/\/www.ecinews.fr\/fr\/mouser-electronics-avec-ds-penske-pour-la-saison-9-du-championnat-de-formule-e\/#breadcrumb","itemListElement":[{"@type":"ListItem","position":1,"name":"Home","item":"https:\/\/www.ecinews.fr\/fr\/"},{"@type":"ListItem","position":2,"name":"Mouser Electronics avec DS PENSKE pour la saison 9 du championnat de Formule E"}]},{"@type":"WebSite","@id":"https:\/\/www.eenewseurope.com\/en\/#website","url":"https:\/\/www.eenewseurope.com\/en\/","name":"EENewsEurope","description":"Just another WordPress site","publisher":{"@id":"https:\/\/www.eenewseurope.com\/en\/#organization"},"potentialAction":[{"@type":"SearchAction","target":{"@type":"EntryPoint","urlTemplate":"https:\/\/www.eenewseurope.com\/en\/?s={search_term_string}"},"query-input":"required name=search_term_string"}],"inLanguage":"fr-FR"},{"@type":"Organization","@id":"https:\/\/www.eenewseurope.com\/en\/#organization","name":"EENewsEurope","url":"https:\/\/www.eenewseurope.com\/en\/","logo":{"@type":"ImageObject","inLanguage":"fr-FR","@id":"https:\/\/www.eenewseurope.com\/en\/#\/schema\/logo\/image\/","url":"https:\/\/www.ecinews.fr\/wp-content\/uploads\/2022\/02\/logo-1.jpg","contentUrl":"https:\/\/www.ecinews.fr\/wp-content\/uploads\/2022\/02\/logo-1.jpg","width":283,"height":113,"caption":"EENewsEurope"},"image":{"@id":"https:\/\/www.eenewseurope.com\/en\/#\/schema\/logo\/image\/"}},{"@type":"Person","@id":"https:\/\/www.eenewseurope.com\/en\/#\/schema\/person\/e4387676ad67ce722325c7832f3c3762","name":"Alain Dieul","image":{"@type":"ImageObject","inLanguage":"fr-FR","@id":"https:\/\/www.eenewseurope.com\/en\/#\/schema\/person\/image\/736120675699dbbf0f0f282b9a9cfb75","url":"https:\/\/secure.gravatar.com\/avatar\/bc93b056d07515be5b8eecd4acf49c5c?s=96&d=mm&r=g","contentUrl":"https:\/\/secure.gravatar.com\/avatar\/bc93b056d07515be5b8eecd4acf49c5c?s=96&d=mm&r=g","caption":"Alain Dieul"},"sameAs":["http:\/\/ECINews"]}]}},"authors":[{"term_id":1154,"user_id":36,"is_guest":0,"slug":"alain-dieul","display_name":"Alain Dieul","avatar_url":"https:\/\/secure.gravatar.com\/avatar\/bc93b056d07515be5b8eecd4acf49c5c?s=96&d=mm&r=g","0":null,"1":"","2":"","3":"","4":"","5":"","6":"","7":"","8":""}],"_links":{"self":[{"href":"https:\/\/www.ecinews.fr\/fr\/wp-json\/wp\/v2\/posts\/409467"}],"collection":[{"href":"https:\/\/www.ecinews.fr\/fr\/wp-json\/wp\/v2\/posts"}],"about":[{"href":"https:\/\/www.ecinews.fr\/fr\/wp-json\/wp\/v2\/types\/post"}],"author":[{"embeddable":true,"href":"https:\/\/www.ecinews.fr\/fr\/wp-json\/wp\/v2\/users\/36"}],"replies":[{"embeddable":true,"href":"https:\/\/www.ecinews.fr\/fr\/wp-json\/wp\/v2\/comments?post=409467"}],"version-history":[{"count":0,"href":"https:\/\/www.ecinews.fr\/fr\/wp-json\/wp\/v2\/posts\/409467\/revisions"}],"wp:featuredmedia":[{"embeddable":true,"href":"https:\/\/www.ecinews.fr\/fr\/wp-json\/wp\/v2\/media\/409468"}],"wp:attachment":[{"href":"https:\/\/www.ecinews.fr\/fr\/wp-json\/wp\/v2\/media?parent=409467"}],"wp:term":[{"taxonomy":"category","embeddable":true,"href":"https:\/\/www.ecinews.fr\/fr\/wp-json\/wp\/v2\/categories?post=409467"},{"taxonomy":"post_tag","embeddable":true,"href":"https:\/\/www.ecinews.fr\/fr\/wp-json\/wp\/v2\/tags?post=409467"},{"taxonomy":"domains","embeddable":true,"href":"https:\/\/www.ecinews.fr\/fr\/wp-json\/wp\/v2\/domains?post=409467"},{"taxonomy":"author","embeddable":true,"href":"https:\/\/www.ecinews.fr\/fr\/wp-json\/wp\/v2\/ppma_author?post=409467"}],"curies":[{"name":"wp","href":"https:\/\/api.w.org\/{rel}","templated":true}]}}