{"id":409277,"date":"2022-12-26T15:21:53","date_gmt":"2022-12-26T14:21:53","guid":{"rendered":"https:\/\/www.eenewseurope.com\/?p=409277"},"modified":"2022-12-27T10:11:52","modified_gmt":"2022-12-27T09:11:52","slug":"lue-veut-bannir-les-batteries-non-rechargeables","status":"publish","type":"post","link":"https:\/\/www.ecinews.fr\/fr\/lue-veut-bannir-les-batteries-non-rechargeables\/","title":{"rendered":"L&rsquo;UE veut bannir les piles non-rechargeables"},"content":{"rendered":"<h2><span class=\"HwtZe\" lang=\"fr\"><span class=\"jCAhz ChMk0b\"><span class=\"ryNqvb\">La Commission europ\u00e9enne a \u00e9t\u00e9 invit\u00e9e \u00e0 envisager une interdiction de toutes les piles non rechargeables.<\/span><\/span> <\/span><\/h2>\n<p><span class=\"HwtZe\" lang=\"fr\"><span class=\"jCAhz ChMk0b\"><span class=\"ryNqvb\">La proposition est incluse dans un accord du Parlement europ\u00e9en sur de nouvelles r\u00e8gles de l&rsquo;UE pour la conception, la production et le recyclage des piles fixes et non amovibles.<\/span><\/span> <\/span><\/p>\n<p><span class=\"HwtZe\" lang=\"fr\"><span class=\"jCAhz ChMk0b\"><span class=\"ryNqvb\">L&rsquo;accord r\u00e9vise les r\u00e8gles de l&rsquo;UE sur les piles pour tenir compte des \u00e9volutions technologiques, mais pourrait toucher les concepteurs, en particulier pour c qui concerne les horloges temps r\u00e9el aliment\u00e9es par pile qui sont essentielles pour des syst\u00e8mes de communication fiables.<\/span><\/span><\/span><\/p>\n<p><span class=\"HwtZe\" lang=\"fr\"><span class=\"jCAhz ChMk0b\"><span class=\"ryNqvb\">Les r\u00e8gles couvriront l&rsquo;ensemble du cycle de vie de la batterie, de sa conception \u00e0 sa fin de vie, et s&rsquo;appliqueront \u00e0 tous les types de batteries vendues dans l&rsquo;UE\u00a0: batteries portables, batteries SLI (fournissant de l&rsquo;\u00e9nergie pour le d\u00e9marrage, l&rsquo;\u00e9clairage ou l&rsquo;allumage des v\u00e9hicules),\u00a0<\/span><\/span> <span class=\"jCAhz ChMk0b\"><span class=\"ryNqvb\">batteries de moyens de transport l\u00e9gers (LMT) (fournissant de l&rsquo;\u00e9nergie pour la traction des v\u00e9hicules \u00e0 roues tels que les scooters et v\u00e9los \u00e9lectriques), batteries de v\u00e9hicules \u00e9lectriques (VE) et batteries industrielles.<\/span><\/span> <\/span><\/p>\n<p class=\"title\"><a title=\"Verkor choisit Dassault pour le jumeau num\u00e9rique de sa gigafactory de batteries\" href=\"https:\/\/www.ecinews.fr\/fr\/verkor-signs-dassault-for-digital-twin-of-battery-gigafactory\/\" target=\"_blank\" rel=\"noopener\">Verkor choisit Dassault pour le jumeau num\u00e9rique de sa gigafactory de batteries<\/a><\/p>\n<p><span class=\"HwtZe\" lang=\"fr\"><span class=\"jCAhz ChMk0b\"><span class=\"ryNqvb\">Trois ans et demi apr\u00e8s l&rsquo;entr\u00e9e en vigueur de la l\u00e9gislation, les piles portables des appareils doivent \u00eatre con\u00e7ues de mani\u00e8re \u00e0 ce que les consommateurs puissent facilement les retirer et les remplacer eux-m\u00eames.<\/span><\/span> <\/span><\/p>\n<p><span class=\"HwtZe\" lang=\"fr\"><span class=\"jCAhz ChMk0b\"><span class=\"ryNqvb\">Une d\u00e9claration et une \u00e9tiquette d&#8217;empreinte carbone seront obligatoires pour les batteries EV, les batteries LMT et les batteries industrielles rechargeables d&rsquo;une capacit\u00e9 sup\u00e9rieure \u00e0 2 kWh pour faciliter le suivi pendant la dur\u00e9e de vie et le recyclage .<\/span><\/span><\/span><\/p>\n<p><span class=\"HwtZe\" lang=\"fr\"><span class=\"jCAhz ChMk0b\"><span class=\"ryNqvb\">La l\u00e9gislation inclura \u00e9galement l&rsquo;exigence que 45% de toutes les batteries soient recycl\u00e9es en 2023, 63% d&rsquo;ici 2027 et 73% d&rsquo;ici 2030 pour les batteries portables, et \u00e0 51% d&rsquo;ici 2028 et 61% d&rsquo;ici 2031 pour les batteries de transport l\u00e9ger.<\/span><\/span> <span class=\"jCAhz ChMk0b\"><span class=\"ryNqvb\">Toutes ces batteries LMT, EV, SLI et industrielles doivent \u00eatre collect\u00e9es gratuitement pour les utilisateurs finaux, quelle que soit leur nature, leur composition chimique, leur \u00e9tat, leur marque ou leur origine\u00a0;<\/span><\/span> <\/span><\/p>\n<p><span class=\"HwtZe\" lang=\"fr\"><span class=\"jCAhz ChMk0b\"><span class=\"ryNqvb\">D&rsquo;ici au 31 d\u00e9cembre 2030, la Commission doit \u00e9galement \u00e9valuer s&rsquo;il convient d&rsquo;\u00e9liminer progressivement l&rsquo;utilisation des piles portables non rechargeables \u00e0 usage g\u00e9n\u00e9ral, qui incluraient les piles primaires industrielles.<\/span><\/span><\/span><\/p>\n<p><span class=\"HwtZe\" lang=\"fr\"><span class=\"jCAhz ChMk0b\"><span class=\"ryNqvb\">\u00ab\u00a0Pour la premi\u00e8re fois, nous avons une l\u00e9gislation sur l&rsquo;\u00e9conomie circulaire qui couvre l&rsquo;ensemble du cycle de vie d&rsquo;un produit &#8211; cette approche est bonne \u00e0 la fois pour l&rsquo;environnement et pour l&rsquo;\u00e9conomie.<\/span><\/span> <span class=\"jCAhz ChMk0b\"><span class=\"ryNqvb\">Nous nous sommes mis d&rsquo;accord sur des mesures qui profitent grandement aux consommateurs : les piles fonctionneront bien, seront plus s\u00fbres et plus faciles \u00e0 retirer.<\/span><\/span> <span class=\"jCAhz ChMk0b\"><span class=\"ryNqvb\">Notre objectif global est de construire une industrie europ\u00e9enne du recyclage plus forte, en particulier pour le lithium, et un secteur industriel comp\u00e9titif dans son ensemble, ce qui est crucial dans les d\u00e9cennies \u00e0 venir pour la transition \u00e9nerg\u00e9tique et l&rsquo;autonomie strat\u00e9gique de notre continent.<\/span><\/span> <span class=\"jCAhz ChMk0b\"><span class=\"ryNqvb\">Ces mesures pourraient devenir une r\u00e9f\u00e9rence pour l&rsquo;ensemble du march\u00e9 mondial des batteries \u00bb, a d\u00e9clar\u00e9 Achille Variati, le rapporteur qui a guid\u00e9 les r\u00e8gles au Parlement europ\u00e9en.<\/span><\/span><\/span><\/p>\n<p><span class=\"HwtZe\" lang=\"fr\"><span class=\"jCAhz ChMk0b\"><span class=\"ryNqvb\">Le Parlement et le Conseil devront formellement approuver l&rsquo;accord avant qu&rsquo;il puisse entrer en vigueur et remplacer l&rsquo;actuelle directive sur les piles de 2006.<\/span><\/span> <\/span><\/p>\n<p><span class=\"HwtZe\" lang=\"fr\"><span class=\"jCAhz ChMk0b\"><span class=\"ryNqvb\">Les propositions ont \u00e9t\u00e9 bien accueillies par la Commission europ\u00e9enne, m\u00eame si elles n\u00e9cessiteront l&rsquo;adoption de nombreuses r\u00e8gles plus d\u00e9taill\u00e9es et d&rsquo;une l\u00e9gislation secondaire entre 2024 et 2028 pour \u00eatre pleinement op\u00e9rationnelles.<\/span><\/span> <\/span><\/p>\n<p><span class=\"HwtZe\" lang=\"fr\"><span class=\"jCAhz ChMk0b\"><span class=\"ryNqvb\">Cela garantira que les mat\u00e9riaux ayant de la valeur sont r\u00e9cup\u00e9r\u00e9s \u00e0 la fin de leur dur\u00e9e de vie utile et r\u00e9inject\u00e9s dans l&rsquo;\u00e9conomie en adoptant des objectifs plus stricts d&rsquo;efficacit\u00e9 de recyclage et de r\u00e9cup\u00e9ration des mat\u00e9riaux au fil du temps.<\/span><\/span> <span class=\"jCAhz ChMk0b\"><span class=\"ryNqvb\">Les objectifs de revalorisation pour le lithium seront de 50 % d&rsquo;ici 2027 et de 80 % d&rsquo;ici 2031, a indiqu\u00e9 la Commission.<\/span><\/span><\/span><\/p>\n<p><span class=\"HwtZe\" lang=\"fr\"><span class=\"jCAhz ChMk0b\"><span class=\"ryNqvb\">\u00ab\u00a0Les entreprises qui placent des batteries sur le march\u00e9 int\u00e9rieur de l&rsquo;UE devront d\u00e9montrer que les mat\u00e9riaux utilis\u00e9s pour leur fabrication ont \u00e9t\u00e9 achet\u00e9s de mani\u00e8re responsable.<\/span><\/span> <span class=\"jCAhz ChMk0b\"><span class=\"ryNqvb\">Cela signifie que les risques sociaux et environnementaux associ\u00e9s \u00e0 l&rsquo;extraction, au traitement et au commerce des mati\u00e8res premi\u00e8res utilis\u00e9es pour la fabrication des batteries devront \u00eatre identifi\u00e9s et att\u00e9nu\u00e9s \u00bb, a-t-il d\u00e9clar\u00e9.<\/span><\/span> <\/span><\/p>\n<p><a href=\"http:\/\/www.europarl.europa.eu\">www.europarl.europa.eu<\/a><\/p>\n<p class=\"title\"><a title=\"Solvay investit \u00e0 La Rochelle pour les batteries solid state\" href=\"https:\/\/www.ecinews.fr\/fr\/solvay-investi-a-la-rochelle-pour-les-batteries-a-letat-solide\/\" target=\"_blank\" rel=\"nofollow noopener noreferrer\">Solvay investit \u00e0 La Rochelle pour les batteries solid state<\/a><\/p>\n<ul>\n<li>\n<p class=\"title\"><a title=\"Stellantis parie \u20ac30 milliards sur les batteries solid state\" href=\"https:\/\/www.ecinews.fr\/fr\/stellantis-parie-e30-milliards-sur-les-batteries-solid-state\/\" target=\"_blank\" rel=\"noopener\">Stellantis parie \u20ac30 milliards sur les batteries solid state<\/a><\/p>\n<\/li>\n<li><a href=\"https:\/\/www.ecinews.fr\/news\/bmw-en-pole-pour-une-voiture-avec-batterie-solide-des-2022\">BMW en p\u00f4le pour une voiture avec batterie solide d\u00e8s 2022<\/a><\/li>\n<\/ul>\n<p>&nbsp;<\/p>\n","protected":false},"excerpt":{"rendered":"<p>La Commission europ\u00e9enne a \u00e9t\u00e9 invit\u00e9e \u00e0 envisager une interdiction de toutes les piles non rechargeables.<\/p>\n","protected":false},"author":6,"featured_media":372165,"comment_status":"closed","ping_status":"closed","sticky":true,"template":"","format":"standard","meta":{"_acf_changed":false,"footnotes":""},"categories":[886],"tags":[1978,2487,1102],"domains":[47],"ppma_author":[1138,1153],"class_list":["post-409277","post","type-post","status-publish","format-standard","has-post-thumbnail","hentry","category-news-fr","tag-batteries","tag-lithium","tag-ue","domains-electronique-eci"],"acf":[],"yoast_head":"<title>L&#039;UE veut bannir les piles non-rechargeables ...<\/title>\n<meta name=\"description\" content=\"La Commission europ\u00e9enne a \u00e9t\u00e9 invit\u00e9e \u00e0 envisager une interdiction de toutes les piles non rechargeables.\" \/>\n<meta name=\"robots\" content=\"index, follow, max-snippet:-1, max-image-preview:large, max-video-preview:-1\" \/>\n<link rel=\"canonical\" href=\"https:\/\/www.ecinews.fr\/fr\/wp-json\/wp\/v2\/posts\/409277\/\" \/>\n<meta property=\"og:locale\" content=\"fr_FR\" \/>\n<meta property=\"og:type\" content=\"article\" \/>\n<meta property=\"og:title\" content=\"L&#039;UE veut bannir les piles non-rechargeables\" \/>\n<meta property=\"og:description\" content=\"La Commission europ\u00e9enne a \u00e9t\u00e9 invit\u00e9e \u00e0 envisager une interdiction de toutes les piles non rechargeables.\" \/>\n<meta property=\"og:url\" content=\"https:\/\/www.ecinews.fr\/fr\/wp-json\/wp\/v2\/posts\/409277\/\" \/>\n<meta property=\"og:site_name\" content=\"EENewsEurope\" \/>\n<meta property=\"article:published_time\" content=\"2022-12-26T14:21:53+00:00\" \/>\n<meta property=\"article:modified_time\" content=\"2022-12-27T09:11:52+00:00\" \/>\n<meta property=\"og:image\" content=\"https:\/\/www.ecinews.fr\/wp-content\/uploads\/import\/default\/files\/import\/power-battery.jpg\" \/>\n\t<meta property=\"og:image:width\" content=\"134\" \/>\n\t<meta property=\"og:image:height\" content=\"115\" \/>\n\t<meta property=\"og:image:type\" content=\"image\/jpeg\" \/>\n<meta name=\"author\" content=\"Nick Flaherty, A Delapalisse\" \/>\n<meta name=\"twitter:card\" content=\"summary_large_image\" \/>\n<meta name=\"twitter:label1\" content=\"Written by\" \/>\n\t<meta name=\"twitter:data1\" content=\"Nick Flaherty\" \/>\n\t<meta name=\"twitter:label2\" content=\"Est. reading time\" \/>\n\t<meta name=\"twitter:data2\" content=\"4 minutes\" \/>\n<script type=\"application\/ld+json\" class=\"yoast-schema-graph\">{\"@context\":\"https:\/\/schema.org\",\"@graph\":[{\"@type\":\"Article\",\"@id\":\"https:\/\/www.ecinews.fr\/fr\/lue-veut-bannir-les-batteries-non-rechargeables\/#article\",\"isPartOf\":{\"@id\":\"https:\/\/www.ecinews.fr\/fr\/lue-veut-bannir-les-batteries-non-rechargeables\/\"},\"author\":{\"name\":\"Nick Flaherty\",\"@id\":\"https:\/\/www.ecinews.fr\/fr\/#\/schema\/person\/e0ece0e066c16515540002c31cc7a3ff\"},\"headline\":\"L&rsquo;UE veut bannir les piles non-rechargeables\",\"datePublished\":\"2022-12-26T14:21:53+00:00\",\"dateModified\":\"2022-12-27T09:11:52+00:00\",\"mainEntityOfPage\":{\"@id\":\"https:\/\/www.ecinews.fr\/fr\/lue-veut-bannir-les-batteries-non-rechargeables\/\"},\"wordCount\":786,\"publisher\":{\"@id\":\"https:\/\/www.ecinews.fr\/fr\/#organization\"},\"keywords\":[\"Batteries\",\"Lithium\",\"ue\"],\"articleSection\":[\"Actualit\u00e9 g\u00e9n\u00e9rale\"],\"inLanguage\":\"fr-FR\"},{\"@type\":\"WebPage\",\"@id\":\"https:\/\/www.ecinews.fr\/fr\/lue-veut-bannir-les-batteries-non-rechargeables\/\",\"url\":\"https:\/\/www.ecinews.fr\/fr\/lue-veut-bannir-les-batteries-non-rechargeables\/\",\"name\":\"L'UE veut bannir les piles non-rechargeables -\",\"isPartOf\":{\"@id\":\"https:\/\/www.ecinews.fr\/fr\/#website\"},\"datePublished\":\"2022-12-26T14:21:53+00:00\",\"dateModified\":\"2022-12-27T09:11:52+00:00\",\"description\":\"La Commission europ\u00e9enne a \u00e9t\u00e9 invit\u00e9e \u00e0 envisager une interdiction de toutes les piles non rechargeables.\",\"breadcrumb\":{\"@id\":\"https:\/\/www.ecinews.fr\/fr\/lue-veut-bannir-les-batteries-non-rechargeables\/#breadcrumb\"},\"inLanguage\":\"fr-FR\",\"potentialAction\":[{\"@type\":\"ReadAction\",\"target\":[\"https:\/\/www.ecinews.fr\/fr\/lue-veut-bannir-les-batteries-non-rechargeables\/\"]}]},{\"@type\":\"BreadcrumbList\",\"@id\":\"https:\/\/www.ecinews.fr\/fr\/lue-veut-bannir-les-batteries-non-rechargeables\/#breadcrumb\",\"itemListElement\":[{\"@type\":\"ListItem\",\"position\":1,\"name\":\"Home\",\"item\":\"https:\/\/www.ecinews.fr\/fr\/\"},{\"@type\":\"ListItem\",\"position\":2,\"name\":\"L&rsquo;UE veut bannir les piles non-rechargeables\"}]},{\"@type\":\"WebSite\",\"@id\":\"https:\/\/www.ecinews.fr\/fr\/#website\",\"url\":\"https:\/\/www.ecinews.fr\/fr\/\",\"name\":\"EENewsEurope\",\"description\":\"Just another WordPress site\",\"publisher\":{\"@id\":\"https:\/\/www.ecinews.fr\/fr\/#organization\"},\"potentialAction\":[{\"@type\":\"SearchAction\",\"target\":{\"@type\":\"EntryPoint\",\"urlTemplate\":\"https:\/\/www.ecinews.fr\/fr\/?s={search_term_string}\"},\"query-input\":\"required name=search_term_string\"}],\"inLanguage\":\"fr-FR\"},{\"@type\":\"Organization\",\"@id\":\"https:\/\/www.ecinews.fr\/fr\/#organization\",\"name\":\"EENewsEurope\",\"url\":\"https:\/\/www.ecinews.fr\/fr\/\",\"logo\":{\"@type\":\"ImageObject\",\"inLanguage\":\"fr-FR\",\"@id\":\"https:\/\/www.ecinews.fr\/fr\/#\/schema\/logo\/image\/\",\"url\":\"https:\/\/www.ecinews.fr\/wp-content\/uploads\/2022\/02\/logo-1.jpg\",\"contentUrl\":\"https:\/\/www.ecinews.fr\/wp-content\/uploads\/2022\/02\/logo-1.jpg\",\"width\":283,\"height\":113,\"caption\":\"EENewsEurope\"},\"image\":{\"@id\":\"https:\/\/www.ecinews.fr\/fr\/#\/schema\/logo\/image\/\"}},{\"@type\":\"Person\",\"@id\":\"https:\/\/www.ecinews.fr\/fr\/#\/schema\/person\/e0ece0e066c16515540002c31cc7a3ff\",\"name\":\"Nick Flaherty\",\"image\":{\"@type\":\"ImageObject\",\"inLanguage\":\"fr-FR\",\"@id\":\"https:\/\/www.ecinews.fr\/fr\/#\/schema\/person\/image\/48b22ad20cb8c78130781b5e1f225c7b\",\"url\":\"https:\/\/secure.gravatar.com\/avatar\/49bd04ef46c3ee89575adaf950e76b64?s=96&d=mm&r=g\",\"contentUrl\":\"https:\/\/secure.gravatar.com\/avatar\/49bd04ef46c3ee89575adaf950e76b64?s=96&d=mm&r=g\",\"caption\":\"Nick Flaherty\"}}]}<\/script>","yoast_head_json":{"title":"L'UE veut bannir les piles non-rechargeables ...","description":"La Commission europ\u00e9enne a \u00e9t\u00e9 invit\u00e9e \u00e0 envisager une interdiction de toutes les piles non rechargeables.","robots":{"index":"index","follow":"follow","max-snippet":"max-snippet:-1","max-image-preview":"max-image-preview:large","max-video-preview":"max-video-preview:-1"},"canonical":"https:\/\/www.ecinews.fr\/fr\/wp-json\/wp\/v2\/posts\/409277\/","og_locale":"fr_FR","og_type":"article","og_title":"L'UE veut bannir les piles non-rechargeables","og_description":"La Commission europ\u00e9enne a \u00e9t\u00e9 invit\u00e9e \u00e0 envisager une interdiction de toutes les piles non rechargeables.","og_url":"https:\/\/www.ecinews.fr\/fr\/wp-json\/wp\/v2\/posts\/409277\/","og_site_name":"EENewsEurope","article_published_time":"2022-12-26T14:21:53+00:00","article_modified_time":"2022-12-27T09:11:52+00:00","og_image":[{"width":134,"height":115,"url":"https:\/\/www.ecinews.fr\/wp-content\/uploads\/import\/default\/files\/import\/power-battery.jpg","type":"image\/jpeg"}],"author":"Nick Flaherty, A Delapalisse","twitter_card":"summary_large_image","twitter_misc":{"Written by":"Nick Flaherty","Est. reading time":"4 minutes"},"schema":{"@context":"https:\/\/schema.org","@graph":[{"@type":"Article","@id":"https:\/\/www.ecinews.fr\/fr\/lue-veut-bannir-les-batteries-non-rechargeables\/#article","isPartOf":{"@id":"https:\/\/www.ecinews.fr\/fr\/lue-veut-bannir-les-batteries-non-rechargeables\/"},"author":{"name":"Nick Flaherty","@id":"https:\/\/www.ecinews.fr\/fr\/#\/schema\/person\/e0ece0e066c16515540002c31cc7a3ff"},"headline":"L&rsquo;UE veut bannir les piles non-rechargeables","datePublished":"2022-12-26T14:21:53+00:00","dateModified":"2022-12-27T09:11:52+00:00","mainEntityOfPage":{"@id":"https:\/\/www.ecinews.fr\/fr\/lue-veut-bannir-les-batteries-non-rechargeables\/"},"wordCount":786,"publisher":{"@id":"https:\/\/www.ecinews.fr\/fr\/#organization"},"keywords":["Batteries","Lithium","ue"],"articleSection":["Actualit\u00e9 g\u00e9n\u00e9rale"],"inLanguage":"fr-FR"},{"@type":"WebPage","@id":"https:\/\/www.ecinews.fr\/fr\/lue-veut-bannir-les-batteries-non-rechargeables\/","url":"https:\/\/www.ecinews.fr\/fr\/lue-veut-bannir-les-batteries-non-rechargeables\/","name":"L'UE veut bannir les piles non-rechargeables -","isPartOf":{"@id":"https:\/\/www.ecinews.fr\/fr\/#website"},"datePublished":"2022-12-26T14:21:53+00:00","dateModified":"2022-12-27T09:11:52+00:00","description":"La Commission europ\u00e9enne a \u00e9t\u00e9 invit\u00e9e \u00e0 envisager une interdiction de toutes les piles non rechargeables.","breadcrumb":{"@id":"https:\/\/www.ecinews.fr\/fr\/lue-veut-bannir-les-batteries-non-rechargeables\/#breadcrumb"},"inLanguage":"fr-FR","potentialAction":[{"@type":"ReadAction","target":["https:\/\/www.ecinews.fr\/fr\/lue-veut-bannir-les-batteries-non-rechargeables\/"]}]},{"@type":"BreadcrumbList","@id":"https:\/\/www.ecinews.fr\/fr\/lue-veut-bannir-les-batteries-non-rechargeables\/#breadcrumb","itemListElement":[{"@type":"ListItem","position":1,"name":"Home","item":"https:\/\/www.ecinews.fr\/fr\/"},{"@type":"ListItem","position":2,"name":"L&rsquo;UE veut bannir les piles non-rechargeables"}]},{"@type":"WebSite","@id":"https:\/\/www.ecinews.fr\/fr\/#website","url":"https:\/\/www.ecinews.fr\/fr\/","name":"EENewsEurope","description":"Just another WordPress site","publisher":{"@id":"https:\/\/www.ecinews.fr\/fr\/#organization"},"potentialAction":[{"@type":"SearchAction","target":{"@type":"EntryPoint","urlTemplate":"https:\/\/www.ecinews.fr\/fr\/?s={search_term_string}"},"query-input":"required name=search_term_string"}],"inLanguage":"fr-FR"},{"@type":"Organization","@id":"https:\/\/www.ecinews.fr\/fr\/#organization","name":"EENewsEurope","url":"https:\/\/www.ecinews.fr\/fr\/","logo":{"@type":"ImageObject","inLanguage":"fr-FR","@id":"https:\/\/www.ecinews.fr\/fr\/#\/schema\/logo\/image\/","url":"https:\/\/www.ecinews.fr\/wp-content\/uploads\/2022\/02\/logo-1.jpg","contentUrl":"https:\/\/www.ecinews.fr\/wp-content\/uploads\/2022\/02\/logo-1.jpg","width":283,"height":113,"caption":"EENewsEurope"},"image":{"@id":"https:\/\/www.ecinews.fr\/fr\/#\/schema\/logo\/image\/"}},{"@type":"Person","@id":"https:\/\/www.ecinews.fr\/fr\/#\/schema\/person\/e0ece0e066c16515540002c31cc7a3ff","name":"Nick Flaherty","image":{"@type":"ImageObject","inLanguage":"fr-FR","@id":"https:\/\/www.ecinews.fr\/fr\/#\/schema\/person\/image\/48b22ad20cb8c78130781b5e1f225c7b","url":"https:\/\/secure.gravatar.com\/avatar\/49bd04ef46c3ee89575adaf950e76b64?s=96&d=mm&r=g","contentUrl":"https:\/\/secure.gravatar.com\/avatar\/49bd04ef46c3ee89575adaf950e76b64?s=96&d=mm&r=g","caption":"Nick Flaherty"}}]}},"authors":[{"term_id":1138,"user_id":6,"is_guest":0,"slug":"flaherty","display_name":"Nick Flaherty","avatar_url":"https:\/\/secure.gravatar.com\/avatar\/49bd04ef46c3ee89575adaf950e76b64?s=96&d=mm&r=g","0":null,"1":"","2":"","3":"","4":"","5":"","6":"","7":"","8":""},{"term_id":1153,"user_id":34,"is_guest":0,"slug":"adelapalisse","display_name":"A Delapalisse","avatar_url":"https:\/\/secure.gravatar.com\/avatar\/ad45a8c5da24bc9c7c4940dd1c48a695?s=96&d=mm&r=g","0":null,"1":"","2":"","3":"","4":"","5":"","6":"","7":"","8":""}],"_links":{"self":[{"href":"https:\/\/www.ecinews.fr\/fr\/wp-json\/wp\/v2\/posts\/409277"}],"collection":[{"href":"https:\/\/www.ecinews.fr\/fr\/wp-json\/wp\/v2\/posts"}],"about":[{"href":"https:\/\/www.ecinews.fr\/fr\/wp-json\/wp\/v2\/types\/post"}],"author":[{"embeddable":true,"href":"https:\/\/www.ecinews.fr\/fr\/wp-json\/wp\/v2\/users\/6"}],"replies":[{"embeddable":true,"href":"https:\/\/www.ecinews.fr\/fr\/wp-json\/wp\/v2\/comments?post=409277"}],"version-history":[{"count":0,"href":"https:\/\/www.ecinews.fr\/fr\/wp-json\/wp\/v2\/posts\/409277\/revisions"}],"wp:featuredmedia":[{"embeddable":true,"href":"https:\/\/www.ecinews.fr\/fr\/wp-json\/wp\/v2\/media\/372165"}],"wp:attachment":[{"href":"https:\/\/www.ecinews.fr\/fr\/wp-json\/wp\/v2\/media?parent=409277"}],"wp:term":[{"taxonomy":"category","embeddable":true,"href":"https:\/\/www.ecinews.fr\/fr\/wp-json\/wp\/v2\/categories?post=409277"},{"taxonomy":"post_tag","embeddable":true,"href":"https:\/\/www.ecinews.fr\/fr\/wp-json\/wp\/v2\/tags?post=409277"},{"taxonomy":"domains","embeddable":true,"href":"https:\/\/www.ecinews.fr\/fr\/wp-json\/wp\/v2\/domains?post=409277"},{"taxonomy":"author","embeddable":true,"href":"https:\/\/www.ecinews.fr\/fr\/wp-json\/wp\/v2\/ppma_author?post=409277"}],"curies":[{"name":"wp","href":"https:\/\/api.w.org\/{rel}","templated":true}]}}