{"id":409206,"date":"2022-12-22T15:37:33","date_gmt":"2022-12-22T14:37:33","guid":{"rendered":"https:\/\/www.eenewseurope.com\/?p=409206"},"modified":"2022-12-23T10:19:52","modified_gmt":"2022-12-23T09:19:52","slug":"intel-reporte-sa-fab-en-allemagne-et-demande-plus-de-subsides","status":"publish","type":"post","link":"https:\/\/www.ecinews.fr\/fr\/intel-reporte-sa-fab-en-allemagne-et-demande-plus-de-subsides\/","title":{"rendered":"Intel reporte la construction sa fab en Allemagne et r\u00e9clame plus de subventions"},"content":{"rendered":"<h2><span class=\"HwtZe\" lang=\"fr\"><span class=\"jCAhz ChMk0b\"><span class=\"ryNqvb\">Intel repousse la date de d\u00e9marrage de la construction d&rsquo;une wafer fab \u00e0 Magdebourg, en Allemagne, \u00e0 partir du 1S23, tout en demandant davantage de subventions gouvernementales, selon le journal r\u00e9gional Volkstimme.<\/span><\/span>\u00a0<\/span><\/h2>\n<p>&nbsp;<\/p>\n<p><span class=\"HwtZe\" lang=\"fr\"><span class=\"jCAhz ChMk0b\"><span class=\"ryNqvb\">Le plan initial \u00e9tait de commencer la construction de l&rsquo;usine en 2023 ou 2024 en vue d&rsquo;une production de puces \u00e0 partir de 2027.<\/span><\/span> <\/span><\/p>\n<p><span class=\"HwtZe\" lang=\"fr\"><span class=\"jCAhz ChMk0b\"><span class=\"ryNqvb\">Depuis que le plan de construction de deux usines \u00e0 Magdebourg en Saxe-Anhalt, en Allemagne, a \u00e9t\u00e9 d\u00e9voil\u00e9 en mars 2022, le co\u00fbt est pass\u00e9 de 17 milliards d&rsquo;euros \u00e0 20 milliards d&rsquo;euros, selon le rapport, ce qui cr\u00e9e un \u00e9cart croissant entre ce qu&rsquo;Intel est pr\u00eat<\/span><\/span> <span class=\"jCAhz ChMk0b\"><span class=\"ryNqvb\">\u00e0 d\u00e9penser et le montant de la subvention gouvernementale (l&rsquo;Allemagne pr\u00e9voit de verser 5 milliards d&rsquo;euros aux fabs de Magdebourg <a href=\"https:\/\/www.eenewseurope.com\/en\/germany-plans-to-pay-e5-billion-towards-magdeburg-fabs\/\">Germany plans to pay \u20ac5 billion towards Magdeburg fabs<\/a> ).<\/span><\/span><\/span><\/p>\n<p><span class=\"HwtZe\" lang=\"fr\"><span class=\"jCAhz ChMk0b\"><span class=\"ryNqvb\">Au moment du d\u00e9ploiement, le PDG d&rsquo;Intel, Gelsinger, a d\u00e9clar\u00e9: \u00ab\u00a0Il reste encore du travail \u00e0 faire pour obtenir\u2026 le soutien financier pour rendre le projet comp\u00e9titif.\u00a0\u00bb<\/span><\/span> <\/span><\/p>\n<p><span class=\"HwtZe\" lang=\"fr\"><span class=\"jCAhz ChMk0b\"><span class=\"ryNqvb\">Volkstimme a cit\u00e9 un porte-parole d&rsquo;Intel disant : \u00ab Les d\u00e9fis g\u00e9opolitiques se sont accrus et la demande de semiconducteurs a chut\u00e9. Cela signifie que nous ne pouvons pas encore donner de date d\u00e9finitive pour le d\u00e9but de la construction.<\/span><\/span> <span class=\"jCAhz ChMk0b\"><span class=\"ryNqvb\">Le rapport ajoute qu&rsquo;Intel continue de discuter avec le gouvernement de la mani\u00e8re dont un d\u00e9ficit de financement pourrait \u00eatre combl\u00e9.<\/span><\/span><\/span><\/p>\n<h4>Related links and articles:<\/h4>\n<p class=\"title\"><a title=\"Intel se restructure avec un mod\u00e8le de fonderie en interne\" href=\"https:\/\/www.ecinews.fr\/fr\/intel-se-restructure-avec-un-modele-de-fonderie-en-interne\/\" target=\"_blank\" rel=\"noopener\">Intel se restructure avec un mod\u00e8le de fonderie en interne<\/a><\/p>\n<ul>\n<li>\n<p class=\"title\"><a title=\"Le march\u00e9 des PCs s\u2019effondre ce qui cr\u00e9e des vents contraires pour Intel et AMD\" href=\"https:\/\/www.ecinews.fr\/fr\/le-marche-des-pcs-seffondre-ce-qui-cree-des-vents-contraires-pour-intel-et-amd\/\" target=\"_blank\" rel=\"noopener\">Le march\u00e9 des PCs s\u2019effondre ce qui cr\u00e9e des vents contraires pour Intel et AMD<\/a><\/p>\n<\/li>\n<li>\n<p class=\"title\"><a title=\"Les r\u00e9sultats d\u2019Intel d\u00e9gringolent en 2022\" href=\"https:\/\/www.ecinews.fr\/fr\/les-resultats-dintel-degringolent-en-2022\/\" target=\"_blank\" rel=\"noopener\">Les r\u00e9sultats d\u2019Intel d\u00e9gringolent en 2022<\/a><\/p>\n<\/li>\n<li>\n<p class=\"title\"><a title=\"Intel confirme 80 milliards \u20ac d\u2019investissements en Europe\" href=\"https:\/\/www.ecinews.fr\/fr\/intel-confirme-80-milliards-e-dinvestissements-en-europe\/\" target=\"_blank\" rel=\"noopener\">Intel confirme 80 milliards \u20ac d\u2019investissements en Europe<\/a><\/p>\n<\/li>\n<li><a href=\"https:\/\/www.ecinews.fr\/fr\/intel-prevoit-une-usine-de-test-et-dassemblage-en-italie-et-un-centre-de-recherche-en-france\/\">Intel pr\u00e9voit une usine de test et d\u2019assemblage en Italie et un centre de recherche en France<\/a><\/li>\n<\/ul>\n<p>&nbsp;<\/p>\n","protected":false},"excerpt":{"rendered":"<p>Intel repousse la date de d\u00e9marrage de la construction d&rsquo;une wafer fab \u00e0 Magdebourg, en Allemagne, \u00e0 partir du 1S23, tout en demandant davantage de subventions gouvernementales, selon le journal r\u00e9gional Volkstimme.\u00a0 &nbsp; Le plan initial \u00e9tait de commencer la construction de l&rsquo;usine en 2023 ou 2024 en vue d&rsquo;une production de puces \u00e0 partir [&hellip;]<\/p>\n","protected":false},"author":34,"featured_media":386665,"comment_status":"closed","ping_status":"closed","sticky":false,"template":"","format":"standard","meta":{"_acf_changed":false,"footnotes":""},"categories":[880],"tags":[889,1625,1593,1626],"domains":[47],"ppma_author":[1153,1136],"class_list":["post-409206","post","type-post","status-publish","format-standard","has-post-thumbnail","hentry","category-actualites-economiques","tag-analog-fr","tag-semiconductor-2","tag-silicon-2","tag-wafer-2","domains-electronique-eci"],"acf":[],"yoast_head":"<title>Intel reporte sa fab en Allemagne et demande plus de subsides ...<\/title>\n<meta name=\"description\" content=\"Intel repousse la date de d\u00e9marrage de la construction d&#039;une fab \u00e0 Magdebourg \u00e0 partir du 1S23, tout en demandant davantage de subventions\" \/>\n<meta name=\"robots\" content=\"index, follow, max-snippet:-1, max-image-preview:large, max-video-preview:-1\" \/>\n<link rel=\"canonical\" href=\"https:\/\/www.ecinews.fr\/fr\/wp-json\/wp\/v2\/posts\/409206\/\" \/>\n<meta property=\"og:locale\" content=\"fr_FR\" \/>\n<meta property=\"og:type\" content=\"article\" \/>\n<meta property=\"og:title\" content=\"Intel reporte la construction sa fab en Allemagne et r\u00e9clame plus de subventions\" \/>\n<meta property=\"og:description\" content=\"Intel repousse la date de d\u00e9marrage de la construction d&#039;une fab \u00e0 Magdebourg \u00e0 partir du 1S23, tout en demandant davantage de subventions\" \/>\n<meta property=\"og:url\" content=\"https:\/\/www.ecinews.fr\/fr\/wp-json\/wp\/v2\/posts\/409206\/\" \/>\n<meta property=\"og:site_name\" content=\"EENewsEurope\" \/>\n<meta property=\"article:published_time\" content=\"2022-12-22T14:37:33+00:00\" \/>\n<meta property=\"article:modified_time\" content=\"2022-12-23T09:19:52+00:00\" \/>\n<meta property=\"og:image\" content=\"https:\/\/www.eenewseurope.com\/wp-content\/uploads\/2022\/06\/IntelMagdeburg630.jpg\" \/>\n\t<meta property=\"og:image:width\" content=\"630\" \/>\n\t<meta property=\"og:image:height\" content=\"355\" \/>\n\t<meta property=\"og:image:type\" content=\"image\/jpeg\" \/>\n<meta name=\"author\" content=\"A Delapalisse, Peter Clarke\" \/>\n<meta name=\"twitter:card\" content=\"summary_large_image\" \/>\n<meta name=\"twitter:label1\" content=\"Written by\" \/>\n\t<meta name=\"twitter:data1\" content=\"A Delapalisse\" \/>\n\t<meta name=\"twitter:label2\" content=\"Est. reading time\" \/>\n\t<meta name=\"twitter:data2\" content=\"2 minutes\" \/>\n<script type=\"application\/ld+json\" class=\"yoast-schema-graph\">{\"@context\":\"https:\/\/schema.org\",\"@graph\":[{\"@type\":\"Article\",\"@id\":\"https:\/\/www.eenewseurope.com\/fr\/intel-reporte-sa-fab-en-allemagne-et-demande-plus-de-subsides\/#article\",\"isPartOf\":{\"@id\":\"https:\/\/www.eenewseurope.com\/fr\/intel-reporte-sa-fab-en-allemagne-et-demande-plus-de-subsides\/\"},\"author\":{\"name\":\"A Delapalisse\",\"@id\":\"https:\/\/www.ecinews.fr\/fr\/#\/schema\/person\/0aa2cfb0bd8949724a68cbac8d8321b4\"},\"headline\":\"Intel reporte la construction sa fab en Allemagne et r\u00e9clame plus de subventions\",\"datePublished\":\"2022-12-22T14:37:33+00:00\",\"dateModified\":\"2022-12-23T09:19:52+00:00\",\"mainEntityOfPage\":{\"@id\":\"https:\/\/www.eenewseurope.com\/fr\/intel-reporte-sa-fab-en-allemagne-et-demande-plus-de-subsides\/\"},\"wordCount\":313,\"publisher\":{\"@id\":\"https:\/\/www.ecinews.fr\/fr\/#organization\"},\"keywords\":[\"Analog\",\"semiconductor\",\"silicon\",\"wafer\"],\"articleSection\":[\"Actualit\u00e9s \u00e9conomiques\"],\"inLanguage\":\"fr-FR\"},{\"@type\":\"WebPage\",\"@id\":\"https:\/\/www.eenewseurope.com\/fr\/intel-reporte-sa-fab-en-allemagne-et-demande-plus-de-subsides\/\",\"url\":\"https:\/\/www.eenewseurope.com\/fr\/intel-reporte-sa-fab-en-allemagne-et-demande-plus-de-subsides\/\",\"name\":\"Intel reporte sa fab en Allemagne et demande plus de subsides\",\"isPartOf\":{\"@id\":\"https:\/\/www.ecinews.fr\/fr\/#website\"},\"datePublished\":\"2022-12-22T14:37:33+00:00\",\"dateModified\":\"2022-12-23T09:19:52+00:00\",\"description\":\"Intel repousse la date de d\u00e9marrage de la construction d'une fab \u00e0 Magdebourg \u00e0 partir du 1S23, tout en demandant davantage de subventions\",\"breadcrumb\":{\"@id\":\"https:\/\/www.eenewseurope.com\/fr\/intel-reporte-sa-fab-en-allemagne-et-demande-plus-de-subsides\/#breadcrumb\"},\"inLanguage\":\"fr-FR\",\"potentialAction\":[{\"@type\":\"ReadAction\",\"target\":[\"https:\/\/www.eenewseurope.com\/fr\/intel-reporte-sa-fab-en-allemagne-et-demande-plus-de-subsides\/\"]}]},{\"@type\":\"BreadcrumbList\",\"@id\":\"https:\/\/www.eenewseurope.com\/fr\/intel-reporte-sa-fab-en-allemagne-et-demande-plus-de-subsides\/#breadcrumb\",\"itemListElement\":[{\"@type\":\"ListItem\",\"position\":1,\"name\":\"Home\",\"item\":\"https:\/\/www.ecinews.fr\/fr\/\"},{\"@type\":\"ListItem\",\"position\":2,\"name\":\"Intel reporte la construction sa fab en Allemagne et r\u00e9clame plus de subventions\"}]},{\"@type\":\"WebSite\",\"@id\":\"https:\/\/www.ecinews.fr\/fr\/#website\",\"url\":\"https:\/\/www.ecinews.fr\/fr\/\",\"name\":\"EENewsEurope\",\"description\":\"Just another WordPress site\",\"publisher\":{\"@id\":\"https:\/\/www.ecinews.fr\/fr\/#organization\"},\"potentialAction\":[{\"@type\":\"SearchAction\",\"target\":{\"@type\":\"EntryPoint\",\"urlTemplate\":\"https:\/\/www.ecinews.fr\/fr\/?s={search_term_string}\"},\"query-input\":\"required name=search_term_string\"}],\"inLanguage\":\"fr-FR\"},{\"@type\":\"Organization\",\"@id\":\"https:\/\/www.ecinews.fr\/fr\/#organization\",\"name\":\"EENewsEurope\",\"url\":\"https:\/\/www.ecinews.fr\/fr\/\",\"logo\":{\"@type\":\"ImageObject\",\"inLanguage\":\"fr-FR\",\"@id\":\"https:\/\/www.ecinews.fr\/fr\/#\/schema\/logo\/image\/\",\"url\":\"https:\/\/www.ecinews.fr\/wp-content\/uploads\/2022\/02\/logo-1.jpg\",\"contentUrl\":\"https:\/\/www.ecinews.fr\/wp-content\/uploads\/2022\/02\/logo-1.jpg\",\"width\":283,\"height\":113,\"caption\":\"EENewsEurope\"},\"image\":{\"@id\":\"https:\/\/www.ecinews.fr\/fr\/#\/schema\/logo\/image\/\"}},{\"@type\":\"Person\",\"@id\":\"https:\/\/www.ecinews.fr\/fr\/#\/schema\/person\/0aa2cfb0bd8949724a68cbac8d8321b4\",\"name\":\"A Delapalisse\",\"image\":{\"@type\":\"ImageObject\",\"inLanguage\":\"fr-FR\",\"@id\":\"https:\/\/www.ecinews.fr\/fr\/#\/schema\/person\/image\/211ac42237c2e9683c0964086c393cb4\",\"url\":\"https:\/\/secure.gravatar.com\/avatar\/ad45a8c5da24bc9c7c4940dd1c48a695?s=96&d=mm&r=g\",\"contentUrl\":\"https:\/\/secure.gravatar.com\/avatar\/ad45a8c5da24bc9c7c4940dd1c48a695?s=96&d=mm&r=g\",\"caption\":\"A Delapalisse\"},\"sameAs\":[\"http:\/\/ECI\"]}]}<\/script>","yoast_head_json":{"title":"Intel reporte sa fab en Allemagne et demande plus de subsides ...","description":"Intel repousse la date de d\u00e9marrage de la construction d'une fab \u00e0 Magdebourg \u00e0 partir du 1S23, tout en demandant davantage de subventions","robots":{"index":"index","follow":"follow","max-snippet":"max-snippet:-1","max-image-preview":"max-image-preview:large","max-video-preview":"max-video-preview:-1"},"canonical":"https:\/\/www.ecinews.fr\/fr\/wp-json\/wp\/v2\/posts\/409206\/","og_locale":"fr_FR","og_type":"article","og_title":"Intel reporte la construction sa fab en Allemagne et r\u00e9clame plus de subventions","og_description":"Intel repousse la date de d\u00e9marrage de la construction d'une fab \u00e0 Magdebourg \u00e0 partir du 1S23, tout en demandant davantage de subventions","og_url":"https:\/\/www.ecinews.fr\/fr\/wp-json\/wp\/v2\/posts\/409206\/","og_site_name":"EENewsEurope","article_published_time":"2022-12-22T14:37:33+00:00","article_modified_time":"2022-12-23T09:19:52+00:00","og_image":[{"width":630,"height":355,"url":"https:\/\/www.eenewseurope.com\/wp-content\/uploads\/2022\/06\/IntelMagdeburg630.jpg","type":"image\/jpeg"}],"author":"A Delapalisse, Peter Clarke","twitter_card":"summary_large_image","twitter_misc":{"Written by":"A Delapalisse","Est. reading time":"2 minutes"},"schema":{"@context":"https:\/\/schema.org","@graph":[{"@type":"Article","@id":"https:\/\/www.eenewseurope.com\/fr\/intel-reporte-sa-fab-en-allemagne-et-demande-plus-de-subsides\/#article","isPartOf":{"@id":"https:\/\/www.eenewseurope.com\/fr\/intel-reporte-sa-fab-en-allemagne-et-demande-plus-de-subsides\/"},"author":{"name":"A Delapalisse","@id":"https:\/\/www.ecinews.fr\/fr\/#\/schema\/person\/0aa2cfb0bd8949724a68cbac8d8321b4"},"headline":"Intel reporte la construction sa fab en Allemagne et r\u00e9clame plus de subventions","datePublished":"2022-12-22T14:37:33+00:00","dateModified":"2022-12-23T09:19:52+00:00","mainEntityOfPage":{"@id":"https:\/\/www.eenewseurope.com\/fr\/intel-reporte-sa-fab-en-allemagne-et-demande-plus-de-subsides\/"},"wordCount":313,"publisher":{"@id":"https:\/\/www.ecinews.fr\/fr\/#organization"},"keywords":["Analog","semiconductor","silicon","wafer"],"articleSection":["Actualit\u00e9s \u00e9conomiques"],"inLanguage":"fr-FR"},{"@type":"WebPage","@id":"https:\/\/www.eenewseurope.com\/fr\/intel-reporte-sa-fab-en-allemagne-et-demande-plus-de-subsides\/","url":"https:\/\/www.eenewseurope.com\/fr\/intel-reporte-sa-fab-en-allemagne-et-demande-plus-de-subsides\/","name":"Intel reporte sa fab en Allemagne et demande plus de subsides","isPartOf":{"@id":"https:\/\/www.ecinews.fr\/fr\/#website"},"datePublished":"2022-12-22T14:37:33+00:00","dateModified":"2022-12-23T09:19:52+00:00","description":"Intel repousse la date de d\u00e9marrage de la construction d'une fab \u00e0 Magdebourg \u00e0 partir du 1S23, tout en demandant davantage de subventions","breadcrumb":{"@id":"https:\/\/www.eenewseurope.com\/fr\/intel-reporte-sa-fab-en-allemagne-et-demande-plus-de-subsides\/#breadcrumb"},"inLanguage":"fr-FR","potentialAction":[{"@type":"ReadAction","target":["https:\/\/www.eenewseurope.com\/fr\/intel-reporte-sa-fab-en-allemagne-et-demande-plus-de-subsides\/"]}]},{"@type":"BreadcrumbList","@id":"https:\/\/www.eenewseurope.com\/fr\/intel-reporte-sa-fab-en-allemagne-et-demande-plus-de-subsides\/#breadcrumb","itemListElement":[{"@type":"ListItem","position":1,"name":"Home","item":"https:\/\/www.ecinews.fr\/fr\/"},{"@type":"ListItem","position":2,"name":"Intel reporte la construction sa fab en Allemagne et r\u00e9clame plus de subventions"}]},{"@type":"WebSite","@id":"https:\/\/www.ecinews.fr\/fr\/#website","url":"https:\/\/www.ecinews.fr\/fr\/","name":"EENewsEurope","description":"Just another WordPress site","publisher":{"@id":"https:\/\/www.ecinews.fr\/fr\/#organization"},"potentialAction":[{"@type":"SearchAction","target":{"@type":"EntryPoint","urlTemplate":"https:\/\/www.ecinews.fr\/fr\/?s={search_term_string}"},"query-input":"required name=search_term_string"}],"inLanguage":"fr-FR"},{"@type":"Organization","@id":"https:\/\/www.ecinews.fr\/fr\/#organization","name":"EENewsEurope","url":"https:\/\/www.ecinews.fr\/fr\/","logo":{"@type":"ImageObject","inLanguage":"fr-FR","@id":"https:\/\/www.ecinews.fr\/fr\/#\/schema\/logo\/image\/","url":"https:\/\/www.ecinews.fr\/wp-content\/uploads\/2022\/02\/logo-1.jpg","contentUrl":"https:\/\/www.ecinews.fr\/wp-content\/uploads\/2022\/02\/logo-1.jpg","width":283,"height":113,"caption":"EENewsEurope"},"image":{"@id":"https:\/\/www.ecinews.fr\/fr\/#\/schema\/logo\/image\/"}},{"@type":"Person","@id":"https:\/\/www.ecinews.fr\/fr\/#\/schema\/person\/0aa2cfb0bd8949724a68cbac8d8321b4","name":"A Delapalisse","image":{"@type":"ImageObject","inLanguage":"fr-FR","@id":"https:\/\/www.ecinews.fr\/fr\/#\/schema\/person\/image\/211ac42237c2e9683c0964086c393cb4","url":"https:\/\/secure.gravatar.com\/avatar\/ad45a8c5da24bc9c7c4940dd1c48a695?s=96&d=mm&r=g","contentUrl":"https:\/\/secure.gravatar.com\/avatar\/ad45a8c5da24bc9c7c4940dd1c48a695?s=96&d=mm&r=g","caption":"A Delapalisse"},"sameAs":["http:\/\/ECI"]}]}},"authors":[{"term_id":1153,"user_id":34,"is_guest":0,"slug":"adelapalisse","display_name":"A Delapalisse","avatar_url":"https:\/\/secure.gravatar.com\/avatar\/ad45a8c5da24bc9c7c4940dd1c48a695?s=96&d=mm&r=g","0":null,"1":"","2":"","3":"","4":"","5":"","6":"","7":"","8":""},{"term_id":1136,"user_id":4,"is_guest":0,"slug":"clarke","display_name":"Peter Clarke","avatar_url":"https:\/\/secure.gravatar.com\/avatar\/d567d206cb92a682963201f296594da4?s=96&d=mm&r=g","0":null,"1":"","2":"","3":"","4":"","5":"","6":"","7":"","8":""}],"_links":{"self":[{"href":"https:\/\/www.ecinews.fr\/fr\/wp-json\/wp\/v2\/posts\/409206"}],"collection":[{"href":"https:\/\/www.ecinews.fr\/fr\/wp-json\/wp\/v2\/posts"}],"about":[{"href":"https:\/\/www.ecinews.fr\/fr\/wp-json\/wp\/v2\/types\/post"}],"author":[{"embeddable":true,"href":"https:\/\/www.ecinews.fr\/fr\/wp-json\/wp\/v2\/users\/34"}],"replies":[{"embeddable":true,"href":"https:\/\/www.ecinews.fr\/fr\/wp-json\/wp\/v2\/comments?post=409206"}],"version-history":[{"count":0,"href":"https:\/\/www.ecinews.fr\/fr\/wp-json\/wp\/v2\/posts\/409206\/revisions"}],"wp:featuredmedia":[{"embeddable":true,"href":"https:\/\/www.ecinews.fr\/fr\/wp-json\/wp\/v2\/media\/386665"}],"wp:attachment":[{"href":"https:\/\/www.ecinews.fr\/fr\/wp-json\/wp\/v2\/media?parent=409206"}],"wp:term":[{"taxonomy":"category","embeddable":true,"href":"https:\/\/www.ecinews.fr\/fr\/wp-json\/wp\/v2\/categories?post=409206"},{"taxonomy":"post_tag","embeddable":true,"href":"https:\/\/www.ecinews.fr\/fr\/wp-json\/wp\/v2\/tags?post=409206"},{"taxonomy":"domains","embeddable":true,"href":"https:\/\/www.ecinews.fr\/fr\/wp-json\/wp\/v2\/domains?post=409206"},{"taxonomy":"author","embeddable":true,"href":"https:\/\/www.ecinews.fr\/fr\/wp-json\/wp\/v2\/ppma_author?post=409206"}],"curies":[{"name":"wp","href":"https:\/\/api.w.org\/{rel}","templated":true}]}}