{"id":408920,"date":"2022-12-19T19:24:21","date_gmt":"2022-12-19T18:24:21","guid":{"rendered":"https:\/\/www.eenewseurope.com\/?p=408920"},"modified":"2022-12-20T19:08:14","modified_gmt":"2022-12-20T18:08:14","slug":"ams-osram-pret-a-accelerer-la-production-de-microled-en-2024","status":"publish","type":"post","link":"https:\/\/www.ecinews.fr\/fr\/ams-osram-pret-a-accelerer-la-production-de-microled-en-2024\/","title":{"rendered":"AMS-Osram pr\u00eat \u00e0 acc\u00e9l\u00e9rer la production de microLEDs"},"content":{"rendered":"<h2><span class=\"HwtZe\" lang=\"fr\"><span class=\"jCAhz ChMk0b\"><span class=\"ryNqvb\">AMS-Osram est sur la bonne voie pour acc\u00e9l\u00e9rer la production de microLED en 2024, selon le PDG Alexander Everke, lors d&rsquo;une r\u00e9cente conf\u00e9rence t\u00e9l\u00e9phonique.<\/span><\/span> <\/span><\/h2>\n<p><span class=\"HwtZe\" lang=\"fr\"><span class=\"jCAhz ChMk0b\"><span class=\"ryNqvb\">La soci\u00e9t\u00e9 a \u00e9galement obtenu un pr\u00e9paiement \u00ab\u00a0substantiel\u00a0\u00bb pour la fourniture d&rsquo;un microLED, a-t-il \u00e9t\u00e9 d\u00e9clar\u00e9 dans le m\u00eame appel avec des analystes organis\u00e9 pour discuter des r\u00e9sultats financiers du 3T22.<\/span><\/span> <\/span><\/p>\n<p class=\"title\"><a title=\"ams rach\u00e8te le groupe d\u2019\u00e9clairage Osram\" href=\"https:\/\/www.ecinews.fr\/fr\/ams-rachete-le-groupe-declairage-osram\/\" target=\"_blank\" rel=\"noopener\">ams rach\u00e8te le groupe d\u2019\u00e9clairage Osram<\/a><\/p>\n<p><span class=\"HwtZe\" lang=\"fr\"><span class=\"jCAhz ChMk0b\"><span class=\"ryNqvb\">Un candidat \u00e9vident serait l&rsquo;un des fabricants de smartphones cherchant \u00e0 introduire des \u00e9crans microLED sur ses produits.<\/span><\/span> <\/span><\/p>\n<p><span class=\"HwtZe\" lang=\"fr\"><span class=\"jCAhz ChMk0b\"><span class=\"ryNqvb\">Everke a d\u00e9clar\u00e9 qu&rsquo;il consid\u00e9rait la microLED comme l&rsquo;une des initiatives cl\u00e9 d&rsquo;AMS-Osram et une technologie dans laquelle la soci\u00e9t\u00e9 est \u00ab\u00a0clairement leader\u00a0\u00bb.<\/span><\/span> <span class=\"jCAhz ChMk0b\"><span class=\"ryNqvb\">C&rsquo;est la raison pour laquelle nous sommes \u00e9galement le premier et le seul \u00e0 construire une capacit\u00e9 de fabrication tr\u00e8s diff\u00e9renci\u00e9e de 8 pouces en Malaisie.<\/span><\/span><\/span><\/p>\n<p><span class=\"HwtZe\" lang=\"fr\"><span class=\"jCAhz ChMk0b\"><span class=\"ryNqvb\">AMS-Osram avait annonc\u00e9 qu&rsquo;il construisait une usine pour fabriquer des LED sur des tranches de 200 mm de diam\u00e8tre \u00e0 Kulim, en Malaisie, en 2021. Everke a ajout\u00e9 : \u00ab\u00a0Le c\u00f4t\u00e9 fabrication ne fait que commencer en Malaisie et nous pourrons acc\u00e9l\u00e9re la production dans l&rsquo;ann\u00e9e<\/span><\/span> <span class=\"jCAhz ChMk0b\"><span class=\"ryNqvb\">2024. Et nous voyons de plus en plus de traction et d&rsquo;int\u00e9r\u00eat dans de multiples domaines d&rsquo;applications, qui vont non seulement de l&rsquo;espace grand public mais aussi \u00e0 l&rsquo;espace automobile, et nous voyons des opportunit\u00e9s dans la TV.<\/span><\/span><\/span><\/p>\n<p class=\"title\"><a title=\"Premier microLED avec int\u00e9gration de micro-lentilles\" href=\"https:\/\/www.ecinews.fr\/fr\/premier-microled-avec-integration-de-micro-lentilles\/\" target=\"_blank\" rel=\"noopener\">Premier microLED avec int\u00e9gration de micro-lentilles<\/a><\/p>\n<p><span class=\"HwtZe\" lang=\"fr\"><span class=\"jCAhz ChMk0b\"><span class=\"ryNqvb\">AMS-Osram a r\u00e9alis\u00e9 un b\u00e9n\u00e9fice net ajust\u00e9 de 47 millions d&rsquo;euros au 3T22 sur un chiffre d&rsquo;affaires de 1,21 milliard d&rsquo;euros.<\/span><\/span> <span class=\"jCAhz ChMk0b\"><span class=\"ryNqvb\">Le chiffre d&rsquo;affaires a baiss\u00e9 de 6% d&rsquo;une ann\u00e9e sur l&rsquo;autre, en partie \u00e0 cause de cessions d&rsquo;activit\u00e9s.<\/span><\/span> <span class=\"jCAhz ChMk0b\"><span class=\"ryNqvb\">Dans le cadre du programme de r\u00e9duction des co\u00fbts, AMS-Osram a r\u00e9duit son programme de d\u00e9penses en capital, \u00e0 l&rsquo;exclusion de sa fabrication de wafers LED en Malaisie.<\/span><\/span> <span class=\"jCAhz ChMk0b\"><span class=\"ryNqvb\">Le total des d\u00e9penses d&rsquo;investissement pr\u00e9vues pour l&rsquo;ensemble de l&rsquo;ann\u00e9e 2022 a \u00e9t\u00e9 r\u00e9duit de 1 milliard d&rsquo;euros \u00e0 600 millions d&rsquo;euros.<\/span><\/span><\/span><\/p>\n<p>&nbsp;<\/p>\n<h4>Liens et articles li\u00e9s:<\/h4>\n<p><a href=\"http:\/\/www.ams-osram.com\">www.ams-osram.com<\/a><\/p>\n<h4>News articles:<\/h4>\n<ul>\n<li>\n<p class=\"title\"><a title=\"Une startup microLED l\u00e8ve 4,5 M\u20ac pour dev\u00e9lopper des microdisplays\" href=\"https:\/\/www.ecinews.fr\/fr\/une-startup-microled-leve-45-me-pour-developper-des-microdisplays\/\" target=\"_blank\" rel=\"noopener\">Une startup microLED l\u00e8ve 4,5 M\u20ac pour dev\u00e9lopper des microdisplays<\/a><\/p>\n<\/li>\n<li>\n<p class=\"title\"><a title=\"Infineon se lance dans les lunettes connect\u00e9es et HUD\" href=\"https:\/\/www.ecinews.fr\/fr\/infineon-se-lance-dans-les-lunettes-connectees-et-hud\/\" target=\"_blank\" rel=\"noopener\">Infineon se lance dans les lunettes connect\u00e9es et HUD<\/a><\/p>\n<\/li>\n<\/ul>\n<p>&nbsp;<\/p>\n","protected":false},"excerpt":{"rendered":"<p>AMS-Osram pr\u00eat \u00e0 acc\u00e9l\u00e9rer la production de microLED en 2024<\/p>\n","protected":false},"author":34,"featured_media":408882,"comment_status":"closed","ping_status":"closed","sticky":false,"template":"","format":"standard","meta":{"_acf_changed":false,"footnotes":""},"categories":[883],"tags":[889,897,2460,907],"domains":[47],"ppma_author":[1153,1136],"class_list":["post-408920","post","type-post","status-publish","format-standard","has-post-thumbnail","hentry","category-technologies","tag-analog-fr","tag-displays-interfaces-fr","tag-microleds","tag-optoelectronics-fr","domains-electronique-eci"],"acf":[],"yoast_head":"<title>AMS-Osram pr\u00eat \u00e0 acc\u00e9l\u00e9rer la production de microLEDs en 2024 ...<\/title>\n<meta name=\"description\" content=\"AMS-Osram pr\u00eat \u00e0 acc\u00e9l\u00e9rer la production de microLED en 2024 selon le CEO Alexander Everke, parlant lors d&#039;une conf\u00e9rence vid\u00e9o.\" \/>\n<meta name=\"robots\" content=\"index, follow, max-snippet:-1, max-image-preview:large, max-video-preview:-1\" \/>\n<link rel=\"canonical\" href=\"https:\/\/www.ecinews.fr\/fr\/wp-json\/wp\/v2\/posts\/408920\/\" \/>\n<meta property=\"og:locale\" content=\"fr_FR\" \/>\n<meta property=\"og:type\" content=\"article\" \/>\n<meta property=\"og:title\" content=\"AMS-Osram pr\u00eat \u00e0 acc\u00e9l\u00e9rer la production de microLEDs\" \/>\n<meta property=\"og:description\" content=\"AMS-Osram pr\u00eat \u00e0 acc\u00e9l\u00e9rer la production de microLED en 2024 selon le CEO Alexander Everke, parlant lors d&#039;une conf\u00e9rence vid\u00e9o.\" \/>\n<meta property=\"og:url\" content=\"https:\/\/www.ecinews.fr\/fr\/wp-json\/wp\/v2\/posts\/408920\/\" \/>\n<meta property=\"og:site_name\" content=\"EENewsEurope\" \/>\n<meta property=\"article:published_time\" content=\"2022-12-19T18:24:21+00:00\" \/>\n<meta property=\"article:modified_time\" content=\"2022-12-20T18:08:14+00:00\" \/>\n<meta property=\"og:image\" content=\"https:\/\/www.ecinews.fr\/wp-content\/uploads\/2022\/12\/AlexEverke630.jpg\" \/>\n\t<meta property=\"og:image:width\" content=\"630\" \/>\n\t<meta property=\"og:image:height\" content=\"400\" \/>\n\t<meta property=\"og:image:type\" content=\"image\/jpeg\" \/>\n<meta name=\"author\" content=\"A Delapalisse, Peter Clarke\" \/>\n<meta name=\"twitter:card\" content=\"summary_large_image\" \/>\n<meta name=\"twitter:label1\" content=\"Written by\" \/>\n\t<meta name=\"twitter:data1\" content=\"A Delapalisse\" \/>\n\t<meta name=\"twitter:label2\" content=\"Est. reading time\" \/>\n\t<meta name=\"twitter:data2\" content=\"2 minutes\" \/>\n<script type=\"application\/ld+json\" class=\"yoast-schema-graph\">{\"@context\":\"https:\/\/schema.org\",\"@graph\":[{\"@type\":\"Article\",\"@id\":\"https:\/\/www.ecinews.fr\/fr\/ams-osram-pret-a-accelerer-la-production-de-microled-en-2024\/#article\",\"isPartOf\":{\"@id\":\"https:\/\/www.ecinews.fr\/fr\/ams-osram-pret-a-accelerer-la-production-de-microled-en-2024\/\"},\"author\":{\"name\":\"A Delapalisse\",\"@id\":\"https:\/\/www.ecinews.fr\/fr\/#\/schema\/person\/0aa2cfb0bd8949724a68cbac8d8321b4\"},\"headline\":\"AMS-Osram pr\u00eat \u00e0 acc\u00e9l\u00e9rer la production de microLEDs\",\"datePublished\":\"2022-12-19T18:24:21+00:00\",\"dateModified\":\"2022-12-20T18:08:14+00:00\",\"mainEntityOfPage\":{\"@id\":\"https:\/\/www.ecinews.fr\/fr\/ams-osram-pret-a-accelerer-la-production-de-microled-en-2024\/\"},\"wordCount\":398,\"publisher\":{\"@id\":\"https:\/\/www.ecinews.fr\/fr\/#organization\"},\"keywords\":[\"Analog\",\"Displays &amp; Interfaces\",\"microLEDs\",\"Optoelectronics\"],\"articleSection\":[\"Technologies\"],\"inLanguage\":\"fr-FR\"},{\"@type\":\"WebPage\",\"@id\":\"https:\/\/www.ecinews.fr\/fr\/ams-osram-pret-a-accelerer-la-production-de-microled-en-2024\/\",\"url\":\"https:\/\/www.ecinews.fr\/fr\/ams-osram-pret-a-accelerer-la-production-de-microled-en-2024\/\",\"name\":\"AMS-Osram pr\u00eat \u00e0 acc\u00e9l\u00e9rer la production de microLEDs en 2024\",\"isPartOf\":{\"@id\":\"https:\/\/www.ecinews.fr\/fr\/#website\"},\"datePublished\":\"2022-12-19T18:24:21+00:00\",\"dateModified\":\"2022-12-20T18:08:14+00:00\",\"description\":\"AMS-Osram pr\u00eat \u00e0 acc\u00e9l\u00e9rer la production de microLED en 2024 selon le CEO Alexander Everke, parlant lors d'une conf\u00e9rence vid\u00e9o.\",\"breadcrumb\":{\"@id\":\"https:\/\/www.ecinews.fr\/fr\/ams-osram-pret-a-accelerer-la-production-de-microled-en-2024\/#breadcrumb\"},\"inLanguage\":\"fr-FR\",\"potentialAction\":[{\"@type\":\"ReadAction\",\"target\":[\"https:\/\/www.ecinews.fr\/fr\/ams-osram-pret-a-accelerer-la-production-de-microled-en-2024\/\"]}]},{\"@type\":\"BreadcrumbList\",\"@id\":\"https:\/\/www.ecinews.fr\/fr\/ams-osram-pret-a-accelerer-la-production-de-microled-en-2024\/#breadcrumb\",\"itemListElement\":[{\"@type\":\"ListItem\",\"position\":1,\"name\":\"Home\",\"item\":\"https:\/\/www.ecinews.fr\/fr\/\"},{\"@type\":\"ListItem\",\"position\":2,\"name\":\"AMS-Osram pr\u00eat \u00e0 acc\u00e9l\u00e9rer la production de microLEDs\"}]},{\"@type\":\"WebSite\",\"@id\":\"https:\/\/www.ecinews.fr\/fr\/#website\",\"url\":\"https:\/\/www.ecinews.fr\/fr\/\",\"name\":\"EENewsEurope\",\"description\":\"Just another WordPress site\",\"publisher\":{\"@id\":\"https:\/\/www.ecinews.fr\/fr\/#organization\"},\"potentialAction\":[{\"@type\":\"SearchAction\",\"target\":{\"@type\":\"EntryPoint\",\"urlTemplate\":\"https:\/\/www.ecinews.fr\/fr\/?s={search_term_string}\"},\"query-input\":\"required name=search_term_string\"}],\"inLanguage\":\"fr-FR\"},{\"@type\":\"Organization\",\"@id\":\"https:\/\/www.ecinews.fr\/fr\/#organization\",\"name\":\"EENewsEurope\",\"url\":\"https:\/\/www.ecinews.fr\/fr\/\",\"logo\":{\"@type\":\"ImageObject\",\"inLanguage\":\"fr-FR\",\"@id\":\"https:\/\/www.ecinews.fr\/fr\/#\/schema\/logo\/image\/\",\"url\":\"https:\/\/www.ecinews.fr\/wp-content\/uploads\/2022\/02\/logo-1.jpg\",\"contentUrl\":\"https:\/\/www.ecinews.fr\/wp-content\/uploads\/2022\/02\/logo-1.jpg\",\"width\":283,\"height\":113,\"caption\":\"EENewsEurope\"},\"image\":{\"@id\":\"https:\/\/www.ecinews.fr\/fr\/#\/schema\/logo\/image\/\"}},{\"@type\":\"Person\",\"@id\":\"https:\/\/www.ecinews.fr\/fr\/#\/schema\/person\/0aa2cfb0bd8949724a68cbac8d8321b4\",\"name\":\"A Delapalisse\",\"image\":{\"@type\":\"ImageObject\",\"inLanguage\":\"fr-FR\",\"@id\":\"https:\/\/www.ecinews.fr\/fr\/#\/schema\/person\/image\/211ac42237c2e9683c0964086c393cb4\",\"url\":\"https:\/\/secure.gravatar.com\/avatar\/ad45a8c5da24bc9c7c4940dd1c48a695?s=96&d=mm&r=g\",\"contentUrl\":\"https:\/\/secure.gravatar.com\/avatar\/ad45a8c5da24bc9c7c4940dd1c48a695?s=96&d=mm&r=g\",\"caption\":\"A Delapalisse\"},\"sameAs\":[\"http:\/\/ECI\"]}]}<\/script>","yoast_head_json":{"title":"AMS-Osram pr\u00eat \u00e0 acc\u00e9l\u00e9rer la production de microLEDs en 2024 ...","description":"AMS-Osram pr\u00eat \u00e0 acc\u00e9l\u00e9rer la production de microLED en 2024 selon le CEO Alexander Everke, parlant lors d'une conf\u00e9rence vid\u00e9o.","robots":{"index":"index","follow":"follow","max-snippet":"max-snippet:-1","max-image-preview":"max-image-preview:large","max-video-preview":"max-video-preview:-1"},"canonical":"https:\/\/www.ecinews.fr\/fr\/wp-json\/wp\/v2\/posts\/408920\/","og_locale":"fr_FR","og_type":"article","og_title":"AMS-Osram pr\u00eat \u00e0 acc\u00e9l\u00e9rer la production de microLEDs","og_description":"AMS-Osram pr\u00eat \u00e0 acc\u00e9l\u00e9rer la production de microLED en 2024 selon le CEO Alexander Everke, parlant lors d'une conf\u00e9rence vid\u00e9o.","og_url":"https:\/\/www.ecinews.fr\/fr\/wp-json\/wp\/v2\/posts\/408920\/","og_site_name":"EENewsEurope","article_published_time":"2022-12-19T18:24:21+00:00","article_modified_time":"2022-12-20T18:08:14+00:00","og_image":[{"width":630,"height":400,"url":"https:\/\/www.ecinews.fr\/wp-content\/uploads\/2022\/12\/AlexEverke630.jpg","type":"image\/jpeg"}],"author":"A Delapalisse, Peter Clarke","twitter_card":"summary_large_image","twitter_misc":{"Written by":"A Delapalisse","Est. reading time":"2 minutes"},"schema":{"@context":"https:\/\/schema.org","@graph":[{"@type":"Article","@id":"https:\/\/www.ecinews.fr\/fr\/ams-osram-pret-a-accelerer-la-production-de-microled-en-2024\/#article","isPartOf":{"@id":"https:\/\/www.ecinews.fr\/fr\/ams-osram-pret-a-accelerer-la-production-de-microled-en-2024\/"},"author":{"name":"A Delapalisse","@id":"https:\/\/www.ecinews.fr\/fr\/#\/schema\/person\/0aa2cfb0bd8949724a68cbac8d8321b4"},"headline":"AMS-Osram pr\u00eat \u00e0 acc\u00e9l\u00e9rer la production de microLEDs","datePublished":"2022-12-19T18:24:21+00:00","dateModified":"2022-12-20T18:08:14+00:00","mainEntityOfPage":{"@id":"https:\/\/www.ecinews.fr\/fr\/ams-osram-pret-a-accelerer-la-production-de-microled-en-2024\/"},"wordCount":398,"publisher":{"@id":"https:\/\/www.ecinews.fr\/fr\/#organization"},"keywords":["Analog","Displays &amp; Interfaces","microLEDs","Optoelectronics"],"articleSection":["Technologies"],"inLanguage":"fr-FR"},{"@type":"WebPage","@id":"https:\/\/www.ecinews.fr\/fr\/ams-osram-pret-a-accelerer-la-production-de-microled-en-2024\/","url":"https:\/\/www.ecinews.fr\/fr\/ams-osram-pret-a-accelerer-la-production-de-microled-en-2024\/","name":"AMS-Osram pr\u00eat \u00e0 acc\u00e9l\u00e9rer la production de microLEDs en 2024","isPartOf":{"@id":"https:\/\/www.ecinews.fr\/fr\/#website"},"datePublished":"2022-12-19T18:24:21+00:00","dateModified":"2022-12-20T18:08:14+00:00","description":"AMS-Osram pr\u00eat \u00e0 acc\u00e9l\u00e9rer la production de microLED en 2024 selon le CEO Alexander Everke, parlant lors d'une conf\u00e9rence vid\u00e9o.","breadcrumb":{"@id":"https:\/\/www.ecinews.fr\/fr\/ams-osram-pret-a-accelerer-la-production-de-microled-en-2024\/#breadcrumb"},"inLanguage":"fr-FR","potentialAction":[{"@type":"ReadAction","target":["https:\/\/www.ecinews.fr\/fr\/ams-osram-pret-a-accelerer-la-production-de-microled-en-2024\/"]}]},{"@type":"BreadcrumbList","@id":"https:\/\/www.ecinews.fr\/fr\/ams-osram-pret-a-accelerer-la-production-de-microled-en-2024\/#breadcrumb","itemListElement":[{"@type":"ListItem","position":1,"name":"Home","item":"https:\/\/www.ecinews.fr\/fr\/"},{"@type":"ListItem","position":2,"name":"AMS-Osram pr\u00eat \u00e0 acc\u00e9l\u00e9rer la production de microLEDs"}]},{"@type":"WebSite","@id":"https:\/\/www.ecinews.fr\/fr\/#website","url":"https:\/\/www.ecinews.fr\/fr\/","name":"EENewsEurope","description":"Just another WordPress site","publisher":{"@id":"https:\/\/www.ecinews.fr\/fr\/#organization"},"potentialAction":[{"@type":"SearchAction","target":{"@type":"EntryPoint","urlTemplate":"https:\/\/www.ecinews.fr\/fr\/?s={search_term_string}"},"query-input":"required name=search_term_string"}],"inLanguage":"fr-FR"},{"@type":"Organization","@id":"https:\/\/www.ecinews.fr\/fr\/#organization","name":"EENewsEurope","url":"https:\/\/www.ecinews.fr\/fr\/","logo":{"@type":"ImageObject","inLanguage":"fr-FR","@id":"https:\/\/www.ecinews.fr\/fr\/#\/schema\/logo\/image\/","url":"https:\/\/www.ecinews.fr\/wp-content\/uploads\/2022\/02\/logo-1.jpg","contentUrl":"https:\/\/www.ecinews.fr\/wp-content\/uploads\/2022\/02\/logo-1.jpg","width":283,"height":113,"caption":"EENewsEurope"},"image":{"@id":"https:\/\/www.ecinews.fr\/fr\/#\/schema\/logo\/image\/"}},{"@type":"Person","@id":"https:\/\/www.ecinews.fr\/fr\/#\/schema\/person\/0aa2cfb0bd8949724a68cbac8d8321b4","name":"A Delapalisse","image":{"@type":"ImageObject","inLanguage":"fr-FR","@id":"https:\/\/www.ecinews.fr\/fr\/#\/schema\/person\/image\/211ac42237c2e9683c0964086c393cb4","url":"https:\/\/secure.gravatar.com\/avatar\/ad45a8c5da24bc9c7c4940dd1c48a695?s=96&d=mm&r=g","contentUrl":"https:\/\/secure.gravatar.com\/avatar\/ad45a8c5da24bc9c7c4940dd1c48a695?s=96&d=mm&r=g","caption":"A Delapalisse"},"sameAs":["http:\/\/ECI"]}]}},"authors":[{"term_id":1153,"user_id":34,"is_guest":0,"slug":"adelapalisse","display_name":"A Delapalisse","avatar_url":"https:\/\/secure.gravatar.com\/avatar\/ad45a8c5da24bc9c7c4940dd1c48a695?s=96&d=mm&r=g","0":null,"1":"","2":"","3":"","4":"","5":"","6":"","7":"","8":""},{"term_id":1136,"user_id":4,"is_guest":0,"slug":"clarke","display_name":"Peter Clarke","avatar_url":"https:\/\/secure.gravatar.com\/avatar\/d567d206cb92a682963201f296594da4?s=96&d=mm&r=g","0":null,"1":"","2":"","3":"","4":"","5":"","6":"","7":"","8":""}],"_links":{"self":[{"href":"https:\/\/www.ecinews.fr\/fr\/wp-json\/wp\/v2\/posts\/408920"}],"collection":[{"href":"https:\/\/www.ecinews.fr\/fr\/wp-json\/wp\/v2\/posts"}],"about":[{"href":"https:\/\/www.ecinews.fr\/fr\/wp-json\/wp\/v2\/types\/post"}],"author":[{"embeddable":true,"href":"https:\/\/www.ecinews.fr\/fr\/wp-json\/wp\/v2\/users\/34"}],"replies":[{"embeddable":true,"href":"https:\/\/www.ecinews.fr\/fr\/wp-json\/wp\/v2\/comments?post=408920"}],"version-history":[{"count":0,"href":"https:\/\/www.ecinews.fr\/fr\/wp-json\/wp\/v2\/posts\/408920\/revisions"}],"wp:featuredmedia":[{"embeddable":true,"href":"https:\/\/www.ecinews.fr\/fr\/wp-json\/wp\/v2\/media\/408882"}],"wp:attachment":[{"href":"https:\/\/www.ecinews.fr\/fr\/wp-json\/wp\/v2\/media?parent=408920"}],"wp:term":[{"taxonomy":"category","embeddable":true,"href":"https:\/\/www.ecinews.fr\/fr\/wp-json\/wp\/v2\/categories?post=408920"},{"taxonomy":"post_tag","embeddable":true,"href":"https:\/\/www.ecinews.fr\/fr\/wp-json\/wp\/v2\/tags?post=408920"},{"taxonomy":"domains","embeddable":true,"href":"https:\/\/www.ecinews.fr\/fr\/wp-json\/wp\/v2\/domains?post=408920"},{"taxonomy":"author","embeddable":true,"href":"https:\/\/www.ecinews.fr\/fr\/wp-json\/wp\/v2\/ppma_author?post=408920"}],"curies":[{"name":"wp","href":"https:\/\/api.w.org\/{rel}","templated":true}]}}